{"id":2896,"date":"2024-12-24T06:06:13","date_gmt":"2024-12-24T06:06:13","guid":{"rendered":"https:\/\/casaruralconperrosgirona.com\/lucky-el-cadell-que-va-trobar-casa-seva-a-mastorrencito\/"},"modified":"2024-12-24T06:06:13","modified_gmt":"2024-12-24T06:06:13","slug":"lucky-el-cadell-que-va-trobar-casa-seva-a-mastorrencito","status":"publish","type":"post","link":"https:\/\/mastorrencito.com\/cat\/lucky-el-cadell-que-va-trobar-casa-seva-a-mastorrencito\/","title":{"rendered":"Lucky, el cadell que va trobar casa seva a Mastorrencito"},"content":{"rendered":"\n<p>Era un g\u00e8lid mat\u00ed de desembre a l&#8217;Empord\u00e0. El gebre cobria els camps, i l&#8217;aire gelat semblava congelar cada respir. Lucky, el cadell que va trobar casa seva a Mastorrencito  <\/p>\n\n<p>Com cada dia, vaig sortir a les vuit del mat\u00ed per buscar la Maribel, la nostra estimada emprada, a la parada del bus que estava a uns minuts caminant des de <strong>Mastorrencito<\/strong> , la nostra casa rural, on la meva dona Mireia i jo acollim hostes\u2026 i, \u00e9s clar, als seus fidels companys de quatre potes.<\/p>\n\n<p>En obrir la porta de fusta per sortir al cam\u00ed de grava, vaig notar una cosa que no hi era la nit anterior. Era un bony petit, fosc, que tremolava al costat d&#8217;un dels pals de l&#8217;entrada. Em vaig acostar, curi\u00f3s, i all\u00e0 el vaig veure: un cadell, prim i ple de terra, amb les orelles farinetes i els ulls m\u00e9s tristos que no havia vist mai. La mirada, per\u00f2, reflectia una cosa que em va trencar l&#8217;\u00e0nima: confian\u00e7a, esperan\u00e7a. Amb ell, un paper arrugat subjectat amb una pedra. El vaig deslligar suaument i vaig recollir el paper. Amb mans tremoloses pel fred \u2014o potser per l&#8217;emoci\u00f3\u2014, vaig llegir les paraules que contenia: <strong>\u00abEm sap greu\u2026 no puc mantenir-lo.\u00bb<\/strong>      <\/p>\n\n<p>El nus a la gola va ser immediat. Aquell petit havia estat abandonat, per\u00f2 qui ho havia deixat ho va fer amb dolor, sabent, potser, que Mastorrencito era un lloc on mai no negar\u00edem ajuda a un animal en dificultats. El vaig embolicar a la meva bufanda i, sense pensar-ho dues vegades, me&#8217;l vaig endur a casa.  <\/p>\n\n<h3 class=\"wp-block-heading\">La rebuda del ramat<\/h3>\n\n<p>Quan vaig entrar per la porta, la Mireia era a la cuina preparant el caf\u00e8. En veure&#8217;m amb el cadell als bra\u00e7os, va al\u00e7ar una cella, per\u00f2 abans que pogu\u00e9s dir res, els <strong>aut\u00e8ntics reis de Mastorrencito<\/strong> van entrar en escena: els nostres gossos. <\/p>\n\n<p>Mast\u00edn, Markos, Manuela, Mamas, Maky i Masto, els nostres sis grandullons, sempre havien estat l&#8217;\u00e0nima de la casa rural. Cadasc\u00fa tenia la seva pr\u00f2pia personalitat, per\u00f2 tots compartien alguna cosa: un cor enorme i un instint natural per acollir qui ho necessit\u00e9s. Abans que pogu\u00e9s deixar anar una paraula, els sis es van acostar al petit, olorant-lo amb curiositat i bellugant la cua amb entusiasme. Lucky, com despr\u00e9s en diem, no es va mostrar t\u00edmid. Es va deixar olorar, movent la cueta amb timidesa al principi, per\u00f2 aviat relaxant-se i fins i tot llepant a Manuela, qui li va tornar el gest amb una afectuosa empenta del seu musell. Havia passat tot just un minut, i ja era un m\u00e9s de la rajada.     <\/p>\n\n<p>La Mireia va somriure des de la cuina. \u201cCrec que aquest petit\u00f3 acaba de trobar casa seva\u201d, va dir mentre deixava el que estava fent per ajudar-me a cuidar-lo. <\/p>\n\n<h3 class=\"wp-block-heading\">Neteja, menjar i una mica d&#8217;amor<\/h3>\n\n<p>La resta del mat\u00ed el dediquem a Lucky. Vam banyar-lo amb aigua calenteta, traient-li la brut\u00edcia que cobria el seu pelatge, que va resultar ser d&#8217;un preci\u00f3s color caramel. L&#8217;alimentem amb menjar humit, que va devorar com si no hagu\u00e9s menjat en dies. Mast\u00edn i Mamas, els nostres mastins m\u00e9s veterans, el seguien de prop, com si volguessin assegurar-se que estigu\u00e9s b\u00e9 en tot moment. En acabar, li vam preparar una llitera al costat de la xemeneia, per\u00f2 no va passar gaire temps abans que Lucky s&#8217;arraulis entre els altres gossos, que l&#8217;acompanyaven amb els seus grans cossos com si fos el seu propi cadell.    <\/p>\n\n<p>Des del primer segon, va ser acceptat. Lucky es va adaptar amb una facilitat sorprenent, corretejant darrere de Markos pel pati i jugant amb Maky, que semblava gaudir ensenyant-li com destrossar branques d&#8217;olivera. a irradiar alegria, i la seva cueta no deixava de moure&#8217;s.  <\/p>\n\n<h3 class=\"wp-block-heading\">El dia de Nadal<\/h3>\n\n<p>Una setmana despr\u00e9s, va arribar el Nadal, i Mastorrencito estava ple de vida. Ten\u00edem hostes internacionals: Sarah, Tom i els seus dos fills, una fam\u00edlia anglesa que sempre viatjava amb el seu gos pag\u00e8s, Daisy; i una parella francesa, Pierre i Am\u00e9lie, els qui portaven el seu d\u00f2berman, Hugo. Lucky, com es podia esperar, havia esdevingut el centre d&#8217;atenci\u00f3. Corria darrere dels nens anglesos, jugava amb Daisy i Hugo, i fins i tot els francesos, normalment m\u00e9s reservats, es quedaven somrient en veure&#8217;l.   <\/p>\n\n<p>Durant el menjar nadalenc, amb la xemeneia encesa i tots gaudint de la calidesa de la llar, Sarah i Tom van comen\u00e7ar a parlar amb mi i Mireia sobre Lucky. \u201cNo podem deixar de mirar-ho\u201d, va confessar Sarah. adorar-ho. Sempre vam voler un altre gos, per\u00f2 mai vam trobar el moment adequat\u2026 fins ara.\u201d  <\/p>\n\n<p>Tom va intervenir amb un somriure: \u201cCreus que podr\u00edem adoptar-ho? Tenim una casa al camp, amb un gran jard\u00ed, i els nostres fills estan enamorats d&#8217;ell. Prometem tenir-ne cura com es mereix.\u201d<\/p>\n\n<p>La Mireia i jo ens mirem. Sab\u00edem que ens hav\u00edem encarinyat amb Lucky, per\u00f2 tamb\u00e9 sab\u00edem que Sarah i Tom podien oferir-li una vida meravellosa. Aix\u00ed que, amb el cor ple d&#8217;emoci\u00f3 i una mica de tristesa, acceptem.  <\/p>\n\n<figure class=\"wp-block-image size-full\"><img fetchpriority=\"high\" decoding=\"async\" width=\"1024\" height=\"1024\" src=\"https:\/\/mastorrencito.com\/wp-content\/uploads\/abandono2.jpg\" alt=\"Lucky, el cadell que va trobar casa seva a Mastorrencito\" class=\"wp-image-2886\" srcset=\"https:\/\/mastorrencito.com\/cat\/wp-content\/uploads\/sites\/3\/abandono2.jpg 1024w, https:\/\/mastorrencito.com\/cat\/wp-content\/uploads\/sites\/3\/abandono2-300x300.jpg 300w, https:\/\/mastorrencito.com\/cat\/wp-content\/uploads\/sites\/3\/abandono2-150x150.jpg 150w, https:\/\/mastorrencito.com\/cat\/wp-content\/uploads\/sites\/3\/abandono2-768x768.jpg 768w\" sizes=\"(max-width: 1024px) 100vw, 1024px\" \/><figcaption class=\"wp-element-caption\">Lucky, el cadell que va trobar casa seva a Mastorrencito<\/figcaption><\/figure>\n<h3 class=\"wp-block-heading\">Fotos al costat de la xemeneia<\/h3>\n\n<p>Aquella mateixa nit, Lucky va marxar amb Sarah, Tom, els seus fills i Daisy. Abans de sortir, el van acomodar al cotxe amb una manta nova i una corretja amb el seu nom. Ens van prometre enviar fotos i not\u00edcies sobre ell, i van complir la seva paraula. Tot just unes setmanes despr\u00e9s, rebem un correu amb una foto de Lucky davant d&#8217;una gran xemeneia, envoltat de regals i amb un enorme somriure gos. <em>\u201c\u00c9s el millor regal de Nadal que no hem tingut mai\u201d,<\/em> van escriure.   <\/p>\n\n<p>Des de llavors, cada Nadal rebem un missatge de Sarah i Tom amb fotos de Lucky a casa seva: jugant amb Daisy, corrent pel jard\u00ed, o descansant davant del foc envoltat de joguines i afecte. La seva hist\u00f2ria, que va comen\u00e7ar amb una nota trista, va esdevenir un conte d&#8217;esperan\u00e7a i felicitat. <\/p>\n\n<p>Lucky ens va ensenyar una cosa valuosa: que Mastorrencito no nom\u00e9s \u00e9s un refugi per als que busquen tranquil\u00b7litat a la natura, sin\u00f3 tamb\u00e9 un lloc on els cors trencats \u2014siguin humans o animals\u2014 poden curar-se. I cada cop que hi pensem, amb la seva careta somrient al costat de la xemeneia, sabem que el petit cadell que va arribar tremolant aquell fred mat\u00ed va trobar, finalment, la llar que sempre va mer\u00e8ixer. <\/p>\n\n<blockquote class=\"wp-block-quote is-layout-flow wp-block-quote-is-layout-flow\">\n<p>Des de MasTorrencito et desitgem un bon dia i que els teus gossos t&#8217;acompanyin!!!!<\/p>\n<\/blockquote>\n\n<p>\u2014\u2013<br \/> Si vols, pot veure els nostres <strong>bons per caps de setmana, bons jubilats<\/strong> , a un preu incre\u00efble..entra a <a href=\"https:\/\/www.mastorrencito.com\/\">www.mastorrencito.com<\/a> o si vols podeu llegir m\u00e9s hist\u00f2ria i an\u00e8cdotes que ens han passat a Mas Torrencito\u2026 Fes click <a href=\"https:\/\/mastorrencito.com\/\">aqu\u00ed<\/a><\/p>\n","protected":false},"excerpt":{"rendered":"<p>Era un g\u00e8lid mat\u00ed de desembre a l&#8217;Empord\u00e0. El gebre cobria els camps, i l&#8217;aire gelat semblava congelar cada respir. Lucky, el cadell que va trobar casa seva a Mastorrencito Com cada dia, vaig sortir a les vuit del mat\u00ed per buscar la Maribel, la nostra estimada emprada, a la parada del bus que estava [&hellip;]<\/p>\n","protected":false},"author":2,"featured_media":0,"comment_status":"open","ping_status":"closed","sticky":false,"template":"","format":"standard","meta":{"_acf_changed":false,"footnotes":""},"categories":[35],"tags":[],"class_list":["post-2896","post","type-post","status-publish","format-standard","hentry","category-histories-mastorrencito"],"yoast_head":"<!-- This site is optimized with the Yoast SEO Premium plugin v27.3 (Yoast SEO v27.5) - https:\/\/yoast.com\/product\/yoast-seo-premium-wordpress\/ -->\n<title>Lucky, el cadell que va trobar casa seva a Mastorrencito - Mas Torrencito CAT<\/title>\n<meta name=\"robots\" content=\"index, follow, max-snippet:-1, max-image-preview:large, max-video-preview:-1\" \/>\n<link rel=\"canonical\" href=\"https:\/\/mastorrencito.com\/cat\/lucky-el-cadell-que-va-trobar-casa-seva-a-mastorrencito\/\" \/>\n<meta property=\"og:locale\" content=\"es_ES\" \/>\n<meta property=\"og:type\" content=\"article\" \/>\n<meta property=\"og:title\" content=\"Lucky, el cadell que va trobar casa seva a Mastorrencito\" \/>\n<meta property=\"og:description\" content=\"Era un g\u00e8lid mat\u00ed de desembre a l&#8217;Empord\u00e0. El gebre cobria els camps, i l&#8217;aire gelat semblava congelar cada respir. Lucky, el cadell que va trobar casa seva a Mastorrencito Com cada dia, vaig sortir a les vuit del mat\u00ed per buscar la Maribel, la nostra estimada emprada, a la parada del bus que estava [&hellip;]\" \/>\n<meta property=\"og:url\" content=\"https:\/\/mastorrencito.com\/cat\/lucky-el-cadell-que-va-trobar-casa-seva-a-mastorrencito\/\" \/>\n<meta property=\"og:site_name\" content=\"Mas Torrencito CAT\" \/>\n<meta property=\"article:published_time\" content=\"2024-12-24T06:06:13+00:00\" \/>\n<meta property=\"og:image\" content=\"https:\/\/mastorrencito.com\/wp-content\/uploads\/abandono2.jpg\" \/>\n<meta name=\"author\" content=\"Mastorrencito\" \/>\n<meta name=\"twitter:card\" content=\"summary_large_image\" \/>\n<meta name=\"twitter:label1\" content=\"Escrito por\" \/>\n\t<meta name=\"twitter:data1\" content=\"Mastorrencito\" \/>\n\t<meta name=\"twitter:label2\" content=\"Tiempo de lectura\" \/>\n\t<meta name=\"twitter:data2\" content=\"6 minutos\" \/>\n<script type=\"application\/ld+json\" class=\"yoast-schema-graph\">{\"@context\":\"https:\\\/\\\/schema.org\",\"@graph\":[{\"@type\":\"Article\",\"@id\":\"https:\\\/\\\/mastorrencito.com\\\/cat\\\/lucky-el-cadell-que-va-trobar-casa-seva-a-mastorrencito\\\/#article\",\"isPartOf\":{\"@id\":\"https:\\\/\\\/mastorrencito.com\\\/cat\\\/lucky-el-cadell-que-va-trobar-casa-seva-a-mastorrencito\\\/\"},\"author\":{\"name\":\"Mastorrencito\",\"@id\":\"https:\\\/\\\/mastorrencito.com\\\/#\\\/schema\\\/person\\\/18c619be80d4ae2667c702911625f790\"},\"headline\":\"Lucky, el cadell que va trobar casa seva a Mastorrencito\",\"datePublished\":\"2024-12-24T06:06:13+00:00\",\"mainEntityOfPage\":{\"@id\":\"https:\\\/\\\/mastorrencito.com\\\/cat\\\/lucky-el-cadell-que-va-trobar-casa-seva-a-mastorrencito\\\/\"},\"wordCount\":1190,\"commentCount\":0,\"publisher\":{\"@id\":\"https:\\\/\\\/mastorrencito.com\\\/#organization\"},\"image\":{\"@id\":\"https:\\\/\\\/mastorrencito.com\\\/cat\\\/lucky-el-cadell-que-va-trobar-casa-seva-a-mastorrencito\\\/#primaryimage\"},\"thumbnailUrl\":\"https:\\\/\\\/mastorrencito.com\\\/wp-content\\\/uploads\\\/abandono2.jpg\",\"articleSection\":[\"Hist\u00f2ries Mastorrencito\"],\"inLanguage\":\"es\",\"potentialAction\":[{\"@type\":\"CommentAction\",\"name\":\"Comment\",\"target\":[\"https:\\\/\\\/mastorrencito.com\\\/cat\\\/lucky-el-cadell-que-va-trobar-casa-seva-a-mastorrencito\\\/#respond\"]}]},{\"@type\":\"WebPage\",\"@id\":\"https:\\\/\\\/mastorrencito.com\\\/cat\\\/lucky-el-cadell-que-va-trobar-casa-seva-a-mastorrencito\\\/\",\"url\":\"https:\\\/\\\/mastorrencito.com\\\/cat\\\/lucky-el-cadell-que-va-trobar-casa-seva-a-mastorrencito\\\/\",\"name\":\"Lucky, el cadell que va trobar casa seva a Mastorrencito - Mas Torrencito CAT\",\"isPartOf\":{\"@id\":\"https:\\\/\\\/mastorrencito.com\\\/#website\"},\"primaryImageOfPage\":{\"@id\":\"https:\\\/\\\/mastorrencito.com\\\/cat\\\/lucky-el-cadell-que-va-trobar-casa-seva-a-mastorrencito\\\/#primaryimage\"},\"image\":{\"@id\":\"https:\\\/\\\/mastorrencito.com\\\/cat\\\/lucky-el-cadell-que-va-trobar-casa-seva-a-mastorrencito\\\/#primaryimage\"},\"thumbnailUrl\":\"https:\\\/\\\/mastorrencito.com\\\/wp-content\\\/uploads\\\/abandono2.jpg\",\"datePublished\":\"2024-12-24T06:06:13+00:00\",\"breadcrumb\":{\"@id\":\"https:\\\/\\\/mastorrencito.com\\\/cat\\\/lucky-el-cadell-que-va-trobar-casa-seva-a-mastorrencito\\\/#breadcrumb\"},\"inLanguage\":\"es\",\"potentialAction\":[{\"@type\":\"ReadAction\",\"target\":[\"https:\\\/\\\/mastorrencito.com\\\/cat\\\/lucky-el-cadell-que-va-trobar-casa-seva-a-mastorrencito\\\/\"]}]},{\"@type\":\"ImageObject\",\"inLanguage\":\"es\",\"@id\":\"https:\\\/\\\/mastorrencito.com\\\/cat\\\/lucky-el-cadell-que-va-trobar-casa-seva-a-mastorrencito\\\/#primaryimage\",\"url\":\"https:\\\/\\\/mastorrencito.com\\\/wp-content\\\/uploads\\\/abandono2.jpg\",\"contentUrl\":\"https:\\\/\\\/mastorrencito.com\\\/wp-content\\\/uploads\\\/abandono2.jpg\"},{\"@type\":\"BreadcrumbList\",\"@id\":\"https:\\\/\\\/mastorrencito.com\\\/cat\\\/lucky-el-cadell-que-va-trobar-casa-seva-a-mastorrencito\\\/#breadcrumb\",\"itemListElement\":[{\"@type\":\"ListItem\",\"position\":1,\"name\":\"Portada\",\"item\":\"https:\\\/\\\/mastorrencito.com\\\/\"},{\"@type\":\"ListItem\",\"position\":2,\"name\":\"Lucky, el cadell que va trobar casa seva a Mastorrencito\"}]},{\"@type\":\"WebSite\",\"@id\":\"https:\\\/\\\/mastorrencito.com\\\/#website\",\"url\":\"https:\\\/\\\/mastorrencito.com\\\/\",\"name\":\"Mas Torrencito CAT\",\"description\":\"Casa rural pet friendly en Girona\",\"publisher\":{\"@id\":\"https:\\\/\\\/mastorrencito.com\\\/#organization\"},\"potentialAction\":[{\"@type\":\"SearchAction\",\"target\":{\"@type\":\"EntryPoint\",\"urlTemplate\":\"https:\\\/\\\/mastorrencito.com\\\/?s={search_term_string}\"},\"query-input\":{\"@type\":\"PropertyValueSpecification\",\"valueRequired\":true,\"valueName\":\"search_term_string\"}}],\"inLanguage\":\"es\"},{\"@type\":\"Organization\",\"@id\":\"https:\\\/\\\/mastorrencito.com\\\/#organization\",\"name\":\"Mas Torrencito CAT\",\"url\":\"https:\\\/\\\/mastorrencito.com\\\/\",\"logo\":{\"@type\":\"ImageObject\",\"inLanguage\":\"es\",\"@id\":\"https:\\\/\\\/mastorrencito.com\\\/#\\\/schema\\\/logo\\\/image\\\/\",\"url\":\"https:\\\/\\\/mastorrencito.com\\\/cat\\\/wp-content\\\/uploads\\\/sites\\\/3\\\/Logo-Mastorrencito-horizontal.webp\",\"contentUrl\":\"https:\\\/\\\/mastorrencito.com\\\/cat\\\/wp-content\\\/uploads\\\/sites\\\/3\\\/Logo-Mastorrencito-horizontal.webp\",\"width\":161,\"height\":54,\"caption\":\"Mas Torrencito CAT\"},\"image\":{\"@id\":\"https:\\\/\\\/mastorrencito.com\\\/#\\\/schema\\\/logo\\\/image\\\/\"}},{\"@type\":\"Person\",\"@id\":\"https:\\\/\\\/mastorrencito.com\\\/#\\\/schema\\\/person\\\/18c619be80d4ae2667c702911625f790\",\"name\":\"Mastorrencito\",\"image\":{\"@type\":\"ImageObject\",\"inLanguage\":\"es\",\"@id\":\"https:\\\/\\\/secure.gravatar.com\\\/avatar\\\/3ef55e0519f987a734c21caee1423b51df7b760b7d81a38ecd31cab0a5115f6d?s=96&d=mm&r=g\",\"url\":\"https:\\\/\\\/secure.gravatar.com\\\/avatar\\\/3ef55e0519f987a734c21caee1423b51df7b760b7d81a38ecd31cab0a5115f6d?s=96&d=mm&r=g\",\"contentUrl\":\"https:\\\/\\\/secure.gravatar.com\\\/avatar\\\/3ef55e0519f987a734c21caee1423b51df7b760b7d81a38ecd31cab0a5115f6d?s=96&d=mm&r=g\",\"caption\":\"Mastorrencito\"},\"url\":\"https:\\\/\\\/mastorrencito.com\\\/cat\\\/author\\\/mastorrencito\\\/\"}]}<\/script>\n<!-- \/ Yoast SEO Premium plugin. -->","yoast_head_json":{"title":"Lucky, el cadell que va trobar casa seva a Mastorrencito - Mas Torrencito CAT","robots":{"index":"index","follow":"follow","max-snippet":"max-snippet:-1","max-image-preview":"max-image-preview:large","max-video-preview":"max-video-preview:-1"},"canonical":"https:\/\/mastorrencito.com\/cat\/lucky-el-cadell-que-va-trobar-casa-seva-a-mastorrencito\/","og_locale":"es_ES","og_type":"article","og_title":"Lucky, el cadell que va trobar casa seva a Mastorrencito","og_description":"Era un g\u00e8lid mat\u00ed de desembre a l&#8217;Empord\u00e0. El gebre cobria els camps, i l&#8217;aire gelat semblava congelar cada respir. Lucky, el cadell que va trobar casa seva a Mastorrencito Com cada dia, vaig sortir a les vuit del mat\u00ed per buscar la Maribel, la nostra estimada emprada, a la parada del bus que estava [&hellip;]","og_url":"https:\/\/mastorrencito.com\/cat\/lucky-el-cadell-que-va-trobar-casa-seva-a-mastorrencito\/","og_site_name":"Mas Torrencito CAT","article_published_time":"2024-12-24T06:06:13+00:00","og_image":[{"url":"https:\/\/mastorrencito.com\/wp-content\/uploads\/abandono2.jpg","type":"","width":"","height":""}],"author":"Mastorrencito","twitter_card":"summary_large_image","twitter_misc":{"Escrito por":"Mastorrencito","Tiempo de lectura":"6 minutos"},"schema":{"@context":"https:\/\/schema.org","@graph":[{"@type":"Article","@id":"https:\/\/mastorrencito.com\/cat\/lucky-el-cadell-que-va-trobar-casa-seva-a-mastorrencito\/#article","isPartOf":{"@id":"https:\/\/mastorrencito.com\/cat\/lucky-el-cadell-que-va-trobar-casa-seva-a-mastorrencito\/"},"author":{"name":"Mastorrencito","@id":"https:\/\/mastorrencito.com\/#\/schema\/person\/18c619be80d4ae2667c702911625f790"},"headline":"Lucky, el cadell que va trobar casa seva a Mastorrencito","datePublished":"2024-12-24T06:06:13+00:00","mainEntityOfPage":{"@id":"https:\/\/mastorrencito.com\/cat\/lucky-el-cadell-que-va-trobar-casa-seva-a-mastorrencito\/"},"wordCount":1190,"commentCount":0,"publisher":{"@id":"https:\/\/mastorrencito.com\/#organization"},"image":{"@id":"https:\/\/mastorrencito.com\/cat\/lucky-el-cadell-que-va-trobar-casa-seva-a-mastorrencito\/#primaryimage"},"thumbnailUrl":"https:\/\/mastorrencito.com\/wp-content\/uploads\/abandono2.jpg","articleSection":["Hist\u00f2ries Mastorrencito"],"inLanguage":"es","potentialAction":[{"@type":"CommentAction","name":"Comment","target":["https:\/\/mastorrencito.com\/cat\/lucky-el-cadell-que-va-trobar-casa-seva-a-mastorrencito\/#respond"]}]},{"@type":"WebPage","@id":"https:\/\/mastorrencito.com\/cat\/lucky-el-cadell-que-va-trobar-casa-seva-a-mastorrencito\/","url":"https:\/\/mastorrencito.com\/cat\/lucky-el-cadell-que-va-trobar-casa-seva-a-mastorrencito\/","name":"Lucky, el cadell que va trobar casa seva a Mastorrencito - Mas Torrencito CAT","isPartOf":{"@id":"https:\/\/mastorrencito.com\/#website"},"primaryImageOfPage":{"@id":"https:\/\/mastorrencito.com\/cat\/lucky-el-cadell-que-va-trobar-casa-seva-a-mastorrencito\/#primaryimage"},"image":{"@id":"https:\/\/mastorrencito.com\/cat\/lucky-el-cadell-que-va-trobar-casa-seva-a-mastorrencito\/#primaryimage"},"thumbnailUrl":"https:\/\/mastorrencito.com\/wp-content\/uploads\/abandono2.jpg","datePublished":"2024-12-24T06:06:13+00:00","breadcrumb":{"@id":"https:\/\/mastorrencito.com\/cat\/lucky-el-cadell-que-va-trobar-casa-seva-a-mastorrencito\/#breadcrumb"},"inLanguage":"es","potentialAction":[{"@type":"ReadAction","target":["https:\/\/mastorrencito.com\/cat\/lucky-el-cadell-que-va-trobar-casa-seva-a-mastorrencito\/"]}]},{"@type":"ImageObject","inLanguage":"es","@id":"https:\/\/mastorrencito.com\/cat\/lucky-el-cadell-que-va-trobar-casa-seva-a-mastorrencito\/#primaryimage","url":"https:\/\/mastorrencito.com\/wp-content\/uploads\/abandono2.jpg","contentUrl":"https:\/\/mastorrencito.com\/wp-content\/uploads\/abandono2.jpg"},{"@type":"BreadcrumbList","@id":"https:\/\/mastorrencito.com\/cat\/lucky-el-cadell-que-va-trobar-casa-seva-a-mastorrencito\/#breadcrumb","itemListElement":[{"@type":"ListItem","position":1,"name":"Portada","item":"https:\/\/mastorrencito.com\/"},{"@type":"ListItem","position":2,"name":"Lucky, el cadell que va trobar casa seva a Mastorrencito"}]},{"@type":"WebSite","@id":"https:\/\/mastorrencito.com\/#website","url":"https:\/\/mastorrencito.com\/","name":"Mas Torrencito CAT","description":"Casa rural pet friendly en Girona","publisher":{"@id":"https:\/\/mastorrencito.com\/#organization"},"potentialAction":[{"@type":"SearchAction","target":{"@type":"EntryPoint","urlTemplate":"https:\/\/mastorrencito.com\/?s={search_term_string}"},"query-input":{"@type":"PropertyValueSpecification","valueRequired":true,"valueName":"search_term_string"}}],"inLanguage":"es"},{"@type":"Organization","@id":"https:\/\/mastorrencito.com\/#organization","name":"Mas Torrencito CAT","url":"https:\/\/mastorrencito.com\/","logo":{"@type":"ImageObject","inLanguage":"es","@id":"https:\/\/mastorrencito.com\/#\/schema\/logo\/image\/","url":"https:\/\/mastorrencito.com\/cat\/wp-content\/uploads\/sites\/3\/Logo-Mastorrencito-horizontal.webp","contentUrl":"https:\/\/mastorrencito.com\/cat\/wp-content\/uploads\/sites\/3\/Logo-Mastorrencito-horizontal.webp","width":161,"height":54,"caption":"Mas Torrencito CAT"},"image":{"@id":"https:\/\/mastorrencito.com\/#\/schema\/logo\/image\/"}},{"@type":"Person","@id":"https:\/\/mastorrencito.com\/#\/schema\/person\/18c619be80d4ae2667c702911625f790","name":"Mastorrencito","image":{"@type":"ImageObject","inLanguage":"es","@id":"https:\/\/secure.gravatar.com\/avatar\/3ef55e0519f987a734c21caee1423b51df7b760b7d81a38ecd31cab0a5115f6d?s=96&d=mm&r=g","url":"https:\/\/secure.gravatar.com\/avatar\/3ef55e0519f987a734c21caee1423b51df7b760b7d81a38ecd31cab0a5115f6d?s=96&d=mm&r=g","contentUrl":"https:\/\/secure.gravatar.com\/avatar\/3ef55e0519f987a734c21caee1423b51df7b760b7d81a38ecd31cab0a5115f6d?s=96&d=mm&r=g","caption":"Mastorrencito"},"url":"https:\/\/mastorrencito.com\/cat\/author\/mastorrencito\/"}]}},"acf":[],"_links":{"self":[{"href":"https:\/\/mastorrencito.com\/cat\/wp-json\/wp\/v2\/posts\/2896","targetHints":{"allow":["GET"]}}],"collection":[{"href":"https:\/\/mastorrencito.com\/cat\/wp-json\/wp\/v2\/posts"}],"about":[{"href":"https:\/\/mastorrencito.com\/cat\/wp-json\/wp\/v2\/types\/post"}],"author":[{"embeddable":true,"href":"https:\/\/mastorrencito.com\/cat\/wp-json\/wp\/v2\/users\/2"}],"replies":[{"embeddable":true,"href":"https:\/\/mastorrencito.com\/cat\/wp-json\/wp\/v2\/comments?post=2896"}],"version-history":[{"count":0,"href":"https:\/\/mastorrencito.com\/cat\/wp-json\/wp\/v2\/posts\/2896\/revisions"}],"wp:attachment":[{"href":"https:\/\/mastorrencito.com\/cat\/wp-json\/wp\/v2\/media?parent=2896"}],"wp:term":[{"taxonomy":"category","embeddable":true,"href":"https:\/\/mastorrencito.com\/cat\/wp-json\/wp\/v2\/categories?post=2896"},{"taxonomy":"post_tag","embeddable":true,"href":"https:\/\/mastorrencito.com\/cat\/wp-json\/wp\/v2\/tags?post=2896"}],"curies":[{"name":"wp","href":"https:\/\/api.w.org\/{rel}","templated":true}]}}