{"id":2849,"date":"2024-12-19T06:07:06","date_gmt":"2024-12-19T06:07:06","guid":{"rendered":"https:\/\/casaruralconperrosgirona.com\/no-us-creureu-el-que-em-va-passar-ahir-by-mastorrencito\/"},"modified":"2024-12-19T06:07:06","modified_gmt":"2024-12-19T06:07:06","slug":"no-us-creureu-el-que-em-va-passar-ahir-by-mastorrencito","status":"publish","type":"post","link":"https:\/\/mastorrencito.com\/cat\/no-us-creureu-el-que-em-va-passar-ahir-by-mastorrencito\/","title":{"rendered":"Armes, coca i money. &#8230; No us creureu el que em va passar ahir\u2026 by MasTorrencito"},"content":{"rendered":"\n<p>Va ser un dia de bojos, per\u00f2 bojos de deb\u00f2. D&#8217;aquells que ni en somnis no podries imaginar. Tot va comen\u00e7ar de forma normal: em vaig aixecar a les cinc del mat\u00ed, com gaireb\u00e9 cada dia, vaig posar rentadores i assecadores, vaig comprovar que funcionessin b\u00e9 les calderes i que no hagu\u00e9s saltat cap diferencial, vaig comprovar que els dip\u00f2sits d&#8217;aigua estiguessin correcte, vaig obrir als gossos perqu\u00e8 sortissin a fer les seves cosetes matiners, vaig revisar correus, vaig contestar alguns missatges i, per suposat, em vaig prendre diverses dosis de caf\u00e8. Vaig preparar un parell de bescuits per als hostes que esmorzarien. Tot b\u00e9, tot en ordre.    <\/p>\n\n<p>El mat\u00ed va transc\u00f3rrer tranquil\u00b7la, els clients van marxar a poc a poc, tret d&#8217;un que es quedava un parell de nits m\u00e9s. Aix\u00ed que vaig recollir els esmorzars, vaig posar les taules, i despr\u00e9s me&#8217;n vaig anar a dutxar. Tot seguia un gui\u00f3 perfecte, sense ensurts.  <\/p>\n\n<p>Tenia cita amb el barber a les 12:00, aix\u00ed que em vaig encaminar cap all\u00e0. En sortir de casa, tot semblava normal. Per\u00f2 arribant a B\u00e0scara, a la cuneta, veig una cosa que crida la meva atenci\u00f3: una bossa de cuir, massa nova com per ser simple escombraries. Em vaig quedar amb la intriga.     <em>Qu\u00e8 faig? Dono la volta? <\/em>  No ho s\u00e9, per\u00f2 no <em>em<\/em> puc treure del cap. Eren les 11:55, encara tenia temps de sobres. <\/p>\n\n<figure class=\"wp-block-image size-full\"><img fetchpriority=\"high\" decoding=\"async\" width=\"1024\" height=\"1024\" src=\"https:\/\/mastorrencito.com\/wp-content\/uploads\/bascara1.jpg\" alt=\"anecdotes i viv&#xE8;ncies de mastogrenet\" class=\"wp-image-2839\" srcset=\"https:\/\/mastorrencito.com\/cat\/wp-content\/uploads\/sites\/3\/bascara1.jpg 1024w, https:\/\/mastorrencito.com\/cat\/wp-content\/uploads\/sites\/3\/bascara1-300x300.jpg 300w, https:\/\/mastorrencito.com\/cat\/wp-content\/uploads\/sites\/3\/bascara1-150x150.jpg 150w, https:\/\/mastorrencito.com\/cat\/wp-content\/uploads\/sites\/3\/bascara1-768x768.jpg 768w\" sizes=\"(max-width: 1024px) 100vw, 1024px\" \/><figcaption class=\"wp-element-caption\">anecdotes i viv\u00e8ncies de mastogrenet<\/figcaption><\/figure>\n<p>Tornada al lloc on la vaig veure. Hi era, esperant-me. M&#8217;aturo al costat, miro a banda i banda de la carretera (perqu\u00e8 ja sabeu, en aquestes situacions sempre sents com si estiguessis fent alguna cosa dolenta) i baix del cotxe. La recullo i la fico al seient del copilot.     <em>B\u00e9, ja est\u00e0.<\/em>  Arrenco i em dirigeixo a la barberia d&#8217;Aitor.<\/p>\n\n<p>En arribar a la cru\u00eflla, zas! Em topo amb un desplegament de llums blaus que talla la carretera en tots dos sentits.   <em>JODER!<\/em>  Gaireb\u00e9 em fa un infart.<\/p>\n\n<p><em>Qu\u00e8 faig ara?<\/em>  El meu cap anava a mil per hora. Mirava la male\u00efda bossa i pensava:   <em>La tir? Segueixo com si res? <\/em>  Decideixo avan\u00e7ar, posar l&#8217;intermitent i girar.  <em>Potser em vaig lliurar&#8230;<\/em>  Per\u00f2 no. Just en aquell moment, un Mosso d&#8217;Esquadra m&#8217;atura. <\/p>\n\n<p>S&#8217;acosta a la meva finestreta i em diu:<br \/> \u2014 Pel motor.<br \/> \u2014\u00bf Quin motor? Si \u00e9s el\u00e8ctric. <br \/>\u2014 B\u00e9, doncs atura-ho.<br \/>\u2014 Bon dia, digui&#8217;m agent.<br \/>\u2014 On vas?<br \/>\u2014A la barberia del davant, amb l&#8217;Aitor.<br \/>\u2014 D&#8217;on vens?<br \/>\u2014 De casa meva.<br \/>\u2014 On vius?<br \/>\u2014 A Parets d&#8217;Empord\u00e0, tinc una casa rural, Mas Torrencito.<br \/>\u2014Ostia! Tu ets el dels contes per internet? <br \/>\u2014 S\u00cd\u00cd! Aquest mateix. <br \/>\u2014 Vinga, passa, passa\u2026 I que s\u00e0pigues que la meva dona \u00e9s superfan teva, els llegeix cada dia.<br \/>\u2014 Quin guai! Doncs digues-li que dem\u00e0 escriur\u00e9 sobre tu. <br \/>\u2014 De veritat?<br \/>\u2014 Segur, llegeix-ho dem\u00e0!<\/p>\n\n<p>El Mosso riu, em deixa passar, i aparco a la pla\u00e7a. La bossa segueix a terra del copilot. Per dissimular una mica, agafo la meva jaqueta i la poso a sobre. Perqu\u00e8 \u00e9s clar, com que mai no tanco el cotxe i deixo les claus dins, si el tanco canta massa.   <\/p>\n\n<p>arribo a la porta de la barberia com si res. M&#8217;aturo a acabar de fumar-me la cigarreta, em saluden, tot tranquil&#8230; Fins que de sobte, BUM! Comencen a sonar trets.   <\/p>\n\n<p>\u2014Miguel! \u2014crida l&#8217;Aitor\u2014. Fes-te dins!  <br \/>\u2014Una llet! Jo miro! <\/p>\n\n<p>Mentre l&#8217;Aitor seguia cridant des de dins, jo em vaig quedar a la porta de la barberia, amb el cor desbocat. cantonada, aixecant pols i deixant un soroll ensordidor darrere seu. Tot just uns segons despr\u00e9s, dos cotxes m\u00e9s de policia, amb les sirenes a tot volum, van entrar al poble com una tempesta.   <\/p>\n\n<figure class=\"wp-block-image size-large\"><img decoding=\"async\" width=\"1024\" height=\"585\" src=\"https:\/\/mastorrencito.com\/wp-content\/uploads\/2024\/12\/bascara2-1024x585.jpg\" alt=\"anecdotes i viv&#xE8;ncies de mastogrenet\" class=\"wp-image-2842\" srcset=\"https:\/\/mastorrencito.com\/cat\/wp-content\/uploads\/sites\/3\/bascara2-1024x585.jpg 1024w, https:\/\/mastorrencito.com\/cat\/wp-content\/uploads\/sites\/3\/bascara2-300x171.jpg 300w, https:\/\/mastorrencito.com\/cat\/wp-content\/uploads\/sites\/3\/bascara2-768x439.jpg 768w, https:\/\/mastorrencito.com\/cat\/wp-content\/uploads\/sites\/3\/bascara2-1536x878.jpg 1536w, https:\/\/mastorrencito.com\/cat\/wp-content\/uploads\/sites\/3\/bascara2.jpg 1792w\" sizes=\"(max-width: 1024px) 100vw, 1024px\" \/><figcaption class=\"wp-element-caption\">anecdotes i viv\u00e8ncies de mastogrenet<\/figcaption><\/figure>\n<p>Els llums blaus il\u00b7luminaven tot al seu pas mentre els cotxes perseguien el primer, ziga-zaguejant entre els carrers estrets. Per un instant, el cotxe negre gaireb\u00e9 xoca contra una de les taules de la terrassa d&#8217;un bar, per\u00f2 va aconseguir esquivar-la a l&#8217;\u00faltim moment. Els policies no es quedaven enrere: els seus cotxes tamb\u00e9 derrapaven a cada revolt, aixecant petites explosions de grava i deixant un ress\u00f2 ensordidor que rebotava entre les cases del poble.  <\/p>\n\n<p>Els ve\u00efns comen\u00e7aven a sortir a les finestres, traient el cap amb cares d&#8217;incredulitat. Tot el poble semblava paralitzat, menys jo, que seguia all\u00e0, dret, mirant com si fos dins d&#8217;una pel\u00b7l\u00edcula d&#8217;acci\u00f3. <\/p>\n\n<p>\u2014Miguel, fica&#8217;t dins d&#8217;una vegada! \u2014va tornar a cridar l&#8217;Aitor, per\u00f2 jo no podia apartar la vista del que estava passant.   <em>Quins diables est\u00e0 passant aqu\u00ed?<\/em><\/p>\n<figure class=\"wp-block-post-featured-image\"><img decoding=\"async\" width=\"850\" height=\"486\" src=\"https:\/\/mastorrencito.com\/cat\/wp-content\/uploads\/sites\/3\/bascara6.jpg\" class=\"attachment-post-thumbnail size-post-thumbnail wp-post-image\" alt=\"anecdotas y vivencias de mastorrencito\" style=\"object-fit:cover;\" srcset=\"https:\/\/mastorrencito.com\/cat\/wp-content\/uploads\/sites\/3\/bascara6.jpg 850w, https:\/\/mastorrencito.com\/cat\/wp-content\/uploads\/sites\/3\/bascara6-300x172.jpg 300w, https:\/\/mastorrencito.com\/cat\/wp-content\/uploads\/sites\/3\/bascara6-768x439.jpg 768w\" sizes=\"(max-width: 850px) 100vw, 850px\" \/><\/figure>\n<p>I mentre els cotxes es perdien en un dels carrers m\u00e9s estrets del poble, un silenci estrany ho va cobrir tot per un instant. Per\u00f2 jo sabia que aix\u00f2 no s&#8217;havia acabat. Tot al contrari: estava a punt de posar-se pitjor.  <\/p>\n\n<p>Vaig mirar cap al meu cotxe. La bossa seguia all\u00e0, amagada sota la jaqueta. I en aquell moment, vaig entendre que potser&#8230; tot aix\u00f2 tenia alguna cosa a veure amb mi.  <\/p>\n\n<hr class=\"wp-block-separator has-alpha-channel-opacity\" \/>\n\n<p>Els cotxes seguien derrapant pels carrers del poble, creant un caos que semblava tret d&#8217;una pel\u00b7l\u00edcula. El cotxe negre intentava perdre els dos cotxes dels Mossos d&#8217;Esquadra, que el perseguien a tota pastilla. S&#8217;escoltaven frenades, crits i sirenes que trencaven la tranquil\u00b7litat habitual del poble.  <\/p>\n\n<p>Jo, mentrestant, em mantenia a la porta de la barberia. Aitor seguia cridant:<br \/> \u2014Miguel, fica&#8217;t a dins!<br \/> Per\u00f2 ja em coneixeu. Com em perdria aix\u00f2? Ni boig.   <\/p>\n\n<p>El cotxe negre va agafar un revolt massa tancat i va perdre el control. En un obrir i tancar d&#8217;ulls, es va bolcar enmig d&#8217;un carrer\u00f3 estret, quedant de cap per avall. Els Mossos no van trigar ni un segon a envoltar-lo. Van baixar dels seus cotxes amb armes a la m\u00e0, cridant ordres als ocupants del vehicle bolcat.   <\/p>\n\n<p>\u2014 Mans a la vista! Sortiu del cotxe lentament! <\/p>\n\n<p>El conductor i l&#8217;acompanyant, desorientats i coberts de talls petits, no van tenir m\u00e9s remei que obeir. Un a un, van ser arrossegats fora del cotxe i emmanillats a l&#8217;acte. Era una escena digna d&#8217;un thriller, i jo, des de la barberia, ho observava tot com si estigu\u00e9s a primera fila d&#8217;un espectacle.  <\/p>\n\n<p>Quan la tensi\u00f3 va comen\u00e7ar a calmar-se, Aitor va sortir de la barberia i em va mirar, rient:<br \/> \u2014 Ara qu\u00e8, Miquel? T&#8217;afaites o vols seguir d&#8217;espectador? <br \/>\u2014Anem al que venia, que ja he tingut for\u00e7a acci\u00f3 per avui \u2014vaig respondre.<\/p>\n\n<p>Em vaig asseure a la cadira mentre Aitor feia la seva m\u00e0gia. Com si no hagu\u00e9s passat res, em vaig relaxar i vaig deixar que m&#8217;arregl\u00e9s la barba. la persecuci\u00f3, els trets i el misteri de qu\u00e8 hauria passat.  <\/p>\n\n<p>Em vaig reunir amb uns amics a la terrassa del bar i vam agafar unes cerveses. Per descomptat, la conversa va girar al voltant del mateix.   <em>Qu\u00e8 portaven al cotxe? Per qu\u00e8 els perseguien? Qu\u00e8 havien fet?  <\/em>  Les respostes eren un misteri, i jo tampoc aportaria res. La investigaci\u00f3 era cosa dels Mossos, no meva. <\/p>\n\n<p>Per\u00f2 mentre els altres especulaven, el meu cap era a un altre lloc.  <em>La bossa de cuir.<\/em>  Quins dimonis hi hauria a dins? Des que la vaig veure a la cuneta, no havia deixat de preguntar-m&#8217;ho. <\/p>\n\n<p>Quan vaig tornar a casa, el silenci era absolut. Tots els hostes se n&#8217;havien anat, tret d&#8217;un, que estava tancat a la seva habitaci\u00f3. Era el moment perfecte. Vaig baixar la bossa del cotxe i vaig entrar al sal\u00f3, m\u00e9s nervi\u00f3s que mai. Masto, Maky, Mamas i Mastitwo, els meus gossos, em miraven amb curiositat, com si ells tamb\u00e9 volguessin saber qu\u00e8 hi havia a dins.    <\/p>\n\n<figure class=\"wp-block-image size-full\"><img loading=\"lazy\" decoding=\"async\" width=\"850\" height=\"486\" src=\"https:\/\/mastorrencito.com\/wp-content\/uploads\/bascara3.jpg\" alt=\"anecdotes i viv&#xE8;ncies de mastogrenet\" class=\"wp-image-2862\" srcset=\"https:\/\/mastorrencito.com\/cat\/wp-content\/uploads\/sites\/3\/bascara3.jpg 850w, https:\/\/mastorrencito.com\/cat\/wp-content\/uploads\/sites\/3\/bascara3-300x172.jpg 300w, https:\/\/mastorrencito.com\/cat\/wp-content\/uploads\/sites\/3\/bascara3-768x439.jpg 768w\" sizes=\"(max-width: 850px) 100vw, 850px\" \/><figcaption class=\"wp-element-caption\">anecdotes i viv\u00e8ncies de mastogrenet<\/figcaption><\/figure>\n<p>La vaig col\u00b7locar sobre la taula, i per un moment, vaig dubtar.  <em>\u00bf I si \u00e9s una bomba? O drogues? O molt\u00edssims diners?  <\/em>  El cor em bategava a mil.<\/p>\n\n<p>Amb mans tremoloses, vaig obrir la cremallera de la bossa, esperant el pitjor.<\/p>\n\n<p>I llavors ho vaig veure.<br \/>\u2014 OSTIAAAAAAASSSSSSS!<\/p>\n\n<hr class=\"wp-block-separator has-alpha-channel-opacity\" \/>\n\n<p>En obrir la bossa, el meu cap va comen\u00e7ar a fer voltes. El primer que vaig veure van ser dues bosses de pl\u00e0stic transparent, plenes del que clarament semblava coca\u00efna. Al costat, dues pistoles d&#8217;aspecte intimidant. Per\u00f2 el que realment em va deixar sense al\u00e8 van ser els bitllets: munts i munts de bitllets. Els vaig treure amb compte, i en col\u00b7locar-los sobre la taula, em vaig adonar que hi havia, com a m\u00ednim, 100.000 euros. Cent mil euros! I per si aix\u00f2 no n&#8217;hi hagu\u00e9s prou, al fons de la bossa hi havia alguna cosa que semblava una magrana.      <\/p>\n\n<p>Em vaig quedar gla\u00e7at. La meva ment no parava de repetir-me: <em>Qu\u00e8 dimonis \u00e9s aix\u00f2?<\/em> Era com si de cop i volta m&#8217;hagu\u00e9s convertit en el protagonista d&#8217;una s\u00e8rie de narcos. Si alg\u00fa m&#8217;hagu\u00e9s fet una foto en aquell moment, entre les drogues, els diners i les armes, m&#8217;hauria semblat qualsevol capo del c\u00e0rtel. Per\u00f2 all\u00f2 no era cap broma.   <\/p>\n\n<p>Els gossos, Masto, Maky, Mamas i Mastitwo, seguien observant amb curiositat. Com si ells tamb\u00e9 estiguessin preguntant-se qu\u00e8 faria amb tot all\u00f2. Estava nervi\u00f3s, molt nervi\u00f3s. <em>Aix\u00f2 no es pot haver perdut sense m\u00e9s ni m\u00e9s,<\/em> vaig pensar.    <em>Alg\u00fa el cercar\u00e0. I quan ho facin\u2026 qu\u00e8 faig jo? <\/em><\/p>\n\n<p>Mentre m&#8217;enfonsava en els meus pensaments, vaig sentir un cotxe apropant-se. El meu cor va fer un tomb. Em vaig aixecar r\u00e0pidament i vaig mirar per la finestra. Per\u00f2 en veure qui era, vaig respirar alleujat. Nom\u00e9s podia ser alg\u00fa conegut, perqu\u00e8 per entrar calia el codi. I, efectivament, era Mois\u00e8s, l&#8217;antic propietari del bar de la pla\u00e7a de B\u00e0scara. Va baixar del cotxe amb la seva t\u00edpica calma, per\u00f2 en entrar a la terrassa i veure el que hi havia sobre la taula, els seus ulls es van obrir com a plats.      <\/p>\n\n<figure class=\"wp-block-image size-full\"><img loading=\"lazy\" decoding=\"async\" width=\"850\" height=\"486\" src=\"https:\/\/mastorrencito.com\/wp-content\/uploads\/bascara6.jpg\" alt=\"anecdotes i viv&#xE8;ncies de mastogrenet\" class=\"wp-image-2879\" srcset=\"https:\/\/mastorrencito.com\/cat\/wp-content\/uploads\/sites\/3\/bascara6.jpg 850w, https:\/\/mastorrencito.com\/cat\/wp-content\/uploads\/sites\/3\/bascara6-300x172.jpg 300w, https:\/\/mastorrencito.com\/cat\/wp-content\/uploads\/sites\/3\/bascara6-768x439.jpg 768w\" sizes=\"(max-width: 850px) 100vw, 850px\" \/><figcaption class=\"wp-element-caption\">anecdotes i viv\u00e8ncies de mastogrenet<\/figcaption><\/figure>\n<p>\u2014Osties! Qu\u00e8 \u00e9s aix\u00f2? \u2014va dir, assenyalant la taula amb incredulitat.  <br \/>\u2014Doncs ha de tenir a veure amb aix\u00f2 d&#8217;aquest mat\u00ed\u2026 Imagino.<\/p>\n\n<p>Es va acostar lentament, mirant tot amb detall. Les pistoles, els bitllets, les bosses amb coca\u00efna, fins i tot la suposada magrana.  <br \/>\u2014I qu\u00e8 far\u00e0s?<br \/>\u2014Ni idea \u2014vaig respondre, passant-me la m\u00e0 per la cara, intentant calmar-me. \u2014Tu, qu\u00e8 faries? <\/p>\n\n<p>Mois\u00e8s es va creuar de bra\u00e7os, pensatiu.<br \/>\u2014 Hmm\u2026 Vols que et sigui sincer?<br \/>\u2014\u00c9s clar.<br \/>\u2014Mira, en la teva situaci\u00f3 econ\u00f2mica\u2026 \u2014va fer una pausa, com mesurant les seves paraules\u2014 \u2026t&#8217;ho dic m\u00e9s clar: jo em quedava amb la pasta. <\/p>\n\n<p>La resposta em va deixar en silenci. Tenia sentit. A casa rural les coses no sempre anaven b\u00e9. I aquests diners\u2026 aquests diners podrien canviar moltes coses. Per\u00f2, al mateix temps, sabia que all\u00f2 no era una simple troballa. Alg\u00fa el cercaria. Potser no avui, potser no dem\u00e0, per\u00f2 tard o d&#8217;hora alg\u00fa vindria a reclamar-ho.     <\/p>\n\n<p>\u2014Ja\u2026 per\u00f2\u2026 \u2014vaig intentar respondre, encara que les paraules no sortien clares.<br \/>\u2014Miguel, aix\u00f2 no desapareixer\u00e0 sol. La pasta pot salvar-te, per\u00f2 tota la resta et portar\u00e0 problemes si ho deixes aqu\u00ed. Has de decidir. I r\u00e0pid.   <\/p>\n\n<p>Vaig respirar profund. Vaig mirar els bitllets. Vaig mirar les pistoles. Vaig mirar Mois\u00e8s, que esperava la meva resposta amb calma. I despr\u00e9s vaig mirar els gossos, que seguien amb aquella mirada curiosa, com si ells tamb\u00e9 esperessin la meva decisi\u00f3.    <\/p>\n\n<p>Finalment, vaig prendre aire i vaig dir:<br \/> \u2014 D&#8217;acord. Aix\u00f2 \u00e9s el que farem. <\/p>\n\n<p>Li vaig explicar el meu pla. Vaig guardar els bitllets en una caixa forta que tenia al soterrani, ben amagada. Era l&#8217;\u00fanic que podia aprofitar. La resta \u2014les armes, la coca\u00efna i la magrana\u2014 el fiquem en un sac i el portem al cotxe de Mois\u00e8s. Ens vam dirigir a un lloc apartat, lluny de la casa i del poble, i ho vam amagar b\u00e9, enterrant-lo sota uns arbustos en un cam\u00ed que gaireb\u00e9 ning\u00fa no usava.    <\/p>\n\n<p>\u2014 I si v\u00e9nen a buscar-ho? \u2014va preguntar Mois\u00e8s mentre torn\u00e0vem al cotxe. <br \/>\u2014Que ho busquin \u2014vaig dir, mirant de sonar segur, encara que per dins estava tremolant.<\/p>\n\n<p>Aquella nit amb prou feines vaig poder dormir. Tenia un munt de preguntes al cap.   <em>Qui va deixar aquesta bossa a la cuneta? Per qu\u00e8? Com manejaria tot aix\u00f2 si alg\u00fa venia a buscar-lo?  <\/em>  Per\u00f2 sobretot, hi havia una pregunta que em rondava sense parar: <em>\u00bfHavia fet b\u00e9 de quedar-me els diners?<\/em><\/p>\n\n<p>Van passar els dies, i encara que la vida a la casa rural va tornar a la normalitat, no podia evitar mirar per sobre de l&#8217;espatlla. Cada cotxe que passava, cada client nou que arribava, em feia pensar que alg\u00fa era a prop. Que alg\u00fa sabia.  <\/p>\n\n<p>I llavors, un mat\u00ed, em vaig despertar amb un missatge al m\u00f2bil. Era un nombre desconegut. El missatge deia:  <\/p>\n\n<p><strong>\u201cSabem que tens el que \u00e9s nostre. Parla abans que sigui tard.\u201d<\/strong><\/p>\n\n<p>El cor em va fer un tomb. La tranquil\u00b7litat havia acabat. Aix\u00f2\u2026 acabava de comen\u00e7ar.  <\/p>\n\n<p>Em vaig quedar mirant la pantalla del m\u00f2bil durant una estona, com si aix\u00ed pogu\u00e9s fer que el missatge desaparegu\u00e9s o, encara millor, que tot all\u00f2 no hagu\u00e9s passat mai. Per\u00f2 no. Era real. Alg\u00fa sabia. I aquest alg\u00fa no estava fent broma.    <\/p>\n\n<p>Vaig respirar profund, intentant calmar-me, per\u00f2 el nus a l&#8217;est\u00f3mac no desapareixia. Qu\u00e8 havia de fer? Respondre? Ignorar-ho? Trucar a la policia? Totes les opcions em semblaven igual de perilloses. Vaig optar per no contestar, almenys de moment. Necessitava temps per pensar.       <\/p>\n\n<p>El mat\u00ed va seguir com qualsevol altre. Vaig preparar esmorzars per a l&#8217;\u00fanic hoste que quedava a la casa rural, un alemany que estava de vacances amb el seu gos. sortia per la finestra, tement que fos alg\u00fa buscant-me. Cada ombra semblava m\u00e9s allargada del normal, cada soroll m\u00e9s amena\u00e7ador.     <\/p>\n\n<figure class=\"wp-block-image size-full\"><img loading=\"lazy\" decoding=\"async\" width=\"850\" height=\"486\" src=\"https:\/\/mastorrencito.com\/wp-content\/uploads\/bascara5.jpg\" alt=\"anecdotes i viv&#xE8;ncies de mastogrenet\" class=\"wp-image-2876\" srcset=\"https:\/\/mastorrencito.com\/cat\/wp-content\/uploads\/sites\/3\/bascara5.jpg 850w, https:\/\/mastorrencito.com\/cat\/wp-content\/uploads\/sites\/3\/bascara5-300x172.jpg 300w, https:\/\/mastorrencito.com\/cat\/wp-content\/uploads\/sites\/3\/bascara5-768x439.jpg 768w\" sizes=\"(max-width: 850px) 100vw, 850px\" \/><figcaption class=\"wp-element-caption\">anecdotes i viv\u00e8ncies de mastogrenet<\/figcaption><\/figure>\n<p>En aix\u00f2 que va apar\u00e8ixer Mois\u00e8s, com si tingu\u00e9s un radar per saber quan passava alguna cosa.<br \/>\u2014Qu\u00e8 passa ara? \u2014va preguntar en veure&#8217;m tan seri\u00f3s.<br \/> No li vaig dir res, nom\u00e9s li vaig mostrar el missatge al m\u00f2bil. El va llegir en silenci, i despr\u00e9s va aixecar la vista cap a mi.  <br \/>\u2014 B\u00e9\u2026 et vaig dir que alg\u00fa el cercaria. Aix\u00f2 no es perd perqu\u00e8 s\u00ed. <br \/>\u2014I ara qu\u00e8 fem? \u2014vaig preguntar, com si ell tingu\u00e9s totes les respostes.<br \/> Mois\u00e8s va arronsar les espatlles.<br \/> \u2014 Has de jugar les cartes, per\u00f2 amb cap. Saps qui s\u00f3n? Has vist alguna cosa estranya darrerament?   <br \/>\u2014 Res. Nom\u00e9s els d?aquest mat\u00ed amb el cotxe bolcat, per\u00f2 no tinc ni idea de si hi estan relacionats. <\/p>\n\n<p>Vam passar una estona discutint opcions. Mois\u00e8s era pr\u00e0ctic: \u201cQueda&#8217;t amb els diners i fingeix que no saps res de la resta\u201d, deia. Per\u00f2 jo no n&#8217;estava tan segur. Aix\u00f2 no era un joc. Si aquestes persones ja sabien que jo tenia la bossa, quant de temps passaria fins que apareguessin per aqu\u00ed?    <\/p>\n\n<p>A la tarda, l&#8217;hoste alemany va marxar. Finalment, estava sol a casa. Em vaig asseure a la terrassa amb els gossos, mirant de pensar amb claredat. El sol comen\u00e7ava a pondre&#8217;s, i encara que el paisatge era bonic, jo no podia gaudir-ne. La borsa havia canviat tot.      <em>I si v\u00e9nen de nit? I si no v\u00e9nen a parlar, sin\u00f3 a buscar directament all\u00f2 que \u00e9s seu? <\/em><\/p>\n\n<p>Cap a les 8 de la nit, va tornar a sonar el m\u00f2bil. Aquesta vegada, era una trucada. El mateix n\u00famero desconegut. El vaig mirar, deixant que son\u00e9s durant uns segons. Finalment vaig decidir contestar.    <\/p>\n\n<p>\u2014S\u00ed?<br \/> A l&#8217;altra banda, una veu masculina, tranquil\u00b7la per\u00f2 ferma, va parlar:<br \/> \u2014 Sabem que tens la bossa. Aix\u00f2 no ha d&#8217;anar a pitjor. Parla amb nosaltres, i ho arreglem.  <br \/>\u2014Jo\u2026 jo no s\u00e9 de qu\u00e8 em parles \u2014vaig mentir, encara que la meva veu tremolava.<br \/>\u2014Miguel, no ens facis perdre el temps. Sabem on ets. I sabem qu\u00e8 tens. Si cooperes, ens podem oblidar de tot aix\u00f2.   <\/p>\n\n<p>La suor freda em corria pel front. El meu nom. Sabien el meu nom. I clarament sabien on era. Abans que pogu\u00e9s respondre, la trucada es va tallar. Em vaig quedar mirant el m\u00f2bil, paralitzat. Aix\u00f2 anava molt m\u00e9s de deb\u00f2 del que pensava.      <\/p>\n\n<p>Aquella nit no vaig poder dormir. Cada soroll em semblava sospit\u00f3s, cada ombra a l&#8217;exterior em feia saltar del llit. Els gossos tamb\u00e9 semblaven nerviosos, com si sentissin que alguna cosa no anava b\u00e9. A les 3 de la matinada, vaig sentir alguna cosa. Un cotxe. S&#8217;acostava a poc a poc, aturant-se davant de la casa.    <\/p>\n\n<p>Vaig aixecar-me d&#8217;un salt i vaig mirar per la finestra. Un sedan negre estava estacionat just a l&#8217;entrada. No hi havia llums ni moviment. Nom\u00e9s el cotxe, all\u00e0, com una amena\u00e7a silenciosa. Vaig agafar una llanterna i em vaig armar de valor. Vaig baixar les escales, amb els gossos seguint-me de prop. Vaig obrir la porta principal i vaig encendre la llum del porxo.      <\/p>\n\n<p>El cotxe va arrencar de cop i se&#8217;n va anar, desapareixent en la foscor.<\/p>\n\n<p>Vaig tornar a entrar, vaig tancar amb clau (cosa que mai no feia) i em vaig asseure al sof\u00e0, incapa\u00e7 de relaxar-me. Aix\u00f2 no podia continuar aix\u00ed. Havia de fer alguna cosa. L&#8217;endem\u00e0 vaig parlar amb Mois\u00e8s i ho vaig explicar tot. Decidim desfer-nos de les armes i la coca\u00efna immediatament. Les enterrem en un lloc encara m\u00e9s remot, lluny de qualsevol cam\u00ed. Els diners\u2026 els diners els vaig amagar al lloc m\u00e9s segur que vaig poder trobar.      <\/p>\n\n<h2 class=\"wp-block-heading\">CONTINUAR\u00c0&#8230;..<\/h2>\n\n<p><br \/><em>Qu\u00e8 hauria passat si no hagu\u00e9s recollit aquesta borsa?<\/em><\/p>\n\n<hr class=\"wp-block-separator has-alpha-channel-opacity\" \/>\n\n<p><\/p>\n\n<blockquote class=\"wp-block-quote is-layout-flow wp-block-quote-is-layout-flow\">\n<p>Que penseu vosaltres que podria haver passat si no hagu\u00e9s donat la volta o que pot passar d&#8217;ara endavant????????<\/p>\n<\/blockquote>\n\n<hr class=\"wp-block-separator has-alpha-channel-opacity\" \/>\n\n<p><\/p>\n\n<blockquote class=\"wp-block-quote is-layout-flow wp-block-quote-is-layout-flow\">\n<p>Des de MasTorrencito et desitgem un bon dia i que els teus gossos t&#8217;acompanyin!!!!<\/p>\n<\/blockquote>\n\n<p>\u2014\u2013<br \/> Si vols, pot veure els nostres <strong>bons per caps de setmana, bons jubilats<\/strong> , a un preu incre\u00efble..entra a <a href=\"https:\/\/www.mastorrencito.com\/\">www.mastorrencito.com<\/a> o si vols podeu llegir m\u00e9s hist\u00f2ria i an\u00e8cdotes que ens han passat a Mas Torrencito\u2026 Fes click <a href=\"https:\/\/mastorrencito.com\/\">aqu\u00ed<\/a><\/p>\n\n<p><\/p>\n","protected":false},"excerpt":{"rendered":"<p>Va ser un dia de bojos, per\u00f2 bojos de deb\u00f2. D&#8217;aquells que ni en somnis no podries imaginar. Tot va comen\u00e7ar de forma normal: em vaig aixecar a les cinc del mat\u00ed, com gaireb\u00e9 cada dia, vaig posar rentadores i assecadores, vaig comprovar que funcionessin b\u00e9 les calderes i que no hagu\u00e9s saltat cap diferencial, [&hellip;]<\/p>\n","protected":false},"author":2,"featured_media":2879,"comment_status":"open","ping_status":"closed","sticky":false,"template":"","format":"standard","meta":{"_acf_changed":false,"footnotes":""},"categories":[35],"tags":[],"class_list":["post-2849","post","type-post","status-publish","format-standard","has-post-thumbnail","hentry","category-histories-mastorrencito"],"yoast_head":"<!-- This site is optimized with the Yoast SEO Premium plugin v27.3 (Yoast SEO v27.5) - https:\/\/yoast.com\/product\/yoast-seo-premium-wordpress\/ -->\n<title>Armes, coca i money. ... No us creureu el que em va passar ahir\u2026 by MasTorrencito - Mas Torrencito CAT<\/title>\n<meta name=\"description\" content=\"Armes, coca i money. ... No us creureu el que em va passar ahir\u2026 tercer lliurament i queda una ultima.... by MasTorrencito\" \/>\n<meta name=\"robots\" content=\"index, follow, max-snippet:-1, max-image-preview:large, max-video-preview:-1\" \/>\n<link rel=\"canonical\" href=\"https:\/\/mastorrencito.com\/cat\/no-us-creureu-el-que-em-va-passar-ahir-by-mastorrencito\/\" \/>\n<meta property=\"og:locale\" content=\"es_ES\" \/>\n<meta property=\"og:type\" content=\"article\" \/>\n<meta property=\"og:title\" content=\"Armes, coca i money. ... No us creureu el que em va passar ahir\u2026 by MasTorrencito\" \/>\n<meta property=\"og:description\" content=\"Armes, coca i money. ... No us creureu el que em va passar ahir\u2026 tercer lliurament i queda una ultima.... by MasTorrencito\" \/>\n<meta property=\"og:url\" content=\"https:\/\/mastorrencito.com\/cat\/no-us-creureu-el-que-em-va-passar-ahir-by-mastorrencito\/\" \/>\n<meta property=\"og:site_name\" content=\"Mas Torrencito CAT\" \/>\n<meta property=\"article:published_time\" content=\"2024-12-19T06:07:06+00:00\" \/>\n<meta property=\"og:image\" content=\"https:\/\/mastorrencito.com\/cat\/wp-content\/uploads\/sites\/3\/bascara6.jpg\" \/>\n\t<meta property=\"og:image:width\" content=\"850\" \/>\n\t<meta property=\"og:image:height\" content=\"486\" \/>\n\t<meta property=\"og:image:type\" content=\"image\/jpeg\" \/>\n<meta name=\"author\" content=\"Mastorrencito\" \/>\n<meta name=\"twitter:card\" content=\"summary_large_image\" \/>\n<meta name=\"twitter:label1\" content=\"Escrito por\" \/>\n\t<meta name=\"twitter:data1\" content=\"Mastorrencito\" \/>\n\t<meta name=\"twitter:label2\" content=\"Tiempo de lectura\" \/>\n\t<meta name=\"twitter:data2\" content=\"15 minutos\" \/>\n<script type=\"application\/ld+json\" class=\"yoast-schema-graph\">{\"@context\":\"https:\\\/\\\/schema.org\",\"@graph\":[{\"@type\":\"Article\",\"@id\":\"https:\\\/\\\/mastorrencito.com\\\/cat\\\/no-us-creureu-el-que-em-va-passar-ahir-by-mastorrencito\\\/#article\",\"isPartOf\":{\"@id\":\"https:\\\/\\\/mastorrencito.com\\\/cat\\\/no-us-creureu-el-que-em-va-passar-ahir-by-mastorrencito\\\/\"},\"author\":{\"name\":\"Mastorrencito\",\"@id\":\"https:\\\/\\\/mastorrencito.com\\\/#\\\/schema\\\/person\\\/18c619be80d4ae2667c702911625f790\"},\"headline\":\"Armes, coca i money. &#8230; No us creureu el que em va passar ahir\u2026 by MasTorrencito\",\"datePublished\":\"2024-12-19T06:07:06+00:00\",\"mainEntityOfPage\":{\"@id\":\"https:\\\/\\\/mastorrencito.com\\\/cat\\\/no-us-creureu-el-que-em-va-passar-ahir-by-mastorrencito\\\/\"},\"wordCount\":3124,\"commentCount\":0,\"publisher\":{\"@id\":\"https:\\\/\\\/mastorrencito.com\\\/#organization\"},\"image\":{\"@id\":\"https:\\\/\\\/mastorrencito.com\\\/cat\\\/no-us-creureu-el-que-em-va-passar-ahir-by-mastorrencito\\\/#primaryimage\"},\"thumbnailUrl\":\"https:\\\/\\\/mastorrencito.com\\\/cat\\\/wp-content\\\/uploads\\\/sites\\\/3\\\/bascara6.jpg\",\"articleSection\":[\"Hist\u00f2ries Mastorrencito\"],\"inLanguage\":\"es\",\"potentialAction\":[{\"@type\":\"CommentAction\",\"name\":\"Comment\",\"target\":[\"https:\\\/\\\/mastorrencito.com\\\/cat\\\/no-us-creureu-el-que-em-va-passar-ahir-by-mastorrencito\\\/#respond\"]}]},{\"@type\":\"WebPage\",\"@id\":\"https:\\\/\\\/mastorrencito.com\\\/cat\\\/no-us-creureu-el-que-em-va-passar-ahir-by-mastorrencito\\\/\",\"url\":\"https:\\\/\\\/mastorrencito.com\\\/cat\\\/no-us-creureu-el-que-em-va-passar-ahir-by-mastorrencito\\\/\",\"name\":\"Armes, coca i money. ... No us creureu el que em va passar ahir\u2026 by MasTorrencito - Mas Torrencito CAT\",\"isPartOf\":{\"@id\":\"https:\\\/\\\/mastorrencito.com\\\/#website\"},\"primaryImageOfPage\":{\"@id\":\"https:\\\/\\\/mastorrencito.com\\\/cat\\\/no-us-creureu-el-que-em-va-passar-ahir-by-mastorrencito\\\/#primaryimage\"},\"image\":{\"@id\":\"https:\\\/\\\/mastorrencito.com\\\/cat\\\/no-us-creureu-el-que-em-va-passar-ahir-by-mastorrencito\\\/#primaryimage\"},\"thumbnailUrl\":\"https:\\\/\\\/mastorrencito.com\\\/cat\\\/wp-content\\\/uploads\\\/sites\\\/3\\\/bascara6.jpg\",\"datePublished\":\"2024-12-19T06:07:06+00:00\",\"description\":\"Armes, coca i money. ... No us creureu el que em va passar ahir\u2026 tercer lliurament i queda una ultima.... by MasTorrencito\",\"breadcrumb\":{\"@id\":\"https:\\\/\\\/mastorrencito.com\\\/cat\\\/no-us-creureu-el-que-em-va-passar-ahir-by-mastorrencito\\\/#breadcrumb\"},\"inLanguage\":\"es\",\"potentialAction\":[{\"@type\":\"ReadAction\",\"target\":[\"https:\\\/\\\/mastorrencito.com\\\/cat\\\/no-us-creureu-el-que-em-va-passar-ahir-by-mastorrencito\\\/\"]}]},{\"@type\":\"ImageObject\",\"inLanguage\":\"es\",\"@id\":\"https:\\\/\\\/mastorrencito.com\\\/cat\\\/no-us-creureu-el-que-em-va-passar-ahir-by-mastorrencito\\\/#primaryimage\",\"url\":\"https:\\\/\\\/mastorrencito.com\\\/cat\\\/wp-content\\\/uploads\\\/sites\\\/3\\\/bascara6.jpg\",\"contentUrl\":\"https:\\\/\\\/mastorrencito.com\\\/cat\\\/wp-content\\\/uploads\\\/sites\\\/3\\\/bascara6.jpg\",\"width\":850,\"height\":486,\"caption\":\"anecdotas y vivencias de mastorrencito\"},{\"@type\":\"BreadcrumbList\",\"@id\":\"https:\\\/\\\/mastorrencito.com\\\/cat\\\/no-us-creureu-el-que-em-va-passar-ahir-by-mastorrencito\\\/#breadcrumb\",\"itemListElement\":[{\"@type\":\"ListItem\",\"position\":1,\"name\":\"Portada\",\"item\":\"https:\\\/\\\/mastorrencito.com\\\/\"},{\"@type\":\"ListItem\",\"position\":2,\"name\":\"Armes, coca i money. &#8230; No us creureu el que em va passar ahir\u2026 by MasTorrencito\"}]},{\"@type\":\"WebSite\",\"@id\":\"https:\\\/\\\/mastorrencito.com\\\/#website\",\"url\":\"https:\\\/\\\/mastorrencito.com\\\/\",\"name\":\"Mas Torrencito CAT\",\"description\":\"Casa rural pet friendly en Girona\",\"publisher\":{\"@id\":\"https:\\\/\\\/mastorrencito.com\\\/#organization\"},\"potentialAction\":[{\"@type\":\"SearchAction\",\"target\":{\"@type\":\"EntryPoint\",\"urlTemplate\":\"https:\\\/\\\/mastorrencito.com\\\/?s={search_term_string}\"},\"query-input\":{\"@type\":\"PropertyValueSpecification\",\"valueRequired\":true,\"valueName\":\"search_term_string\"}}],\"inLanguage\":\"es\"},{\"@type\":\"Organization\",\"@id\":\"https:\\\/\\\/mastorrencito.com\\\/#organization\",\"name\":\"Mas Torrencito CAT\",\"url\":\"https:\\\/\\\/mastorrencito.com\\\/\",\"logo\":{\"@type\":\"ImageObject\",\"inLanguage\":\"es\",\"@id\":\"https:\\\/\\\/mastorrencito.com\\\/#\\\/schema\\\/logo\\\/image\\\/\",\"url\":\"https:\\\/\\\/mastorrencito.com\\\/cat\\\/wp-content\\\/uploads\\\/sites\\\/3\\\/Logo-Mastorrencito-horizontal.webp\",\"contentUrl\":\"https:\\\/\\\/mastorrencito.com\\\/cat\\\/wp-content\\\/uploads\\\/sites\\\/3\\\/Logo-Mastorrencito-horizontal.webp\",\"width\":161,\"height\":54,\"caption\":\"Mas Torrencito CAT\"},\"image\":{\"@id\":\"https:\\\/\\\/mastorrencito.com\\\/#\\\/schema\\\/logo\\\/image\\\/\"}},{\"@type\":\"Person\",\"@id\":\"https:\\\/\\\/mastorrencito.com\\\/#\\\/schema\\\/person\\\/18c619be80d4ae2667c702911625f790\",\"name\":\"Mastorrencito\",\"image\":{\"@type\":\"ImageObject\",\"inLanguage\":\"es\",\"@id\":\"https:\\\/\\\/secure.gravatar.com\\\/avatar\\\/3ef55e0519f987a734c21caee1423b51df7b760b7d81a38ecd31cab0a5115f6d?s=96&d=mm&r=g\",\"url\":\"https:\\\/\\\/secure.gravatar.com\\\/avatar\\\/3ef55e0519f987a734c21caee1423b51df7b760b7d81a38ecd31cab0a5115f6d?s=96&d=mm&r=g\",\"contentUrl\":\"https:\\\/\\\/secure.gravatar.com\\\/avatar\\\/3ef55e0519f987a734c21caee1423b51df7b760b7d81a38ecd31cab0a5115f6d?s=96&d=mm&r=g\",\"caption\":\"Mastorrencito\"},\"url\":\"https:\\\/\\\/mastorrencito.com\\\/cat\\\/author\\\/mastorrencito\\\/\"}]}<\/script>\n<!-- \/ Yoast SEO Premium plugin. -->","yoast_head_json":{"title":"Armes, coca i money. ... No us creureu el que em va passar ahir\u2026 by MasTorrencito - Mas Torrencito CAT","description":"Armes, coca i money. ... No us creureu el que em va passar ahir\u2026 tercer lliurament i queda una ultima.... by MasTorrencito","robots":{"index":"index","follow":"follow","max-snippet":"max-snippet:-1","max-image-preview":"max-image-preview:large","max-video-preview":"max-video-preview:-1"},"canonical":"https:\/\/mastorrencito.com\/cat\/no-us-creureu-el-que-em-va-passar-ahir-by-mastorrencito\/","og_locale":"es_ES","og_type":"article","og_title":"Armes, coca i money. ... No us creureu el que em va passar ahir\u2026 by MasTorrencito","og_description":"Armes, coca i money. ... No us creureu el que em va passar ahir\u2026 tercer lliurament i queda una ultima.... by MasTorrencito","og_url":"https:\/\/mastorrencito.com\/cat\/no-us-creureu-el-que-em-va-passar-ahir-by-mastorrencito\/","og_site_name":"Mas Torrencito CAT","article_published_time":"2024-12-19T06:07:06+00:00","og_image":[{"width":850,"height":486,"url":"https:\/\/mastorrencito.com\/cat\/wp-content\/uploads\/sites\/3\/bascara6.jpg","type":"image\/jpeg"}],"author":"Mastorrencito","twitter_card":"summary_large_image","twitter_misc":{"Escrito por":"Mastorrencito","Tiempo de lectura":"15 minutos"},"schema":{"@context":"https:\/\/schema.org","@graph":[{"@type":"Article","@id":"https:\/\/mastorrencito.com\/cat\/no-us-creureu-el-que-em-va-passar-ahir-by-mastorrencito\/#article","isPartOf":{"@id":"https:\/\/mastorrencito.com\/cat\/no-us-creureu-el-que-em-va-passar-ahir-by-mastorrencito\/"},"author":{"name":"Mastorrencito","@id":"https:\/\/mastorrencito.com\/#\/schema\/person\/18c619be80d4ae2667c702911625f790"},"headline":"Armes, coca i money. &#8230; No us creureu el que em va passar ahir\u2026 by MasTorrencito","datePublished":"2024-12-19T06:07:06+00:00","mainEntityOfPage":{"@id":"https:\/\/mastorrencito.com\/cat\/no-us-creureu-el-que-em-va-passar-ahir-by-mastorrencito\/"},"wordCount":3124,"commentCount":0,"publisher":{"@id":"https:\/\/mastorrencito.com\/#organization"},"image":{"@id":"https:\/\/mastorrencito.com\/cat\/no-us-creureu-el-que-em-va-passar-ahir-by-mastorrencito\/#primaryimage"},"thumbnailUrl":"https:\/\/mastorrencito.com\/cat\/wp-content\/uploads\/sites\/3\/bascara6.jpg","articleSection":["Hist\u00f2ries Mastorrencito"],"inLanguage":"es","potentialAction":[{"@type":"CommentAction","name":"Comment","target":["https:\/\/mastorrencito.com\/cat\/no-us-creureu-el-que-em-va-passar-ahir-by-mastorrencito\/#respond"]}]},{"@type":"WebPage","@id":"https:\/\/mastorrencito.com\/cat\/no-us-creureu-el-que-em-va-passar-ahir-by-mastorrencito\/","url":"https:\/\/mastorrencito.com\/cat\/no-us-creureu-el-que-em-va-passar-ahir-by-mastorrencito\/","name":"Armes, coca i money. ... No us creureu el que em va passar ahir\u2026 by MasTorrencito - Mas Torrencito CAT","isPartOf":{"@id":"https:\/\/mastorrencito.com\/#website"},"primaryImageOfPage":{"@id":"https:\/\/mastorrencito.com\/cat\/no-us-creureu-el-que-em-va-passar-ahir-by-mastorrencito\/#primaryimage"},"image":{"@id":"https:\/\/mastorrencito.com\/cat\/no-us-creureu-el-que-em-va-passar-ahir-by-mastorrencito\/#primaryimage"},"thumbnailUrl":"https:\/\/mastorrencito.com\/cat\/wp-content\/uploads\/sites\/3\/bascara6.jpg","datePublished":"2024-12-19T06:07:06+00:00","description":"Armes, coca i money. ... No us creureu el que em va passar ahir\u2026 tercer lliurament i queda una ultima.... by MasTorrencito","breadcrumb":{"@id":"https:\/\/mastorrencito.com\/cat\/no-us-creureu-el-que-em-va-passar-ahir-by-mastorrencito\/#breadcrumb"},"inLanguage":"es","potentialAction":[{"@type":"ReadAction","target":["https:\/\/mastorrencito.com\/cat\/no-us-creureu-el-que-em-va-passar-ahir-by-mastorrencito\/"]}]},{"@type":"ImageObject","inLanguage":"es","@id":"https:\/\/mastorrencito.com\/cat\/no-us-creureu-el-que-em-va-passar-ahir-by-mastorrencito\/#primaryimage","url":"https:\/\/mastorrencito.com\/cat\/wp-content\/uploads\/sites\/3\/bascara6.jpg","contentUrl":"https:\/\/mastorrencito.com\/cat\/wp-content\/uploads\/sites\/3\/bascara6.jpg","width":850,"height":486,"caption":"anecdotas y vivencias de mastorrencito"},{"@type":"BreadcrumbList","@id":"https:\/\/mastorrencito.com\/cat\/no-us-creureu-el-que-em-va-passar-ahir-by-mastorrencito\/#breadcrumb","itemListElement":[{"@type":"ListItem","position":1,"name":"Portada","item":"https:\/\/mastorrencito.com\/"},{"@type":"ListItem","position":2,"name":"Armes, coca i money. &#8230; No us creureu el que em va passar ahir\u2026 by MasTorrencito"}]},{"@type":"WebSite","@id":"https:\/\/mastorrencito.com\/#website","url":"https:\/\/mastorrencito.com\/","name":"Mas Torrencito CAT","description":"Casa rural pet friendly en Girona","publisher":{"@id":"https:\/\/mastorrencito.com\/#organization"},"potentialAction":[{"@type":"SearchAction","target":{"@type":"EntryPoint","urlTemplate":"https:\/\/mastorrencito.com\/?s={search_term_string}"},"query-input":{"@type":"PropertyValueSpecification","valueRequired":true,"valueName":"search_term_string"}}],"inLanguage":"es"},{"@type":"Organization","@id":"https:\/\/mastorrencito.com\/#organization","name":"Mas Torrencito CAT","url":"https:\/\/mastorrencito.com\/","logo":{"@type":"ImageObject","inLanguage":"es","@id":"https:\/\/mastorrencito.com\/#\/schema\/logo\/image\/","url":"https:\/\/mastorrencito.com\/cat\/wp-content\/uploads\/sites\/3\/Logo-Mastorrencito-horizontal.webp","contentUrl":"https:\/\/mastorrencito.com\/cat\/wp-content\/uploads\/sites\/3\/Logo-Mastorrencito-horizontal.webp","width":161,"height":54,"caption":"Mas Torrencito CAT"},"image":{"@id":"https:\/\/mastorrencito.com\/#\/schema\/logo\/image\/"}},{"@type":"Person","@id":"https:\/\/mastorrencito.com\/#\/schema\/person\/18c619be80d4ae2667c702911625f790","name":"Mastorrencito","image":{"@type":"ImageObject","inLanguage":"es","@id":"https:\/\/secure.gravatar.com\/avatar\/3ef55e0519f987a734c21caee1423b51df7b760b7d81a38ecd31cab0a5115f6d?s=96&d=mm&r=g","url":"https:\/\/secure.gravatar.com\/avatar\/3ef55e0519f987a734c21caee1423b51df7b760b7d81a38ecd31cab0a5115f6d?s=96&d=mm&r=g","contentUrl":"https:\/\/secure.gravatar.com\/avatar\/3ef55e0519f987a734c21caee1423b51df7b760b7d81a38ecd31cab0a5115f6d?s=96&d=mm&r=g","caption":"Mastorrencito"},"url":"https:\/\/mastorrencito.com\/cat\/author\/mastorrencito\/"}]}},"acf":[],"_links":{"self":[{"href":"https:\/\/mastorrencito.com\/cat\/wp-json\/wp\/v2\/posts\/2849","targetHints":{"allow":["GET"]}}],"collection":[{"href":"https:\/\/mastorrencito.com\/cat\/wp-json\/wp\/v2\/posts"}],"about":[{"href":"https:\/\/mastorrencito.com\/cat\/wp-json\/wp\/v2\/types\/post"}],"author":[{"embeddable":true,"href":"https:\/\/mastorrencito.com\/cat\/wp-json\/wp\/v2\/users\/2"}],"replies":[{"embeddable":true,"href":"https:\/\/mastorrencito.com\/cat\/wp-json\/wp\/v2\/comments?post=2849"}],"version-history":[{"count":0,"href":"https:\/\/mastorrencito.com\/cat\/wp-json\/wp\/v2\/posts\/2849\/revisions"}],"wp:featuredmedia":[{"embeddable":true,"href":"https:\/\/mastorrencito.com\/cat\/wp-json\/wp\/v2\/media\/2879"}],"wp:attachment":[{"href":"https:\/\/mastorrencito.com\/cat\/wp-json\/wp\/v2\/media?parent=2849"}],"wp:term":[{"taxonomy":"category","embeddable":true,"href":"https:\/\/mastorrencito.com\/cat\/wp-json\/wp\/v2\/categories?post=2849"},{"taxonomy":"post_tag","embeddable":true,"href":"https:\/\/mastorrencito.com\/cat\/wp-json\/wp\/v2\/tags?post=2849"}],"curies":[{"name":"wp","href":"https:\/\/api.w.org\/{rel}","templated":true}]}}