{"id":2817,"date":"2024-12-16T06:05:33","date_gmt":"2024-12-16T06:05:33","guid":{"rendered":"https:\/\/casaruralconperrosgirona.com\/contes-de-nadal-perruns-1-by-mastorrencito\/"},"modified":"2024-12-16T06:05:33","modified_gmt":"2024-12-16T06:05:33","slug":"contes-de-nadal-perruns-1-by-mastorrencito","status":"publish","type":"post","link":"https:\/\/mastorrencito.com\/cat\/contes-de-nadal-perruns-1-by-mastorrencito\/","title":{"rendered":"Contes de nadal perruns (1) by MasTorrencito"},"content":{"rendered":"\n<p><strong>El Nadal de Lola i Rocky<\/strong><\/p>\n\n<p>Lola estava arraulida al sof\u00e0, embolicada amb la seva vella manta grisa, amb la brillantor de les llums nadalenques reflectint-se als seus ulls. A terra, amb ella, Rocky, el seu fidel gos, descansava amb les potes davanteres creuades, observant-la amb aquesta expressi\u00f3 de saviesa que semblava nom\u00e9s pert\u00e0nyer als gossos. A fora, el fred es colava entre les branques nues dels arbres, i les finestres entelades protegien la calor de la llar.  <\/p>\n\n<p>\u2014Desembre una altra vegada \u2014va murmurar la Lola, mirant els llums de l&#8217;arbre de Nadal\u2014. Tothom diu que \u00e9s una \u00e8poca m\u00e0gica, per\u00f2 a mi em sembla m\u00e9s aviat un parany. <\/p>\n\n<p>Rocky va aixecar una orella, atent. Tot i que no podia parlar, a la ment de la Lola, la seva veu ressonava amb una claredat que li feia companyia. <\/p>\n\n<p>\u2014Trampa? \u2014va dir Rocky en el seu imaginari to sarc\u00e0stic\u2014. Explica&#8217;t, humana. No entenc de qu\u00e8 parles.   <\/p>\n\n<p>Lola va sospirar, enfonsant el cap a la manta.<\/p>\n\n<p>\u2014D&#8217;aquesta pressi\u00f3, Rocky. Ens han ensenyat que aquestes dates s\u00f3n \u201cespecials\u201d. moment, com si dubt\u00e9s a admetre-ho\u2014. En realitat, l&#8217;\u00fanica cosa que fan \u00e9s recordar-te el que no tens.    <\/p>\n<figure class=\"wp-block-post-featured-image\"><img fetchpriority=\"high\" decoding=\"async\" width=\"1024\" height=\"1024\" src=\"https:\/\/mastorrencito.com\/cat\/wp-content\/uploads\/sites\/3\/navidad1.jpg\" class=\"attachment-post-thumbnail size-post-thumbnail wp-post-image\" alt=\"Cuentos de navidad perri\u00a1unos by MasTorrencito\" style=\"object-fit:cover;\" srcset=\"https:\/\/mastorrencito.com\/cat\/wp-content\/uploads\/sites\/3\/navidad1.jpg 1024w, https:\/\/mastorrencito.com\/cat\/wp-content\/uploads\/sites\/3\/navidad1-300x300.jpg 300w, https:\/\/mastorrencito.com\/cat\/wp-content\/uploads\/sites\/3\/navidad1-150x150.jpg 150w, https:\/\/mastorrencito.com\/cat\/wp-content\/uploads\/sites\/3\/navidad1-768x768.jpg 768w\" sizes=\"(max-width: 1024px) 100vw, 1024px\" \/><\/figure>\n<p>Rocky la va mirar amb els seus grans ulls foscos.<\/p>\n\n<p>\u2014I qu\u00e8 no tens, Lola? Perqu\u00e8 jo veig un arbre, llums, una manta calenteta i un gos incre\u00efblement maco que t&#8217;adora. <\/p>\n\n<p>La Lola no va poder evitar somriure.<\/p>\n\n<p>\u2014Ets incre\u00efble, ho sabies? Per\u00f2 aix\u00f2 no \u00e9s, Rocky. No \u00e9s que faltin coses. \u00c9s&#8230; no ho s\u00e9. De vegades me&#8217;n recordo de la meva \u00e0via, dels dies en qu\u00e8 tota la fam\u00edlia estava unida. O penso en amics que ja no s\u00f3n a prop, en gent que estrany. I sembla que aquestes dates nom\u00e9s serveixen per amplificar aix\u00f2.      <\/p>\n\n<p>Rocky va vorejar el cap, com si estigu\u00e9s analitzant les seves paraules.<\/p>\n\n<p>\u2014Aix\u00ed que trobes a faltar la teva \u00e0via \u2014va dir, en la veu que la Lola imaginava\u2014. I aix\u00f2 \u00e9s una cosa que nom\u00e9s passa per Nadal? <\/p>\n\n<p>\u2014B\u00e9&#8230; no \u2014va admetre la Lola, gratant-se el clatell\u2014. La trobo a faltar sempre, per\u00f2 \u00e9s que&#8230; no ho s\u00e9, sembla que en aquestes dates fa m\u00e9s mal. <\/p>\n\n<p>Rocky es va incorporar, movent la cua amb lentitud.<\/p>\n\n<p>\u2014Aix\u00f2 \u00e9s perqu\u00e8 els hem donat massa poder aquests dies. Els hem pintat com una cosa \u201cespecial\u201d, per\u00f2 al final, qu\u00e8 canvia? Si estranyes alg\u00fa, ho estranyes un dimarts qualsevol, mentre esperes a la fila del supermercat, o un dissabte a la tarda mentre rentes els plats. El Nadal no t\u00e9 el monopoli de la nost\u00e0lgia, Lola.   <\/p>\n\n<p>La Lola es va quedar pensativa.<\/p>\n\n<p>\u2014Suposo que tens ra\u00f3&#8230; \u2014va dir, deixant que les seves paraules suressin a l&#8217;aire\u2014. Per\u00f2 tot i aix\u00ed, \u00e9s com si tothom es pos\u00e9s d&#8217;acord per recordar qu\u00e8 falta. <\/p>\n\n<p>\u2014\u00bf Tothom? \u2014Rocky va esbufegar, o almenys Lola ho va imaginar aix\u00ed\u2014. Creus que tota aquesta gent que veus a les xarxes socials, amb les seves fotos perfectes, no estranya res?    <\/p>\n\n<p>La Lola va mirar Rocky amb una barreja d&#8217;admiraci\u00f3 i tendresa.<\/p>\n\n<p>\u2014\u00bf Saps alguna cosa, fil\u00f2sof pelut? Tens ra\u00f3.  <\/p>\n\n<p>Rocky va estirar una pota, com si accept\u00e9s el complert amb mod\u00e8stia.<\/p>\n\n<p>\u2014No \u00e9s saviesa, Lola. \u00c9s l\u00f2gica gossa. Nosaltres vivim el moment. No pensem en qui no est\u00e0 ni en all\u00f2 que ens falta. Si tinc un os per rosegar, s\u00f3c feli\u00e7. Si s\u00f3c amb tu, s\u00f3c feli\u00e7. Tu ho hauries de provar.      <\/p>\n\n<p>La Lola es va posar a riure, deixant caure el cap sobre el respatller del sof\u00e0.<\/p>\n\n<p>\u2014\u00bf Aleshores el teu consell \u00e9s que deixi de pensar tant?<\/p>\n\n<p>\u2014Exacte \u2014va respondre Rocky, al\u00e7ant la mirada cap a ella\u2014. Mira, Lola. Aquestes dates no tenen cap poder especial. Nom\u00e9s s\u00f3n dies. Si et sents trist, no \u00e9s culpa del Nadal. \u00c9s perqu\u00e8 est\u00e0s atrapada en all\u00f2 que va poder ser, en lloc de gaudir el que \u00e9s.     <\/p>\n\n<p>Lola va acariciar el cap de Rocky, sentint com la calor del seu gos omplia el buit que de vegades enva\u00efa el seu cor.<\/p>\n\n<p>\u2014\u00bf I si no ho puc evitar?<\/p>\n\n<p>\u2014Aleshores d\u00f3na&#8217;t un respir, humana. Per\u00f2 no facis servir aquests dies com a excusa per sentir-te pitjor. Veus? Jo gaudeixo del moment.    <\/p>\n\n<p>La Lola va riure una altra vegada, amb m\u00e9s ganes. Es va aixecar, va anar a la cuina i va tornar amb un parell de galetes a la m\u00e0. <\/p>\n\n<p>\u2014Tu ganes, Rocky. Gaudirem el moment. <\/p>\n\n<p>Mentre partia la galeta i la donava a Rocky, alguna cosa al seu interior va comen\u00e7ar a afluixar-se. Potser no era q\u00fcesti\u00f3 de les dates, ni dels records, ni del que mancava. Potser, com deia el seu gos, tot era intentar aprendre a viure el moment.  <\/p>\n\n<p>I mentre els llums de l&#8217;arbre parpellejaven i la nit freda envoltava la casa, la Lola es va sentir menys sola. <\/p>\n\n<blockquote class=\"wp-block-quote is-layout-flow wp-block-quote-is-layout-flow\">\n<p>Des de MasTorrencito li desitgem un bon dia i que els teus gossos t&#8217;acompanyin!!!<\/p>\n<\/blockquote>\n\n<p>\u2014\u2013<br \/> Si vols, pot veure els nostres <strong>bons per caps de setmana, bons jubilats<\/strong> , a un preu incre\u00efble..entra a <a href=\"https:\/\/www.mastorrencito.com\/\">www.mastorrencito.com<\/a> o si vols podeu llegir m\u00e9s hist\u00f2ria i an\u00e8cdotes que ens han passat a Mas Torrencito\u2026 Fes click <a href=\"https:\/\/mastorrencito.com\/\">aqu\u00ed<\/a><\/p>\n","protected":false},"excerpt":{"rendered":"<p>El Nadal de Lola i Rocky Lola estava arraulida al sof\u00e0, embolicada amb la seva vella manta grisa, amb la brillantor de les llums nadalenques reflectint-se als seus ulls. A terra, amb ella, Rocky, el seu fidel gos, descansava amb les potes davanteres creuades, observant-la amb aquesta expressi\u00f3 de saviesa que semblava nom\u00e9s pert\u00e0nyer als [&hellip;]<\/p>\n","protected":false},"author":2,"featured_media":2811,"comment_status":"open","ping_status":"closed","sticky":false,"template":"","format":"standard","meta":{"_acf_changed":false,"footnotes":""},"categories":[35],"tags":[],"class_list":["post-2817","post","type-post","status-publish","format-standard","has-post-thumbnail","hentry","category-histories-mastorrencito"],"yoast_head":"<!-- This site is optimized with the Yoast SEO Premium plugin v27.3 (Yoast SEO v27.5) - https:\/\/yoast.com\/product\/yoast-seo-premium-wordpress\/ -->\n<title>Contes de nadal perruns (1) by MasTorrencito - Mas Torrencito CAT<\/title>\n<meta name=\"description\" content=\"Una s\u00e8rie de contes sobre les dates que s&#039;acosten, sentiments, emocions... Contes de nadal gos! uns by MasTorret\" \/>\n<meta name=\"robots\" content=\"index, follow, max-snippet:-1, max-image-preview:large, max-video-preview:-1\" \/>\n<link rel=\"canonical\" href=\"https:\/\/mastorrencito.com\/cat\/contes-de-nadal-perruns-1-by-mastorrencito\/\" \/>\n<meta property=\"og:locale\" content=\"es_ES\" \/>\n<meta property=\"og:type\" content=\"article\" \/>\n<meta property=\"og:title\" content=\"Contes de nadal perruns (1) by MasTorrencito\" \/>\n<meta property=\"og:description\" content=\"Una s\u00e8rie de contes sobre les dates que s&#039;acosten, sentiments, emocions... Contes de nadal gos! uns by MasTorret\" \/>\n<meta property=\"og:url\" content=\"https:\/\/mastorrencito.com\/cat\/contes-de-nadal-perruns-1-by-mastorrencito\/\" \/>\n<meta property=\"og:site_name\" content=\"Mas Torrencito CAT\" \/>\n<meta property=\"article:published_time\" content=\"2024-12-16T06:05:33+00:00\" \/>\n<meta property=\"og:image\" content=\"https:\/\/mastorrencito.com\/cat\/wp-content\/uploads\/sites\/3\/navidad1.jpg\" \/>\n\t<meta property=\"og:image:width\" content=\"1024\" \/>\n\t<meta property=\"og:image:height\" content=\"1024\" \/>\n\t<meta property=\"og:image:type\" content=\"image\/jpeg\" \/>\n<meta name=\"author\" content=\"Mastorrencito\" \/>\n<meta name=\"twitter:card\" content=\"summary_large_image\" \/>\n<meta name=\"twitter:label1\" content=\"Escrito por\" \/>\n\t<meta name=\"twitter:data1\" content=\"Mastorrencito\" \/>\n\t<meta name=\"twitter:label2\" content=\"Tiempo de lectura\" \/>\n\t<meta name=\"twitter:data2\" content=\"4 minutos\" \/>\n<script type=\"application\/ld+json\" class=\"yoast-schema-graph\">{\"@context\":\"https:\\\/\\\/schema.org\",\"@graph\":[{\"@type\":\"Article\",\"@id\":\"https:\\\/\\\/mastorrencito.com\\\/cat\\\/contes-de-nadal-perruns-1-by-mastorrencito\\\/#article\",\"isPartOf\":{\"@id\":\"https:\\\/\\\/mastorrencito.com\\\/cat\\\/contes-de-nadal-perruns-1-by-mastorrencito\\\/\"},\"author\":{\"name\":\"Mastorrencito\",\"@id\":\"https:\\\/\\\/mastorrencito.com\\\/#\\\/schema\\\/person\\\/18c619be80d4ae2667c702911625f790\"},\"headline\":\"Contes de nadal perruns (1) by MasTorrencito\",\"datePublished\":\"2024-12-16T06:05:33+00:00\",\"mainEntityOfPage\":{\"@id\":\"https:\\\/\\\/mastorrencito.com\\\/cat\\\/contes-de-nadal-perruns-1-by-mastorrencito\\\/\"},\"wordCount\":898,\"commentCount\":0,\"publisher\":{\"@id\":\"https:\\\/\\\/mastorrencito.com\\\/#organization\"},\"image\":{\"@id\":\"https:\\\/\\\/mastorrencito.com\\\/cat\\\/contes-de-nadal-perruns-1-by-mastorrencito\\\/#primaryimage\"},\"thumbnailUrl\":\"https:\\\/\\\/mastorrencito.com\\\/cat\\\/wp-content\\\/uploads\\\/sites\\\/3\\\/navidad1.jpg\",\"articleSection\":[\"Hist\u00f2ries Mastorrencito\"],\"inLanguage\":\"es\",\"potentialAction\":[{\"@type\":\"CommentAction\",\"name\":\"Comment\",\"target\":[\"https:\\\/\\\/mastorrencito.com\\\/cat\\\/contes-de-nadal-perruns-1-by-mastorrencito\\\/#respond\"]}]},{\"@type\":\"WebPage\",\"@id\":\"https:\\\/\\\/mastorrencito.com\\\/cat\\\/contes-de-nadal-perruns-1-by-mastorrencito\\\/\",\"url\":\"https:\\\/\\\/mastorrencito.com\\\/cat\\\/contes-de-nadal-perruns-1-by-mastorrencito\\\/\",\"name\":\"Contes de nadal perruns (1) by MasTorrencito - Mas Torrencito CAT\",\"isPartOf\":{\"@id\":\"https:\\\/\\\/mastorrencito.com\\\/#website\"},\"primaryImageOfPage\":{\"@id\":\"https:\\\/\\\/mastorrencito.com\\\/cat\\\/contes-de-nadal-perruns-1-by-mastorrencito\\\/#primaryimage\"},\"image\":{\"@id\":\"https:\\\/\\\/mastorrencito.com\\\/cat\\\/contes-de-nadal-perruns-1-by-mastorrencito\\\/#primaryimage\"},\"thumbnailUrl\":\"https:\\\/\\\/mastorrencito.com\\\/cat\\\/wp-content\\\/uploads\\\/sites\\\/3\\\/navidad1.jpg\",\"datePublished\":\"2024-12-16T06:05:33+00:00\",\"description\":\"Una s\u00e8rie de contes sobre les dates que s'acosten, sentiments, emocions... Contes de nadal gos! uns by MasTorret\",\"breadcrumb\":{\"@id\":\"https:\\\/\\\/mastorrencito.com\\\/cat\\\/contes-de-nadal-perruns-1-by-mastorrencito\\\/#breadcrumb\"},\"inLanguage\":\"es\",\"potentialAction\":[{\"@type\":\"ReadAction\",\"target\":[\"https:\\\/\\\/mastorrencito.com\\\/cat\\\/contes-de-nadal-perruns-1-by-mastorrencito\\\/\"]}]},{\"@type\":\"ImageObject\",\"inLanguage\":\"es\",\"@id\":\"https:\\\/\\\/mastorrencito.com\\\/cat\\\/contes-de-nadal-perruns-1-by-mastorrencito\\\/#primaryimage\",\"url\":\"https:\\\/\\\/mastorrencito.com\\\/cat\\\/wp-content\\\/uploads\\\/sites\\\/3\\\/navidad1.jpg\",\"contentUrl\":\"https:\\\/\\\/mastorrencito.com\\\/cat\\\/wp-content\\\/uploads\\\/sites\\\/3\\\/navidad1.jpg\",\"width\":1024,\"height\":1024,\"caption\":\"Cuentos de navidad perri\u00a1unos by MasTorrencito\"},{\"@type\":\"BreadcrumbList\",\"@id\":\"https:\\\/\\\/mastorrencito.com\\\/cat\\\/contes-de-nadal-perruns-1-by-mastorrencito\\\/#breadcrumb\",\"itemListElement\":[{\"@type\":\"ListItem\",\"position\":1,\"name\":\"Portada\",\"item\":\"https:\\\/\\\/mastorrencito.com\\\/\"},{\"@type\":\"ListItem\",\"position\":2,\"name\":\"Contes de nadal perruns (1) by MasTorrencito\"}]},{\"@type\":\"WebSite\",\"@id\":\"https:\\\/\\\/mastorrencito.com\\\/#website\",\"url\":\"https:\\\/\\\/mastorrencito.com\\\/\",\"name\":\"Mas Torrencito CAT\",\"description\":\"Casa rural pet friendly en Girona\",\"publisher\":{\"@id\":\"https:\\\/\\\/mastorrencito.com\\\/#organization\"},\"potentialAction\":[{\"@type\":\"SearchAction\",\"target\":{\"@type\":\"EntryPoint\",\"urlTemplate\":\"https:\\\/\\\/mastorrencito.com\\\/?s={search_term_string}\"},\"query-input\":{\"@type\":\"PropertyValueSpecification\",\"valueRequired\":true,\"valueName\":\"search_term_string\"}}],\"inLanguage\":\"es\"},{\"@type\":\"Organization\",\"@id\":\"https:\\\/\\\/mastorrencito.com\\\/#organization\",\"name\":\"Mas Torrencito CAT\",\"url\":\"https:\\\/\\\/mastorrencito.com\\\/\",\"logo\":{\"@type\":\"ImageObject\",\"inLanguage\":\"es\",\"@id\":\"https:\\\/\\\/mastorrencito.com\\\/#\\\/schema\\\/logo\\\/image\\\/\",\"url\":\"https:\\\/\\\/mastorrencito.com\\\/cat\\\/wp-content\\\/uploads\\\/sites\\\/3\\\/Logo-Mastorrencito-horizontal.webp\",\"contentUrl\":\"https:\\\/\\\/mastorrencito.com\\\/cat\\\/wp-content\\\/uploads\\\/sites\\\/3\\\/Logo-Mastorrencito-horizontal.webp\",\"width\":161,\"height\":54,\"caption\":\"Mas Torrencito CAT\"},\"image\":{\"@id\":\"https:\\\/\\\/mastorrencito.com\\\/#\\\/schema\\\/logo\\\/image\\\/\"}},{\"@type\":\"Person\",\"@id\":\"https:\\\/\\\/mastorrencito.com\\\/#\\\/schema\\\/person\\\/18c619be80d4ae2667c702911625f790\",\"name\":\"Mastorrencito\",\"image\":{\"@type\":\"ImageObject\",\"inLanguage\":\"es\",\"@id\":\"https:\\\/\\\/secure.gravatar.com\\\/avatar\\\/3ef55e0519f987a734c21caee1423b51df7b760b7d81a38ecd31cab0a5115f6d?s=96&d=mm&r=g\",\"url\":\"https:\\\/\\\/secure.gravatar.com\\\/avatar\\\/3ef55e0519f987a734c21caee1423b51df7b760b7d81a38ecd31cab0a5115f6d?s=96&d=mm&r=g\",\"contentUrl\":\"https:\\\/\\\/secure.gravatar.com\\\/avatar\\\/3ef55e0519f987a734c21caee1423b51df7b760b7d81a38ecd31cab0a5115f6d?s=96&d=mm&r=g\",\"caption\":\"Mastorrencito\"},\"url\":\"https:\\\/\\\/mastorrencito.com\\\/cat\\\/author\\\/mastorrencito\\\/\"}]}<\/script>\n<!-- \/ Yoast SEO Premium plugin. -->","yoast_head_json":{"title":"Contes de nadal perruns (1) by MasTorrencito - Mas Torrencito CAT","description":"Una s\u00e8rie de contes sobre les dates que s'acosten, sentiments, emocions... Contes de nadal gos! uns by MasTorret","robots":{"index":"index","follow":"follow","max-snippet":"max-snippet:-1","max-image-preview":"max-image-preview:large","max-video-preview":"max-video-preview:-1"},"canonical":"https:\/\/mastorrencito.com\/cat\/contes-de-nadal-perruns-1-by-mastorrencito\/","og_locale":"es_ES","og_type":"article","og_title":"Contes de nadal perruns (1) by MasTorrencito","og_description":"Una s\u00e8rie de contes sobre les dates que s'acosten, sentiments, emocions... Contes de nadal gos! uns by MasTorret","og_url":"https:\/\/mastorrencito.com\/cat\/contes-de-nadal-perruns-1-by-mastorrencito\/","og_site_name":"Mas Torrencito CAT","article_published_time":"2024-12-16T06:05:33+00:00","og_image":[{"width":1024,"height":1024,"url":"https:\/\/mastorrencito.com\/cat\/wp-content\/uploads\/sites\/3\/navidad1.jpg","type":"image\/jpeg"}],"author":"Mastorrencito","twitter_card":"summary_large_image","twitter_misc":{"Escrito por":"Mastorrencito","Tiempo de lectura":"4 minutos"},"schema":{"@context":"https:\/\/schema.org","@graph":[{"@type":"Article","@id":"https:\/\/mastorrencito.com\/cat\/contes-de-nadal-perruns-1-by-mastorrencito\/#article","isPartOf":{"@id":"https:\/\/mastorrencito.com\/cat\/contes-de-nadal-perruns-1-by-mastorrencito\/"},"author":{"name":"Mastorrencito","@id":"https:\/\/mastorrencito.com\/#\/schema\/person\/18c619be80d4ae2667c702911625f790"},"headline":"Contes de nadal perruns (1) by MasTorrencito","datePublished":"2024-12-16T06:05:33+00:00","mainEntityOfPage":{"@id":"https:\/\/mastorrencito.com\/cat\/contes-de-nadal-perruns-1-by-mastorrencito\/"},"wordCount":898,"commentCount":0,"publisher":{"@id":"https:\/\/mastorrencito.com\/#organization"},"image":{"@id":"https:\/\/mastorrencito.com\/cat\/contes-de-nadal-perruns-1-by-mastorrencito\/#primaryimage"},"thumbnailUrl":"https:\/\/mastorrencito.com\/cat\/wp-content\/uploads\/sites\/3\/navidad1.jpg","articleSection":["Hist\u00f2ries Mastorrencito"],"inLanguage":"es","potentialAction":[{"@type":"CommentAction","name":"Comment","target":["https:\/\/mastorrencito.com\/cat\/contes-de-nadal-perruns-1-by-mastorrencito\/#respond"]}]},{"@type":"WebPage","@id":"https:\/\/mastorrencito.com\/cat\/contes-de-nadal-perruns-1-by-mastorrencito\/","url":"https:\/\/mastorrencito.com\/cat\/contes-de-nadal-perruns-1-by-mastorrencito\/","name":"Contes de nadal perruns (1) by MasTorrencito - Mas Torrencito CAT","isPartOf":{"@id":"https:\/\/mastorrencito.com\/#website"},"primaryImageOfPage":{"@id":"https:\/\/mastorrencito.com\/cat\/contes-de-nadal-perruns-1-by-mastorrencito\/#primaryimage"},"image":{"@id":"https:\/\/mastorrencito.com\/cat\/contes-de-nadal-perruns-1-by-mastorrencito\/#primaryimage"},"thumbnailUrl":"https:\/\/mastorrencito.com\/cat\/wp-content\/uploads\/sites\/3\/navidad1.jpg","datePublished":"2024-12-16T06:05:33+00:00","description":"Una s\u00e8rie de contes sobre les dates que s'acosten, sentiments, emocions... Contes de nadal gos! uns by MasTorret","breadcrumb":{"@id":"https:\/\/mastorrencito.com\/cat\/contes-de-nadal-perruns-1-by-mastorrencito\/#breadcrumb"},"inLanguage":"es","potentialAction":[{"@type":"ReadAction","target":["https:\/\/mastorrencito.com\/cat\/contes-de-nadal-perruns-1-by-mastorrencito\/"]}]},{"@type":"ImageObject","inLanguage":"es","@id":"https:\/\/mastorrencito.com\/cat\/contes-de-nadal-perruns-1-by-mastorrencito\/#primaryimage","url":"https:\/\/mastorrencito.com\/cat\/wp-content\/uploads\/sites\/3\/navidad1.jpg","contentUrl":"https:\/\/mastorrencito.com\/cat\/wp-content\/uploads\/sites\/3\/navidad1.jpg","width":1024,"height":1024,"caption":"Cuentos de navidad perri\u00a1unos by MasTorrencito"},{"@type":"BreadcrumbList","@id":"https:\/\/mastorrencito.com\/cat\/contes-de-nadal-perruns-1-by-mastorrencito\/#breadcrumb","itemListElement":[{"@type":"ListItem","position":1,"name":"Portada","item":"https:\/\/mastorrencito.com\/"},{"@type":"ListItem","position":2,"name":"Contes de nadal perruns (1) by MasTorrencito"}]},{"@type":"WebSite","@id":"https:\/\/mastorrencito.com\/#website","url":"https:\/\/mastorrencito.com\/","name":"Mas Torrencito CAT","description":"Casa rural pet friendly en Girona","publisher":{"@id":"https:\/\/mastorrencito.com\/#organization"},"potentialAction":[{"@type":"SearchAction","target":{"@type":"EntryPoint","urlTemplate":"https:\/\/mastorrencito.com\/?s={search_term_string}"},"query-input":{"@type":"PropertyValueSpecification","valueRequired":true,"valueName":"search_term_string"}}],"inLanguage":"es"},{"@type":"Organization","@id":"https:\/\/mastorrencito.com\/#organization","name":"Mas Torrencito CAT","url":"https:\/\/mastorrencito.com\/","logo":{"@type":"ImageObject","inLanguage":"es","@id":"https:\/\/mastorrencito.com\/#\/schema\/logo\/image\/","url":"https:\/\/mastorrencito.com\/cat\/wp-content\/uploads\/sites\/3\/Logo-Mastorrencito-horizontal.webp","contentUrl":"https:\/\/mastorrencito.com\/cat\/wp-content\/uploads\/sites\/3\/Logo-Mastorrencito-horizontal.webp","width":161,"height":54,"caption":"Mas Torrencito CAT"},"image":{"@id":"https:\/\/mastorrencito.com\/#\/schema\/logo\/image\/"}},{"@type":"Person","@id":"https:\/\/mastorrencito.com\/#\/schema\/person\/18c619be80d4ae2667c702911625f790","name":"Mastorrencito","image":{"@type":"ImageObject","inLanguage":"es","@id":"https:\/\/secure.gravatar.com\/avatar\/3ef55e0519f987a734c21caee1423b51df7b760b7d81a38ecd31cab0a5115f6d?s=96&d=mm&r=g","url":"https:\/\/secure.gravatar.com\/avatar\/3ef55e0519f987a734c21caee1423b51df7b760b7d81a38ecd31cab0a5115f6d?s=96&d=mm&r=g","contentUrl":"https:\/\/secure.gravatar.com\/avatar\/3ef55e0519f987a734c21caee1423b51df7b760b7d81a38ecd31cab0a5115f6d?s=96&d=mm&r=g","caption":"Mastorrencito"},"url":"https:\/\/mastorrencito.com\/cat\/author\/mastorrencito\/"}]}},"acf":[],"_links":{"self":[{"href":"https:\/\/mastorrencito.com\/cat\/wp-json\/wp\/v2\/posts\/2817","targetHints":{"allow":["GET"]}}],"collection":[{"href":"https:\/\/mastorrencito.com\/cat\/wp-json\/wp\/v2\/posts"}],"about":[{"href":"https:\/\/mastorrencito.com\/cat\/wp-json\/wp\/v2\/types\/post"}],"author":[{"embeddable":true,"href":"https:\/\/mastorrencito.com\/cat\/wp-json\/wp\/v2\/users\/2"}],"replies":[{"embeddable":true,"href":"https:\/\/mastorrencito.com\/cat\/wp-json\/wp\/v2\/comments?post=2817"}],"version-history":[{"count":0,"href":"https:\/\/mastorrencito.com\/cat\/wp-json\/wp\/v2\/posts\/2817\/revisions"}],"wp:featuredmedia":[{"embeddable":true,"href":"https:\/\/mastorrencito.com\/cat\/wp-json\/wp\/v2\/media\/2811"}],"wp:attachment":[{"href":"https:\/\/mastorrencito.com\/cat\/wp-json\/wp\/v2\/media?parent=2817"}],"wp:term":[{"taxonomy":"category","embeddable":true,"href":"https:\/\/mastorrencito.com\/cat\/wp-json\/wp\/v2\/categories?post=2817"},{"taxonomy":"post_tag","embeddable":true,"href":"https:\/\/mastorrencito.com\/cat\/wp-json\/wp\/v2\/tags?post=2817"}],"curies":[{"name":"wp","href":"https:\/\/api.w.org\/{rel}","templated":true}]}}