{"id":2807,"date":"2024-12-15T05:33:20","date_gmt":"2024-12-15T05:33:20","guid":{"rendered":"https:\/\/casaruralconperrosgirona.com\/el-regal-de-nadal-by-mastorrencito\/"},"modified":"2024-12-15T05:33:20","modified_gmt":"2024-12-15T05:33:20","slug":"el-regal-de-nadal-by-mastorrencito","status":"publish","type":"post","link":"https:\/\/mastorrencito.com\/cat\/el-regal-de-nadal-by-mastorrencito\/","title":{"rendered":"El Regal de Nadal by MasTorrencito"},"content":{"rendered":"\n<h3 class=\"wp-block-heading\">Era la vig\u00edlia de Nadal, i la fam\u00edlia G\u00f3mez buscava el regal perfecte per al seu fill Dani. El Regal de Nadal by MasTorrencito <\/h3>\n\n<p>En una botiga de mascotes del centre, un petit cadell blanc va cridar la seva atenci\u00f3. Semblava un peluix, amb el seu suau pelatge i ullets brillants que transmetien dol\u00e7or. El dependent els va assegurar que era \u201cla ra\u00e7a ideal per a un nen\u201d, i sense pensar-s&#8217;ho gaire, el van comprar.  <\/p>\n\n<p>Aquella nit, el cadell, a qui van anomenar Max, va arribar a casa amb un lla\u00e7 vermell lligat al coll. Dani saltava d&#8217;alegria mentre abra\u00e7ava el gosset. <\/p>\n\n<p>\u2014\u00c9s el millor regal de tots! \u2014cridava, besant Max al cap. <\/p>\n\n<p>El petit cadell es va arraulir a la falda, ali\u00e8 al que el dest\u00ed li deparava. Aquella primera nit, en Max va dormir en una lliteta improvisada al costat del llit de Dani. Durant els primers dies, semblava que tot era perfecte. Dani jugava amb ell, el carregava i presumia davant dels seus amics. Els seus pares tamb\u00e9 gaudien veient-lo c\u00f3rrer per la casa. Per\u00f2, com tots els cadells, en Max va comen\u00e7ar a cr\u00e9ixer.     <\/p>\n\n<p>Els problemes van comen\u00e7ar quan Max va deixar de ser aquell petit peluix que tots adoraven. Les seves dents esmolades van comen\u00e7ar a mossegar sabatilles i mobles. Necessitava sortir a fer exercici i aprendre on fer les seves necessitats, per\u00f2 ning\u00fa a la fam\u00edlia estava disposat a dedicar-hi temps.  <\/p>\n\n<p>\u2014Dani, treu el gos a passejar \u2014va ordenar la mare un dia.<\/p>\n\n<p>\u2014No vull! Estic jugant a la consola. Que el tregui el pare.  <\/p>\n\n<p>Per\u00f2 el pare tampoc no el treia. A poc a poc, en Max va anar deixant de ser el centre d&#8217;atenci\u00f3. El que al principi era un cadell alegre i juganer, va comen\u00e7ar a passar llargues estones sol. Quan es feia pip\u00ed a la casa, el renyaven, per\u00f2 ning\u00fa no li ensenyava on havia d&#8217;anar. Aviat, el van relegar al pati del darrere, on amb prou feines veia la fam\u00edlia.    <\/p>\n<figure class=\"wp-block-post-featured-image\"><img fetchpriority=\"high\" decoding=\"async\" width=\"1792\" height=\"1024\" src=\"https:\/\/mastorrencito.com\/cat\/wp-content\/uploads\/sites\/3\/abandono.jpg\" class=\"attachment-post-thumbnail size-post-thumbnail wp-post-image\" alt=\"\" style=\"object-fit:cover;\" srcset=\"https:\/\/mastorrencito.com\/cat\/wp-content\/uploads\/sites\/3\/abandono.jpg 1792w, https:\/\/mastorrencito.com\/cat\/wp-content\/uploads\/sites\/3\/abandono-300x171.jpg 300w, https:\/\/mastorrencito.com\/cat\/wp-content\/uploads\/sites\/3\/abandono-1024x585.jpg 1024w, https:\/\/mastorrencito.com\/cat\/wp-content\/uploads\/sites\/3\/abandono-768x439.jpg 768w, https:\/\/mastorrencito.com\/cat\/wp-content\/uploads\/sites\/3\/abandono-1536x878.jpg 1536w\" sizes=\"(max-width: 1792px) 100vw, 1792px\" \/><\/figure>\n<p>Max plorava a les nits, rascant la porta amb l&#8217;esperan\u00e7a que alg\u00fa el deix\u00e9s entrar. Per\u00f2 els G\u00f3mez s&#8217;havien acostumat a ignorar-lo.  <\/p>\n\n<p>\u2014Nom\u00e9s \u00e9s un gos \u2014deia el pare, encongint-se d&#8217;espatlles.<\/p>\n\n<h3 class=\"wp-block-heading\"><strong>L&#8217;Aband\u00f3<\/strong> . El Regal de Nadal by MasTorrencito<\/h3>\n\n<p>Un diumenge qualsevol, el pare va decidir que en Max ja no es podia quedar m\u00e9s a casa.<\/p>\n\n<p>\u2014\u00c9s un problema. Ning\u00fa no el cuida i est\u00e0 destruint el pati \u2014va dir a la seva dona. <\/p>\n\n<p>\u2014\u00bf Qu\u00e8 farem amb ell? \u2014va preguntar ella, inc\u00f2moda. <\/p>\n\n<p>\u2014Ho portarem lluny. <\/p>\n\n<p>Van carregar Max al cotxe. El gosset, emocionat per sortir de casa, movia la cua sense parar. Potser anava a passejar per fi, va pensar. Dani, en canvi, ni tan sols va sortir de la seva habitaci\u00f3 per acomiadar-se&#8217;n.   <\/p>\n\n<p>La fam\u00edlia va conduir fins a un cam\u00ed solitari al mig del bosc. All\u00e0, el pare va estacionar i va portar Max fins a un arbre. Va lligar la corretja al tronc i, sense mirar-lo, va tornar al cotxe. Max bordava, conf\u00f3s, mentre veia com el vehicle desapareixia a la dist\u00e0ncia.   <\/p>\n\n<p>El primer dia, Max va llen\u00e7ar amb totes les seves forces de la corretja. Va bordar fins a quedar-se af\u00f2nic, esperant que alg\u00fa torn\u00e9s. Els seus ulls eren plens d&#8217;esperan\u00e7a. Per\u00f2 ning\u00fa no va tornar.   <\/p>\n\n<p>El segon dia, la gana i la set van comen\u00e7ar a debilitar-lo. Les potes tremolaven i amb prou feines podia mantenir-se dreta. Mirava al seu voltant, per\u00f2 l&#8217;\u00fanica cosa que veia eren arbres i m\u00e9s arbres.  <\/p>\n\n<p>El tercer dia, amb les poques forces que li quedaven, Max va mossegar la corretja. Va llen\u00e7ar amb desesperaci\u00f3, com si la seva vida en depengu\u00e9s, perqu\u00e8 ho feia. Finalment, la corretja va cedir. Encara que estava exhaust i deshidratat, en Max va comen\u00e7ar a caminar.   <\/p>\n\n<p>No sabia exactament cap on, per\u00f2 alguna cosa dins seu el guiava: el desig de tornar a casa. Va caminar m\u00e9s de 10 quil\u00f2metres per senders, carreteres i camps. Va creuar perillosos trams d&#8217;asfalt, evitant cotxes que passaven a tota velocitat. Ning\u00fa no sap com, per\u00f2 va arribar.   <\/p>\n\n<p>Quan les potes van tocar la vorera de la seva antiga casa, Max va moure la cua amb un entusiasme feble per\u00f2 genu\u00ed. Estava flac, cobert de fang i ferides, per\u00f2 era a casa. <\/p>\n\n<p>En veure el gos a la porta, els G\u00f3mez no van sentir alegria. Nom\u00e9s incomoditat. <\/p>\n\n<p>\u2014Una altra vegada aqu\u00ed? \u2014murmur\u00e0 el pare, enfadat. <\/p>\n\n<p>Sense dubtar-ho, van carregar novament Max al cotxe. Aquest cop van conduir m\u00e9s lluny, fins a un lloc encara m\u00e9s a\u00efllat, a 50 quil\u00f2metres de dist\u00e0ncia. El pare va repetir l&#8217;acte: va lligar Max a un arbre i el va deixar all\u00e0.  <\/p>\n\n<p>\u2014Aquest cop no trobareu el cam\u00ed \u2014va dir en tornar al cotxe.<\/p>\n\n<h3 class=\"wp-block-heading\"><strong>El Final de Max<\/strong><\/h3>\n\n<p>Max no va tenir forces per lluitar una segona vegada. Van passar els dies, i ning\u00fa no el va rescatar. Va morir all\u00e0, lligat a aquest arbre enmig del no-res, amb els ulls cansats d&#8217;esperar els qui un dia va creure que eren la seva fam\u00edlia.  <\/p>\n\n<h3 class=\"wp-block-heading\"><strong>Reflexi\u00f3 Final<\/strong><\/h3>\n\n<p>Aquesta hist\u00f2ria, encara que dolorosa, reflecteix una trista realitat que es repeteix cada any. Milers d&#8217;animals s\u00f3n regalats com si fossin objectes, sense pensar en la responsabilitat que comporta tenir-ne cura. <\/p>\n\n<p>Els gossos no s\u00f3n joguines ni adorns nadalencs. S\u00f3n \u00e9ssers vius que senten, estimen i confien cegament en els humans.  <\/p>\n\n<p>Max nom\u00e9s volia amor i una fam\u00edlia que el cuid\u00e9s. Per\u00f2 en lloc d&#8217;aix\u00f2, va trobar indifer\u00e8ncia i aband\u00f3. No permetem que m\u00e9s gossos pateixin el mateix dest\u00ed. La propera vegada que pensis a regalar un cadell, recorda: no \u00e9s un regal, \u00e9s un comprom\u00eds de per vida.   <\/p>\n\n<h3 class=\"wp-block-heading\"><strong>Per ells, per nosaltres, pels milers de MAX que hi ha cada any&#8230; des de MasTorrencito us demanem que sigueu responsables.<\/strong><\/h3>\n\n<hr class=\"wp-block-separator has-alpha-channel-opacity\" \/>\n\n<blockquote class=\"wp-block-quote is-layout-flow wp-block-quote-is-layout-flow\">\n<p>Des de MasTorrencito us desitgem un bon dia i que els vostres gossos us acompanyi!!!!<\/p>\n<\/blockquote>\n\n<p>\u2014\u2013<br \/> Si vols, pot veure els nostres <strong>bons per caps de setmana, bons jubilats<\/strong> , a un preu incre\u00efble..entra a <a href=\"https:\/\/www.mastorrencito.com\/\">www.mastorrencito.com<\/a> o si vols podeu llegir m\u00e9s hist\u00f2ria i an\u00e8cdotes que ens han passat a Mas Torrencito\u2026 Fes click <a href=\"https:\/\/mastorrencito.com\/\">aqu\u00ed<\/a><\/p>\n\n<p><\/p>\n","protected":false},"excerpt":{"rendered":"<p>Era la vig\u00edlia de Nadal, i la fam\u00edlia G\u00f3mez buscava el regal perfecte per al seu fill Dani. El Regal de Nadal by MasTorrencito En una botiga de mascotes del centre, un petit cadell blanc va cridar la seva atenci\u00f3. Semblava un peluix, amb el seu suau pelatge i ullets brillants que transmetien dol\u00e7or. El [&hellip;]<\/p>\n","protected":false},"author":2,"featured_media":2801,"comment_status":"open","ping_status":"closed","sticky":false,"template":"","format":"standard","meta":{"_acf_changed":false,"footnotes":""},"categories":[35],"tags":[],"class_list":["post-2807","post","type-post","status-publish","format-standard","has-post-thumbnail","hentry","category-histories-mastorrencito"],"yoast_head":"<!-- This site is optimized with the Yoast SEO Premium plugin v27.3 (Yoast SEO v27.5) - https:\/\/yoast.com\/product\/yoast-seo-premium-wordpress\/ -->\n<title>El Regal de Nadal by MasTorrencito - Mas Torrencito CAT<\/title>\n<meta name=\"description\" content=\"No s\u00f3n joguines, s\u00f3n \u00e0nimes, s\u00f3n &quot;persones&quot;... SI US PLAU... NO SIGUIS ANIMAL.El Regal de Nadal by MasTorrencito.\" \/>\n<meta name=\"robots\" content=\"index, follow, max-snippet:-1, max-image-preview:large, max-video-preview:-1\" \/>\n<link rel=\"canonical\" href=\"https:\/\/mastorrencito.com\/cat\/el-regal-de-nadal-by-mastorrencito\/\" \/>\n<meta property=\"og:locale\" content=\"es_ES\" \/>\n<meta property=\"og:type\" content=\"article\" \/>\n<meta property=\"og:title\" content=\"El Regal de Nadal by MasTorrencito\" \/>\n<meta property=\"og:description\" content=\"No s\u00f3n joguines, s\u00f3n \u00e0nimes, s\u00f3n &quot;persones&quot;... SI US PLAU... NO SIGUIS ANIMAL.El Regal de Nadal by MasTorrencito.\" \/>\n<meta property=\"og:url\" content=\"https:\/\/mastorrencito.com\/cat\/el-regal-de-nadal-by-mastorrencito\/\" \/>\n<meta property=\"og:site_name\" content=\"Mas Torrencito CAT\" \/>\n<meta property=\"article:published_time\" content=\"2024-12-15T05:33:20+00:00\" \/>\n<meta property=\"og:image\" content=\"https:\/\/mastorrencito.com\/cat\/wp-content\/uploads\/sites\/3\/abandono.jpg\" \/>\n\t<meta property=\"og:image:width\" content=\"1792\" \/>\n\t<meta property=\"og:image:height\" content=\"1024\" \/>\n\t<meta property=\"og:image:type\" content=\"image\/jpeg\" \/>\n<meta name=\"author\" content=\"Mastorrencito\" \/>\n<meta name=\"twitter:card\" content=\"summary_large_image\" \/>\n<meta name=\"twitter:label1\" content=\"Escrito por\" \/>\n\t<meta name=\"twitter:data1\" content=\"Mastorrencito\" \/>\n\t<meta name=\"twitter:label2\" content=\"Tiempo de lectura\" \/>\n\t<meta name=\"twitter:data2\" content=\"5 minutos\" \/>\n<script type=\"application\/ld+json\" class=\"yoast-schema-graph\">{\"@context\":\"https:\\\/\\\/schema.org\",\"@graph\":[{\"@type\":\"Article\",\"@id\":\"https:\\\/\\\/mastorrencito.com\\\/cat\\\/el-regal-de-nadal-by-mastorrencito\\\/#article\",\"isPartOf\":{\"@id\":\"https:\\\/\\\/mastorrencito.com\\\/cat\\\/el-regal-de-nadal-by-mastorrencito\\\/\"},\"author\":{\"name\":\"Mastorrencito\",\"@id\":\"https:\\\/\\\/mastorrencito.com\\\/#\\\/schema\\\/person\\\/18c619be80d4ae2667c702911625f790\"},\"headline\":\"El Regal de Nadal by MasTorrencito\",\"datePublished\":\"2024-12-15T05:33:20+00:00\",\"mainEntityOfPage\":{\"@id\":\"https:\\\/\\\/mastorrencito.com\\\/cat\\\/el-regal-de-nadal-by-mastorrencito\\\/\"},\"wordCount\":1086,\"commentCount\":0,\"publisher\":{\"@id\":\"https:\\\/\\\/mastorrencito.com\\\/#organization\"},\"image\":{\"@id\":\"https:\\\/\\\/mastorrencito.com\\\/cat\\\/el-regal-de-nadal-by-mastorrencito\\\/#primaryimage\"},\"thumbnailUrl\":\"https:\\\/\\\/mastorrencito.com\\\/cat\\\/wp-content\\\/uploads\\\/sites\\\/3\\\/abandono.jpg\",\"articleSection\":[\"Hist\u00f2ries Mastorrencito\"],\"inLanguage\":\"es\",\"potentialAction\":[{\"@type\":\"CommentAction\",\"name\":\"Comment\",\"target\":[\"https:\\\/\\\/mastorrencito.com\\\/cat\\\/el-regal-de-nadal-by-mastorrencito\\\/#respond\"]}]},{\"@type\":\"WebPage\",\"@id\":\"https:\\\/\\\/mastorrencito.com\\\/cat\\\/el-regal-de-nadal-by-mastorrencito\\\/\",\"url\":\"https:\\\/\\\/mastorrencito.com\\\/cat\\\/el-regal-de-nadal-by-mastorrencito\\\/\",\"name\":\"El Regal de Nadal by MasTorrencito - Mas Torrencito CAT\",\"isPartOf\":{\"@id\":\"https:\\\/\\\/mastorrencito.com\\\/#website\"},\"primaryImageOfPage\":{\"@id\":\"https:\\\/\\\/mastorrencito.com\\\/cat\\\/el-regal-de-nadal-by-mastorrencito\\\/#primaryimage\"},\"image\":{\"@id\":\"https:\\\/\\\/mastorrencito.com\\\/cat\\\/el-regal-de-nadal-by-mastorrencito\\\/#primaryimage\"},\"thumbnailUrl\":\"https:\\\/\\\/mastorrencito.com\\\/cat\\\/wp-content\\\/uploads\\\/sites\\\/3\\\/abandono.jpg\",\"datePublished\":\"2024-12-15T05:33:20+00:00\",\"description\":\"No s\u00f3n joguines, s\u00f3n \u00e0nimes, s\u00f3n \\\"persones\\\"... SI US PLAU... NO SIGUIS ANIMAL.El Regal de Nadal by MasTorrencito.\",\"breadcrumb\":{\"@id\":\"https:\\\/\\\/mastorrencito.com\\\/cat\\\/el-regal-de-nadal-by-mastorrencito\\\/#breadcrumb\"},\"inLanguage\":\"es\",\"potentialAction\":[{\"@type\":\"ReadAction\",\"target\":[\"https:\\\/\\\/mastorrencito.com\\\/cat\\\/el-regal-de-nadal-by-mastorrencito\\\/\"]}]},{\"@type\":\"ImageObject\",\"inLanguage\":\"es\",\"@id\":\"https:\\\/\\\/mastorrencito.com\\\/cat\\\/el-regal-de-nadal-by-mastorrencito\\\/#primaryimage\",\"url\":\"https:\\\/\\\/mastorrencito.com\\\/cat\\\/wp-content\\\/uploads\\\/sites\\\/3\\\/abandono.jpg\",\"contentUrl\":\"https:\\\/\\\/mastorrencito.com\\\/cat\\\/wp-content\\\/uploads\\\/sites\\\/3\\\/abandono.jpg\",\"width\":1792,\"height\":1024},{\"@type\":\"BreadcrumbList\",\"@id\":\"https:\\\/\\\/mastorrencito.com\\\/cat\\\/el-regal-de-nadal-by-mastorrencito\\\/#breadcrumb\",\"itemListElement\":[{\"@type\":\"ListItem\",\"position\":1,\"name\":\"Portada\",\"item\":\"https:\\\/\\\/mastorrencito.com\\\/\"},{\"@type\":\"ListItem\",\"position\":2,\"name\":\"El Regal de Nadal by MasTorrencito\"}]},{\"@type\":\"WebSite\",\"@id\":\"https:\\\/\\\/mastorrencito.com\\\/#website\",\"url\":\"https:\\\/\\\/mastorrencito.com\\\/\",\"name\":\"Mas Torrencito CAT\",\"description\":\"Casa rural pet friendly en Girona\",\"publisher\":{\"@id\":\"https:\\\/\\\/mastorrencito.com\\\/#organization\"},\"potentialAction\":[{\"@type\":\"SearchAction\",\"target\":{\"@type\":\"EntryPoint\",\"urlTemplate\":\"https:\\\/\\\/mastorrencito.com\\\/?s={search_term_string}\"},\"query-input\":{\"@type\":\"PropertyValueSpecification\",\"valueRequired\":true,\"valueName\":\"search_term_string\"}}],\"inLanguage\":\"es\"},{\"@type\":\"Organization\",\"@id\":\"https:\\\/\\\/mastorrencito.com\\\/#organization\",\"name\":\"Mas Torrencito CAT\",\"url\":\"https:\\\/\\\/mastorrencito.com\\\/\",\"logo\":{\"@type\":\"ImageObject\",\"inLanguage\":\"es\",\"@id\":\"https:\\\/\\\/mastorrencito.com\\\/#\\\/schema\\\/logo\\\/image\\\/\",\"url\":\"https:\\\/\\\/mastorrencito.com\\\/cat\\\/wp-content\\\/uploads\\\/sites\\\/3\\\/Logo-Mastorrencito-horizontal.webp\",\"contentUrl\":\"https:\\\/\\\/mastorrencito.com\\\/cat\\\/wp-content\\\/uploads\\\/sites\\\/3\\\/Logo-Mastorrencito-horizontal.webp\",\"width\":161,\"height\":54,\"caption\":\"Mas Torrencito CAT\"},\"image\":{\"@id\":\"https:\\\/\\\/mastorrencito.com\\\/#\\\/schema\\\/logo\\\/image\\\/\"}},{\"@type\":\"Person\",\"@id\":\"https:\\\/\\\/mastorrencito.com\\\/#\\\/schema\\\/person\\\/18c619be80d4ae2667c702911625f790\",\"name\":\"Mastorrencito\",\"image\":{\"@type\":\"ImageObject\",\"inLanguage\":\"es\",\"@id\":\"https:\\\/\\\/secure.gravatar.com\\\/avatar\\\/3ef55e0519f987a734c21caee1423b51df7b760b7d81a38ecd31cab0a5115f6d?s=96&d=mm&r=g\",\"url\":\"https:\\\/\\\/secure.gravatar.com\\\/avatar\\\/3ef55e0519f987a734c21caee1423b51df7b760b7d81a38ecd31cab0a5115f6d?s=96&d=mm&r=g\",\"contentUrl\":\"https:\\\/\\\/secure.gravatar.com\\\/avatar\\\/3ef55e0519f987a734c21caee1423b51df7b760b7d81a38ecd31cab0a5115f6d?s=96&d=mm&r=g\",\"caption\":\"Mastorrencito\"},\"url\":\"https:\\\/\\\/mastorrencito.com\\\/cat\\\/author\\\/mastorrencito\\\/\"}]}<\/script>\n<!-- \/ Yoast SEO Premium plugin. -->","yoast_head_json":{"title":"El Regal de Nadal by MasTorrencito - Mas Torrencito CAT","description":"No s\u00f3n joguines, s\u00f3n \u00e0nimes, s\u00f3n \"persones\"... SI US PLAU... NO SIGUIS ANIMAL.El Regal de Nadal by MasTorrencito.","robots":{"index":"index","follow":"follow","max-snippet":"max-snippet:-1","max-image-preview":"max-image-preview:large","max-video-preview":"max-video-preview:-1"},"canonical":"https:\/\/mastorrencito.com\/cat\/el-regal-de-nadal-by-mastorrencito\/","og_locale":"es_ES","og_type":"article","og_title":"El Regal de Nadal by MasTorrencito","og_description":"No s\u00f3n joguines, s\u00f3n \u00e0nimes, s\u00f3n \"persones\"... SI US PLAU... NO SIGUIS ANIMAL.El Regal de Nadal by MasTorrencito.","og_url":"https:\/\/mastorrencito.com\/cat\/el-regal-de-nadal-by-mastorrencito\/","og_site_name":"Mas Torrencito CAT","article_published_time":"2024-12-15T05:33:20+00:00","og_image":[{"width":1792,"height":1024,"url":"https:\/\/mastorrencito.com\/cat\/wp-content\/uploads\/sites\/3\/abandono.jpg","type":"image\/jpeg"}],"author":"Mastorrencito","twitter_card":"summary_large_image","twitter_misc":{"Escrito por":"Mastorrencito","Tiempo de lectura":"5 minutos"},"schema":{"@context":"https:\/\/schema.org","@graph":[{"@type":"Article","@id":"https:\/\/mastorrencito.com\/cat\/el-regal-de-nadal-by-mastorrencito\/#article","isPartOf":{"@id":"https:\/\/mastorrencito.com\/cat\/el-regal-de-nadal-by-mastorrencito\/"},"author":{"name":"Mastorrencito","@id":"https:\/\/mastorrencito.com\/#\/schema\/person\/18c619be80d4ae2667c702911625f790"},"headline":"El Regal de Nadal by MasTorrencito","datePublished":"2024-12-15T05:33:20+00:00","mainEntityOfPage":{"@id":"https:\/\/mastorrencito.com\/cat\/el-regal-de-nadal-by-mastorrencito\/"},"wordCount":1086,"commentCount":0,"publisher":{"@id":"https:\/\/mastorrencito.com\/#organization"},"image":{"@id":"https:\/\/mastorrencito.com\/cat\/el-regal-de-nadal-by-mastorrencito\/#primaryimage"},"thumbnailUrl":"https:\/\/mastorrencito.com\/cat\/wp-content\/uploads\/sites\/3\/abandono.jpg","articleSection":["Hist\u00f2ries Mastorrencito"],"inLanguage":"es","potentialAction":[{"@type":"CommentAction","name":"Comment","target":["https:\/\/mastorrencito.com\/cat\/el-regal-de-nadal-by-mastorrencito\/#respond"]}]},{"@type":"WebPage","@id":"https:\/\/mastorrencito.com\/cat\/el-regal-de-nadal-by-mastorrencito\/","url":"https:\/\/mastorrencito.com\/cat\/el-regal-de-nadal-by-mastorrencito\/","name":"El Regal de Nadal by MasTorrencito - Mas Torrencito CAT","isPartOf":{"@id":"https:\/\/mastorrencito.com\/#website"},"primaryImageOfPage":{"@id":"https:\/\/mastorrencito.com\/cat\/el-regal-de-nadal-by-mastorrencito\/#primaryimage"},"image":{"@id":"https:\/\/mastorrencito.com\/cat\/el-regal-de-nadal-by-mastorrencito\/#primaryimage"},"thumbnailUrl":"https:\/\/mastorrencito.com\/cat\/wp-content\/uploads\/sites\/3\/abandono.jpg","datePublished":"2024-12-15T05:33:20+00:00","description":"No s\u00f3n joguines, s\u00f3n \u00e0nimes, s\u00f3n \"persones\"... SI US PLAU... NO SIGUIS ANIMAL.El Regal de Nadal by MasTorrencito.","breadcrumb":{"@id":"https:\/\/mastorrencito.com\/cat\/el-regal-de-nadal-by-mastorrencito\/#breadcrumb"},"inLanguage":"es","potentialAction":[{"@type":"ReadAction","target":["https:\/\/mastorrencito.com\/cat\/el-regal-de-nadal-by-mastorrencito\/"]}]},{"@type":"ImageObject","inLanguage":"es","@id":"https:\/\/mastorrencito.com\/cat\/el-regal-de-nadal-by-mastorrencito\/#primaryimage","url":"https:\/\/mastorrencito.com\/cat\/wp-content\/uploads\/sites\/3\/abandono.jpg","contentUrl":"https:\/\/mastorrencito.com\/cat\/wp-content\/uploads\/sites\/3\/abandono.jpg","width":1792,"height":1024},{"@type":"BreadcrumbList","@id":"https:\/\/mastorrencito.com\/cat\/el-regal-de-nadal-by-mastorrencito\/#breadcrumb","itemListElement":[{"@type":"ListItem","position":1,"name":"Portada","item":"https:\/\/mastorrencito.com\/"},{"@type":"ListItem","position":2,"name":"El Regal de Nadal by MasTorrencito"}]},{"@type":"WebSite","@id":"https:\/\/mastorrencito.com\/#website","url":"https:\/\/mastorrencito.com\/","name":"Mas Torrencito CAT","description":"Casa rural pet friendly en Girona","publisher":{"@id":"https:\/\/mastorrencito.com\/#organization"},"potentialAction":[{"@type":"SearchAction","target":{"@type":"EntryPoint","urlTemplate":"https:\/\/mastorrencito.com\/?s={search_term_string}"},"query-input":{"@type":"PropertyValueSpecification","valueRequired":true,"valueName":"search_term_string"}}],"inLanguage":"es"},{"@type":"Organization","@id":"https:\/\/mastorrencito.com\/#organization","name":"Mas Torrencito CAT","url":"https:\/\/mastorrencito.com\/","logo":{"@type":"ImageObject","inLanguage":"es","@id":"https:\/\/mastorrencito.com\/#\/schema\/logo\/image\/","url":"https:\/\/mastorrencito.com\/cat\/wp-content\/uploads\/sites\/3\/Logo-Mastorrencito-horizontal.webp","contentUrl":"https:\/\/mastorrencito.com\/cat\/wp-content\/uploads\/sites\/3\/Logo-Mastorrencito-horizontal.webp","width":161,"height":54,"caption":"Mas Torrencito CAT"},"image":{"@id":"https:\/\/mastorrencito.com\/#\/schema\/logo\/image\/"}},{"@type":"Person","@id":"https:\/\/mastorrencito.com\/#\/schema\/person\/18c619be80d4ae2667c702911625f790","name":"Mastorrencito","image":{"@type":"ImageObject","inLanguage":"es","@id":"https:\/\/secure.gravatar.com\/avatar\/3ef55e0519f987a734c21caee1423b51df7b760b7d81a38ecd31cab0a5115f6d?s=96&d=mm&r=g","url":"https:\/\/secure.gravatar.com\/avatar\/3ef55e0519f987a734c21caee1423b51df7b760b7d81a38ecd31cab0a5115f6d?s=96&d=mm&r=g","contentUrl":"https:\/\/secure.gravatar.com\/avatar\/3ef55e0519f987a734c21caee1423b51df7b760b7d81a38ecd31cab0a5115f6d?s=96&d=mm&r=g","caption":"Mastorrencito"},"url":"https:\/\/mastorrencito.com\/cat\/author\/mastorrencito\/"}]}},"acf":[],"_links":{"self":[{"href":"https:\/\/mastorrencito.com\/cat\/wp-json\/wp\/v2\/posts\/2807","targetHints":{"allow":["GET"]}}],"collection":[{"href":"https:\/\/mastorrencito.com\/cat\/wp-json\/wp\/v2\/posts"}],"about":[{"href":"https:\/\/mastorrencito.com\/cat\/wp-json\/wp\/v2\/types\/post"}],"author":[{"embeddable":true,"href":"https:\/\/mastorrencito.com\/cat\/wp-json\/wp\/v2\/users\/2"}],"replies":[{"embeddable":true,"href":"https:\/\/mastorrencito.com\/cat\/wp-json\/wp\/v2\/comments?post=2807"}],"version-history":[{"count":0,"href":"https:\/\/mastorrencito.com\/cat\/wp-json\/wp\/v2\/posts\/2807\/revisions"}],"wp:featuredmedia":[{"embeddable":true,"href":"https:\/\/mastorrencito.com\/cat\/wp-json\/wp\/v2\/media\/2801"}],"wp:attachment":[{"href":"https:\/\/mastorrencito.com\/cat\/wp-json\/wp\/v2\/media?parent=2807"}],"wp:term":[{"taxonomy":"category","embeddable":true,"href":"https:\/\/mastorrencito.com\/cat\/wp-json\/wp\/v2\/categories?post=2807"},{"taxonomy":"post_tag","embeddable":true,"href":"https:\/\/mastorrencito.com\/cat\/wp-json\/wp\/v2\/tags?post=2807"}],"curies":[{"name":"wp","href":"https:\/\/api.w.org\/{rel}","templated":true}]}}