{"id":2796,"date":"2024-12-14T07:18:40","date_gmt":"2024-12-14T07:18:40","guid":{"rendered":"https:\/\/casaruralconperrosgirona.com\/cronica-duna-mort-anunciada-by-mastorrencito\/"},"modified":"2024-12-14T07:18:40","modified_gmt":"2024-12-14T07:18:40","slug":"cronica-duna-mort-anunciada-by-mastorrencito","status":"publish","type":"post","link":"https:\/\/mastorrencito.com\/cat\/cronica-duna-mort-anunciada-by-mastorrencito\/","title":{"rendered":"Cr\u00f2nica d&#8217;una Mort Anunciada by MasTorrencito"},"content":{"rendered":"\n<p>Perqu\u00e8, siguem sincers, tots sabem com acaba aquesta pel\u00b7l\u00edcula. Tots. No importa quant \u00e8xit acumulem, quant soroll fem o quant intentem ignorar el tema, el final \u00e9s inamovible. S\u00ed, amics: abans o despr\u00e9s, tots acabem en una caixa de fusta, transformats en cendres o amb un \u201cxalet etern\u201d amb vistes, diguem&#8230; no gaire panor\u00e0miques. Perqu\u00e8, \u00e9s clar, l&#8217;infram\u00f3n no \u00e9s fam\u00f3s per la decoraci\u00f3. Jajajaja\u2026 TOTS, sense excepci\u00f3.     <\/p>\n\n<p>Aix\u00f2 s\u00ed, el cam\u00ed fins a aquest dest\u00ed final varia molt. Alguns hauran viscut amb m\u00e9s pena que gl\u00f2ria, com a secundaris a la seva pr\u00f2pia vida; uns altres, amb m\u00e9s gl\u00f2ria que penes, deixant una estela d&#8217;aplaudiments al darrere. Hi ha els que passen sense fer soroll, com una brisa suau, i els que arriben com un hurac\u00e0, armant esc\u00e0ndol all\u00e0 per on trepitgen. Per\u00f2 no ens enganyem, perqu\u00e8, per molt diferent que sigui la ruta, tots acabem al mateix lloc. TOTS.    <\/p>\n<figure class=\"wp-block-post-featured-image\"><img fetchpriority=\"high\" decoding=\"async\" width=\"1024\" height=\"1024\" src=\"https:\/\/mastorrencito.com\/cat\/wp-content\/uploads\/sites\/3\/reflexion_muerte.jpg\" class=\"attachment-post-thumbnail size-post-thumbnail wp-post-image\" alt=\"Reflexion de MasTorrencito\" style=\"object-fit:cover;\" srcset=\"https:\/\/mastorrencito.com\/cat\/wp-content\/uploads\/sites\/3\/reflexion_muerte.jpg 1024w, https:\/\/mastorrencito.com\/cat\/wp-content\/uploads\/sites\/3\/reflexion_muerte-300x300.jpg 300w, https:\/\/mastorrencito.com\/cat\/wp-content\/uploads\/sites\/3\/reflexion_muerte-150x150.jpg 150w, https:\/\/mastorrencito.com\/cat\/wp-content\/uploads\/sites\/3\/reflexion_muerte-768x768.jpg 768w\" sizes=\"(max-width: 1024px) 100vw, 1024px\" \/><\/figure>\n<p>I quan hi arribem, qu\u00e8 queda de nosaltres? B\u00e9, aix\u00f2 tamb\u00e9 dep\u00e8n. Alguns seran recordats amb afecte, amb an\u00e8cdotes que arrenquen somriures; altres seran plorats, amb ll\u00e0grimes que semblen no acabar mai. I altres\u2026 b\u00e9, simplement oblidats. Com aquest mitj\u00f3 que desapareix a la rentadora: ning\u00fa no sap on va anar, ni li dedica gaire temps a pensar-ho. Per\u00f2, malgrat aquestes difer\u00e8ncies, el desenlla\u00e7 sempre \u00e9s igual. La mateixa l\u00ednia de meta.      <\/p>\n\n<p>Ara, farem una pausa i parlar dels nostres adorats gossos. Perqu\u00e8 ells, oh, ells s\u00f3n una altra hist\u00f2ria. Mentre nosaltres gastem mitja vida en coses banals i l&#8217;altra meitat a preocupar-nos per aquestes mateixes banalitats, ells saben exactament qu\u00e8 importa. Ells, a difer\u00e8ncia de nosaltres, SEMPRE seran recordats, plorats, enyorats. I s\u00ed, quan se&#8217;n van, ens deixen un buit que no hi ha ter\u00e0pia, sof\u00e0 nou ni quilo de gelat que pugui omplir.    <\/p>\n\n<p>I per qu\u00e8 ens marquen tant? Perqu\u00e8 ells ho donen tot. TOT. S\u00f3n fidels fins a la medul\u00b7la. No necessiten explicacions, ni raons complicades per voler-nos. Ens miren com si f\u00f3ssim la ra\u00f3 mateixa de la seva exist\u00e8ncia, i, en certa manera, ho som. Viuen per a nosaltres, per nosaltres, amb una devoci\u00f3 que nosaltres, els \u201cracionals\u201d, gaireb\u00e9 no podem comprendre. ELLS S\u00cd QUE SABEN VIURE.       <\/p>\n\n<p>I mentrestant, nosaltres ens compliquem la vida. Que si els likes a Instagram, que si el nombre de seguidors, que si les baralles absurdes, que si les pors que ens inventem. El 50% de la nostra vida se&#8217;ns va a gilipollecs, i l&#8217;altre 50%, probablement, a penedir-nos de les gilipollecs que vam fer. Una obra mestra de l&#8217;estupidesa humana, no trobes?   <\/p>\n\n<p>Per\u00f2 ells no. Ells s\u00f3n aqu\u00ed per all\u00f2 essencial: fer-nos sentir b\u00e9. Alguns, \u00e9s clar, amb m\u00e9s entremaliadures que altres (i amb el rebut de les sabates mossegades com a testimoni). Altres, m\u00e9s tranquils, convertint-se en una mena de terapeuta silenci\u00f3s. I despr\u00e9s hi ha els intensos, aquells que semblen tenir una bateria infinita i t&#8217;obliguen a sortir al parc encara que tu nom\u00e9s vulguis enfonsar-te al sof\u00e0. Per\u00f2 tothom, absolutament tothom, sap gaudir de la seva curta vida com si cada segon fos un regal.    <\/p>\n\n<p>Perqu\u00e8 per a ells, ho \u00e9s. No es preocupen pel dem\u00e0 ni pel que diran. Viuen el present d&#8217;una manera que ens hauria d&#8217;avergonyir. ensenyen el que significa viure de deb\u00f2.    <\/p>\n\n<p>Aix\u00ed que potser haur\u00edem d&#8217;aprendre alguna cosa d&#8217;ells. No nom\u00e9s mirar-los amb tendresa, sin\u00f3 imitar la seva filosofia senzilla i honesta. Tu qu\u00e8 en penses? T&#8217;apuntes a viure amb menys soroll i m\u00e9s lladrucs \ud83d\udc3e<\/p>\n\n<hr class=\"wp-block-separator has-alpha-channel-opacity\" \/>\n\n<blockquote class=\"wp-block-quote is-layout-flow wp-block-quote-is-layout-flow\">\n<p>Des de MasTorrencito us desitgem un bon dia i que els vostres gossos us acompanyi!!!!<\/p>\n<\/blockquote>\n\n<p>\u2014\u2013<br \/> Si vols, pot veure els nostres <strong>bons per caps de setmana, bons jubilats<\/strong> , a un preu incre\u00efble..entra a <a href=\"https:\/\/www.mastorrencito.com\/\">www.mastorrencito.com<\/a> o si vols podeu llegir m\u00e9s hist\u00f2ria i an\u00e8cdotes que ens han passat a Mas Torrencito\u2026 Fes click <a href=\"https:\/\/mastorrencito.com\/\">aqu\u00ed<\/a><\/p>\n","protected":false},"excerpt":{"rendered":"<p>Perqu\u00e8, siguem sincers, tots sabem com acaba aquesta pel\u00b7l\u00edcula. Tots. No importa quant \u00e8xit acumulem, quant soroll fem o quant intentem ignorar el tema, el final \u00e9s inamovible. S\u00ed, amics: abans o despr\u00e9s, tots acabem en una caixa de fusta, transformats en cendres o amb un \u201cxalet etern\u201d amb vistes, diguem&#8230; no gaire panor\u00e0miques. Perqu\u00e8, [&hellip;]<\/p>\n","protected":false},"author":2,"featured_media":2792,"comment_status":"open","ping_status":"closed","sticky":false,"template":"","format":"standard","meta":{"_acf_changed":false,"footnotes":""},"categories":[35],"tags":[47,55,57,42],"class_list":["post-2796","post","type-post","status-publish","format-standard","has-post-thumbnail","hentry","category-histories-mastorrencito","tag-gironaconmascotas","tag-turismecostabrava","tag-turismeruralambgossos-3","tag-turismoconmascotas"],"yoast_head":"<!-- This site is optimized with the Yoast SEO Premium plugin v27.3 (Yoast SEO v27.5) - https:\/\/yoast.com\/product\/yoast-seo-premium-wordpress\/ -->\n<title>Cr\u00f2nica d&#039;una Mort Anunciada by MasTorrencito - Mas Torrencito CAT<\/title>\n<meta name=\"description\" content=\"I \u00e9s que al fons tots acabem en una caixa de fusta, uns m\u00e9s boniques altres de... Cr\u00f2nica d&#039;una Mort Anunciada by MasTorrencito\" \/>\n<meta name=\"robots\" content=\"index, follow, max-snippet:-1, max-image-preview:large, max-video-preview:-1\" \/>\n<link rel=\"canonical\" href=\"https:\/\/mastorrencito.com\/cat\/cronica-duna-mort-anunciada-by-mastorrencito\/\" \/>\n<meta property=\"og:locale\" content=\"es_ES\" \/>\n<meta property=\"og:type\" content=\"article\" \/>\n<meta property=\"og:title\" content=\"Cr\u00f2nica d&#039;una Mort Anunciada by MasTorrencito\" \/>\n<meta property=\"og:description\" content=\"I \u00e9s que al fons tots acabem en una caixa de fusta, uns m\u00e9s boniques altres de... Cr\u00f2nica d&#039;una Mort Anunciada by MasTorrencito\" \/>\n<meta property=\"og:url\" content=\"https:\/\/mastorrencito.com\/cat\/cronica-duna-mort-anunciada-by-mastorrencito\/\" \/>\n<meta property=\"og:site_name\" content=\"Mas Torrencito CAT\" \/>\n<meta property=\"article:published_time\" content=\"2024-12-14T07:18:40+00:00\" \/>\n<meta property=\"og:image\" content=\"https:\/\/mastorrencito.com\/cat\/wp-content\/uploads\/sites\/3\/reflexion_muerte.jpg\" \/>\n\t<meta property=\"og:image:width\" content=\"1024\" \/>\n\t<meta property=\"og:image:height\" content=\"1024\" \/>\n\t<meta property=\"og:image:type\" content=\"image\/jpeg\" \/>\n<meta name=\"author\" content=\"Mastorrencito\" \/>\n<meta name=\"twitter:card\" content=\"summary_large_image\" \/>\n<meta name=\"twitter:label1\" content=\"Escrito por\" \/>\n\t<meta name=\"twitter:data1\" content=\"Mastorrencito\" \/>\n\t<meta name=\"twitter:label2\" content=\"Tiempo de lectura\" \/>\n\t<meta name=\"twitter:data2\" content=\"3 minutos\" \/>\n<script type=\"application\/ld+json\" class=\"yoast-schema-graph\">{\"@context\":\"https:\\\/\\\/schema.org\",\"@graph\":[{\"@type\":\"Article\",\"@id\":\"https:\\\/\\\/mastorrencito.com\\\/cat\\\/cronica-duna-mort-anunciada-by-mastorrencito\\\/#article\",\"isPartOf\":{\"@id\":\"https:\\\/\\\/mastorrencito.com\\\/cat\\\/cronica-duna-mort-anunciada-by-mastorrencito\\\/\"},\"author\":{\"name\":\"Mastorrencito\",\"@id\":\"https:\\\/\\\/mastorrencito.com\\\/#\\\/schema\\\/person\\\/18c619be80d4ae2667c702911625f790\"},\"headline\":\"Cr\u00f2nica d&#8217;una Mort Anunciada by MasTorrencito\",\"datePublished\":\"2024-12-14T07:18:40+00:00\",\"mainEntityOfPage\":{\"@id\":\"https:\\\/\\\/mastorrencito.com\\\/cat\\\/cronica-duna-mort-anunciada-by-mastorrencito\\\/\"},\"wordCount\":687,\"commentCount\":1,\"publisher\":{\"@id\":\"https:\\\/\\\/mastorrencito.com\\\/#organization\"},\"image\":{\"@id\":\"https:\\\/\\\/mastorrencito.com\\\/cat\\\/cronica-duna-mort-anunciada-by-mastorrencito\\\/#primaryimage\"},\"thumbnailUrl\":\"https:\\\/\\\/mastorrencito.com\\\/cat\\\/wp-content\\\/uploads\\\/sites\\\/3\\\/reflexion_muerte.jpg\",\"keywords\":[\"Gironaconmascotas\",\"turismecostabrava\",\"turismeruralambgossos\",\"turismoconmascotas\"],\"articleSection\":[\"Hist\u00f2ries Mastorrencito\"],\"inLanguage\":\"es\",\"potentialAction\":[{\"@type\":\"CommentAction\",\"name\":\"Comment\",\"target\":[\"https:\\\/\\\/mastorrencito.com\\\/cat\\\/cronica-duna-mort-anunciada-by-mastorrencito\\\/#respond\"]}]},{\"@type\":\"WebPage\",\"@id\":\"https:\\\/\\\/mastorrencito.com\\\/cat\\\/cronica-duna-mort-anunciada-by-mastorrencito\\\/\",\"url\":\"https:\\\/\\\/mastorrencito.com\\\/cat\\\/cronica-duna-mort-anunciada-by-mastorrencito\\\/\",\"name\":\"Cr\u00f2nica d'una Mort Anunciada by MasTorrencito - Mas Torrencito CAT\",\"isPartOf\":{\"@id\":\"https:\\\/\\\/mastorrencito.com\\\/#website\"},\"primaryImageOfPage\":{\"@id\":\"https:\\\/\\\/mastorrencito.com\\\/cat\\\/cronica-duna-mort-anunciada-by-mastorrencito\\\/#primaryimage\"},\"image\":{\"@id\":\"https:\\\/\\\/mastorrencito.com\\\/cat\\\/cronica-duna-mort-anunciada-by-mastorrencito\\\/#primaryimage\"},\"thumbnailUrl\":\"https:\\\/\\\/mastorrencito.com\\\/cat\\\/wp-content\\\/uploads\\\/sites\\\/3\\\/reflexion_muerte.jpg\",\"datePublished\":\"2024-12-14T07:18:40+00:00\",\"description\":\"I \u00e9s que al fons tots acabem en una caixa de fusta, uns m\u00e9s boniques altres de... Cr\u00f2nica d'una Mort Anunciada by MasTorrencito\",\"breadcrumb\":{\"@id\":\"https:\\\/\\\/mastorrencito.com\\\/cat\\\/cronica-duna-mort-anunciada-by-mastorrencito\\\/#breadcrumb\"},\"inLanguage\":\"es\",\"potentialAction\":[{\"@type\":\"ReadAction\",\"target\":[\"https:\\\/\\\/mastorrencito.com\\\/cat\\\/cronica-duna-mort-anunciada-by-mastorrencito\\\/\"]}]},{\"@type\":\"ImageObject\",\"inLanguage\":\"es\",\"@id\":\"https:\\\/\\\/mastorrencito.com\\\/cat\\\/cronica-duna-mort-anunciada-by-mastorrencito\\\/#primaryimage\",\"url\":\"https:\\\/\\\/mastorrencito.com\\\/cat\\\/wp-content\\\/uploads\\\/sites\\\/3\\\/reflexion_muerte.jpg\",\"contentUrl\":\"https:\\\/\\\/mastorrencito.com\\\/cat\\\/wp-content\\\/uploads\\\/sites\\\/3\\\/reflexion_muerte.jpg\",\"width\":1024,\"height\":1024,\"caption\":\"Reflexion de MasTorrencito\"},{\"@type\":\"BreadcrumbList\",\"@id\":\"https:\\\/\\\/mastorrencito.com\\\/cat\\\/cronica-duna-mort-anunciada-by-mastorrencito\\\/#breadcrumb\",\"itemListElement\":[{\"@type\":\"ListItem\",\"position\":1,\"name\":\"Portada\",\"item\":\"https:\\\/\\\/mastorrencito.com\\\/\"},{\"@type\":\"ListItem\",\"position\":2,\"name\":\"Cr\u00f2nica d&#8217;una Mort Anunciada by MasTorrencito\"}]},{\"@type\":\"WebSite\",\"@id\":\"https:\\\/\\\/mastorrencito.com\\\/#website\",\"url\":\"https:\\\/\\\/mastorrencito.com\\\/\",\"name\":\"Mas Torrencito CAT\",\"description\":\"Casa rural pet friendly en Girona\",\"publisher\":{\"@id\":\"https:\\\/\\\/mastorrencito.com\\\/#organization\"},\"potentialAction\":[{\"@type\":\"SearchAction\",\"target\":{\"@type\":\"EntryPoint\",\"urlTemplate\":\"https:\\\/\\\/mastorrencito.com\\\/?s={search_term_string}\"},\"query-input\":{\"@type\":\"PropertyValueSpecification\",\"valueRequired\":true,\"valueName\":\"search_term_string\"}}],\"inLanguage\":\"es\"},{\"@type\":\"Organization\",\"@id\":\"https:\\\/\\\/mastorrencito.com\\\/#organization\",\"name\":\"Mas Torrencito CAT\",\"url\":\"https:\\\/\\\/mastorrencito.com\\\/\",\"logo\":{\"@type\":\"ImageObject\",\"inLanguage\":\"es\",\"@id\":\"https:\\\/\\\/mastorrencito.com\\\/#\\\/schema\\\/logo\\\/image\\\/\",\"url\":\"https:\\\/\\\/mastorrencito.com\\\/cat\\\/wp-content\\\/uploads\\\/sites\\\/3\\\/Logo-Mastorrencito-horizontal.webp\",\"contentUrl\":\"https:\\\/\\\/mastorrencito.com\\\/cat\\\/wp-content\\\/uploads\\\/sites\\\/3\\\/Logo-Mastorrencito-horizontal.webp\",\"width\":161,\"height\":54,\"caption\":\"Mas Torrencito CAT\"},\"image\":{\"@id\":\"https:\\\/\\\/mastorrencito.com\\\/#\\\/schema\\\/logo\\\/image\\\/\"}},{\"@type\":\"Person\",\"@id\":\"https:\\\/\\\/mastorrencito.com\\\/#\\\/schema\\\/person\\\/18c619be80d4ae2667c702911625f790\",\"name\":\"Mastorrencito\",\"image\":{\"@type\":\"ImageObject\",\"inLanguage\":\"es\",\"@id\":\"https:\\\/\\\/secure.gravatar.com\\\/avatar\\\/3ef55e0519f987a734c21caee1423b51df7b760b7d81a38ecd31cab0a5115f6d?s=96&d=mm&r=g\",\"url\":\"https:\\\/\\\/secure.gravatar.com\\\/avatar\\\/3ef55e0519f987a734c21caee1423b51df7b760b7d81a38ecd31cab0a5115f6d?s=96&d=mm&r=g\",\"contentUrl\":\"https:\\\/\\\/secure.gravatar.com\\\/avatar\\\/3ef55e0519f987a734c21caee1423b51df7b760b7d81a38ecd31cab0a5115f6d?s=96&d=mm&r=g\",\"caption\":\"Mastorrencito\"},\"url\":\"https:\\\/\\\/mastorrencito.com\\\/cat\\\/author\\\/mastorrencito\\\/\"}]}<\/script>\n<!-- \/ Yoast SEO Premium plugin. -->","yoast_head_json":{"title":"Cr\u00f2nica d'una Mort Anunciada by MasTorrencito - Mas Torrencito CAT","description":"I \u00e9s que al fons tots acabem en una caixa de fusta, uns m\u00e9s boniques altres de... Cr\u00f2nica d'una Mort Anunciada by MasTorrencito","robots":{"index":"index","follow":"follow","max-snippet":"max-snippet:-1","max-image-preview":"max-image-preview:large","max-video-preview":"max-video-preview:-1"},"canonical":"https:\/\/mastorrencito.com\/cat\/cronica-duna-mort-anunciada-by-mastorrencito\/","og_locale":"es_ES","og_type":"article","og_title":"Cr\u00f2nica d'una Mort Anunciada by MasTorrencito","og_description":"I \u00e9s que al fons tots acabem en una caixa de fusta, uns m\u00e9s boniques altres de... Cr\u00f2nica d'una Mort Anunciada by MasTorrencito","og_url":"https:\/\/mastorrencito.com\/cat\/cronica-duna-mort-anunciada-by-mastorrencito\/","og_site_name":"Mas Torrencito CAT","article_published_time":"2024-12-14T07:18:40+00:00","og_image":[{"width":1024,"height":1024,"url":"https:\/\/mastorrencito.com\/cat\/wp-content\/uploads\/sites\/3\/reflexion_muerte.jpg","type":"image\/jpeg"}],"author":"Mastorrencito","twitter_card":"summary_large_image","twitter_misc":{"Escrito por":"Mastorrencito","Tiempo de lectura":"3 minutos"},"schema":{"@context":"https:\/\/schema.org","@graph":[{"@type":"Article","@id":"https:\/\/mastorrencito.com\/cat\/cronica-duna-mort-anunciada-by-mastorrencito\/#article","isPartOf":{"@id":"https:\/\/mastorrencito.com\/cat\/cronica-duna-mort-anunciada-by-mastorrencito\/"},"author":{"name":"Mastorrencito","@id":"https:\/\/mastorrencito.com\/#\/schema\/person\/18c619be80d4ae2667c702911625f790"},"headline":"Cr\u00f2nica d&#8217;una Mort Anunciada by MasTorrencito","datePublished":"2024-12-14T07:18:40+00:00","mainEntityOfPage":{"@id":"https:\/\/mastorrencito.com\/cat\/cronica-duna-mort-anunciada-by-mastorrencito\/"},"wordCount":687,"commentCount":1,"publisher":{"@id":"https:\/\/mastorrencito.com\/#organization"},"image":{"@id":"https:\/\/mastorrencito.com\/cat\/cronica-duna-mort-anunciada-by-mastorrencito\/#primaryimage"},"thumbnailUrl":"https:\/\/mastorrencito.com\/cat\/wp-content\/uploads\/sites\/3\/reflexion_muerte.jpg","keywords":["Gironaconmascotas","turismecostabrava","turismeruralambgossos","turismoconmascotas"],"articleSection":["Hist\u00f2ries Mastorrencito"],"inLanguage":"es","potentialAction":[{"@type":"CommentAction","name":"Comment","target":["https:\/\/mastorrencito.com\/cat\/cronica-duna-mort-anunciada-by-mastorrencito\/#respond"]}]},{"@type":"WebPage","@id":"https:\/\/mastorrencito.com\/cat\/cronica-duna-mort-anunciada-by-mastorrencito\/","url":"https:\/\/mastorrencito.com\/cat\/cronica-duna-mort-anunciada-by-mastorrencito\/","name":"Cr\u00f2nica d'una Mort Anunciada by MasTorrencito - Mas Torrencito CAT","isPartOf":{"@id":"https:\/\/mastorrencito.com\/#website"},"primaryImageOfPage":{"@id":"https:\/\/mastorrencito.com\/cat\/cronica-duna-mort-anunciada-by-mastorrencito\/#primaryimage"},"image":{"@id":"https:\/\/mastorrencito.com\/cat\/cronica-duna-mort-anunciada-by-mastorrencito\/#primaryimage"},"thumbnailUrl":"https:\/\/mastorrencito.com\/cat\/wp-content\/uploads\/sites\/3\/reflexion_muerte.jpg","datePublished":"2024-12-14T07:18:40+00:00","description":"I \u00e9s que al fons tots acabem en una caixa de fusta, uns m\u00e9s boniques altres de... Cr\u00f2nica d'una Mort Anunciada by MasTorrencito","breadcrumb":{"@id":"https:\/\/mastorrencito.com\/cat\/cronica-duna-mort-anunciada-by-mastorrencito\/#breadcrumb"},"inLanguage":"es","potentialAction":[{"@type":"ReadAction","target":["https:\/\/mastorrencito.com\/cat\/cronica-duna-mort-anunciada-by-mastorrencito\/"]}]},{"@type":"ImageObject","inLanguage":"es","@id":"https:\/\/mastorrencito.com\/cat\/cronica-duna-mort-anunciada-by-mastorrencito\/#primaryimage","url":"https:\/\/mastorrencito.com\/cat\/wp-content\/uploads\/sites\/3\/reflexion_muerte.jpg","contentUrl":"https:\/\/mastorrencito.com\/cat\/wp-content\/uploads\/sites\/3\/reflexion_muerte.jpg","width":1024,"height":1024,"caption":"Reflexion de MasTorrencito"},{"@type":"BreadcrumbList","@id":"https:\/\/mastorrencito.com\/cat\/cronica-duna-mort-anunciada-by-mastorrencito\/#breadcrumb","itemListElement":[{"@type":"ListItem","position":1,"name":"Portada","item":"https:\/\/mastorrencito.com\/"},{"@type":"ListItem","position":2,"name":"Cr\u00f2nica d&#8217;una Mort Anunciada by MasTorrencito"}]},{"@type":"WebSite","@id":"https:\/\/mastorrencito.com\/#website","url":"https:\/\/mastorrencito.com\/","name":"Mas Torrencito CAT","description":"Casa rural pet friendly en Girona","publisher":{"@id":"https:\/\/mastorrencito.com\/#organization"},"potentialAction":[{"@type":"SearchAction","target":{"@type":"EntryPoint","urlTemplate":"https:\/\/mastorrencito.com\/?s={search_term_string}"},"query-input":{"@type":"PropertyValueSpecification","valueRequired":true,"valueName":"search_term_string"}}],"inLanguage":"es"},{"@type":"Organization","@id":"https:\/\/mastorrencito.com\/#organization","name":"Mas Torrencito CAT","url":"https:\/\/mastorrencito.com\/","logo":{"@type":"ImageObject","inLanguage":"es","@id":"https:\/\/mastorrencito.com\/#\/schema\/logo\/image\/","url":"https:\/\/mastorrencito.com\/cat\/wp-content\/uploads\/sites\/3\/Logo-Mastorrencito-horizontal.webp","contentUrl":"https:\/\/mastorrencito.com\/cat\/wp-content\/uploads\/sites\/3\/Logo-Mastorrencito-horizontal.webp","width":161,"height":54,"caption":"Mas Torrencito CAT"},"image":{"@id":"https:\/\/mastorrencito.com\/#\/schema\/logo\/image\/"}},{"@type":"Person","@id":"https:\/\/mastorrencito.com\/#\/schema\/person\/18c619be80d4ae2667c702911625f790","name":"Mastorrencito","image":{"@type":"ImageObject","inLanguage":"es","@id":"https:\/\/secure.gravatar.com\/avatar\/3ef55e0519f987a734c21caee1423b51df7b760b7d81a38ecd31cab0a5115f6d?s=96&d=mm&r=g","url":"https:\/\/secure.gravatar.com\/avatar\/3ef55e0519f987a734c21caee1423b51df7b760b7d81a38ecd31cab0a5115f6d?s=96&d=mm&r=g","contentUrl":"https:\/\/secure.gravatar.com\/avatar\/3ef55e0519f987a734c21caee1423b51df7b760b7d81a38ecd31cab0a5115f6d?s=96&d=mm&r=g","caption":"Mastorrencito"},"url":"https:\/\/mastorrencito.com\/cat\/author\/mastorrencito\/"}]}},"acf":[],"_links":{"self":[{"href":"https:\/\/mastorrencito.com\/cat\/wp-json\/wp\/v2\/posts\/2796","targetHints":{"allow":["GET"]}}],"collection":[{"href":"https:\/\/mastorrencito.com\/cat\/wp-json\/wp\/v2\/posts"}],"about":[{"href":"https:\/\/mastorrencito.com\/cat\/wp-json\/wp\/v2\/types\/post"}],"author":[{"embeddable":true,"href":"https:\/\/mastorrencito.com\/cat\/wp-json\/wp\/v2\/users\/2"}],"replies":[{"embeddable":true,"href":"https:\/\/mastorrencito.com\/cat\/wp-json\/wp\/v2\/comments?post=2796"}],"version-history":[{"count":0,"href":"https:\/\/mastorrencito.com\/cat\/wp-json\/wp\/v2\/posts\/2796\/revisions"}],"wp:featuredmedia":[{"embeddable":true,"href":"https:\/\/mastorrencito.com\/cat\/wp-json\/wp\/v2\/media\/2792"}],"wp:attachment":[{"href":"https:\/\/mastorrencito.com\/cat\/wp-json\/wp\/v2\/media?parent=2796"}],"wp:term":[{"taxonomy":"category","embeddable":true,"href":"https:\/\/mastorrencito.com\/cat\/wp-json\/wp\/v2\/categories?post=2796"},{"taxonomy":"post_tag","embeddable":true,"href":"https:\/\/mastorrencito.com\/cat\/wp-json\/wp\/v2\/tags?post=2796"}],"curies":[{"name":"wp","href":"https:\/\/api.w.org\/{rel}","templated":true}]}}