{"id":2742,"date":"2024-12-11T06:50:20","date_gmt":"2024-12-11T06:50:20","guid":{"rendered":"https:\/\/casaruralconperrosgirona.com\/la-trista-realitat-de-ser-felic-avui-en-dia-by-mastorrencito\/"},"modified":"2024-12-11T06:50:20","modified_gmt":"2024-12-11T06:50:20","slug":"la-trista-realitat-de-ser-felic-avui-en-dia-by-mastorrencito","status":"publish","type":"post","link":"https:\/\/mastorrencito.com\/cat\/la-trista-realitat-de-ser-felic-avui-en-dia-by-mastorrencito\/","title":{"rendered":"La Trista Realitat de Ser Feli\u00e7 Avui en Dia by MasTorrencito"},"content":{"rendered":"\n<h4 class=\"wp-block-heading\">No s\u00e9 si estar\u00e0s d&#8217;acord amb aquesta reflexi\u00f3 meva d&#8217;avui&#8230; digues-me tu que opines&#8230;. La Trista Realitat de Ser Feli\u00e7 Avui a Dia by Mas <\/h4>\n\n<p>Avui no vinc a explicar-los an\u00e8cdotes simp\u00e0tiques ni a parlar de gossets juganers. Avui toca parlar d&#8217;una cosa m\u00e9s profunda, una cosa que em fa mal admetre per\u00f2 que \u00e9s dif\u00edcil ignorar: la tristesa que s&#8217;amaga darrere d&#8217;aquells somriures de selfie i els filtres d&#8217;Instagram. Aquesta felicitat ef\u00edmera que dura el que un flaix i que ens deixa m\u00e9s buits que abans.  <\/p>\n\n<p>L&#8217;altre dia, dinant amb el meu amic Andr\u00e9s, vam seure en un restaurant elegant, d&#8217;aquells on el men\u00fa del dia costa el que abans era tot un \u00e0pat familiar. El lloc tenia vistes a un llac, plats delicadament decorats i un ambient que convidava a la foto perfecta. I, efectivament, les fotos no van trigar a arribar. Selfies, posis, \u00abboomerangs\u00bb. Per\u00f2 quan baixava la mirada de les pantalles alienes, veia una cosa que em gla\u00e7ava l&#8217;\u00e0nima: taules on la gent menjava sola o, encara pitjor, acompanyada per\u00f2 en absolut silenci. Ni una paraula, ni un somriure veritable. Tot era a les xarxes, per\u00f2 res no era als seus cors. El moment \u00abespecial\u00bb es quedava atrapat en un quadrat digital, mentre el buit creixia al m\u00f3n real.       <\/p>\n<figure class=\"wp-block-post-featured-image\"><img fetchpriority=\"high\" decoding=\"async\" width=\"1024\" height=\"1024\" src=\"https:\/\/mastorrencito.com\/cat\/wp-content\/uploads\/sites\/3\/reflexion2.jpg\" class=\"attachment-post-thumbnail size-post-thumbnail wp-post-image\" alt=\"Reflexxion sobre la felicidad de hoy by MasTorrencito News\" style=\"object-fit:cover;\" srcset=\"https:\/\/mastorrencito.com\/cat\/wp-content\/uploads\/sites\/3\/reflexion2.jpg 1024w, https:\/\/mastorrencito.com\/cat\/wp-content\/uploads\/sites\/3\/reflexion2-300x300.jpg 300w, https:\/\/mastorrencito.com\/cat\/wp-content\/uploads\/sites\/3\/reflexion2-150x150.jpg 150w, https:\/\/mastorrencito.com\/cat\/wp-content\/uploads\/sites\/3\/reflexion2-768x768.jpg 768w\" sizes=\"(max-width: 1024px) 100vw, 1024px\" \/><\/figure>\n<p>Parlant amb Andreu arribem a una conclusi\u00f3 amarga. Des de la pand\u00e8mia, alguna cosa dins nostre va canviar. Som m\u00e9s introvertits, menys comunicatius, menys humans. No se suposava que una trag\u00e8dia global ens uniria, ens faria valorar m\u00e9s la companyia i les coses petites? Sembla que va passar el contrari. Ens vam refugiar en pantalles, ens vam tornar espectadors de les nostres pr\u00f2pies vides.     <\/p>\n\n<p>I llavors, mentre reflexionava, vaig veure una cosa que em va sacsejar. Una taula de padrins, dels que freguen els 80 anys per\u00f2 que tenen l?\u00e0nima jove. Reien a riallades, explicaven hist\u00f2ries, s&#8217;interrompien per compartir an\u00e8cdotes i es miraven als ulls. Ni un sol m\u00f2bil sobre la taula. \u00abcheck-ins\u00bb ni \u00ablikes\u00bb. Nom\u00e9s rialles, complicitat, humanitat. Vaig sentir enveja, per\u00f2 no de la bona. Una enveja amarga, perqu\u00e8 em vaig adonar que no veia aix\u00f2 en la meva generaci\u00f3, i encara menys en les m\u00e9s joves. L&#8217;autenticitat s&#8217;estava morint, i nosaltres l&#8217;est\u00e0vem enterrant.        <\/p>\n\n<p>De cam\u00ed cap a casa, l&#8217;Andreu i jo seguim parlant. Era de nit, i el fred calava als ossos. Ell em va dir una cosa que se&#8217;m va quedar gravada:  <\/p>\n\n<p>\u2014I ara qu\u00e8, ja s&#8217;ha acabat el dia? Encenc la xemeneia, llegeixo alguna cosa o poso la tele fins dem\u00e0. <\/p>\n\n<p>\u2014Doncs s\u00ed, li vaig respondre, gaireb\u00e9 sense ganes.<\/p>\n\n<p>I vaig recordar com, no fa tant, a aquelles hores encara quedava tota una nit al davant. Bars plens d&#8217;amics jugant a mus, xerrant o simplement rient amb unes cerveses. Per\u00f2 ara, els bars estan buits o tancats, i els pocs que segueixen oberts tenen amos que miren v\u00eddeos antics amb nost\u00e0lgia, intentant omplir les hores mortes.  <\/p>\n\n<p>El contrast era brutal. Vaig recordar els anys a Madrid o Salamanca, on la vida nocturna era vibrant, i em va semblar gaireb\u00e9 un somni, una cosa irreal. Avui, aquesta energia sembla inabastable.  <\/p>\n\n<p>L&#8217;\u00fanic que em consola s\u00f3n les petites coses: el meu gos, que sempre em treu un somriure amb les entremaliadures, o aquelles tardes amb la Mire, on entre rialles i jocs el temps passa de manera una mica menys trista. Per\u00f2 fins i tot aix\u00f2 em fa pensar: ens estem conformant amb tan poc perqu\u00e8 no hi ha cap altra opci\u00f3? <\/p>\n\n<hr class=\"wp-block-separator has-alpha-channel-opacity\" \/>\n\n<h4 class=\"wp-block-heading\"><strong>Reflexi\u00f3 Final<\/strong><\/h4>\n\n<p>Estem atrapats en una paradoxa: mai no hem tingut tantes eines per connectar-nos, i no obstant, estem m\u00e9s desconnectats que mai. Ens hem convertit en actors d\u00b4una obra que no sentim pr\u00f2pia, sempre pendents de l\u00b4aplaudiment digital per\u00f2 incapa\u00e7os de gaudir del moment present. La felicitat que mostrem \u00e9s un miratge, un intent desesperat per conv\u00e8ncer el m\u00f3n \u2014ia nosaltres mateixos\u2014 que estem b\u00e9.  <\/p>\n\n<p>Potser la resposta estigui en una cosa tan simple i tan oblidada com mirar els ulls, riure a riallades i apagar el m\u00f2bil. Potser \u00e9s hora de recuperar el que hem perdut, abans que sigui massa tard. Perqu\u00e8, si seguim aix\u00ed, ens arrisquem a viure en un m\u00f3n on tot sembla feli\u00e7 per\u00f2 res no ho \u00e9s realment. I aquesta, amics, \u00e9s la veritable trag\u00e8dia de la nostra \u00e8poca.   <\/p>\n\n<blockquote class=\"wp-block-quote is-layout-flow wp-block-quote-is-layout-flow\">\n<p>Des de MasTorrencito us desitgem un bon dia i que els vostres gossos us acompanyi!!!!<\/p>\n<\/blockquote>\n\n<p>\u2014\u2013<br \/> Si vols, pot veure els nostres <strong>bons per caps de setmana, bons jubilats<\/strong> , a un preu incre\u00efble..entra a <a href=\"https:\/\/www.mastorrencito.com\/\">www.mastorrencito.com<\/a> o si vols podeu llegir m\u00e9s hist\u00f2ria i an\u00e8cdotes que ens han passat a Mas Torrencito\u2026 Fes click <a href=\"https:\/\/mastorrencito.com\/\">aqu\u00ed<\/a><\/p>\n\n<p><\/p>\n","protected":false},"excerpt":{"rendered":"<p>No s\u00e9 si estar\u00e0s d&#8217;acord amb aquesta reflexi\u00f3 meva d&#8217;avui&#8230; digues-me tu que opines&#8230;. La Trista Realitat de Ser Feli\u00e7 Avui a Dia by Mas Avui no vinc a explicar-los an\u00e8cdotes simp\u00e0tiques ni a parlar de gossets juganers. Avui toca parlar d&#8217;una cosa m\u00e9s profunda, una cosa que em fa mal admetre per\u00f2 que \u00e9s [&hellip;]<\/p>\n","protected":false},"author":2,"featured_media":2728,"comment_status":"open","ping_status":"closed","sticky":false,"template":"","format":"standard","meta":{"_acf_changed":false,"footnotes":""},"categories":[35],"tags":[],"class_list":["post-2742","post","type-post","status-publish","format-standard","has-post-thumbnail","hentry","category-histories-mastorrencito"],"yoast_head":"<!-- This site is optimized with the Yoast SEO Premium plugin v27.3 (Yoast SEO v27.5) - https:\/\/yoast.com\/product\/yoast-seo-premium-wordpress\/ -->\n<title>La Trista Realitat de Ser Feli\u00e7 Avui en Dia by MasTorrencito - Mas Torrencito CAT<\/title>\n<meta name=\"description\" content=\"Aquestes o no d&#039;acord amb aquesta reflexi\u00f3... Opina m\u00e9s avall, t&#039;ho agrairia.\" \/>\n<meta name=\"robots\" content=\"index, follow, max-snippet:-1, max-image-preview:large, max-video-preview:-1\" \/>\n<link rel=\"canonical\" href=\"https:\/\/mastorrencito.com\/cat\/la-trista-realitat-de-ser-felic-avui-en-dia-by-mastorrencito\/\" \/>\n<meta property=\"og:locale\" content=\"es_ES\" \/>\n<meta property=\"og:type\" content=\"article\" \/>\n<meta property=\"og:title\" content=\"La Trista Realitat de Ser Feli\u00e7 Avui en Dia by MasTorrencito\" \/>\n<meta property=\"og:description\" content=\"Aquestes o no d&#039;acord amb aquesta reflexi\u00f3... Opina m\u00e9s avall, t&#039;ho agrairia.\" \/>\n<meta property=\"og:url\" content=\"https:\/\/mastorrencito.com\/cat\/la-trista-realitat-de-ser-felic-avui-en-dia-by-mastorrencito\/\" \/>\n<meta property=\"og:site_name\" content=\"Mas Torrencito CAT\" \/>\n<meta property=\"article:published_time\" content=\"2024-12-11T06:50:20+00:00\" \/>\n<meta property=\"og:image\" content=\"https:\/\/mastorrencito.com\/cat\/wp-content\/uploads\/sites\/3\/reflexion2.jpg\" \/>\n\t<meta property=\"og:image:width\" content=\"1024\" \/>\n\t<meta property=\"og:image:height\" content=\"1024\" \/>\n\t<meta property=\"og:image:type\" content=\"image\/jpeg\" \/>\n<meta name=\"author\" content=\"Mastorrencito\" \/>\n<meta name=\"twitter:card\" content=\"summary_large_image\" \/>\n<meta name=\"twitter:label1\" content=\"Escrito por\" \/>\n\t<meta name=\"twitter:data1\" content=\"Mastorrencito\" \/>\n\t<meta name=\"twitter:label2\" content=\"Tiempo de lectura\" \/>\n\t<meta name=\"twitter:data2\" content=\"4 minutos\" \/>\n<script type=\"application\/ld+json\" class=\"yoast-schema-graph\">{\"@context\":\"https:\\\/\\\/schema.org\",\"@graph\":[{\"@type\":\"Article\",\"@id\":\"https:\\\/\\\/mastorrencito.com\\\/cat\\\/la-trista-realitat-de-ser-felic-avui-en-dia-by-mastorrencito\\\/#article\",\"isPartOf\":{\"@id\":\"https:\\\/\\\/mastorrencito.com\\\/cat\\\/la-trista-realitat-de-ser-felic-avui-en-dia-by-mastorrencito\\\/\"},\"author\":{\"name\":\"Mastorrencito\",\"@id\":\"https:\\\/\\\/mastorrencito.com\\\/#\\\/schema\\\/person\\\/18c619be80d4ae2667c702911625f790\"},\"headline\":\"La Trista Realitat de Ser Feli\u00e7 Avui en Dia by MasTorrencito\",\"datePublished\":\"2024-12-11T06:50:20+00:00\",\"mainEntityOfPage\":{\"@id\":\"https:\\\/\\\/mastorrencito.com\\\/cat\\\/la-trista-realitat-de-ser-felic-avui-en-dia-by-mastorrencito\\\/\"},\"wordCount\":836,\"commentCount\":0,\"publisher\":{\"@id\":\"https:\\\/\\\/mastorrencito.com\\\/#organization\"},\"image\":{\"@id\":\"https:\\\/\\\/mastorrencito.com\\\/cat\\\/la-trista-realitat-de-ser-felic-avui-en-dia-by-mastorrencito\\\/#primaryimage\"},\"thumbnailUrl\":\"https:\\\/\\\/mastorrencito.com\\\/cat\\\/wp-content\\\/uploads\\\/sites\\\/3\\\/reflexion2.jpg\",\"articleSection\":[\"Hist\u00f2ries Mastorrencito\"],\"inLanguage\":\"es\",\"potentialAction\":[{\"@type\":\"CommentAction\",\"name\":\"Comment\",\"target\":[\"https:\\\/\\\/mastorrencito.com\\\/cat\\\/la-trista-realitat-de-ser-felic-avui-en-dia-by-mastorrencito\\\/#respond\"]}]},{\"@type\":\"WebPage\",\"@id\":\"https:\\\/\\\/mastorrencito.com\\\/cat\\\/la-trista-realitat-de-ser-felic-avui-en-dia-by-mastorrencito\\\/\",\"url\":\"https:\\\/\\\/mastorrencito.com\\\/cat\\\/la-trista-realitat-de-ser-felic-avui-en-dia-by-mastorrencito\\\/\",\"name\":\"La Trista Realitat de Ser Feli\u00e7 Avui en Dia by MasTorrencito - Mas Torrencito CAT\",\"isPartOf\":{\"@id\":\"https:\\\/\\\/mastorrencito.com\\\/#website\"},\"primaryImageOfPage\":{\"@id\":\"https:\\\/\\\/mastorrencito.com\\\/cat\\\/la-trista-realitat-de-ser-felic-avui-en-dia-by-mastorrencito\\\/#primaryimage\"},\"image\":{\"@id\":\"https:\\\/\\\/mastorrencito.com\\\/cat\\\/la-trista-realitat-de-ser-felic-avui-en-dia-by-mastorrencito\\\/#primaryimage\"},\"thumbnailUrl\":\"https:\\\/\\\/mastorrencito.com\\\/cat\\\/wp-content\\\/uploads\\\/sites\\\/3\\\/reflexion2.jpg\",\"datePublished\":\"2024-12-11T06:50:20+00:00\",\"description\":\"Aquestes o no d'acord amb aquesta reflexi\u00f3... Opina m\u00e9s avall, t'ho agrairia.\",\"breadcrumb\":{\"@id\":\"https:\\\/\\\/mastorrencito.com\\\/cat\\\/la-trista-realitat-de-ser-felic-avui-en-dia-by-mastorrencito\\\/#breadcrumb\"},\"inLanguage\":\"es\",\"potentialAction\":[{\"@type\":\"ReadAction\",\"target\":[\"https:\\\/\\\/mastorrencito.com\\\/cat\\\/la-trista-realitat-de-ser-felic-avui-en-dia-by-mastorrencito\\\/\"]}]},{\"@type\":\"ImageObject\",\"inLanguage\":\"es\",\"@id\":\"https:\\\/\\\/mastorrencito.com\\\/cat\\\/la-trista-realitat-de-ser-felic-avui-en-dia-by-mastorrencito\\\/#primaryimage\",\"url\":\"https:\\\/\\\/mastorrencito.com\\\/cat\\\/wp-content\\\/uploads\\\/sites\\\/3\\\/reflexion2.jpg\",\"contentUrl\":\"https:\\\/\\\/mastorrencito.com\\\/cat\\\/wp-content\\\/uploads\\\/sites\\\/3\\\/reflexion2.jpg\",\"width\":1024,\"height\":1024,\"caption\":\"Reflexxion sobre la felicidad de hoy by MasTorrencito News\"},{\"@type\":\"BreadcrumbList\",\"@id\":\"https:\\\/\\\/mastorrencito.com\\\/cat\\\/la-trista-realitat-de-ser-felic-avui-en-dia-by-mastorrencito\\\/#breadcrumb\",\"itemListElement\":[{\"@type\":\"ListItem\",\"position\":1,\"name\":\"Portada\",\"item\":\"https:\\\/\\\/mastorrencito.com\\\/\"},{\"@type\":\"ListItem\",\"position\":2,\"name\":\"La Trista Realitat de Ser Feli\u00e7 Avui en Dia by MasTorrencito\"}]},{\"@type\":\"WebSite\",\"@id\":\"https:\\\/\\\/mastorrencito.com\\\/#website\",\"url\":\"https:\\\/\\\/mastorrencito.com\\\/\",\"name\":\"Mas Torrencito CAT\",\"description\":\"Casa rural pet friendly en Girona\",\"publisher\":{\"@id\":\"https:\\\/\\\/mastorrencito.com\\\/#organization\"},\"potentialAction\":[{\"@type\":\"SearchAction\",\"target\":{\"@type\":\"EntryPoint\",\"urlTemplate\":\"https:\\\/\\\/mastorrencito.com\\\/?s={search_term_string}\"},\"query-input\":{\"@type\":\"PropertyValueSpecification\",\"valueRequired\":true,\"valueName\":\"search_term_string\"}}],\"inLanguage\":\"es\"},{\"@type\":\"Organization\",\"@id\":\"https:\\\/\\\/mastorrencito.com\\\/#organization\",\"name\":\"Mas Torrencito CAT\",\"url\":\"https:\\\/\\\/mastorrencito.com\\\/\",\"logo\":{\"@type\":\"ImageObject\",\"inLanguage\":\"es\",\"@id\":\"https:\\\/\\\/mastorrencito.com\\\/#\\\/schema\\\/logo\\\/image\\\/\",\"url\":\"https:\\\/\\\/mastorrencito.com\\\/cat\\\/wp-content\\\/uploads\\\/sites\\\/3\\\/Logo-Mastorrencito-horizontal.webp\",\"contentUrl\":\"https:\\\/\\\/mastorrencito.com\\\/cat\\\/wp-content\\\/uploads\\\/sites\\\/3\\\/Logo-Mastorrencito-horizontal.webp\",\"width\":161,\"height\":54,\"caption\":\"Mas Torrencito CAT\"},\"image\":{\"@id\":\"https:\\\/\\\/mastorrencito.com\\\/#\\\/schema\\\/logo\\\/image\\\/\"}},{\"@type\":\"Person\",\"@id\":\"https:\\\/\\\/mastorrencito.com\\\/#\\\/schema\\\/person\\\/18c619be80d4ae2667c702911625f790\",\"name\":\"Mastorrencito\",\"image\":{\"@type\":\"ImageObject\",\"inLanguage\":\"es\",\"@id\":\"https:\\\/\\\/secure.gravatar.com\\\/avatar\\\/3ef55e0519f987a734c21caee1423b51df7b760b7d81a38ecd31cab0a5115f6d?s=96&d=mm&r=g\",\"url\":\"https:\\\/\\\/secure.gravatar.com\\\/avatar\\\/3ef55e0519f987a734c21caee1423b51df7b760b7d81a38ecd31cab0a5115f6d?s=96&d=mm&r=g\",\"contentUrl\":\"https:\\\/\\\/secure.gravatar.com\\\/avatar\\\/3ef55e0519f987a734c21caee1423b51df7b760b7d81a38ecd31cab0a5115f6d?s=96&d=mm&r=g\",\"caption\":\"Mastorrencito\"},\"url\":\"https:\\\/\\\/mastorrencito.com\\\/cat\\\/author\\\/mastorrencito\\\/\"}]}<\/script>\n<!-- \/ Yoast SEO Premium plugin. -->","yoast_head_json":{"title":"La Trista Realitat de Ser Feli\u00e7 Avui en Dia by MasTorrencito - Mas Torrencito CAT","description":"Aquestes o no d'acord amb aquesta reflexi\u00f3... Opina m\u00e9s avall, t'ho agrairia.","robots":{"index":"index","follow":"follow","max-snippet":"max-snippet:-1","max-image-preview":"max-image-preview:large","max-video-preview":"max-video-preview:-1"},"canonical":"https:\/\/mastorrencito.com\/cat\/la-trista-realitat-de-ser-felic-avui-en-dia-by-mastorrencito\/","og_locale":"es_ES","og_type":"article","og_title":"La Trista Realitat de Ser Feli\u00e7 Avui en Dia by MasTorrencito","og_description":"Aquestes o no d'acord amb aquesta reflexi\u00f3... Opina m\u00e9s avall, t'ho agrairia.","og_url":"https:\/\/mastorrencito.com\/cat\/la-trista-realitat-de-ser-felic-avui-en-dia-by-mastorrencito\/","og_site_name":"Mas Torrencito CAT","article_published_time":"2024-12-11T06:50:20+00:00","og_image":[{"width":1024,"height":1024,"url":"https:\/\/mastorrencito.com\/cat\/wp-content\/uploads\/sites\/3\/reflexion2.jpg","type":"image\/jpeg"}],"author":"Mastorrencito","twitter_card":"summary_large_image","twitter_misc":{"Escrito por":"Mastorrencito","Tiempo de lectura":"4 minutos"},"schema":{"@context":"https:\/\/schema.org","@graph":[{"@type":"Article","@id":"https:\/\/mastorrencito.com\/cat\/la-trista-realitat-de-ser-felic-avui-en-dia-by-mastorrencito\/#article","isPartOf":{"@id":"https:\/\/mastorrencito.com\/cat\/la-trista-realitat-de-ser-felic-avui-en-dia-by-mastorrencito\/"},"author":{"name":"Mastorrencito","@id":"https:\/\/mastorrencito.com\/#\/schema\/person\/18c619be80d4ae2667c702911625f790"},"headline":"La Trista Realitat de Ser Feli\u00e7 Avui en Dia by MasTorrencito","datePublished":"2024-12-11T06:50:20+00:00","mainEntityOfPage":{"@id":"https:\/\/mastorrencito.com\/cat\/la-trista-realitat-de-ser-felic-avui-en-dia-by-mastorrencito\/"},"wordCount":836,"commentCount":0,"publisher":{"@id":"https:\/\/mastorrencito.com\/#organization"},"image":{"@id":"https:\/\/mastorrencito.com\/cat\/la-trista-realitat-de-ser-felic-avui-en-dia-by-mastorrencito\/#primaryimage"},"thumbnailUrl":"https:\/\/mastorrencito.com\/cat\/wp-content\/uploads\/sites\/3\/reflexion2.jpg","articleSection":["Hist\u00f2ries Mastorrencito"],"inLanguage":"es","potentialAction":[{"@type":"CommentAction","name":"Comment","target":["https:\/\/mastorrencito.com\/cat\/la-trista-realitat-de-ser-felic-avui-en-dia-by-mastorrencito\/#respond"]}]},{"@type":"WebPage","@id":"https:\/\/mastorrencito.com\/cat\/la-trista-realitat-de-ser-felic-avui-en-dia-by-mastorrencito\/","url":"https:\/\/mastorrencito.com\/cat\/la-trista-realitat-de-ser-felic-avui-en-dia-by-mastorrencito\/","name":"La Trista Realitat de Ser Feli\u00e7 Avui en Dia by MasTorrencito - Mas Torrencito CAT","isPartOf":{"@id":"https:\/\/mastorrencito.com\/#website"},"primaryImageOfPage":{"@id":"https:\/\/mastorrencito.com\/cat\/la-trista-realitat-de-ser-felic-avui-en-dia-by-mastorrencito\/#primaryimage"},"image":{"@id":"https:\/\/mastorrencito.com\/cat\/la-trista-realitat-de-ser-felic-avui-en-dia-by-mastorrencito\/#primaryimage"},"thumbnailUrl":"https:\/\/mastorrencito.com\/cat\/wp-content\/uploads\/sites\/3\/reflexion2.jpg","datePublished":"2024-12-11T06:50:20+00:00","description":"Aquestes o no d'acord amb aquesta reflexi\u00f3... Opina m\u00e9s avall, t'ho agrairia.","breadcrumb":{"@id":"https:\/\/mastorrencito.com\/cat\/la-trista-realitat-de-ser-felic-avui-en-dia-by-mastorrencito\/#breadcrumb"},"inLanguage":"es","potentialAction":[{"@type":"ReadAction","target":["https:\/\/mastorrencito.com\/cat\/la-trista-realitat-de-ser-felic-avui-en-dia-by-mastorrencito\/"]}]},{"@type":"ImageObject","inLanguage":"es","@id":"https:\/\/mastorrencito.com\/cat\/la-trista-realitat-de-ser-felic-avui-en-dia-by-mastorrencito\/#primaryimage","url":"https:\/\/mastorrencito.com\/cat\/wp-content\/uploads\/sites\/3\/reflexion2.jpg","contentUrl":"https:\/\/mastorrencito.com\/cat\/wp-content\/uploads\/sites\/3\/reflexion2.jpg","width":1024,"height":1024,"caption":"Reflexxion sobre la felicidad de hoy by MasTorrencito News"},{"@type":"BreadcrumbList","@id":"https:\/\/mastorrencito.com\/cat\/la-trista-realitat-de-ser-felic-avui-en-dia-by-mastorrencito\/#breadcrumb","itemListElement":[{"@type":"ListItem","position":1,"name":"Portada","item":"https:\/\/mastorrencito.com\/"},{"@type":"ListItem","position":2,"name":"La Trista Realitat de Ser Feli\u00e7 Avui en Dia by MasTorrencito"}]},{"@type":"WebSite","@id":"https:\/\/mastorrencito.com\/#website","url":"https:\/\/mastorrencito.com\/","name":"Mas Torrencito CAT","description":"Casa rural pet friendly en Girona","publisher":{"@id":"https:\/\/mastorrencito.com\/#organization"},"potentialAction":[{"@type":"SearchAction","target":{"@type":"EntryPoint","urlTemplate":"https:\/\/mastorrencito.com\/?s={search_term_string}"},"query-input":{"@type":"PropertyValueSpecification","valueRequired":true,"valueName":"search_term_string"}}],"inLanguage":"es"},{"@type":"Organization","@id":"https:\/\/mastorrencito.com\/#organization","name":"Mas Torrencito CAT","url":"https:\/\/mastorrencito.com\/","logo":{"@type":"ImageObject","inLanguage":"es","@id":"https:\/\/mastorrencito.com\/#\/schema\/logo\/image\/","url":"https:\/\/mastorrencito.com\/cat\/wp-content\/uploads\/sites\/3\/Logo-Mastorrencito-horizontal.webp","contentUrl":"https:\/\/mastorrencito.com\/cat\/wp-content\/uploads\/sites\/3\/Logo-Mastorrencito-horizontal.webp","width":161,"height":54,"caption":"Mas Torrencito CAT"},"image":{"@id":"https:\/\/mastorrencito.com\/#\/schema\/logo\/image\/"}},{"@type":"Person","@id":"https:\/\/mastorrencito.com\/#\/schema\/person\/18c619be80d4ae2667c702911625f790","name":"Mastorrencito","image":{"@type":"ImageObject","inLanguage":"es","@id":"https:\/\/secure.gravatar.com\/avatar\/3ef55e0519f987a734c21caee1423b51df7b760b7d81a38ecd31cab0a5115f6d?s=96&d=mm&r=g","url":"https:\/\/secure.gravatar.com\/avatar\/3ef55e0519f987a734c21caee1423b51df7b760b7d81a38ecd31cab0a5115f6d?s=96&d=mm&r=g","contentUrl":"https:\/\/secure.gravatar.com\/avatar\/3ef55e0519f987a734c21caee1423b51df7b760b7d81a38ecd31cab0a5115f6d?s=96&d=mm&r=g","caption":"Mastorrencito"},"url":"https:\/\/mastorrencito.com\/cat\/author\/mastorrencito\/"}]}},"acf":[],"_links":{"self":[{"href":"https:\/\/mastorrencito.com\/cat\/wp-json\/wp\/v2\/posts\/2742","targetHints":{"allow":["GET"]}}],"collection":[{"href":"https:\/\/mastorrencito.com\/cat\/wp-json\/wp\/v2\/posts"}],"about":[{"href":"https:\/\/mastorrencito.com\/cat\/wp-json\/wp\/v2\/types\/post"}],"author":[{"embeddable":true,"href":"https:\/\/mastorrencito.com\/cat\/wp-json\/wp\/v2\/users\/2"}],"replies":[{"embeddable":true,"href":"https:\/\/mastorrencito.com\/cat\/wp-json\/wp\/v2\/comments?post=2742"}],"version-history":[{"count":0,"href":"https:\/\/mastorrencito.com\/cat\/wp-json\/wp\/v2\/posts\/2742\/revisions"}],"wp:featuredmedia":[{"embeddable":true,"href":"https:\/\/mastorrencito.com\/cat\/wp-json\/wp\/v2\/media\/2728"}],"wp:attachment":[{"href":"https:\/\/mastorrencito.com\/cat\/wp-json\/wp\/v2\/media?parent=2742"}],"wp:term":[{"taxonomy":"category","embeddable":true,"href":"https:\/\/mastorrencito.com\/cat\/wp-json\/wp\/v2\/categories?post=2742"},{"taxonomy":"post_tag","embeddable":true,"href":"https:\/\/mastorrencito.com\/cat\/wp-json\/wp\/v2\/tags?post=2742"}],"curies":[{"name":"wp","href":"https:\/\/api.w.org\/{rel}","templated":true}]}}