{"id":2718,"date":"2024-12-11T06:08:47","date_gmt":"2024-12-11T06:08:47","guid":{"rendered":"https:\/\/casaruralconperrosgirona.com\/?p=2718"},"modified":"2024-12-11T06:08:47","modified_gmt":"2024-12-11T06:08:47","slug":"polemica-por-la-posible-implantacion-de-un-impuesto-sobre-las-mascotas-que-opinan-los-duenos","status":"publish","type":"post","link":"https:\/\/mastorrencito.com\/cat\/polemica-por-la-posible-implantacion-de-un-impuesto-sobre-las-mascotas-que-opinan-los-duenos\/","title":{"rendered":"Pol\u00e9mica por la posible implantaci\u00f3n de un impuesto sobre las mascotas: \u00bfqu\u00e9 opinan los due\u00f1os?"},"content":{"rendered":"\n<h4 class=\"wp-block-heading\">Varios ayuntamientos plantean instaurar un impuesto sobre las mascotas<\/h4>\n\n\n\n<ul class=\"wp-block-list\">\n<li>Numerosos ayuntamientos proponen implantar una tasa anual por la tenencia de mascotas<\/li>\n\n\n\n<li>Expertos explican que la medida ser\u00eda viable si existiera una \u00abcontraprestaci\u00f3n por el pago de ese impuesto\u00bb<\/li>\n\n\n\n<li><a href=\"https:\/\/www.cuatro.com\/noticias\/sociedad\/20241025\/traer-trabajo-mascota-empresas-petfriendly_18_013819293.html#utm_source=sumario&amp;utm_medium=articulo\">Llevar al trabajo a tu mascota: las nuevas pol\u00edticas &#8216;petfriendly&#8217; de muchas empresas<\/a><\/li>\n<\/ul>\n\n\n\n<figure class=\"wp-block-image\"><img decoding=\"async\" src=\"https:\/\/album.mediaset.es\/eimg\/2024\/12\/09\/perros_07d3.jpg\" alt=\"La posibilidad de la implantaci\u00f3n de un impuesto sobre las mascotas trae consigo pol\u00e9mica\" \/><\/figure>\n\n\n\n<p>Las mascotas se han convertido en el mejor compa\u00f1ero de vida del ser humano. Seg\u00fan los \u00faltimos datos de la INE,&nbsp;<a href=\"https:\/\/www.cuatro.com\/noticias\/sociedad\/20240314\/crecen-numero-mascotas-gastos-espana-mas-perros-ninos_18_011965285.html\" target=\"_blank\" rel=\"noreferrer noopener\">el 43% de los hogares espa\u00f1oles poseen un animal de compa\u00f1\u00eda<\/a>, una cifra que no hace m\u00e1s que aumentar con el paso de los a\u00f1os. Como informan<strong>&nbsp;Maialen Larrinaga<\/strong>&nbsp;y<strong>&nbsp;Montse \u00c1vila&nbsp;<\/strong>en el video, en pa\u00edses como Alemania o Suiza, los due\u00f1os de las mascotas pagan una&nbsp;<strong>tasa anual<\/strong>&nbsp;por tener un animal de compa\u00f1\u00eda. En varias localidades de nuestro pa\u00eds se ha vuelto a poner sobre la mesa esa posibilidad, generando una gran&nbsp;<strong>pol\u00e9mica&nbsp;<\/strong>entre la poblaci\u00f3n.&nbsp;<\/p>\n\n\n\n<p>Varios&nbsp;<strong>ayuntamientos&nbsp;<\/strong>de la pen\u00ednsula han puesto el foco estos d\u00edas en los propietarios de mascotas con el objetivo de implantar un&nbsp;<strong>impuesto&nbsp;<\/strong>sobre los animales de compa\u00f1\u00eda. Esta nueva medida afectar\u00eda de lleno a los due\u00f1os de las mascotas, que adem\u00e1s se enfrentan a una media de&nbsp;<strong>1.400 euros&nbsp;<\/strong>de gastos anuales por el mantenimiento de su aminal, englobando costes veterinarios, alimentaci\u00f3n, limpieza y juguetes.&nbsp;<\/p>\n\n\n\n<h3 class=\"wp-block-heading\">Los propietarios de mascotas exigen servicios a cambio del pago del impuesto<\/h3>\n\n\n\n<p>Este tipo de tasa se intent\u00f3 implantar en Zamora hace cinco a\u00f1os, pero fracas\u00f3. La posibilidad de la instauraci\u00f3n de este impuesto, que ya se estila en ciertos pa\u00edses europeos, ha tra\u00eddo consigo un gran&nbsp;<strong>debate&nbsp;<\/strong>entre los propietarios de mascotas y la poblaci\u00f3n en general: \u201cA m\u00ed me parece bien que tengan perros, pero con cierto orden y manteniendo las normas de convivencia b\u00e1sicas\u201d, explica una vecina de Bilbao.&nbsp;<\/p>\n\n\n\n<p>Muchos propietarios se muestran de acuerdo con la implantaci\u00f3n de la tasa, siempre y cuando traiga consigo una&nbsp;<strong>contraprestaci\u00f3n o servicio<\/strong>&nbsp;para sus animales de compa\u00f1\u00eda: \u201cUn impuesto canino a m\u00ed me parece bien siempre y cuando luego tengas un&nbsp;<strong>derecho<\/strong>, no pagar por pagar\u201d.&nbsp;<strong>\u00c1lvaro Mateos<\/strong>, presidente del Colegio Vasco de Veterinarios explica que la medida \u201cser\u00eda viable siempre y cuando existiera luego por parte de las administraciones una contraprestaci\u00f3n por el pago de ese impuesto, que es lo que tienen en Alemania y en otro tipo de pa\u00edses. Es decir, hay instalaciones y hay efectivamente servicios para esos animales\u201d.&nbsp;<\/p>\n\n\n\n<h3 class=\"wp-block-heading\">\u00bfEl impuesto deber\u00edan pagarlo las administraciones o los due\u00f1os de los animales?<\/h3>\n\n\n\n<p>Muchos due\u00f1os se preguntan si el impuesto deber\u00edan pagarlo las propias administraciones o los propietarios de las mascotas, generando una gran pol\u00e9mica despu\u00e9s del desembolso que supone la<strong>&nbsp;Ley de Bienestar Animal<\/strong>: \u201cLo que se han encontrado es con una ley de bienestar animal que tienen que hacer frente a ella origin\u00e1ndoles l\u00f3gicamente un&nbsp;<strong>desembolso<\/strong>. Y ahora pretenden que esto lo paguen la gente que pueda disponer de una mascota\u201d. &nbsp;<\/p>\n\n\n\n<p>El&nbsp;<strong>art\u00edculo 30<\/strong>&nbsp;de dicha ley que se implant\u00f3 en marzo del a\u00f1o pasado, manifiesta que \u201cen el caso de la tenencia de perros y durante toda la vida del animal, la persona titular deber\u00e1 contratar y mantener en vigor un<strong>&nbsp;seguro de responsabilidad civil<\/strong>&nbsp;por da\u00f1os a terceros, que incluya en su cobertura a las personas responsables del animal, por un importe de cuant\u00eda suficiente para sufragar los posibles gastos derivados, que se establecer\u00e1 reglamentariamente\u201d.&nbsp;<\/p>\n\n\n\n<p>A corto plazo, no se prev\u00e9 que la medida salga adelante, pero muchos ayuntamientos ya lo ven como una posibilidad en un futuro.&nbsp;<\/p>\n\n\n\n<p>Fuente: <a href=\"https:\/\/www.cuatro.com\/autores\/redaccion-digital-noticias-cuatro\/#utm_source=autor\">Redacci\u00f3n digital Noticias Cuatro<\/a><\/p>\n\n\n\n<blockquote class=\"wp-block-quote is-layout-flow wp-block-quote-is-layout-flow\">\n<p><br>Des de MasTorrencito us desitgem un bon dia i que els vostres goss us acompanyi!!!!<\/p>\n<\/blockquote>\n\n\n\n<p>\u2014\u2013<br>Si vols, podeu veure els nostres&nbsp;<strong>bons per caps de setmana, bons jubilats<\/strong>&nbsp;, a un preu incre\u00efble..entra a&nbsp;<a href=\"https:\/\/www.mastorrencito.com\/\">www.mastorrencito.com<\/a>&nbsp;o si vols podeu llegir m\u00e9s hist\u00f2ria i an\u00e8cdotes que ens han passat a Mas Torrencito\u2026 Fes click&nbsp;<a href=\"https:\/\/mastorrencito.com\/es\/\">aqu\u00ed<\/a><\/p>\n","protected":false},"excerpt":{"rendered":"<p>Varios ayuntamientos plantean instaurar un impuesto sobre las mascotas Las mascotas se han convertido en el mejor compa\u00f1ero de vida del ser humano. Seg\u00fan los \u00faltimos datos de la INE,&nbsp;el 43% de los hogares espa\u00f1oles poseen un animal de compa\u00f1\u00eda, una cifra que no hace m\u00e1s que aumentar con el paso de los a\u00f1os. Como [&hellip;]<\/p>\n","protected":false},"author":2,"featured_media":2164,"comment_status":"open","ping_status":"closed","sticky":false,"template":"","format":"standard","meta":{"_acf_changed":false,"footnotes":""},"categories":[36],"tags":[],"class_list":["post-2718","post","type-post","status-publish","format-standard","has-post-thumbnail","hentry","category-historias-de-mastorrencito"],"yoast_head":"<!-- This site is optimized with the Yoast SEO Premium plugin v27.3 (Yoast SEO v27.5) - https:\/\/yoast.com\/product\/yoast-seo-premium-wordpress\/ -->\n<title>Pol\u00e9mica por la posible implantaci\u00f3n de un impuesto sobre las mascotas: \u00bfqu\u00e9 opinan los due\u00f1os? - Mas Torrencito CAT<\/title>\n<meta name=\"description\" content=\"Varios ayuntamientos del pais estan pensando en poner un impuesto sobre las mascotas... Tu que opinas... crees que estaria mal...???\" \/>\n<meta name=\"robots\" content=\"index, follow, max-snippet:-1, max-image-preview:large, max-video-preview:-1\" \/>\n<link rel=\"canonical\" href=\"https:\/\/mastorrencito.com\/cat\/polemica-por-la-posible-implantacion-de-un-impuesto-sobre-las-mascotas-que-opinan-los-duenos\/\" \/>\n<meta property=\"og:locale\" content=\"es_ES\" \/>\n<meta property=\"og:type\" content=\"article\" \/>\n<meta property=\"og:title\" content=\"Pol\u00e9mica por la posible implantaci\u00f3n de un impuesto sobre las mascotas: \u00bfqu\u00e9 opinan los due\u00f1os?\" \/>\n<meta property=\"og:description\" content=\"Varios ayuntamientos del pais estan pensando en poner un impuesto sobre las mascotas... Tu que opinas... crees que estaria mal...???\" \/>\n<meta property=\"og:url\" content=\"https:\/\/mastorrencito.com\/cat\/polemica-por-la-posible-implantacion-de-un-impuesto-sobre-las-mascotas-que-opinan-los-duenos\/\" \/>\n<meta property=\"og:site_name\" content=\"Mas Torrencito CAT\" \/>\n<meta property=\"article:published_time\" content=\"2024-12-11T06:08:47+00:00\" \/>\n<meta name=\"author\" content=\"Mastorrencito\" \/>\n<meta name=\"twitter:card\" content=\"summary_large_image\" \/>\n<meta name=\"twitter:label1\" content=\"Escrito por\" \/>\n\t<meta name=\"twitter:data1\" content=\"Mastorrencito\" \/>\n\t<meta name=\"twitter:label2\" content=\"Tiempo de lectura\" \/>\n\t<meta name=\"twitter:data2\" content=\"4 minutos\" \/>\n<script type=\"application\/ld+json\" class=\"yoast-schema-graph\">{\"@context\":\"https:\\\/\\\/schema.org\",\"@graph\":[{\"@type\":\"Article\",\"@id\":\"https:\\\/\\\/mastorrencito.com\\\/cat\\\/polemica-por-la-posible-implantacion-de-un-impuesto-sobre-las-mascotas-que-opinan-los-duenos\\\/#article\",\"isPartOf\":{\"@id\":\"https:\\\/\\\/mastorrencito.com\\\/cat\\\/polemica-por-la-posible-implantacion-de-un-impuesto-sobre-las-mascotas-que-opinan-los-duenos\\\/\"},\"author\":{\"name\":\"Mastorrencito\",\"@id\":\"https:\\\/\\\/mastorrencito.com\\\/#\\\/schema\\\/person\\\/18c619be80d4ae2667c702911625f790\"},\"headline\":\"Pol\u00e9mica por la posible implantaci\u00f3n de un impuesto sobre las mascotas: \u00bfqu\u00e9 opinan los due\u00f1os?\",\"datePublished\":\"2024-12-11T06:08:47+00:00\",\"mainEntityOfPage\":{\"@id\":\"https:\\\/\\\/mastorrencito.com\\\/cat\\\/polemica-por-la-posible-implantacion-de-un-impuesto-sobre-las-mascotas-que-opinan-los-duenos\\\/\"},\"wordCount\":747,\"commentCount\":1,\"publisher\":{\"@id\":\"https:\\\/\\\/mastorrencito.com\\\/#organization\"},\"image\":{\"@id\":\"https:\\\/\\\/mastorrencito.com\\\/cat\\\/polemica-por-la-posible-implantacion-de-un-impuesto-sobre-las-mascotas-que-opinan-los-duenos\\\/#primaryimage\"},\"thumbnailUrl\":\"\",\"articleSection\":[\"Historias de Mastorrencito\"],\"inLanguage\":\"es\",\"potentialAction\":[{\"@type\":\"CommentAction\",\"name\":\"Comment\",\"target\":[\"https:\\\/\\\/mastorrencito.com\\\/cat\\\/polemica-por-la-posible-implantacion-de-un-impuesto-sobre-las-mascotas-que-opinan-los-duenos\\\/#respond\"]}]},{\"@type\":\"WebPage\",\"@id\":\"https:\\\/\\\/mastorrencito.com\\\/cat\\\/polemica-por-la-posible-implantacion-de-un-impuesto-sobre-las-mascotas-que-opinan-los-duenos\\\/\",\"url\":\"https:\\\/\\\/mastorrencito.com\\\/cat\\\/polemica-por-la-posible-implantacion-de-un-impuesto-sobre-las-mascotas-que-opinan-los-duenos\\\/\",\"name\":\"Pol\u00e9mica por la posible implantaci\u00f3n de un impuesto sobre las mascotas: \u00bfqu\u00e9 opinan los due\u00f1os? - Mas Torrencito CAT\",\"isPartOf\":{\"@id\":\"https:\\\/\\\/mastorrencito.com\\\/#website\"},\"primaryImageOfPage\":{\"@id\":\"https:\\\/\\\/mastorrencito.com\\\/cat\\\/polemica-por-la-posible-implantacion-de-un-impuesto-sobre-las-mascotas-que-opinan-los-duenos\\\/#primaryimage\"},\"image\":{\"@id\":\"https:\\\/\\\/mastorrencito.com\\\/cat\\\/polemica-por-la-posible-implantacion-de-un-impuesto-sobre-las-mascotas-que-opinan-los-duenos\\\/#primaryimage\"},\"thumbnailUrl\":\"\",\"datePublished\":\"2024-12-11T06:08:47+00:00\",\"description\":\"Varios ayuntamientos del pais estan pensando en poner un impuesto sobre las mascotas... Tu que opinas... crees que estaria mal...???\",\"breadcrumb\":{\"@id\":\"https:\\\/\\\/mastorrencito.com\\\/cat\\\/polemica-por-la-posible-implantacion-de-un-impuesto-sobre-las-mascotas-que-opinan-los-duenos\\\/#breadcrumb\"},\"inLanguage\":\"es\",\"potentialAction\":[{\"@type\":\"ReadAction\",\"target\":[\"https:\\\/\\\/mastorrencito.com\\\/cat\\\/polemica-por-la-posible-implantacion-de-un-impuesto-sobre-las-mascotas-que-opinan-los-duenos\\\/\"]}]},{\"@type\":\"ImageObject\",\"inLanguage\":\"es\",\"@id\":\"https:\\\/\\\/mastorrencito.com\\\/cat\\\/polemica-por-la-posible-implantacion-de-un-impuesto-sobre-las-mascotas-que-opinan-los-duenos\\\/#primaryimage\",\"url\":\"\",\"contentUrl\":\"\"},{\"@type\":\"BreadcrumbList\",\"@id\":\"https:\\\/\\\/mastorrencito.com\\\/cat\\\/polemica-por-la-posible-implantacion-de-un-impuesto-sobre-las-mascotas-que-opinan-los-duenos\\\/#breadcrumb\",\"itemListElement\":[{\"@type\":\"ListItem\",\"position\":1,\"name\":\"Portada\",\"item\":\"https:\\\/\\\/mastorrencito.com\\\/\"},{\"@type\":\"ListItem\",\"position\":2,\"name\":\"Pol\u00e9mica por la posible implantaci\u00f3n de un impuesto sobre las mascotas: \u00bfqu\u00e9 opinan los due\u00f1os?\"}]},{\"@type\":\"WebSite\",\"@id\":\"https:\\\/\\\/mastorrencito.com\\\/#website\",\"url\":\"https:\\\/\\\/mastorrencito.com\\\/\",\"name\":\"Mas Torrencito CAT\",\"description\":\"Casa rural pet friendly en Girona\",\"publisher\":{\"@id\":\"https:\\\/\\\/mastorrencito.com\\\/#organization\"},\"potentialAction\":[{\"@type\":\"SearchAction\",\"target\":{\"@type\":\"EntryPoint\",\"urlTemplate\":\"https:\\\/\\\/mastorrencito.com\\\/?s={search_term_string}\"},\"query-input\":{\"@type\":\"PropertyValueSpecification\",\"valueRequired\":true,\"valueName\":\"search_term_string\"}}],\"inLanguage\":\"es\"},{\"@type\":\"Organization\",\"@id\":\"https:\\\/\\\/mastorrencito.com\\\/#organization\",\"name\":\"Mas Torrencito CAT\",\"url\":\"https:\\\/\\\/mastorrencito.com\\\/\",\"logo\":{\"@type\":\"ImageObject\",\"inLanguage\":\"es\",\"@id\":\"https:\\\/\\\/mastorrencito.com\\\/#\\\/schema\\\/logo\\\/image\\\/\",\"url\":\"https:\\\/\\\/mastorrencito.com\\\/cat\\\/wp-content\\\/uploads\\\/sites\\\/3\\\/Logo-Mastorrencito-horizontal.webp\",\"contentUrl\":\"https:\\\/\\\/mastorrencito.com\\\/cat\\\/wp-content\\\/uploads\\\/sites\\\/3\\\/Logo-Mastorrencito-horizontal.webp\",\"width\":161,\"height\":54,\"caption\":\"Mas Torrencito CAT\"},\"image\":{\"@id\":\"https:\\\/\\\/mastorrencito.com\\\/#\\\/schema\\\/logo\\\/image\\\/\"}},{\"@type\":\"Person\",\"@id\":\"https:\\\/\\\/mastorrencito.com\\\/#\\\/schema\\\/person\\\/18c619be80d4ae2667c702911625f790\",\"name\":\"Mastorrencito\",\"image\":{\"@type\":\"ImageObject\",\"inLanguage\":\"es\",\"@id\":\"https:\\\/\\\/secure.gravatar.com\\\/avatar\\\/3ef55e0519f987a734c21caee1423b51df7b760b7d81a38ecd31cab0a5115f6d?s=96&d=mm&r=g\",\"url\":\"https:\\\/\\\/secure.gravatar.com\\\/avatar\\\/3ef55e0519f987a734c21caee1423b51df7b760b7d81a38ecd31cab0a5115f6d?s=96&d=mm&r=g\",\"contentUrl\":\"https:\\\/\\\/secure.gravatar.com\\\/avatar\\\/3ef55e0519f987a734c21caee1423b51df7b760b7d81a38ecd31cab0a5115f6d?s=96&d=mm&r=g\",\"caption\":\"Mastorrencito\"},\"url\":\"https:\\\/\\\/mastorrencito.com\\\/cat\\\/author\\\/mastorrencito\\\/\"}]}<\/script>\n<!-- \/ Yoast SEO Premium plugin. -->","yoast_head_json":{"title":"Pol\u00e9mica por la posible implantaci\u00f3n de un impuesto sobre las mascotas: \u00bfqu\u00e9 opinan los due\u00f1os? - Mas Torrencito CAT","description":"Varios ayuntamientos del pais estan pensando en poner un impuesto sobre las mascotas... Tu que opinas... crees que estaria mal...???","robots":{"index":"index","follow":"follow","max-snippet":"max-snippet:-1","max-image-preview":"max-image-preview:large","max-video-preview":"max-video-preview:-1"},"canonical":"https:\/\/mastorrencito.com\/cat\/polemica-por-la-posible-implantacion-de-un-impuesto-sobre-las-mascotas-que-opinan-los-duenos\/","og_locale":"es_ES","og_type":"article","og_title":"Pol\u00e9mica por la posible implantaci\u00f3n de un impuesto sobre las mascotas: \u00bfqu\u00e9 opinan los due\u00f1os?","og_description":"Varios ayuntamientos del pais estan pensando en poner un impuesto sobre las mascotas... Tu que opinas... crees que estaria mal...???","og_url":"https:\/\/mastorrencito.com\/cat\/polemica-por-la-posible-implantacion-de-un-impuesto-sobre-las-mascotas-que-opinan-los-duenos\/","og_site_name":"Mas Torrencito CAT","article_published_time":"2024-12-11T06:08:47+00:00","author":"Mastorrencito","twitter_card":"summary_large_image","twitter_misc":{"Escrito por":"Mastorrencito","Tiempo de lectura":"4 minutos"},"schema":{"@context":"https:\/\/schema.org","@graph":[{"@type":"Article","@id":"https:\/\/mastorrencito.com\/cat\/polemica-por-la-posible-implantacion-de-un-impuesto-sobre-las-mascotas-que-opinan-los-duenos\/#article","isPartOf":{"@id":"https:\/\/mastorrencito.com\/cat\/polemica-por-la-posible-implantacion-de-un-impuesto-sobre-las-mascotas-que-opinan-los-duenos\/"},"author":{"name":"Mastorrencito","@id":"https:\/\/mastorrencito.com\/#\/schema\/person\/18c619be80d4ae2667c702911625f790"},"headline":"Pol\u00e9mica por la posible implantaci\u00f3n de un impuesto sobre las mascotas: \u00bfqu\u00e9 opinan los due\u00f1os?","datePublished":"2024-12-11T06:08:47+00:00","mainEntityOfPage":{"@id":"https:\/\/mastorrencito.com\/cat\/polemica-por-la-posible-implantacion-de-un-impuesto-sobre-las-mascotas-que-opinan-los-duenos\/"},"wordCount":747,"commentCount":1,"publisher":{"@id":"https:\/\/mastorrencito.com\/#organization"},"image":{"@id":"https:\/\/mastorrencito.com\/cat\/polemica-por-la-posible-implantacion-de-un-impuesto-sobre-las-mascotas-que-opinan-los-duenos\/#primaryimage"},"thumbnailUrl":"","articleSection":["Historias de Mastorrencito"],"inLanguage":"es","potentialAction":[{"@type":"CommentAction","name":"Comment","target":["https:\/\/mastorrencito.com\/cat\/polemica-por-la-posible-implantacion-de-un-impuesto-sobre-las-mascotas-que-opinan-los-duenos\/#respond"]}]},{"@type":"WebPage","@id":"https:\/\/mastorrencito.com\/cat\/polemica-por-la-posible-implantacion-de-un-impuesto-sobre-las-mascotas-que-opinan-los-duenos\/","url":"https:\/\/mastorrencito.com\/cat\/polemica-por-la-posible-implantacion-de-un-impuesto-sobre-las-mascotas-que-opinan-los-duenos\/","name":"Pol\u00e9mica por la posible implantaci\u00f3n de un impuesto sobre las mascotas: \u00bfqu\u00e9 opinan los due\u00f1os? - Mas Torrencito CAT","isPartOf":{"@id":"https:\/\/mastorrencito.com\/#website"},"primaryImageOfPage":{"@id":"https:\/\/mastorrencito.com\/cat\/polemica-por-la-posible-implantacion-de-un-impuesto-sobre-las-mascotas-que-opinan-los-duenos\/#primaryimage"},"image":{"@id":"https:\/\/mastorrencito.com\/cat\/polemica-por-la-posible-implantacion-de-un-impuesto-sobre-las-mascotas-que-opinan-los-duenos\/#primaryimage"},"thumbnailUrl":"","datePublished":"2024-12-11T06:08:47+00:00","description":"Varios ayuntamientos del pais estan pensando en poner un impuesto sobre las mascotas... Tu que opinas... crees que estaria mal...???","breadcrumb":{"@id":"https:\/\/mastorrencito.com\/cat\/polemica-por-la-posible-implantacion-de-un-impuesto-sobre-las-mascotas-que-opinan-los-duenos\/#breadcrumb"},"inLanguage":"es","potentialAction":[{"@type":"ReadAction","target":["https:\/\/mastorrencito.com\/cat\/polemica-por-la-posible-implantacion-de-un-impuesto-sobre-las-mascotas-que-opinan-los-duenos\/"]}]},{"@type":"ImageObject","inLanguage":"es","@id":"https:\/\/mastorrencito.com\/cat\/polemica-por-la-posible-implantacion-de-un-impuesto-sobre-las-mascotas-que-opinan-los-duenos\/#primaryimage","url":"","contentUrl":""},{"@type":"BreadcrumbList","@id":"https:\/\/mastorrencito.com\/cat\/polemica-por-la-posible-implantacion-de-un-impuesto-sobre-las-mascotas-que-opinan-los-duenos\/#breadcrumb","itemListElement":[{"@type":"ListItem","position":1,"name":"Portada","item":"https:\/\/mastorrencito.com\/"},{"@type":"ListItem","position":2,"name":"Pol\u00e9mica por la posible implantaci\u00f3n de un impuesto sobre las mascotas: \u00bfqu\u00e9 opinan los due\u00f1os?"}]},{"@type":"WebSite","@id":"https:\/\/mastorrencito.com\/#website","url":"https:\/\/mastorrencito.com\/","name":"Mas Torrencito CAT","description":"Casa rural pet friendly en Girona","publisher":{"@id":"https:\/\/mastorrencito.com\/#organization"},"potentialAction":[{"@type":"SearchAction","target":{"@type":"EntryPoint","urlTemplate":"https:\/\/mastorrencito.com\/?s={search_term_string}"},"query-input":{"@type":"PropertyValueSpecification","valueRequired":true,"valueName":"search_term_string"}}],"inLanguage":"es"},{"@type":"Organization","@id":"https:\/\/mastorrencito.com\/#organization","name":"Mas Torrencito CAT","url":"https:\/\/mastorrencito.com\/","logo":{"@type":"ImageObject","inLanguage":"es","@id":"https:\/\/mastorrencito.com\/#\/schema\/logo\/image\/","url":"https:\/\/mastorrencito.com\/cat\/wp-content\/uploads\/sites\/3\/Logo-Mastorrencito-horizontal.webp","contentUrl":"https:\/\/mastorrencito.com\/cat\/wp-content\/uploads\/sites\/3\/Logo-Mastorrencito-horizontal.webp","width":161,"height":54,"caption":"Mas Torrencito CAT"},"image":{"@id":"https:\/\/mastorrencito.com\/#\/schema\/logo\/image\/"}},{"@type":"Person","@id":"https:\/\/mastorrencito.com\/#\/schema\/person\/18c619be80d4ae2667c702911625f790","name":"Mastorrencito","image":{"@type":"ImageObject","inLanguage":"es","@id":"https:\/\/secure.gravatar.com\/avatar\/3ef55e0519f987a734c21caee1423b51df7b760b7d81a38ecd31cab0a5115f6d?s=96&d=mm&r=g","url":"https:\/\/secure.gravatar.com\/avatar\/3ef55e0519f987a734c21caee1423b51df7b760b7d81a38ecd31cab0a5115f6d?s=96&d=mm&r=g","contentUrl":"https:\/\/secure.gravatar.com\/avatar\/3ef55e0519f987a734c21caee1423b51df7b760b7d81a38ecd31cab0a5115f6d?s=96&d=mm&r=g","caption":"Mastorrencito"},"url":"https:\/\/mastorrencito.com\/cat\/author\/mastorrencito\/"}]}},"acf":[],"_links":{"self":[{"href":"https:\/\/mastorrencito.com\/cat\/wp-json\/wp\/v2\/posts\/2718","targetHints":{"allow":["GET"]}}],"collection":[{"href":"https:\/\/mastorrencito.com\/cat\/wp-json\/wp\/v2\/posts"}],"about":[{"href":"https:\/\/mastorrencito.com\/cat\/wp-json\/wp\/v2\/types\/post"}],"author":[{"embeddable":true,"href":"https:\/\/mastorrencito.com\/cat\/wp-json\/wp\/v2\/users\/2"}],"replies":[{"embeddable":true,"href":"https:\/\/mastorrencito.com\/cat\/wp-json\/wp\/v2\/comments?post=2718"}],"version-history":[{"count":0,"href":"https:\/\/mastorrencito.com\/cat\/wp-json\/wp\/v2\/posts\/2718\/revisions"}],"wp:featuredmedia":[{"embeddable":true,"href":"https:\/\/mastorrencito.com\/cat\/wp-json\/"}],"wp:attachment":[{"href":"https:\/\/mastorrencito.com\/cat\/wp-json\/wp\/v2\/media?parent=2718"}],"wp:term":[{"taxonomy":"category","embeddable":true,"href":"https:\/\/mastorrencito.com\/cat\/wp-json\/wp\/v2\/categories?post=2718"},{"taxonomy":"post_tag","embeddable":true,"href":"https:\/\/mastorrencito.com\/cat\/wp-json\/wp\/v2\/tags?post=2718"}],"curies":[{"name":"wp","href":"https:\/\/api.w.org\/{rel}","templated":true}]}}