{"id":2702,"date":"2024-12-09T06:21:54","date_gmt":"2024-12-09T06:21:54","guid":{"rendered":"https:\/\/casaruralconperrosgirona.com\/masti-tituri-de-mastorret\/"},"modified":"2024-12-09T06:21:54","modified_gmt":"2024-12-09T06:21:54","slug":"masti-tituri-de-mastorret","status":"publish","type":"post","link":"https:\/\/mastorrencito.com\/cat\/masti-tituri-de-mastorret\/","title":{"rendered":"Mast\u00ed Titur\u00ed de MasTorrencito"},"content":{"rendered":"\n<p>Avui us vull explicar la hist\u00f2ria d&#8217; <em>aquell tros de gos<\/em> que va ser Mast\u00edn \ud83d\udc36 , el nostre peluix gegant, un dels gossos m\u00e9s nobles i bons que mai he conegut&#8230; Un veritable pacificador! \ud83d\ude07 Per\u00f2 \u00e9s clar, com no podia ser d&#8217;una altra manera, sent de MasTorrencito, la seva arribada aqu\u00ed va ser de tot menys normal&#8230; \ud83d\ude05 Mast\u00edn Titur\u00ed de MasTorrencito <\/p>\n\n\n\n<p>Ja fa molts anys, est\u00e0vem a la terrassa com gaireb\u00e9 sempre, gaudint d&#8217;una tarda tranquil\u00b7la \ud83c\udf05 . De sobte, tots els nostres gossos, Markos, Manuela, Masto, Maky i Mamas, es van posar a bordar com a bojos \ud83d\udc15 \ud83d\udd0a . Ens vam aixecar r\u00e0pidament per veure qu\u00e8 passava i llavors ho vam veure&#8230; Un tros de gos que semblava un cavall! \ud83d\udc34 Els nostres, i especialment Maky, semblaven simples peluixos al seu costat. Anaven tots darrere d&#8217;ell, bordant-lo perqu\u00e8 se n&#8217;an\u00e9s. El Maky, que \u00e9s un inconscient, fins i tot se li penjava del coll! I jo nom\u00e9s pensava&#8230; \u00abS&#8217;HO MENJA!\u00bb \ud83d\ude31 \ud83d\ude02      <\/p>\n\n\n<figure class=\"wp-block-post-featured-image\"><img fetchpriority=\"high\" decoding=\"async\" width=\"2048\" height=\"2048\" src=\"https:\/\/mastorrencito.com\/cat\/wp-content\/uploads\/sites\/3\/mastin9.jpg\" class=\"attachment-post-thumbnail size-post-thumbnail wp-post-image\" alt=\"Matin Tiruri de MasTorrencito\" style=\"object-fit:cover;\" srcset=\"https:\/\/mastorrencito.com\/cat\/wp-content\/uploads\/sites\/3\/mastin9.jpg 2048w, https:\/\/mastorrencito.com\/cat\/wp-content\/uploads\/sites\/3\/mastin9-300x300.jpg 300w, https:\/\/mastorrencito.com\/cat\/wp-content\/uploads\/sites\/3\/mastin9-1024x1024.jpg 1024w, https:\/\/mastorrencito.com\/cat\/wp-content\/uploads\/sites\/3\/mastin9-150x150.jpg 150w, https:\/\/mastorrencito.com\/cat\/wp-content\/uploads\/sites\/3\/mastin9-768x768.jpg 768w, https:\/\/mastorrencito.com\/cat\/wp-content\/uploads\/sites\/3\/mastin9-1536x1536.jpg 1536w\" sizes=\"(max-width: 2048px) 100vw, 2048px\" \/><\/figure>\n\n\n<p>Al cap d&#8217;una estona vam aconseguir reunir els nostres i els vam tancar a casa, mentre el grandull\u00f3 desapareixia pel cam\u00ed. Per\u00f2 al dia seg\u00fcent&#8230; m\u00e9s del mateix \ud83d\udd5b , i aix\u00ed durant setmanes. No ten\u00edem ni idea de qui era ni d&#8217;on venia. Comencem a preguntar i finalment ens assabentem que pertanyia a una masia a l&#8217;altra banda del riu \ud83c\udfde\ufe0f .   <\/p>\n\n\n\n<p>Vam trucar als seus amos i els vam dir que el gos era aqu\u00ed, que vinguessin a buscar-lo \ud83c\udfe0 . Per\u00f2 \u00e9s clar, aix\u00f2 es repetia cada dia, mat\u00ed i tarda&#8230; Era un senseviure! \ud83d\ude29 Els nostres gossos es tornaven bojos cada cop que apareixia, i l&#8217;estr\u00e8s era enorme, tant per a nosaltres com per als clients que flipaven en veure semblant espectacle. Per\u00f2 amb el temps, ells tamb\u00e9 s&#8217;hi acostumaven \ud83d\ude02 .   <\/p>\n\n\n\n<p>Van passar les setmanes, va arribar el final de l&#8217;estiu \ud83c\udf42 , els clients ja eren pocs&#8230; per\u00f2 Mast\u00edn seguia venint cada dia. Fins que un dia, per fi, els nostres gossos ho van acceptar \ud83e\udd70 . Quin dia tan especial va ser aquell! Des de llavors, s&#8217;estirava a la terrassa com un m\u00e9s, els clients li feien moixaines i ell&#8230; No se&#8217;n volia anar! \ud83d\udecb\ufe0f Aix\u00ed que, la primera nit el vaig deixar dormir al chill out, la segona a l&#8217;entrada&#8230; i la tercera&#8230; M&#8217;ho vaig trobar dormint en un sof\u00e0, amb els nostres al costat! \u2764\ufe0f     <\/p>\n\n\n\n<figure class=\"wp-block-image size-large\"><img decoding=\"async\" width=\"1024\" height=\"1024\" src=\"https:\/\/mastorrencito.com\/wp-content\/uploads\/2024\/12\/mastin1-1024x1024.jpg\" alt=\"Matin Tiruri de MasTorret\" class=\"wp-image-2698\" srcset=\"https:\/\/mastorrencito.com\/cat\/wp-content\/uploads\/sites\/3\/mastin1-1024x1024.jpg 1024w, https:\/\/mastorrencito.com\/cat\/wp-content\/uploads\/sites\/3\/mastin1-300x300.jpg 300w, https:\/\/mastorrencito.com\/cat\/wp-content\/uploads\/sites\/3\/mastin1-150x150.jpg 150w, https:\/\/mastorrencito.com\/cat\/wp-content\/uploads\/sites\/3\/mastin1-768x768.jpg 768w, https:\/\/mastorrencito.com\/cat\/wp-content\/uploads\/sites\/3\/mastin1-1536x1536.jpg 1536w, https:\/\/mastorrencito.com\/cat\/wp-content\/uploads\/sites\/3\/mastin1.jpg 1600w\" sizes=\"(max-width: 1024px) 100vw, 1024px\" \/><figcaption class=\"wp-element-caption\">Mast\u00ed Titur\u00ed de MasTorrencito<\/figcaption><\/figure>\n\n\n\n<p>Vaig decidir trucar als seus amos, que eren uns senyorets de Barcelona que el tenien per vigilar la masia, per\u00f2 era la Masovera qui realment s&#8217;hi preocupava. Ella ho volia molt, per\u00f2 entenia que Mast\u00edn preferia ser aqu\u00ed, on podia jugar amb els nostres i rebre manyagues tot el dia. \u00c9s que era espectacular, imposava respecte! \ud83d\ude0d<\/p>\n\n\n\n<p>Li vaig dir a la Masovera: \u00abDigues als seus amos que: o v\u00e9nen a recollir-lo, el lliguen, el tanquen o el que sigui&#8230; o la propera vegada que vingui m&#8217;ho quedo i ho porto al veterinari a castrar (perqu\u00e8 tenia uns trossos de&#8230; \ud83d\udc3e )\u00bb. I sabeu qu\u00e8 em van contestar&#8230; \u00c9s acollonant! \ud83d\ude2e \u00abM&#8217;han dit que t&#8217;ho quedis&#8230; que no val res\u00bb, em van dir. I jo vaig pensar&#8230; com que no val res! Doncs res, ens ho quedem \ud83d\ude02 .    <\/p>\n\n\n\n<p>I aix\u00ed va ser com Mast\u00edn es va quedar amb nosaltres. Sabeu quin dia era? 31 de desembre! \ud83c\udf89 I sabeu qu\u00e8 va fer Mast\u00edn aquell dia&#8230; Se&#8217;n va anar a la casa d&#8217;on procedia, es va acomiadar de la Masovera i es va venir amb nosaltres&#8230; I mai m\u00e9s va tornar! \ud83d\ude22 \ud83c\udfe1     <\/p>\n\n\n\n<p>i aquests moments que ens \u2764\ufe0f per qu\u00e8 aquests peluts s\u00f3n tan especials a les nostres vides. <\/p>\n\n\n\n<h2 class=\"wp-block-heading\"><strong>Mast\u00ed&#8230; el rei (Part 2)<\/strong><\/h2>\n\n\n\n<p>Aix\u00ed va ser com, sense adonar-nos-en, Mast\u00edn es va convertir en un m\u00e9s del ramat \ud83d\udc3e . Era un gegant! \ud83d\ude02 Per\u00f2 se&#8217;l va guanyar a pols, insistint cada dia, tot \ud83d\udcaa que els meus volien fer-lo fora.<\/p>\n\n\n\n<p>Arribaren el Nadal, i el dia 31, de sobte, no el trob\u00e0vem&#8230; Rar, rar, rar! \ud83e\udd14 Va passar tot el dia sense apar\u00e8ixer, ia la nit&#8230; aqu\u00ed estava! Per\u00f2 sabeu on havia passat el dia? A la seva antiga casa \ud83c\udfe1 . Se&#8217;n va anar a acomiadar de la Masovera, que ho volia molt, i va estar amb ella tot el dia. Cap al tard, va tornar amb nosaltres. \ud83d\ude0c Impressionant&#8230; i ho vaig saber perqu\u00e8 ella mateixa em va trucar per explicar-m&#8217;ho. Aquest gest va demostrar la noblesa i la fidelitat d&#8217;una manera que em va deixar sense paraules. Mast\u00edn sabia que era el moment de dir ad\u00e9u definitivament, com si hagu\u00e9s tancat una etapa de la seva vida. \ud83d\ude22 \ud83d\udc94 Pensant-ho b\u00e9&#8230; t\u00e9 tot el sentit del m\u00f3n, per\u00f2 que un gos sigui capa\u00e7 d&#8217;una cosa aix\u00ed&#8230; Et sorpr\u00e8n i et commou!         <\/p>\n\n\n\n<figure class=\"wp-block-image size-large\"><img decoding=\"async\" width=\"1024\" height=\"1024\" src=\"https:\/\/mastorrencito.com\/wp-content\/uploads\/2024\/12\/mastin3-1024x1024.jpg\" alt=\"Matin Tiruri de MasTorret\" class=\"wp-image-2692\" srcset=\"https:\/\/mastorrencito.com\/cat\/wp-content\/uploads\/sites\/3\/mastin3-1024x1024.jpg 1024w, https:\/\/mastorrencito.com\/cat\/wp-content\/uploads\/sites\/3\/mastin3-300x300.jpg 300w, https:\/\/mastorrencito.com\/cat\/wp-content\/uploads\/sites\/3\/mastin3-150x150.jpg 150w, https:\/\/mastorrencito.com\/cat\/wp-content\/uploads\/sites\/3\/mastin3-768x768.jpg 768w, https:\/\/mastorrencito.com\/cat\/wp-content\/uploads\/sites\/3\/mastin3.jpg 1108w\" sizes=\"(max-width: 1024px) 100vw, 1024px\" \/><figcaption class=\"wp-element-caption\">Mast\u00ed Titur\u00ed de MasTorrencito<\/figcaption><\/figure>\n\n\n\n<p>I s\u00ed, es va adaptar de luxe a la seva nova vida \ud83c\udf1f . Es va convertir en el cap de la rajada, posant pau i ordre entre els petits, Masto i Maky. Era incre\u00efble la seva capacitat per mantenir la calma al pati \ud83c\udfe1 . No permetia que els nans sortissin corrent o bordant sense control; els parava en sec. De vegades em preguntava com era capa\u00e7 d&#8217;intuir el que farien&#8230; per\u00f2 Mast\u00edn sempre estava alerta i atent \ud83d\udc40 . Com a bon Mast\u00edn, sempre en mode protecci\u00f3, vigilant, cuidant de tots nosaltres. Ens va donar alguna nit d&#8217;ensurt, per\u00f2 sempre protegint la seva rajada. \ud83d\udee1\ufe0f       <\/p>\n\n\n\n<p>Era super afectu\u00f3s i mimos, un peluix gegant \ud83e\uddf8 . Imposava molt quan ens ho port\u00e0vem&#8230; \u00e9s que era un cavall! \ud83d\udc34 Recordo quan en pand\u00e8mia vam comen\u00e7ar a tancar la casa&#8230; Quin mosqueig que es va agafar! \ud83d\ude05 Segons an\u00e0vem avan\u00e7ant amb la tanca (b\u00e9, farem un inc\u00eds&#8230; quan dic \u00aban\u00e0vem\u00bb, en realitat era Jordi qui currava, jo nom\u00e9s mirava i donava ordres \ud83d\ude1c ), Mast\u00edn sempre estava al seu costat, vigilant cada metro que avan\u00e7\u00e0vem. Es posava darrere de la tanca, com si sab\u00e9s que li est\u00e0vem traient aquest espai per on ell s&#8217;escapava&#8230; i despr\u00e9s revisava tota la tanca, per si el Jordi s&#8217;havia deixat algun buit per sortir \ud83d\ude02 . Era llest i cap\u00e7al com ell sol! Fins que no vam acabar (b\u00e9, fins que el Jordi va acabar), Mast\u00edn no es va separar ni un moment del seu costat. \ud83d\udee0\ufe0f       <\/p>\n\n\n\n<p>Aquest estiu, el del 2020, va ser un regal per a Mast\u00edn \ud83c\udf81 . Tots els clients estaven per ell&#8230; se&#8217;l emportaven cada dia al riu, al costat dels petits! \ud83c\udf0a Penseu que, despr\u00e9s de mesos tancats, quan per fi ens van deixar sortir, la gent estava euf\u00f2rica, i Mast\u00edn&#8230; a la gl\u00f2ria! Se n&#8217;anava amb la seva amiga Manuela, obrint el cam\u00ed i vigilant que no vingu\u00e9s ning\u00fa. I per darrere, Don Markos, assegurant-se que ning\u00fa es qued\u00e9s endarrerit. Era la llet! \ud83d\ude04<\/p>\n\n\n\n<figure class=\"wp-block-image size-large\"><img loading=\"lazy\" decoding=\"async\" width=\"768\" height=\"1024\" src=\"https:\/\/mastorrencito.com\/wp-content\/uploads\/2024\/12\/mastin8-768x1024.jpg\" alt=\"Matin Tiruri de MasTorret\" class=\"wp-image-2680\" srcset=\"https:\/\/mastorrencito.com\/cat\/wp-content\/uploads\/sites\/3\/mastin8-768x1024.jpg 768w, https:\/\/mastorrencito.com\/cat\/wp-content\/uploads\/sites\/3\/mastin8-225x300.jpg 225w, https:\/\/mastorrencito.com\/cat\/wp-content\/uploads\/sites\/3\/mastin8-1152x1536.jpg 1152w, https:\/\/mastorrencito.com\/cat\/wp-content\/uploads\/sites\/3\/mastin8.jpg 1500w\" sizes=\"(max-width: 768px) 100vw, 768px\" \/><figcaption class=\"wp-element-caption\">Mast\u00ed Titur\u00ed de MasTorrencito<\/figcaption><\/figure>\n\n\n\n<p>Va passar l&#8217;estiu, i sempre hi havia gent a la casa&#8230; cada dia, la rajada estava feli\u00e7. ens van tornar a tancar! Una altra vegada&#8230; \ud83d\ude13 Com si es tract\u00e9s d&#8217;un ramat, tots per la cleda i \u00absense sortir que ve el llop&#8230;\u00bb \ud83d\udc3a . I aix\u00ed ens vam quedar solets en aquest parad\u00eds \ud83c\udf33 &#8230; el Nadal, i ens van deixar sortir de nou, i una altra vegada Mast\u00edn estava feli\u00e7, portant els clients al riu. Era una passada veure&#8217;l gaudir&#8230; per\u00f2, passat Reis, van tornar a tancar-nos&#8230; i una altra vegada&#8230; El pobre no entenia res. Com podia ser que unes vegades vinguessin mogoll\u00f3n d'\u00bbamiguets\u00bb i d&#8217;altres, res&#8230;? \ud83d\ude15 I aix\u00ed fins a Setmana Santa&#8230; i passada la festa, un altre tancament&#8230;        <\/p>\n\n\n\n<h2 class=\"wp-block-heading\"><strong>Mast\u00ed&#8230; el rei (Part 3)<\/strong><\/h2>\n\n\n\n<p>I aix\u00ed va ser com tot va comen\u00e7ar&#8230; semblava que s&#8217;havia ennuegat o que tenia alguna cosa a la gola. B\u00e9, pensem, com tots al principi&#8230; \u201cen un parell de dies se li passa\u201d. No semblava alarmant, no tenia febre, jugava, menjava&#8230; tot \u00e9s normal. Per\u00f2 ja al tercer dia, vam comen\u00e7ar a preocupar-nos, aix\u00ed que el vam portar al veterinari perqu\u00e8 li fessin una revisi\u00f3. \ud83d\ude1f<\/p>\n\n\n\n<p>Collons, \u00e9s que sortir al carrer amb Mast\u00edn era tot un espectacle, tothom es girava per mirar-lo&#8230; Imposava molt\u00edssim! \ud83d\udc3e \ud83d\ude2e Li van fer una revisi\u00f3 completa i van creure que podria ser un tipus de pulmonia&#8230; que calia vigilar. B\u00e9, doncs res, antibi\u00f2tics i cap a casa. Van passar els dies, uns millor, altres pitjor, per\u00f2 res que fos alarmant&#8230; encara que la tos es va tornar m\u00e9s preocupant, i llavors va comen\u00e7ar a vomitar baves. \ud83d\ude28 Va ser en aquell moment quan realment ens acollonem. Per\u00f2 no era nom\u00e9s una mica de bava, era molta, molta bava! \ud83d\ude27<\/p>\n\n\n\n<figure class=\"wp-block-image size-large\"><img loading=\"lazy\" decoding=\"async\" width=\"1024\" height=\"766\" src=\"https:\/\/mastorrencito.com\/wp-content\/uploads\/2024\/12\/mastin2-1024x766.jpg\" alt=\"Matin Tiruri de MasTorret\" class=\"wp-image-2695\" srcset=\"https:\/\/mastorrencito.com\/cat\/wp-content\/uploads\/sites\/3\/mastin2-1024x766.jpg 1024w, https:\/\/mastorrencito.com\/cat\/wp-content\/uploads\/sites\/3\/mastin2-300x224.jpg 300w, https:\/\/mastorrencito.com\/cat\/wp-content\/uploads\/sites\/3\/mastin2-768x574.jpg 768w, https:\/\/mastorrencito.com\/cat\/wp-content\/uploads\/sites\/3\/mastin2-1536x1149.jpg 1536w, https:\/\/mastorrencito.com\/cat\/wp-content\/uploads\/sites\/3\/mastin2.jpg 2000w\" sizes=\"(max-width: 1024px) 100vw, 1024px\" \/><figcaption class=\"wp-element-caption\">Mast\u00ed Titur\u00ed de MasTorrencito<\/figcaption><\/figure>\n\n\n\n<p>Vaig trucar a la Judith, un diumenge, i en sentir-me tan preocupat, em va dir: \u00abVeu per a la cl\u00ednica que et veig all\u00e0\u00bb. En menys de tres minuts ja \u00e9rem a la cl\u00ednica. va arribar Judith, els seus ulls ja ens deien tot&#8230; i res de bo, per cert. \ud83d\ude14 Em va mirar i em va dir: \u00abMiguel, crec que podria ser aix\u00f2&#8230; no estic segura, ja que l&#8217;anal\u00edtica no mostra valors significativament positius o negatius, per\u00f2 pels s\u00edmptomes&#8230; podria ser Macroes\u00f2fag\u201d. Per als que no ho sapigueu, el macroes\u00f2fag \u00e9s una dilataci\u00f3 de l&#8217;es\u00f2fag, i en termes simples, quan Mast\u00edn menjava, el menjar no anava on devia, cosa que li provocava regurgitaci\u00f3&#8230; o sigui, \ud83d\ude22 .<\/p>\n\n\n\n<p>Em va dir: \u00abV\u00e9s-te&#8217;n a Canis, ells estan s\u00faper equipats i li faran totes les proves\u00bb. Aix\u00ed que, amb la pand\u00e8mia a sobre, a casa ten\u00edem la Yoyo, una amiga que estava a l&#8217;atur. Per no quedar-se sola, va decidir passar el segon tancament amb nosaltres. Pensem que serien uns set dies&#8230; i va durar tres mesos! \ud83d\ude02 Per\u00f2 b\u00e9, vam trucar a Canis i all\u00e0 vam anar, comen\u00e7ant amb les proves.    <\/p>\n\n\n\n<p>Inc\u00eds: El que vam veure a Canis va ser&#8230; acollonant. Mai no havia vist una cosa aix\u00ed&#8230; semblava la cua de l&#8217;atur \ud83c\udfe5 . Un moviment d&#8217;entrada i sortida de gossets incessant amb els seus amos, totes les malalties, tota mena de ferides&#8230; era com les urg\u00e8ncies d&#8217;un hospital, i sincerament&#8230; donava yuyu \ud83d\ude2c .  <\/p>\n\n\n\n<figure class=\"wp-block-image size-full\"><img loading=\"lazy\" decoding=\"async\" width=\"692\" height=\"692\" src=\"https:\/\/mastorrencito.com\/wp-content\/uploads\/mastin5.jpg\" alt=\"Matin Tiruri de MasTorret\" class=\"wp-image-2686\" srcset=\"https:\/\/mastorrencito.com\/cat\/wp-content\/uploads\/sites\/3\/mastin5.jpg 692w, https:\/\/mastorrencito.com\/cat\/wp-content\/uploads\/sites\/3\/mastin5-300x300.jpg 300w, https:\/\/mastorrencito.com\/cat\/wp-content\/uploads\/sites\/3\/mastin5-150x150.jpg 150w\" sizes=\"(max-width: 692px) 100vw, 692px\" \/><figcaption class=\"wp-element-caption\">Mast\u00ed Titur\u00ed de MasTorrencito<\/figcaption><\/figure>\n\n\n\n<p>Al cap d&#8217;una hora, la doctora va sortir. Li havien fet plaques, TAC, anal\u00edtica&#8230; i va confirmar-ne el diagn\u00f2stic. Ens va dir que no hi havia cap soluci\u00f3. Que si vol\u00edem, pod\u00edem intentar donar-li menjar dret per ajudar-lo a pair el menjar i mantenir-lo aix\u00ed una hora&#8230; Imagineu-vos la meva cara&#8230; Hmmmm&#8230; NO \u00c9S UN CANYX! \ud83d\udc15 Estem parlant d&#8217;una bestiola de m\u00e9s de 80 quilos&#8230; I em diu: \u00abAix\u00f2 \u00e9s el que hi ha\u00bb. Tamb\u00e9 ens va receptar unes pastilles per calmar-lo, antibi\u00f2tics per a la irritaci\u00f3 de l&#8217;es\u00f2fag i cortisona per al dolor. \ud83d\ude22<\/p>\n\n\n\n<p>Ens vam anar cap a casa, gaireb\u00e9 plorant&#8230; per\u00f2 en veure Mast\u00edn tan feli\u00e7, vam dir: \u00abPotser sigui com Manuela&#8230; i ho superi\u00bb. \u00c9s clar, est\u00e0vem acostumats a la immortal de Manuela, que sempre esquivava la mort, per\u00f2 aquesta vegada&#8230; aquesta vegada est\u00e0vem equivocats. Mast\u00edn no era Manuela. \ud83d\ude25<\/p>\n\n\n\n<p>Van passar els dies, i Mast\u00edn va tenir dies bons, molt bons&#8230; i dies dolents. Per\u00f2 de mica en mica anava perdent pes. Llegir coses a internet es va tornar un turment&#8230; l&#8217;est\u00f3mac se m&#8217;encongia i les ll\u00e0grimes se&#8217;m sortien en veure altres casos. I jo ho tenia clar&#8230; mai no permetria que arrib\u00e9s a aquest estat tan fam\u00e8lic. \ud83d\ude22<\/p>\n\n\n\n<p>Vam tornar a Canis&#8230; revisi\u00f3 total, plaques&#8230; i el mateix resultat. Ens van dir que hi havia una darrera prova que se li podia fer, per\u00f2 que nom\u00e9s es donava en molt pocs casos. Consistia a enviar una mostra de sang als EUA. per a un possible nou tractament. Per descomptat, vam decidir fer-ho, encara que nom\u00e9s hi hagu\u00e9s un 0,001% de possibilitats. Per\u00f2 el resultat va ser el que tem\u00edem&#8230; No era compatible amb el tractament. \ud83d\udc94<\/p>\n\n\n\n<figure class=\"wp-block-image size-large\"><img loading=\"lazy\" decoding=\"async\" width=\"1024\" height=\"643\" src=\"https:\/\/mastorrencito.com\/wp-content\/uploads\/2024\/12\/mastin6-1024x643.jpg\" alt=\"Matin Tiruri de MasTorret\" class=\"wp-image-2683\" srcset=\"https:\/\/mastorrencito.com\/cat\/wp-content\/uploads\/sites\/3\/mastin6-1024x643.jpg 1024w, https:\/\/mastorrencito.com\/cat\/wp-content\/uploads\/sites\/3\/mastin6-300x188.jpg 300w, https:\/\/mastorrencito.com\/cat\/wp-content\/uploads\/sites\/3\/mastin6-768x482.jpg 768w, https:\/\/mastorrencito.com\/cat\/wp-content\/uploads\/sites\/3\/mastin6-1536x965.jpg 1536w, https:\/\/mastorrencito.com\/cat\/wp-content\/uploads\/sites\/3\/mastin6.jpg 1600w\" sizes=\"(max-width: 1024px) 100vw, 1024px\" \/><figcaption class=\"wp-element-caption\">Mast\u00ed Titur\u00ed de MasTorrencito<\/figcaption><\/figure>\n\n\n\n<p>I va arribar el moment de prendre una decisi\u00f3&#8230; Jo ho tenia clar\u00edssim, per\u00f2 ho havia de consultar amb la Mireia. Entre sanglots dels uns i dels altres, vam decidir trucar a la Judith perqu\u00e8 ens obr\u00eds la cl\u00ednica i dormir-ho. No calia que segu\u00eds patint m\u00e9s, que s&#8217;an\u00e9s consumint per dins&#8230; no pod\u00edem ser tan egoistes com per voler mantenir-lo amb nosaltres un parell de mesos m\u00e9s mentre ell s&#8217;anava morint per dins. \ud83d\ude14<\/p>\n\n\n\n<p>L&#8217;\u00faltim dia, abans de portar-lo, em vaig quedar tot sol amb ell&#8230; No li vaig dir ni una sola paraula&#8230; El vaig mirar als ulls&#8230; i ell em mirava&#8230; I et juro per D\u00e9u que em va dir: <em>\u00abGr\u00e0cies\u00bb<\/em> . \ud83d\ude22 \ud83d\ude4f    <\/p>\n\n\n\n<p>Se&#8217;n va anar calmat, assossegat, com sempre&#8230; <em>un senyor<\/em> . I aix\u00ed ho recordarem sempre&#8230; \ud83d\udd4a\ufe0f <\/p>\n\n\n\n<p><strong>MAST\u00cdN TIRURI TIRUR\u00c1&#8230;<\/strong> \ud83c\udf1f<\/p>\n\n\n\n<hr class=\"wp-block-separator has-alpha-channel-opacity\" \/>\n\n\n\n<blockquote class=\"wp-block-quote is-layout-flow wp-block-quote-is-layout-flow\">\n<p><br>Des de MasTorrencito us desitgem un bon dia i que els vostres goss us acompanyi!!!!<\/p>\n<\/blockquote>\n\n\n\n<p>\u2014\u2013<br> Si vols, podeu veure els nostres <strong>bons per caps de setmana, bons jubilats<\/strong> , a un preu incre\u00efble..entra a <a href=\"https:\/\/www.mastorrencito.com\/\">www.mastorrencito.com<\/a> o si vols podeu llegir m\u00e9s hist\u00f2ria i an\u00e8cdotes que ens han passat a Mas Torrencito\u2026 Fes click <a href=\"https:\/\/mastorrencito.com\/es\/\">aqu\u00ed<\/a> <\/p>\n\n\n\n<p><\/p>\n","protected":false},"excerpt":{"rendered":"<p>Avui us vull explicar la hist\u00f2ria d&#8217; aquell tros de gos que va ser Mast\u00edn \ud83d\udc36 , el nostre peluix gegant, un dels gossos m\u00e9s nobles i bons que mai he conegut&#8230; Un veritable pacificador! \ud83d\ude07 Per\u00f2 \u00e9s clar, com no podia ser d&#8217;una altra manera, sent de MasTorrencito, la seva arribada aqu\u00ed va ser [&hellip;]<\/p>\n","protected":false},"author":2,"featured_media":2677,"comment_status":"open","ping_status":"closed","sticky":false,"template":"","format":"standard","meta":{"_acf_changed":false,"footnotes":""},"categories":[35],"tags":[],"class_list":["post-2702","post","type-post","status-publish","format-standard","has-post-thumbnail","hentry","category-histories-mastorrencito"],"yoast_head":"<!-- This site is optimized with the Yoast SEO Premium plugin v27.3 (Yoast SEO v27.5) - https:\/\/yoast.com\/product\/yoast-seo-premium-wordpress\/ -->\n<title>Mast\u00ed Titur\u00ed de MasTorrencito - Mas Torrencito CAT<\/title>\n<meta name=\"description\" content=\"De com un gos que ENS ELIGI a nosaltres ens va canviar la vida per complet.... Mast\u00edn Titur\u00ed de MasTorrencito\" \/>\n<meta name=\"robots\" content=\"index, follow, max-snippet:-1, max-image-preview:large, max-video-preview:-1\" \/>\n<link rel=\"canonical\" href=\"https:\/\/mastorrencito.com\/cat\/masti-tituri-de-mastorret\/\" \/>\n<meta property=\"og:locale\" content=\"es_ES\" \/>\n<meta property=\"og:type\" content=\"article\" \/>\n<meta property=\"og:title\" content=\"Mast\u00ed Titur\u00ed de MasTorrencito\" \/>\n<meta property=\"og:description\" content=\"De com un gos que ENS ELIGI a nosaltres ens va canviar la vida per complet.... Mast\u00edn Titur\u00ed de MasTorrencito\" \/>\n<meta property=\"og:url\" content=\"https:\/\/mastorrencito.com\/cat\/masti-tituri-de-mastorret\/\" \/>\n<meta property=\"og:site_name\" content=\"Mas Torrencito CAT\" \/>\n<meta property=\"article:published_time\" content=\"2024-12-09T06:21:54+00:00\" \/>\n<meta property=\"og:image\" content=\"https:\/\/mastorrencito.com\/cat\/wp-content\/uploads\/sites\/3\/mastin9.jpg\" \/>\n\t<meta property=\"og:image:width\" content=\"2048\" \/>\n\t<meta property=\"og:image:height\" content=\"2048\" \/>\n\t<meta property=\"og:image:type\" content=\"image\/jpeg\" \/>\n<meta name=\"author\" content=\"Mastorrencito\" \/>\n<meta name=\"twitter:card\" content=\"summary_large_image\" \/>\n<meta name=\"twitter:label1\" content=\"Escrito por\" \/>\n\t<meta name=\"twitter:data1\" content=\"Mastorrencito\" \/>\n\t<meta name=\"twitter:label2\" content=\"Tiempo de lectura\" \/>\n\t<meta name=\"twitter:data2\" content=\"14 minutos\" \/>\n<script type=\"application\/ld+json\" class=\"yoast-schema-graph\">{\"@context\":\"https:\\\/\\\/schema.org\",\"@graph\":[{\"@type\":\"Article\",\"@id\":\"https:\\\/\\\/mastorrencito.com\\\/cat\\\/masti-tituri-de-mastorret\\\/#article\",\"isPartOf\":{\"@id\":\"https:\\\/\\\/mastorrencito.com\\\/cat\\\/masti-tituri-de-mastorret\\\/\"},\"author\":{\"name\":\"Mastorrencito\",\"@id\":\"https:\\\/\\\/mastorrencito.com\\\/#\\\/schema\\\/person\\\/18c619be80d4ae2667c702911625f790\"},\"headline\":\"Mast\u00ed Titur\u00ed de MasTorrencito\",\"datePublished\":\"2024-12-09T06:21:54+00:00\",\"mainEntityOfPage\":{\"@id\":\"https:\\\/\\\/mastorrencito.com\\\/cat\\\/masti-tituri-de-mastorret\\\/\"},\"wordCount\":2247,\"commentCount\":1,\"publisher\":{\"@id\":\"https:\\\/\\\/mastorrencito.com\\\/#organization\"},\"image\":{\"@id\":\"https:\\\/\\\/mastorrencito.com\\\/cat\\\/masti-tituri-de-mastorret\\\/#primaryimage\"},\"thumbnailUrl\":\"https:\\\/\\\/mastorrencito.com\\\/cat\\\/wp-content\\\/uploads\\\/sites\\\/3\\\/mastin9.jpg\",\"articleSection\":[\"Hist\u00f2ries Mastorrencito\"],\"inLanguage\":\"es\",\"potentialAction\":[{\"@type\":\"CommentAction\",\"name\":\"Comment\",\"target\":[\"https:\\\/\\\/mastorrencito.com\\\/cat\\\/masti-tituri-de-mastorret\\\/#respond\"]}]},{\"@type\":\"WebPage\",\"@id\":\"https:\\\/\\\/mastorrencito.com\\\/cat\\\/masti-tituri-de-mastorret\\\/\",\"url\":\"https:\\\/\\\/mastorrencito.com\\\/cat\\\/masti-tituri-de-mastorret\\\/\",\"name\":\"Mast\u00ed Titur\u00ed de MasTorrencito - Mas Torrencito CAT\",\"isPartOf\":{\"@id\":\"https:\\\/\\\/mastorrencito.com\\\/#website\"},\"primaryImageOfPage\":{\"@id\":\"https:\\\/\\\/mastorrencito.com\\\/cat\\\/masti-tituri-de-mastorret\\\/#primaryimage\"},\"image\":{\"@id\":\"https:\\\/\\\/mastorrencito.com\\\/cat\\\/masti-tituri-de-mastorret\\\/#primaryimage\"},\"thumbnailUrl\":\"https:\\\/\\\/mastorrencito.com\\\/cat\\\/wp-content\\\/uploads\\\/sites\\\/3\\\/mastin9.jpg\",\"datePublished\":\"2024-12-09T06:21:54+00:00\",\"description\":\"De com un gos que ENS ELIGI a nosaltres ens va canviar la vida per complet.... Mast\u00edn Titur\u00ed de MasTorrencito\",\"breadcrumb\":{\"@id\":\"https:\\\/\\\/mastorrencito.com\\\/cat\\\/masti-tituri-de-mastorret\\\/#breadcrumb\"},\"inLanguage\":\"es\",\"potentialAction\":[{\"@type\":\"ReadAction\",\"target\":[\"https:\\\/\\\/mastorrencito.com\\\/cat\\\/masti-tituri-de-mastorret\\\/\"]}]},{\"@type\":\"ImageObject\",\"inLanguage\":\"es\",\"@id\":\"https:\\\/\\\/mastorrencito.com\\\/cat\\\/masti-tituri-de-mastorret\\\/#primaryimage\",\"url\":\"https:\\\/\\\/mastorrencito.com\\\/cat\\\/wp-content\\\/uploads\\\/sites\\\/3\\\/mastin9.jpg\",\"contentUrl\":\"https:\\\/\\\/mastorrencito.com\\\/cat\\\/wp-content\\\/uploads\\\/sites\\\/3\\\/mastin9.jpg\",\"width\":2048,\"height\":2048,\"caption\":\"Matin Tiruri de MasTorrencito\"},{\"@type\":\"BreadcrumbList\",\"@id\":\"https:\\\/\\\/mastorrencito.com\\\/cat\\\/masti-tituri-de-mastorret\\\/#breadcrumb\",\"itemListElement\":[{\"@type\":\"ListItem\",\"position\":1,\"name\":\"Portada\",\"item\":\"https:\\\/\\\/mastorrencito.com\\\/\"},{\"@type\":\"ListItem\",\"position\":2,\"name\":\"Mast\u00ed Titur\u00ed de MasTorrencito\"}]},{\"@type\":\"WebSite\",\"@id\":\"https:\\\/\\\/mastorrencito.com\\\/#website\",\"url\":\"https:\\\/\\\/mastorrencito.com\\\/\",\"name\":\"Mas Torrencito CAT\",\"description\":\"Casa rural pet friendly en Girona\",\"publisher\":{\"@id\":\"https:\\\/\\\/mastorrencito.com\\\/#organization\"},\"potentialAction\":[{\"@type\":\"SearchAction\",\"target\":{\"@type\":\"EntryPoint\",\"urlTemplate\":\"https:\\\/\\\/mastorrencito.com\\\/?s={search_term_string}\"},\"query-input\":{\"@type\":\"PropertyValueSpecification\",\"valueRequired\":true,\"valueName\":\"search_term_string\"}}],\"inLanguage\":\"es\"},{\"@type\":\"Organization\",\"@id\":\"https:\\\/\\\/mastorrencito.com\\\/#organization\",\"name\":\"Mas Torrencito CAT\",\"url\":\"https:\\\/\\\/mastorrencito.com\\\/\",\"logo\":{\"@type\":\"ImageObject\",\"inLanguage\":\"es\",\"@id\":\"https:\\\/\\\/mastorrencito.com\\\/#\\\/schema\\\/logo\\\/image\\\/\",\"url\":\"https:\\\/\\\/mastorrencito.com\\\/cat\\\/wp-content\\\/uploads\\\/sites\\\/3\\\/Logo-Mastorrencito-horizontal.webp\",\"contentUrl\":\"https:\\\/\\\/mastorrencito.com\\\/cat\\\/wp-content\\\/uploads\\\/sites\\\/3\\\/Logo-Mastorrencito-horizontal.webp\",\"width\":161,\"height\":54,\"caption\":\"Mas Torrencito CAT\"},\"image\":{\"@id\":\"https:\\\/\\\/mastorrencito.com\\\/#\\\/schema\\\/logo\\\/image\\\/\"}},{\"@type\":\"Person\",\"@id\":\"https:\\\/\\\/mastorrencito.com\\\/#\\\/schema\\\/person\\\/18c619be80d4ae2667c702911625f790\",\"name\":\"Mastorrencito\",\"image\":{\"@type\":\"ImageObject\",\"inLanguage\":\"es\",\"@id\":\"https:\\\/\\\/secure.gravatar.com\\\/avatar\\\/3ef55e0519f987a734c21caee1423b51df7b760b7d81a38ecd31cab0a5115f6d?s=96&d=mm&r=g\",\"url\":\"https:\\\/\\\/secure.gravatar.com\\\/avatar\\\/3ef55e0519f987a734c21caee1423b51df7b760b7d81a38ecd31cab0a5115f6d?s=96&d=mm&r=g\",\"contentUrl\":\"https:\\\/\\\/secure.gravatar.com\\\/avatar\\\/3ef55e0519f987a734c21caee1423b51df7b760b7d81a38ecd31cab0a5115f6d?s=96&d=mm&r=g\",\"caption\":\"Mastorrencito\"},\"url\":\"https:\\\/\\\/mastorrencito.com\\\/cat\\\/author\\\/mastorrencito\\\/\"}]}<\/script>\n<!-- \/ Yoast SEO Premium plugin. -->","yoast_head_json":{"title":"Mast\u00ed Titur\u00ed de MasTorrencito - Mas Torrencito CAT","description":"De com un gos que ENS ELIGI a nosaltres ens va canviar la vida per complet.... Mast\u00edn Titur\u00ed de MasTorrencito","robots":{"index":"index","follow":"follow","max-snippet":"max-snippet:-1","max-image-preview":"max-image-preview:large","max-video-preview":"max-video-preview:-1"},"canonical":"https:\/\/mastorrencito.com\/cat\/masti-tituri-de-mastorret\/","og_locale":"es_ES","og_type":"article","og_title":"Mast\u00ed Titur\u00ed de MasTorrencito","og_description":"De com un gos que ENS ELIGI a nosaltres ens va canviar la vida per complet.... Mast\u00edn Titur\u00ed de MasTorrencito","og_url":"https:\/\/mastorrencito.com\/cat\/masti-tituri-de-mastorret\/","og_site_name":"Mas Torrencito CAT","article_published_time":"2024-12-09T06:21:54+00:00","og_image":[{"width":2048,"height":2048,"url":"https:\/\/mastorrencito.com\/cat\/wp-content\/uploads\/sites\/3\/mastin9.jpg","type":"image\/jpeg"}],"author":"Mastorrencito","twitter_card":"summary_large_image","twitter_misc":{"Escrito por":"Mastorrencito","Tiempo de lectura":"14 minutos"},"schema":{"@context":"https:\/\/schema.org","@graph":[{"@type":"Article","@id":"https:\/\/mastorrencito.com\/cat\/masti-tituri-de-mastorret\/#article","isPartOf":{"@id":"https:\/\/mastorrencito.com\/cat\/masti-tituri-de-mastorret\/"},"author":{"name":"Mastorrencito","@id":"https:\/\/mastorrencito.com\/#\/schema\/person\/18c619be80d4ae2667c702911625f790"},"headline":"Mast\u00ed Titur\u00ed de MasTorrencito","datePublished":"2024-12-09T06:21:54+00:00","mainEntityOfPage":{"@id":"https:\/\/mastorrencito.com\/cat\/masti-tituri-de-mastorret\/"},"wordCount":2247,"commentCount":1,"publisher":{"@id":"https:\/\/mastorrencito.com\/#organization"},"image":{"@id":"https:\/\/mastorrencito.com\/cat\/masti-tituri-de-mastorret\/#primaryimage"},"thumbnailUrl":"https:\/\/mastorrencito.com\/cat\/wp-content\/uploads\/sites\/3\/mastin9.jpg","articleSection":["Hist\u00f2ries Mastorrencito"],"inLanguage":"es","potentialAction":[{"@type":"CommentAction","name":"Comment","target":["https:\/\/mastorrencito.com\/cat\/masti-tituri-de-mastorret\/#respond"]}]},{"@type":"WebPage","@id":"https:\/\/mastorrencito.com\/cat\/masti-tituri-de-mastorret\/","url":"https:\/\/mastorrencito.com\/cat\/masti-tituri-de-mastorret\/","name":"Mast\u00ed Titur\u00ed de MasTorrencito - Mas Torrencito CAT","isPartOf":{"@id":"https:\/\/mastorrencito.com\/#website"},"primaryImageOfPage":{"@id":"https:\/\/mastorrencito.com\/cat\/masti-tituri-de-mastorret\/#primaryimage"},"image":{"@id":"https:\/\/mastorrencito.com\/cat\/masti-tituri-de-mastorret\/#primaryimage"},"thumbnailUrl":"https:\/\/mastorrencito.com\/cat\/wp-content\/uploads\/sites\/3\/mastin9.jpg","datePublished":"2024-12-09T06:21:54+00:00","description":"De com un gos que ENS ELIGI a nosaltres ens va canviar la vida per complet.... Mast\u00edn Titur\u00ed de MasTorrencito","breadcrumb":{"@id":"https:\/\/mastorrencito.com\/cat\/masti-tituri-de-mastorret\/#breadcrumb"},"inLanguage":"es","potentialAction":[{"@type":"ReadAction","target":["https:\/\/mastorrencito.com\/cat\/masti-tituri-de-mastorret\/"]}]},{"@type":"ImageObject","inLanguage":"es","@id":"https:\/\/mastorrencito.com\/cat\/masti-tituri-de-mastorret\/#primaryimage","url":"https:\/\/mastorrencito.com\/cat\/wp-content\/uploads\/sites\/3\/mastin9.jpg","contentUrl":"https:\/\/mastorrencito.com\/cat\/wp-content\/uploads\/sites\/3\/mastin9.jpg","width":2048,"height":2048,"caption":"Matin Tiruri de MasTorrencito"},{"@type":"BreadcrumbList","@id":"https:\/\/mastorrencito.com\/cat\/masti-tituri-de-mastorret\/#breadcrumb","itemListElement":[{"@type":"ListItem","position":1,"name":"Portada","item":"https:\/\/mastorrencito.com\/"},{"@type":"ListItem","position":2,"name":"Mast\u00ed Titur\u00ed de MasTorrencito"}]},{"@type":"WebSite","@id":"https:\/\/mastorrencito.com\/#website","url":"https:\/\/mastorrencito.com\/","name":"Mas Torrencito CAT","description":"Casa rural pet friendly en Girona","publisher":{"@id":"https:\/\/mastorrencito.com\/#organization"},"potentialAction":[{"@type":"SearchAction","target":{"@type":"EntryPoint","urlTemplate":"https:\/\/mastorrencito.com\/?s={search_term_string}"},"query-input":{"@type":"PropertyValueSpecification","valueRequired":true,"valueName":"search_term_string"}}],"inLanguage":"es"},{"@type":"Organization","@id":"https:\/\/mastorrencito.com\/#organization","name":"Mas Torrencito CAT","url":"https:\/\/mastorrencito.com\/","logo":{"@type":"ImageObject","inLanguage":"es","@id":"https:\/\/mastorrencito.com\/#\/schema\/logo\/image\/","url":"https:\/\/mastorrencito.com\/cat\/wp-content\/uploads\/sites\/3\/Logo-Mastorrencito-horizontal.webp","contentUrl":"https:\/\/mastorrencito.com\/cat\/wp-content\/uploads\/sites\/3\/Logo-Mastorrencito-horizontal.webp","width":161,"height":54,"caption":"Mas Torrencito CAT"},"image":{"@id":"https:\/\/mastorrencito.com\/#\/schema\/logo\/image\/"}},{"@type":"Person","@id":"https:\/\/mastorrencito.com\/#\/schema\/person\/18c619be80d4ae2667c702911625f790","name":"Mastorrencito","image":{"@type":"ImageObject","inLanguage":"es","@id":"https:\/\/secure.gravatar.com\/avatar\/3ef55e0519f987a734c21caee1423b51df7b760b7d81a38ecd31cab0a5115f6d?s=96&d=mm&r=g","url":"https:\/\/secure.gravatar.com\/avatar\/3ef55e0519f987a734c21caee1423b51df7b760b7d81a38ecd31cab0a5115f6d?s=96&d=mm&r=g","contentUrl":"https:\/\/secure.gravatar.com\/avatar\/3ef55e0519f987a734c21caee1423b51df7b760b7d81a38ecd31cab0a5115f6d?s=96&d=mm&r=g","caption":"Mastorrencito"},"url":"https:\/\/mastorrencito.com\/cat\/author\/mastorrencito\/"}]}},"acf":[],"_links":{"self":[{"href":"https:\/\/mastorrencito.com\/cat\/wp-json\/wp\/v2\/posts\/2702","targetHints":{"allow":["GET"]}}],"collection":[{"href":"https:\/\/mastorrencito.com\/cat\/wp-json\/wp\/v2\/posts"}],"about":[{"href":"https:\/\/mastorrencito.com\/cat\/wp-json\/wp\/v2\/types\/post"}],"author":[{"embeddable":true,"href":"https:\/\/mastorrencito.com\/cat\/wp-json\/wp\/v2\/users\/2"}],"replies":[{"embeddable":true,"href":"https:\/\/mastorrencito.com\/cat\/wp-json\/wp\/v2\/comments?post=2702"}],"version-history":[{"count":0,"href":"https:\/\/mastorrencito.com\/cat\/wp-json\/wp\/v2\/posts\/2702\/revisions"}],"wp:featuredmedia":[{"embeddable":true,"href":"https:\/\/mastorrencito.com\/cat\/wp-json\/wp\/v2\/media\/2677"}],"wp:attachment":[{"href":"https:\/\/mastorrencito.com\/cat\/wp-json\/wp\/v2\/media?parent=2702"}],"wp:term":[{"taxonomy":"category","embeddable":true,"href":"https:\/\/mastorrencito.com\/cat\/wp-json\/wp\/v2\/categories?post=2702"},{"taxonomy":"post_tag","embeddable":true,"href":"https:\/\/mastorrencito.com\/cat\/wp-json\/wp\/v2\/tags?post=2702"}],"curies":[{"name":"wp","href":"https:\/\/api.w.org\/{rel}","templated":true}]}}