{"id":2672,"date":"2024-12-09T05:30:30","date_gmt":"2024-12-09T05:30:30","guid":{"rendered":"https:\/\/casaruralconperrosgirona.com\/el-registre-dels-mossos-a-mastorrencito\/"},"modified":"2024-12-09T05:30:30","modified_gmt":"2024-12-09T05:30:30","slug":"el-registre-dels-mossos-a-mastorrencito","status":"publish","type":"post","link":"https:\/\/mastorrencito.com\/cat\/el-registre-dels-mossos-a-mastorrencito\/","title":{"rendered":"El desenlla\u00e7 del registre dels Mossos a MasTorrencito"},"content":{"rendered":"\n<h6 class=\"wp-block-heading\">Era un d&#8217;aquells dies on el sol semblava etern, amb aquella calor que enganxava suau i el cant dels grills com a fons musical. Hav\u00edem acabat de menjar feia poc, tota la colla reunida: la Mireia, el Vicent, la Isa, el Jordi, la Yoyo, el Joan, la Rosa Mari, el Ramon, l&#8217;Esther, l&#8217;Iban i l&#8217;Ingrid (els d&#8217;Andorra), el Cec Ramon i la Clara. Un dinar en homenatge a l&#8217;amistat, aquells moments que saben a l&#8217;estiu i rialles. El desenlla\u00e7 del registre dels Mossos a MasTorrencito     <\/h6>\n\n<p>El menjar havia estat dels que es recorden: plats casolans, va venir corrent com si no hi hagu\u00e9s un dem\u00e0, i unes postres que ning\u00fa volia que acab\u00e9s. Entre bromes, acudits dolents i alguna an\u00e8cdota que va arrencar riallades, el temps va volar. Quan ens vam aixecar, alguns estaven m\u00e9s perjudicats que altres. Els efectes del vi es veien als passos trontollants de m\u00e9s d&#8217;un, encara que tot amb bon humor.   <\/p>\n\n<p>Passades les cinc, ja torn\u00e0vem a la casa. \u00c9rem un grup animat, xerrant pel caminet polseg\u00f3s, sense m\u00e9s pressa que arribar i continuar gaudint de la tarda.  <\/p>\n\n<h4 class=\"wp-block-heading\"><strong>Llums blaves.<\/strong>  El desenlla\u00e7 del registre dels Mossos a MasTorrencito  <\/h4>\n\n<p>Llums intenses, parpellejant sense parar. Cotxes policials bloquejaven l&#8217;acc\u00e9s a la casa, i una desena d&#8217;homes armats amb armilles antibales i uniformes dels Mossos d&#8217;Esquadra estaven apostats com si s&#8217;esperessin alg\u00fa. Immediatament, el bullici del grup es va apagar.  <\/p>\n\n<p>\u201cMare meva, aix\u00f2 sembla de pel\u00b7l\u00edcula\u201d, va xiuxiuejar la Mireia, mentre el Jordi s&#8217;hi agafava com si els llums l&#8217;estiguessin interrogant ja.<\/p>\n\n<p>Els que venien m\u00e9s espurnejats pel vi semblaven haver-se curat a l&#8217;acte. Les seves cares havien passat de rialleres a s\u00f2bries, gaireb\u00e9 p\u00e0l\u00b7lides. Jo, sense entendre res, vaig avan\u00e7ar un parell de passos, mentre els meus amics xiuxiuejaven darrere.  <\/p>\n\n<p>\u2014 <strong>Bona tarda&#8230; \u00bf qu\u00e8 passa?<\/strong> \u2014vaig preguntar mirant l&#8217;agent m\u00e9s proper.<\/p>\n\n<p>Un home alt, amb un port imponent i gest seri\u00f3s, va avan\u00e7ar cap a mi. Sense presentar-se, va deixar anar:<br \/> \u2014Vost\u00e8 <strong>\u00e9s Miguel Chordi?<\/strong><br \/> \u2014 <strong>S\u00ed, s\u00f3c jo. Algun problema? <\/strong><br \/>\u2014 <strong>Ensenyeu-me la vostra documentaci\u00f3.<\/strong><\/p>\n<figure class=\"wp-block-post-featured-image\"><img fetchpriority=\"high\" decoding=\"async\" width=\"1792\" height=\"1024\" src=\"https:\/\/mastorrencito.com\/cat\/wp-content\/uploads\/sites\/3\/DALL\u00b7E-2024-12-10-06.34.19-A-humorous-countryside-scene-at-Mas-Torrencitto-a-rustic-Catalan-masia-with-a-bright-yellow-sliding-door-featuring-paw-prints.-A-group-of-Mossos-dEs-copia.jpg\" class=\"attachment-post-thumbnail size-post-thumbnail wp-post-image\" alt=\"Registro de los Mossos en MasTorrencito\" style=\"object-fit:cover;\" srcset=\"https:\/\/mastorrencito.com\/cat\/wp-content\/uploads\/sites\/3\/DALL\u00b7E-2024-12-10-06.34.19-A-humorous-countryside-scene-at-Mas-Torrencitto-a-rustic-Catalan-masia-with-a-bright-yellow-sliding-door-featuring-paw-prints.-A-group-of-Mossos-dEs-copia.jpg 1792w, https:\/\/mastorrencito.com\/cat\/wp-content\/uploads\/sites\/3\/DALL\u00b7E-2024-12-10-06.34.19-A-humorous-countryside-scene-at-Mas-Torrencitto-a-rustic-Catalan-masia-with-a-bright-yellow-sliding-door-featuring-paw-prints.-A-group-of-Mossos-dEs-copia-300x171.jpg 300w, https:\/\/mastorrencito.com\/cat\/wp-content\/uploads\/sites\/3\/DALL\u00b7E-2024-12-10-06.34.19-A-humorous-countryside-scene-at-Mas-Torrencitto-a-rustic-Catalan-masia-with-a-bright-yellow-sliding-door-featuring-paw-prints.-A-group-of-Mossos-dEs-copia-1024x585.jpg 1024w, https:\/\/mastorrencito.com\/cat\/wp-content\/uploads\/sites\/3\/DALL\u00b7E-2024-12-10-06.34.19-A-humorous-countryside-scene-at-Mas-Torrencitto-a-rustic-Catalan-masia-with-a-bright-yellow-sliding-door-featuring-paw-prints.-A-group-of-Mossos-dEs-copia-768x439.jpg 768w, https:\/\/mastorrencito.com\/cat\/wp-content\/uploads\/sites\/3\/DALL\u00b7E-2024-12-10-06.34.19-A-humorous-countryside-scene-at-Mas-Torrencitto-a-rustic-Catalan-masia-with-a-bright-yellow-sliding-door-featuring-paw-prints.-A-group-of-Mossos-dEs-copia-1536x878.jpg 1536w\" sizes=\"(max-width: 1792px) 100vw, 1792px\" \/><\/figure>\n<p>La pregunta em va deixar fred. Hi havia alguna cosa estranya en el to, una cosa que no quadrava.<br \/> \u2014 <strong>Documentaci\u00f3? Per qu\u00e8? Qu\u00e8 est\u00e0 passant?  <\/strong><br \/>\u2014 <strong>Feu el que us dic.<\/strong> \u2014El to era autoritari, sense donar lloc a discussions.<\/p>\n\n<p>Vaig posar les mans a les butxaques i vaig tractar de mantenir la calma.<br \/> \u2014<strong>Doncs no porto documentaci\u00f3 a sobre. \u00c9s a la casa. <\/strong><br \/>\u2014 <strong>Llavors la busqueu.<\/strong><\/p>\n\n<p>Aqu\u00ed vaig comen\u00e7ar a notar que alguna cosa no anava b\u00e9. Em vaig creuar de bra\u00e7os i vaig assenyalar els cotxes que bloquejaven el cam\u00ed.<br \/> \u2014<strong>I com vol que passi? M&#8217;aparten els cotxes? <\/strong><br \/>L&#8217;agent va arrufar les celles.<br \/><strong>\u2014\u00c9s que necessita anar amb cotxe?<\/strong><br \/> \u2014<strong>Doncs \u00e9s clar. \u00c9s casa meva. Vull aparcar davant, o ara aix\u00f2 tamb\u00e9 \u00e9s un problema?  <\/strong><\/p>\n\n<p>El cap va girar el cap cap als altres agents, clarament inc\u00f2mode amb les meves preguntes.<br \/> \u2014 <strong>B\u00e9, ho acompanyem fins a la casa.<\/strong><br \/> &#8211; <strong>Aix\u00f2 ser\u00e0 que no.<\/strong> <\/p>\n\n<p>El silenci va caure sobre el grup. Fins i tot els meus amics, que seguien observant de lluny, van deixar de murmurar.<br \/><strong>\u2014Perd\u00f3?<\/strong> \u2014va dir el cap.<br \/> \u2014 <strong>Que no. Tenen una ordre judicial? <\/strong><br \/><strong>\u2014Com diu?<\/strong><br \/> \u2014 <strong>Tenen una ordre per entrar a la meva propietat?<\/strong><br \/> L&#8217;agent va dubtar per un segon, com si la pregunta ho hagu\u00e9s descol\u00b7locat.<br \/><strong>\u2014Doncs\u2026 no.<\/strong><br \/> \u2014<strong>Doncs aleshores no entren. Ni amb mi ni sense mi. Espereu-vos aqu\u00ed mentre baixo per la documentaci\u00f3. I de passada, truco al meu advocat.   <\/strong><\/p>\n\n<p>Els murmuris entre els meus ve\u00efns van comen\u00e7ar a pujar. Alguns, com la Rosa Mari, ja s&#8217;havien avan\u00e7at una mica per escoltar millor. <\/p>\n\n<p>El cap, visiblement molest, va fer un pas endavant.<br \/> \u2014<strong>Sentiu, senyor. No pot baixar tot sol. No pot avisar ning\u00fa, llevat del seu advocat.  <\/strong><br \/>\u2014<strong>Com? De qu\u00e8 parla? \u00c9s casa meva.  <\/strong><br \/>\u2014 <strong>Tenim motius per creure que en la seva propietat hi podria haver persones fugades de la just\u00edcia.<\/strong><\/p>\n\n<p>La frase em va deixar at\u00f2nit. Vaig mirar l&#8217;agent, buscant algun indici que all\u00f2 fos una broma.<br \/> \u2014 <strong>\u00bf Persones fugades? D&#8217;on treu aix\u00f2? <\/strong><br \/>\u2014 <strong>Hem rebut una xivatada.<\/strong><br \/> \u2014 <strong>Una xivatada?<\/strong> \u2014vaig repetir, incr\u00e8dul\u2014. Quina classe de xivatada? Perqu\u00e8 aqu\u00ed l&#8217;\u00fanic que hi ha \u00e9s gent que va venir a menjar. O \u00e9s que els Mossos han comen\u00e7at a treballar amb rumors?**<\/p>\n\n<p>El cap va estr\u00e8nyer la mand\u00edbula.<br \/> &#8211; <strong>Senyor, li repeteixo: no pot entrar a la casa sense acompanyament.<\/strong><br \/> \u2014I <strong>jo li repeteixo que no entren sense cap ordre.<\/strong><\/p>\n\n<p>Amb un gest brusc, vaig treure el m\u00f2bil i vaig marcar el n\u00famero de Lluis, el meu advocat.<br \/> \u2014 <strong>Llu\u00eds, s\u00f3c aqu\u00ed amb els Mossos. Volen entrar a casa meva sense ordre judicial. Qu\u00e8 faig?  <\/strong><br \/>De l&#8217;altra banda de la l\u00ednia, la veu tranquil\u00b7la de Llu\u00eds va respondre:<br \/> \u2014<strong>No els deixis entrar. Sense ordre no hi tenen dret. Espera&#8217;m, vaig cap all\u00e0.  <\/strong><\/p>\n\n<p>Vaig penjar i vaig mirar el cap directament als ulls.<br \/> \u2014<strong>El meu advocat est\u00e0 en cam\u00ed. I fins que no arribi, vost\u00e8s no passen.  <\/strong><\/p>\n\n<p>L&#8217;ambient estava carregat. El meu <strong>grup<\/strong> d&#8217;amics, els ve\u00efns i els mateixos agents formaven un cercle de tensi\u00f3 que semblava a punt d&#8217;esclatar. De qu\u00e8 estaven parlant? Qu\u00e8 dimonis pensaven que hi havia a casa meva?    <\/p>\n\n<hr class=\"wp-block-separator has-alpha-channel-opacity\" \/>\n\n<p>Enmig de la tensi\u00f3, un altre cotxe oficial va apar\u00e8ixer al cam\u00ed. Era un vehicle negre, m\u00e9s discret que els altres, amb la sirena apagada, per\u00f2 no passava desapercebut. Va baixar un mosso amb aire de superioritat, portant un paper que semblava ser important. Es va acostar directament al que manava, li va lliurar el document, i tots dos van comen\u00e7ar a parlar en veu baixa, llan\u00e7ant-me mirades de tant en tant. Jo, mentrestant, mantenia les maneres, per\u00f2 la situaci\u00f3 comen\u00e7ava a posar-se m\u00e9s seriosa.    <\/p>\n\n<p>Finalment, el cap dels Mossos va fer mitja volta i va caminar cap a mi amb pas ferm, estenent-me el paper amb certa teatralitat.<\/p>\n\n<p>\u2014<strong>Aqu\u00ed tens l&#8217;ordre est\u00fapida. Ara obre la porta. <\/strong><\/p>\n\n<p>El vaig mirar als ulls, mirant de semblar m\u00e9s calmat del que realment estava.<\/p>\n\n<p>\u2014<strong>Espera, que la llegeixo. Us sembla b\u00e9? <\/strong>  \u2014vaig dir, prenent el paper com si entengu\u00e9s perfectament de qu\u00e8 anava la cosa.<\/p>\n\n<p>Vaig pr\u00e9mer els llavis i vaig comen\u00e7ar a llegir-lo, o almenys a fingir que ho feia. La veritat \u00e9s que no entenia ni la meitat del llenguatge legal que hi havia, per\u00f2 la meva intenci\u00f3 era guanyar temps i semblar segur. Els meus amics, que estaven darrere, xiuxiuejaven entre ells, probablement apostant sobre quant trigaria a cedir.  <\/p>\n\n<p>\u2014 <strong>Trucar\u00e9 a l&#8217;advocat.<\/strong><\/p>\n\n<p>El cap va deixar anar una riallada seca, gaireb\u00e9 burleta.<\/p>\n\n<p>\u2014<strong>\u00bf Quin advocat ni quines h\u00f2sties? Obre la puta porta dels collons ja! <\/strong><\/p>\n\n<p>Li vaig sostenir la mirada per un segon, per\u00f2 vaig decidir no tensar m\u00e9s la corda. Vaig arronsar les espatlles i vaig caminar cap al cotxe per buscar el comandament. En pr\u00e9mer el bot\u00f3, la porta groga corredissa, amb les empremtes de gossets, va comen\u00e7ar a obrir-se.  <\/p>\n\n<h4 class=\"wp-block-heading\">La rebuda dels nostres nens. El registre dels Mossos a MasTorrencito <\/h4>\n\n<p><strong>La porta es va obrir lentament<\/strong> , amb aquell so met\u00e0l\u00b7lic que sempre feia, mentre tots miraven atents. No s\u00e9 si era la tensi\u00f3 del moment o la sensaci\u00f3 que alguna cosa estava per passar, per\u00f2 semblava que el temps s&#8217;alentia. <\/p>\n\n<p>I llavors\u2026 <strong>van apar\u00e8ixer ells.<\/strong><\/p>\n\n<p>Primer, Mast\u00edn, amb els seus imponents 80 quilos de pur m\u00fascul, va sortir al capdavant amb el seu habitual aire de protector, per\u00f2 amb un lladruc greu que va ressonar com un tro. Despr\u00e9s, Mam\u00e1s, mostrant aquestes dents que semblaven dissenyades per intimidar fins i tot al m\u00e9s valent. Maky, com sempre, descontrolat, fent voltes sense parar, i Masto\u2026 b\u00e9, Masto portava la seva pedra favorita a la boca, com si estigu\u00e9s preparat per entrar en combat.  <\/p>\n\n<p>El lladruc dels gossos va ser immediat, <strong>fort i ensordidor<\/strong> , com si volguessin deixar clar que aquest territori era seu. Els Mossos d&#8217;Esquadra, que fins aquell moment havien mantingut la seva postura ferma i seriosa, van comen\u00e7ar a recular instintivament. Les cares van passar d&#8217;autoritat a sorpresa, i despr\u00e9s a una cosa molt semblant al p\u00e0nic.  <\/p>\n\n<p>I per si l&#8217;escena ja no fos prou surrealista, darrere de tots va apar\u00e8ixer <strong>Do\u00f1a Manuela.<\/strong> Amb el seu caminar elegant, movent la cua amb una calma que contrastava amb el caos que els seus companys havien desfermat. Semblava dir: \u201cTranquils, humans. Aix\u00f2 ho tinc sota control.\u201d <\/p>\n\n<p>Els lladrucs continuaven, i jo no podia evitar contenir el riure. Si haguessin vist les cares dels Mossos\u2026 Era per emmarcar-ho! Alguns intentaven mantenir les maneres, per\u00f2 estava clar que no estaven acostumats a enfrontar aquest equip can\u00ed.  <\/p>\n\n<p>El cap, que havia estat tan mand\u00f3 fa un moment, va aixecar les mans com en un intent de calmar la situaci\u00f3.<\/p>\n\n<p>\u2014<strong>Tranquil! Tranquil! Controleu els gossos.  <\/strong><\/p>\n\n<p>\u2014 <strong>Controlar-los?<\/strong> \u2014vaig dir amb un somriure decantat\u2014. Ells s\u00f3n a casa seva. \u00c9s vost\u00e8 el que ha insistit a entrar-hi, no?  <\/p>\n\n<p>Els meus amics, que fins aleshores havien estat aguantant-se, van esclatar en riallades. Rosa Mari fins i tot es va recolzar a Isa per no caure, mentre el Jordi murmurava:<br \/> \u2014 <strong>Aix\u00f2 \u00e9s millor que Netflix.<\/strong> <\/p>\n\n<p>La mare va fer un parell de passos cap endavant, deixant el cap petrificat, mentre Mast\u00edn deixava anar un grunyit tan greu que se sentia al pit. Va ser llavors quan vaig decidir intervenir-hi, no sense abans gaudir una mica m\u00e9s de l&#8217;espectacle. <\/p>\n\n<p>\u2014<strong>Vinga, nois. Ja est\u00e0 b\u00e9. Deixeu-los tranquils. <\/strong><\/p>\n\n<p>En sentir la meva veu, els gossos es van calmar una mica, encara que Mast\u00edn seguia observant els agents com si avalu\u00e9s quin seria el primer a intentar alguna cosa.<\/p>\n\n<p>\u2014<strong>B\u00e9, ja ha vist que a casa meva l&#8217;\u00fanica cosa perillosa que hi ha s\u00f3n els gossos. Una mica m\u00e9s, senyor agent? <\/strong><\/p>\n\n<p>El cap, encara intentant recuperar les maneres, va assentir lentament, sense treure-li la vista de sobre a la senyora Manuela, que ara s&#8217;havia assegut com tota una dama, observant el caos amb aire avorrit.<\/p>\n\n<p>\u2014 <strong>Farem una revisi\u00f3 r\u00e0pida\u2026 i ens en anirem.<\/strong><\/p>\n\n<p>Jo vaig somriure, satisfet.<\/p>\n\n<p>\u2014<strong>\u00c9s clar, el que digueu. Per\u00f2 compte amb Masto. Si intenten treure la pedra, es posa molt territorial.  <\/strong><\/p>\n\n<p>I aix\u00ed, mentre els Mossos s&#8217;endinsaven en la propietat amb m\u00e9s por que autoritat, els gossos seguien observant-los, assegurant-se que sabessin qui eren els veritables amos del lloc.<\/p>\n\n<p>Els Mossos d&#8217;Esquadra van comen\u00e7ar a envoltar la masia amb cautela, mentre que el cap donava ordres r\u00e0pides al seu equip. Els agents inspeccionaven finestres, cantonades i racons, mirant-ho tot com si esperen trobar un tresor ocult. Els gossos seguien atents, bordant de tant en tant, recordant-los que no eren benvinguts. Mast\u00edn i Mam\u00e1s caminaven al meu costat com escortes personals, mentre Maky i Masto donaven voltes nervioses, vigilant cada moviment.   <\/p>\n\n<p>Quan els agents van comen\u00e7ar a inspeccionar la zona principal, un home va sortir d?una de les habitacions. Alt, amb port imponent i una cara que semblava acostumada a donar ordres, es va acostar al grup. Era el Jaume, un dels clients que s&#8217;allotjaven a Mas Torrencitto aquella setmana. Fins aquell moment, el coneix\u00edem com un hoste amable i reservat, per\u00f2 quan el vaig veure dret davant del cap dels Mossos, vaig comprendre que hi havia alguna cosa m\u00e9s.   <\/p>\n\n<p>\u2014Qu\u00e8 <strong>passa aqu\u00ed?<\/strong> \u2014va preguntar el Jaume amb un to ferm, creuant-se de bra\u00e7os.<\/p>\n\n<p>El cap dels Mossos se&#8217;l va mirar, clarament sorpr\u00e8s.<br \/> \u2014<strong>Senyor, estem en una operaci\u00f3 oficial. Li demano que es mantingui al marge. <\/strong><\/p>\n\n<p>En Jaume va aixecar una cella, va treure una targeta de la butxaca i la va sostenir davant de l&#8217;agent.<br \/> \u2014<strong>Oficial? S\u00f3c Jaume Pons, subdirector general dels Mossos. Expliqui&#8217;m exactament qu\u00e8 fan vost\u00e8s aqu\u00ed, i facin-ho r\u00e0pid.  <\/strong><\/p>\n\n<p>El silenci va ser absolut. Els agents, que fins aquell moment semblaven tan segurs de si mateixos, van intercanviar mirades nervioses. Fins i tot els gossos van deixar de bordar per un segon, com si tamb\u00e9 esperessin una resposta.  <\/p>\n\n<p><strong>\u2014Senyor, aix\u00f2\u2026 aix\u00f2 \u00e9s una intervenci\u00f3 per una den\u00fancia\u2026<\/strong> \u2014va balbucejar el cap, clarament inc\u00f2mode.<br \/> \u2014 <strong>Den\u00fancia de qu\u00e8?<\/strong> \u2014El Jaume el va interrompre, clavant-li una mirada que hauria fet tremolar qualsevol.<br \/> \u2014 <strong>Hem rebut una xivatada indicant que en aquesta propietat podrien estar allotjant-se persones fugades de la just\u00edcia.<\/strong><br \/> \u2014 <strong>Fugats de la just\u00edcia?<\/strong> \u2014va repetir el Jaume, incr\u00e8dul\u2014. Quina mena d&#8217;operaci\u00f3 duen a terme sense informar-me&#8217;n? Perqu\u00e8 no en tinc const\u00e0ncia, i encara menys que hagin sol\u00b7licitat una ordre judicial de manera adequada.  <\/p>\n\n<p>El cap va titubejar, clarament acorralat.<br \/> \u2014 <strong>Senyor, actuem basant-nos en informaci\u00f3\u2026<\/strong><br \/> \u2014 <strong>Informaci\u00f3 o rumors?<\/strong> \u2014El Jaume va fer un pas endavant\u2014. Estan dient que aquest establiment, que he comprovat personalment, acull fugitius? Em sembla que tenen moltes explicacions per donar.**<\/p>\n\n<p>Els agents van comen\u00e7ar a recular lleugerament, sense saber com reaccionar. Mast\u00ed, com si perceb\u00e9s la tensi\u00f3, es va avan\u00e7ar una mica, deixant escapar un grunyit greu. El cap va aixecar les mans instintivament, en un gest de rendici\u00f3.  <\/p>\n\n<figure class=\"wp-block-image size-large\"><img decoding=\"async\" width=\"1024\" height=\"585\" src=\"https:\/\/mastorrencito.com\/wp-content\/uploads\/2024\/12\/mossos3-1024x585.jpg\" alt=\"Registre dels Mossos a MasTorrencito\" class=\"wp-image-2665\" srcset=\"https:\/\/mastorrencito.com\/cat\/wp-content\/uploads\/sites\/3\/mossos3-1024x585.jpg 1024w, https:\/\/mastorrencito.com\/cat\/wp-content\/uploads\/sites\/3\/mossos3-300x171.jpg 300w, https:\/\/mastorrencito.com\/cat\/wp-content\/uploads\/sites\/3\/mossos3-768x439.jpg 768w, https:\/\/mastorrencito.com\/cat\/wp-content\/uploads\/sites\/3\/mossos3-1536x878.jpg 1536w, https:\/\/mastorrencito.com\/cat\/wp-content\/uploads\/sites\/3\/mossos3.jpg 1792w\" sizes=\"(max-width: 1024px) 100vw, 1024px\" \/><figcaption class=\"wp-element-caption\">Registre dels Mossos a MasTorrencito<\/figcaption><\/figure>\n<p>\u2014Aix\u00f2 <strong>ha estat un error, senyor.<\/strong> \u2014va admetre finalment.<br \/> \u2014<strong>Un error, s\u00ed. I un de greu. Ara recullin les seves coses i aneu-vos. Aix\u00f2 \u00e9s una propietat privada i no tenen dret a continuar aqu\u00ed sense m\u00e9s explicacions.   <\/strong><\/p>\n\n<p>Els Mossos van comen\u00e7ar a retirar-se amb les orelles farinetes, murmurant entre ells. Els gossos, com a guardians orgullosos, els van escortar fins a la porta, bordant ocasionalment per recordar-los que no eren benvinguts. <\/p>\n\n<p>Quan finalment se&#8217;n van anar, Jaume va tornar a la casa, on jo ho esperava, encara processant el que acabava de passar.<\/p>\n\n<p>\u2014<strong>Jaume\u2026 Qu\u00e8 ha estat tot aix\u00f2? Qu\u00e8 volien exactament? <\/strong>  \u2014li vaig preguntar, encara amb curiositat.<\/p>\n\n<p>En Jaume va sospirar i es va passar una m\u00e0 pels cabells, com si estigu\u00e9s decidint per on comen\u00e7ar.<br \/> \u2014<strong>\u00c9s una bogeria. Segons m&#8217;han explicat, alg\u00fa va denunciar que aqu\u00ed es podrien allotjar alguns dels exiliats a Brussel\u00b7les. Tot per una xivatada.  <\/strong><br \/>\u2014<strong>Exiliats? A Mas Torrencitto? <\/strong>  \u2014vaig preguntar, entre rialles\u2014. I qui dimonis s&#8217;ha inventat una cosa aix\u00ed? <\/p>\n\n<p>En Jaume em va mirar amb una barreja de compassi\u00f3 i cansament.<br \/> \u2014<strong>Suposadament, un ve\u00ed. I veient com han actuat, \u00e9s clar que no van investigar res abans de venir. <\/strong><\/p>\n\n<p>Immediatament vaig saber qui podria estar darrere.<br \/> \u2014 <strong>Segur que ha estat ella.<\/strong> \u2014vaig murmurar amb un to de resignaci\u00f3.<br \/> En Jaume em va mirar, curi\u00f3s.<br \/><strong>\u2014Qui?<\/strong><br \/> \u2014<strong>La nostra estimada ve\u00efna. Sempre est\u00e0 cercant problemes. Si no \u00e9s perqu\u00e8 entren i surten clients, \u00e9s perqu\u00e8 els gossos borren, o perqu\u00e8 li molesta el simple fet que existim.  <\/strong><\/p>\n\n<p>Jaume va assentir, comprenent.<br \/> \u2014<strong>\u00c9s possible. Gent aix\u00ed sempre busca maneres de rescabalar-se. Per\u00f2 no et preocupis, aix\u00f2 no quedar\u00e0 aix\u00ed.  <\/strong><\/p>\n\n<p>Aquella nit, mentre compart\u00edem unes copes de vi, la tensi\u00f3 finalment es va dissipar. Entre rialles, els meus amics no paraven d&#8217;imitar les cares dels Mossos en veure els gossos, i el Jaume va prometre assegurar-se que aquest tipus de situacions no es torn\u00e9s a repetir. <\/p>\n\n<p>Mas Torrencitto havia estat testimoni de moltes hist\u00f2ries, per\u00f2 aquesta s&#8217;enduria, sens dubte, un lloc especial a la seva mem\u00f2ria.<\/p>\n\n<figure class=\"wp-block-image size-large\"><img decoding=\"async\" width=\"1024\" height=\"585\" src=\"https:\/\/mastorrencito.com\/wp-content\/uploads\/2024\/12\/mossos1-1024x585.jpg\" alt=\"Registre dels Mossos a MasTorrencito\" class=\"wp-image-2668\" srcset=\"https:\/\/mastorrencito.com\/cat\/wp-content\/uploads\/sites\/3\/mossos1-1024x585.jpg 1024w, https:\/\/mastorrencito.com\/cat\/wp-content\/uploads\/sites\/3\/mossos1-300x171.jpg 300w, https:\/\/mastorrencito.com\/cat\/wp-content\/uploads\/sites\/3\/mossos1-768x439.jpg 768w, https:\/\/mastorrencito.com\/cat\/wp-content\/uploads\/sites\/3\/mossos1-1536x878.jpg 1536w, https:\/\/mastorrencito.com\/cat\/wp-content\/uploads\/sites\/3\/mossos1.jpg 1792w\" sizes=\"(max-width: 1024px) 100vw, 1024px\" \/><figcaption class=\"wp-element-caption\">Registre dels Mossos a MasTorrencito<\/figcaption><\/figure>\n<p>Aquella nit, despr\u00e9s que els Mossos se&#8217;n van anar amb els cotxes oficials i els egos ferits, la calma va tornar a poc a poc a Mas Torrencitto. Els gossos, satisfets amb la seva actuaci\u00f3 heroica, es van acomodar com a reis als seus racons favorits, mentre els amics i jo ens reun\u00edem a la terrassa amb una copa de vi a la m\u00e0. <\/p>\n\n<p>En Jaume, ara molt m\u00e9s relaxat, va comen\u00e7ar a riure mentre repass\u00e0vem el que havia passat.<br \/> \u2014 <strong>Si haguessis vist les cares del cap\u2026 semblava que Mast\u00edn s&#8217;ho menjaria sencer!<\/strong><\/p>\n\n<p>La Mireia, amb ll\u00e0grimes de riure, va afegir:<br \/> \u2014<strong>I Masto amb la pedra a la boca! Com si estigu\u00e9s llest per llan\u00e7ar-la al primer que s&#8217;hi acost\u00e9s. <\/strong><\/p>\n\n<p>Jordi va imitar el gest del cap dels Mossos aixecant les mans, i Rosa Mari gaireb\u00e9 va caure de la cadira de tant riure. Per\u00f2 la meva ment seguia donant voltes a la xivatada. <\/p>\n\n<p>\u2014 <strong>Jaume, qu\u00e8 far\u00e0s amb tot aix\u00f2?<\/strong> \u2014li vaig preguntar, intentant reprendre una mica de serietat.<\/p>\n\n<p>En Jaume va somriure amb un aire murri.<br \/> \u2014<strong>B\u00e9, far\u00e9 un informe oficial\u2026 per\u00f2 abans que s&#8217;ho passin a alg\u00fa, l&#8217;omplir\u00e9 amb les cares d&#8217;ensurt que tenien. Aix\u00f2 hauria de ser suficient perqu\u00e8 aprenguin a no deixar-se portar per rumors. <\/strong><\/p>\n\n<p>Vam riure de nou, per\u00f2 no vaig poder evitar esmentar la nostra \u201cestimada\u201d ve\u00efna.<br \/> \u2014<strong>Segur que ha estat ella. Aquesta dona no para de buscar problemes. No s\u00e9 si \u00e9s perqu\u00e8 molesta el soroll, els clients, els gossos\u2026 o tot plegat.  <\/strong><\/p>\n\n<p>La Mireia es va inclinar cap endavant, emocionada.<br \/> \u2014<strong>I si us enviem un regal? Cosa que la faci reflexionar. <\/strong><\/p>\n\n<p>\u2014 <strong>Qu\u00e8 proposes?<\/strong> \u2014va preguntar la Isa, intrigada.<\/p>\n\n<p>Jordi, amb un somriure entremaliat, va intervenir:<br \/> \u2014 <strong>Un cartell que digui: &#8216;Gr\u00e0cies per la teva amable xivatada, els Mossos s&#8217;ho van passar genial&#8217;!<\/strong><\/p>\n\n<p>La idea era massa bona per ignorar-la. Entre rialles i brindis, vam decidir que aquesta seria la nostra petita venjan\u00e7a: un missatge clar per\u00f2 divertit, perqu\u00e8 entengu\u00e9s que no ens amargaria el dia. <\/p>\n\n<p>L&#8217;endem\u00e0 al mat\u00ed, Mast\u00edn, Mam\u00e1s, Maky, i Masto semblaven satisfets amb la seva actuaci\u00f3 de la nit anterior. Do\u00f1a Manuela, amb la seva usual eleg\u00e0ncia, caminava per la terrassa com supervisant-ho tot. Els Mossos no havien tornat, i la masia recuperava el ritme habitual: clients feli\u00e7os, gossos juganers, i un ambient on les rialles sempre guanyaven.  <\/p>\n\n<p>En Jaume, abans de marxar, em va estr\u00e8nyer la m\u00e0.<br \/> \u2014<strong>Miquel, gr\u00e0cies pel vi i l&#8217;hospitalitat. I no et preocupis, la propera vegada que vingui ser\u00e0 per descansar\u2026 no per arreglar desastres. <\/strong><\/p>\n\n<p>I amb aix\u00f2, va tornar a ser un hoste m\u00e9s, deixant darrere seu una de les hist\u00f2ries m\u00e9s memorables que no hav\u00edem viscut mai a Mas Torrencitto.<\/p>\n\n<p>La ve\u00efna? B\u00e9\u2026 mai no va deixar de buscar problemes. Per\u00f2 cada cop que pass\u00e0vem per casa seva, ens assegur\u00e0vem de tocar el cl\u00e0xon\u2026 i que Mast\u00edn bord\u00e9s amb ganes.  <\/p>\n\n<hr class=\"wp-block-separator has-alpha-channel-opacity\" \/>\n\n<p><\/p>\n\n<p><\/p>\n\n<blockquote class=\"wp-block-quote is-layout-flow wp-block-quote-is-layout-flow\">\n<p>Des de MasTorrencito us desitgem un bon dia i que els vostres goss us acompanyi!!!!<\/p>\n<\/blockquote>\n\n<p>\u2014\u2013<br \/> Si vols, podeu veure els nostres <strong>bons per caps de setmana, bons jubilats<\/strong> , a un preu incre\u00efble..entra a <a href=\"https:\/\/www.mastorrencito.com\/\">www.mastorrencito.com<\/a> o si vols podeu llegir m\u00e9s hist\u00f2ria i an\u00e8cdotes que ens han passat a Mas Torrencito\u2026 Fes click <a href=\"https:\/\/mastorrencito.com\/\">aqu\u00ed<\/a> <\/p>\n\n<p><\/p>\n","protected":false},"excerpt":{"rendered":"<p>Era un d&#8217;aquells dies on el sol semblava etern, amb aquella calor que enganxava suau i el cant dels grills com a fons musical. Hav\u00edem acabat de menjar feia poc, tota la colla reunida: la Mireia, el Vicent, la Isa, el Jordi, la Yoyo, el Joan, la Rosa Mari, el Ramon, l&#8217;Esther, l&#8217;Iban i l&#8217;Ingrid [&hellip;]<\/p>\n","protected":false},"author":2,"featured_media":2712,"comment_status":"open","ping_status":"closed","sticky":false,"template":"","format":"standard","meta":{"_acf_changed":false,"footnotes":""},"categories":[35],"tags":[],"class_list":["post-2672","post","type-post","status-publish","format-standard","has-post-thumbnail","hentry","category-histories-mastorrencito"],"yoast_head":"<!-- This site is optimized with the Yoast SEO Premium plugin v27.3 (Yoast SEO v27.5) - https:\/\/yoast.com\/product\/yoast-seo-premium-wordpress\/ -->\n<title>El desenlla\u00e7 del registre dels Mossos a MasTorrencito - Mas Torrencito CAT<\/title>\n<meta name=\"description\" content=\"De quan els Mossos van venir a MasTorrencito a fer un registre per una xivatada... El registre dels Mossos a MasTorrencito\" \/>\n<meta name=\"robots\" content=\"index, follow, max-snippet:-1, max-image-preview:large, max-video-preview:-1\" \/>\n<link rel=\"canonical\" href=\"https:\/\/mastorrencito.com\/cat\/el-registre-dels-mossos-a-mastorrencito\/\" \/>\n<meta property=\"og:locale\" content=\"es_ES\" \/>\n<meta property=\"og:type\" content=\"article\" \/>\n<meta property=\"og:title\" content=\"El desenlla\u00e7 del registre dels Mossos a MasTorrencito\" \/>\n<meta property=\"og:description\" content=\"De quan els Mossos van venir a MasTorrencito a fer un registre per una xivatada... El registre dels Mossos a MasTorrencito\" \/>\n<meta property=\"og:url\" content=\"https:\/\/mastorrencito.com\/cat\/el-registre-dels-mossos-a-mastorrencito\/\" \/>\n<meta property=\"og:site_name\" content=\"Mas Torrencito CAT\" \/>\n<meta property=\"article:published_time\" content=\"2024-12-09T05:30:30+00:00\" \/>\n<meta property=\"og:image\" content=\"https:\/\/mastorrencito.com\/cat\/wp-content\/uploads\/sites\/3\/DALL\u00b7E-2024-12-10-06.34.19-A-humorous-countryside-scene-at-Mas-Torrencitto-a-rustic-Catalan-masia-with-a-bright-yellow-sliding-door-featuring-paw-prints.-A-group-of-Mossos-dEs-copia.jpg\" \/>\n\t<meta property=\"og:image:width\" content=\"1792\" \/>\n\t<meta property=\"og:image:height\" content=\"1024\" \/>\n\t<meta property=\"og:image:type\" content=\"image\/jpeg\" \/>\n<meta name=\"author\" content=\"Mastorrencito\" \/>\n<meta name=\"twitter:card\" content=\"summary_large_image\" \/>\n<meta name=\"twitter:label1\" content=\"Escrito por\" \/>\n\t<meta name=\"twitter:data1\" content=\"Mastorrencito\" \/>\n\t<meta name=\"twitter:label2\" content=\"Tiempo de lectura\" \/>\n\t<meta name=\"twitter:data2\" content=\"16 minutos\" \/>\n<script type=\"application\/ld+json\" class=\"yoast-schema-graph\">{\"@context\":\"https:\\\/\\\/schema.org\",\"@graph\":[{\"@type\":\"Article\",\"@id\":\"https:\\\/\\\/mastorrencito.com\\\/cat\\\/el-registre-dels-mossos-a-mastorrencito\\\/#article\",\"isPartOf\":{\"@id\":\"https:\\\/\\\/mastorrencito.com\\\/cat\\\/el-registre-dels-mossos-a-mastorrencito\\\/\"},\"author\":{\"name\":\"Mastorrencito\",\"@id\":\"https:\\\/\\\/mastorrencito.com\\\/#\\\/schema\\\/person\\\/18c619be80d4ae2667c702911625f790\"},\"headline\":\"El desenlla\u00e7 del registre dels Mossos a MasTorrencito\",\"datePublished\":\"2024-12-09T05:30:30+00:00\",\"mainEntityOfPage\":{\"@id\":\"https:\\\/\\\/mastorrencito.com\\\/cat\\\/el-registre-dels-mossos-a-mastorrencito\\\/\"},\"wordCount\":3209,\"commentCount\":2,\"publisher\":{\"@id\":\"https:\\\/\\\/mastorrencito.com\\\/#organization\"},\"image\":{\"@id\":\"https:\\\/\\\/mastorrencito.com\\\/cat\\\/el-registre-dels-mossos-a-mastorrencito\\\/#primaryimage\"},\"thumbnailUrl\":\"https:\\\/\\\/mastorrencito.com\\\/cat\\\/wp-content\\\/uploads\\\/sites\\\/3\\\/DALL\u00b7E-2024-12-10-06.34.19-A-humorous-countryside-scene-at-Mas-Torrencitto-a-rustic-Catalan-masia-with-a-bright-yellow-sliding-door-featuring-paw-prints.-A-group-of-Mossos-dEs-copia.jpg\",\"articleSection\":[\"Hist\u00f2ries Mastorrencito\"],\"inLanguage\":\"es\",\"potentialAction\":[{\"@type\":\"CommentAction\",\"name\":\"Comment\",\"target\":[\"https:\\\/\\\/mastorrencito.com\\\/cat\\\/el-registre-dels-mossos-a-mastorrencito\\\/#respond\"]}]},{\"@type\":\"WebPage\",\"@id\":\"https:\\\/\\\/mastorrencito.com\\\/cat\\\/el-registre-dels-mossos-a-mastorrencito\\\/\",\"url\":\"https:\\\/\\\/mastorrencito.com\\\/cat\\\/el-registre-dels-mossos-a-mastorrencito\\\/\",\"name\":\"El desenlla\u00e7 del registre dels Mossos a MasTorrencito - Mas Torrencito CAT\",\"isPartOf\":{\"@id\":\"https:\\\/\\\/mastorrencito.com\\\/#website\"},\"primaryImageOfPage\":{\"@id\":\"https:\\\/\\\/mastorrencito.com\\\/cat\\\/el-registre-dels-mossos-a-mastorrencito\\\/#primaryimage\"},\"image\":{\"@id\":\"https:\\\/\\\/mastorrencito.com\\\/cat\\\/el-registre-dels-mossos-a-mastorrencito\\\/#primaryimage\"},\"thumbnailUrl\":\"https:\\\/\\\/mastorrencito.com\\\/cat\\\/wp-content\\\/uploads\\\/sites\\\/3\\\/DALL\u00b7E-2024-12-10-06.34.19-A-humorous-countryside-scene-at-Mas-Torrencitto-a-rustic-Catalan-masia-with-a-bright-yellow-sliding-door-featuring-paw-prints.-A-group-of-Mossos-dEs-copia.jpg\",\"datePublished\":\"2024-12-09T05:30:30+00:00\",\"description\":\"De quan els Mossos van venir a MasTorrencito a fer un registre per una xivatada... El registre dels Mossos a MasTorrencito\",\"breadcrumb\":{\"@id\":\"https:\\\/\\\/mastorrencito.com\\\/cat\\\/el-registre-dels-mossos-a-mastorrencito\\\/#breadcrumb\"},\"inLanguage\":\"es\",\"potentialAction\":[{\"@type\":\"ReadAction\",\"target\":[\"https:\\\/\\\/mastorrencito.com\\\/cat\\\/el-registre-dels-mossos-a-mastorrencito\\\/\"]}]},{\"@type\":\"ImageObject\",\"inLanguage\":\"es\",\"@id\":\"https:\\\/\\\/mastorrencito.com\\\/cat\\\/el-registre-dels-mossos-a-mastorrencito\\\/#primaryimage\",\"url\":\"https:\\\/\\\/mastorrencito.com\\\/cat\\\/wp-content\\\/uploads\\\/sites\\\/3\\\/DALL\u00b7E-2024-12-10-06.34.19-A-humorous-countryside-scene-at-Mas-Torrencitto-a-rustic-Catalan-masia-with-a-bright-yellow-sliding-door-featuring-paw-prints.-A-group-of-Mossos-dEs-copia.jpg\",\"contentUrl\":\"https:\\\/\\\/mastorrencito.com\\\/cat\\\/wp-content\\\/uploads\\\/sites\\\/3\\\/DALL\u00b7E-2024-12-10-06.34.19-A-humorous-countryside-scene-at-Mas-Torrencitto-a-rustic-Catalan-masia-with-a-bright-yellow-sliding-door-featuring-paw-prints.-A-group-of-Mossos-dEs-copia.jpg\",\"width\":1792,\"height\":1024,\"caption\":\"Registro de los Mossos en MasTorrencito\"},{\"@type\":\"BreadcrumbList\",\"@id\":\"https:\\\/\\\/mastorrencito.com\\\/cat\\\/el-registre-dels-mossos-a-mastorrencito\\\/#breadcrumb\",\"itemListElement\":[{\"@type\":\"ListItem\",\"position\":1,\"name\":\"Portada\",\"item\":\"https:\\\/\\\/mastorrencito.com\\\/\"},{\"@type\":\"ListItem\",\"position\":2,\"name\":\"El desenlla\u00e7 del registre dels Mossos a MasTorrencito\"}]},{\"@type\":\"WebSite\",\"@id\":\"https:\\\/\\\/mastorrencito.com\\\/#website\",\"url\":\"https:\\\/\\\/mastorrencito.com\\\/\",\"name\":\"Mas Torrencito CAT\",\"description\":\"Casa rural pet friendly en Girona\",\"publisher\":{\"@id\":\"https:\\\/\\\/mastorrencito.com\\\/#organization\"},\"potentialAction\":[{\"@type\":\"SearchAction\",\"target\":{\"@type\":\"EntryPoint\",\"urlTemplate\":\"https:\\\/\\\/mastorrencito.com\\\/?s={search_term_string}\"},\"query-input\":{\"@type\":\"PropertyValueSpecification\",\"valueRequired\":true,\"valueName\":\"search_term_string\"}}],\"inLanguage\":\"es\"},{\"@type\":\"Organization\",\"@id\":\"https:\\\/\\\/mastorrencito.com\\\/#organization\",\"name\":\"Mas Torrencito CAT\",\"url\":\"https:\\\/\\\/mastorrencito.com\\\/\",\"logo\":{\"@type\":\"ImageObject\",\"inLanguage\":\"es\",\"@id\":\"https:\\\/\\\/mastorrencito.com\\\/#\\\/schema\\\/logo\\\/image\\\/\",\"url\":\"https:\\\/\\\/mastorrencito.com\\\/cat\\\/wp-content\\\/uploads\\\/sites\\\/3\\\/Logo-Mastorrencito-horizontal.webp\",\"contentUrl\":\"https:\\\/\\\/mastorrencito.com\\\/cat\\\/wp-content\\\/uploads\\\/sites\\\/3\\\/Logo-Mastorrencito-horizontal.webp\",\"width\":161,\"height\":54,\"caption\":\"Mas Torrencito CAT\"},\"image\":{\"@id\":\"https:\\\/\\\/mastorrencito.com\\\/#\\\/schema\\\/logo\\\/image\\\/\"}},{\"@type\":\"Person\",\"@id\":\"https:\\\/\\\/mastorrencito.com\\\/#\\\/schema\\\/person\\\/18c619be80d4ae2667c702911625f790\",\"name\":\"Mastorrencito\",\"image\":{\"@type\":\"ImageObject\",\"inLanguage\":\"es\",\"@id\":\"https:\\\/\\\/secure.gravatar.com\\\/avatar\\\/3ef55e0519f987a734c21caee1423b51df7b760b7d81a38ecd31cab0a5115f6d?s=96&d=mm&r=g\",\"url\":\"https:\\\/\\\/secure.gravatar.com\\\/avatar\\\/3ef55e0519f987a734c21caee1423b51df7b760b7d81a38ecd31cab0a5115f6d?s=96&d=mm&r=g\",\"contentUrl\":\"https:\\\/\\\/secure.gravatar.com\\\/avatar\\\/3ef55e0519f987a734c21caee1423b51df7b760b7d81a38ecd31cab0a5115f6d?s=96&d=mm&r=g\",\"caption\":\"Mastorrencito\"},\"url\":\"https:\\\/\\\/mastorrencito.com\\\/cat\\\/author\\\/mastorrencito\\\/\"}]}<\/script>\n<!-- \/ Yoast SEO Premium plugin. -->","yoast_head_json":{"title":"El desenlla\u00e7 del registre dels Mossos a MasTorrencito - Mas Torrencito CAT","description":"De quan els Mossos van venir a MasTorrencito a fer un registre per una xivatada... El registre dels Mossos a MasTorrencito","robots":{"index":"index","follow":"follow","max-snippet":"max-snippet:-1","max-image-preview":"max-image-preview:large","max-video-preview":"max-video-preview:-1"},"canonical":"https:\/\/mastorrencito.com\/cat\/el-registre-dels-mossos-a-mastorrencito\/","og_locale":"es_ES","og_type":"article","og_title":"El desenlla\u00e7 del registre dels Mossos a MasTorrencito","og_description":"De quan els Mossos van venir a MasTorrencito a fer un registre per una xivatada... El registre dels Mossos a MasTorrencito","og_url":"https:\/\/mastorrencito.com\/cat\/el-registre-dels-mossos-a-mastorrencito\/","og_site_name":"Mas Torrencito CAT","article_published_time":"2024-12-09T05:30:30+00:00","og_image":[{"width":1792,"height":1024,"url":"https:\/\/mastorrencito.com\/cat\/wp-content\/uploads\/sites\/3\/DALL\u00b7E-2024-12-10-06.34.19-A-humorous-countryside-scene-at-Mas-Torrencitto-a-rustic-Catalan-masia-with-a-bright-yellow-sliding-door-featuring-paw-prints.-A-group-of-Mossos-dEs-copia.jpg","type":"image\/jpeg"}],"author":"Mastorrencito","twitter_card":"summary_large_image","twitter_misc":{"Escrito por":"Mastorrencito","Tiempo de lectura":"16 minutos"},"schema":{"@context":"https:\/\/schema.org","@graph":[{"@type":"Article","@id":"https:\/\/mastorrencito.com\/cat\/el-registre-dels-mossos-a-mastorrencito\/#article","isPartOf":{"@id":"https:\/\/mastorrencito.com\/cat\/el-registre-dels-mossos-a-mastorrencito\/"},"author":{"name":"Mastorrencito","@id":"https:\/\/mastorrencito.com\/#\/schema\/person\/18c619be80d4ae2667c702911625f790"},"headline":"El desenlla\u00e7 del registre dels Mossos a MasTorrencito","datePublished":"2024-12-09T05:30:30+00:00","mainEntityOfPage":{"@id":"https:\/\/mastorrencito.com\/cat\/el-registre-dels-mossos-a-mastorrencito\/"},"wordCount":3209,"commentCount":2,"publisher":{"@id":"https:\/\/mastorrencito.com\/#organization"},"image":{"@id":"https:\/\/mastorrencito.com\/cat\/el-registre-dels-mossos-a-mastorrencito\/#primaryimage"},"thumbnailUrl":"https:\/\/mastorrencito.com\/cat\/wp-content\/uploads\/sites\/3\/DALL\u00b7E-2024-12-10-06.34.19-A-humorous-countryside-scene-at-Mas-Torrencitto-a-rustic-Catalan-masia-with-a-bright-yellow-sliding-door-featuring-paw-prints.-A-group-of-Mossos-dEs-copia.jpg","articleSection":["Hist\u00f2ries Mastorrencito"],"inLanguage":"es","potentialAction":[{"@type":"CommentAction","name":"Comment","target":["https:\/\/mastorrencito.com\/cat\/el-registre-dels-mossos-a-mastorrencito\/#respond"]}]},{"@type":"WebPage","@id":"https:\/\/mastorrencito.com\/cat\/el-registre-dels-mossos-a-mastorrencito\/","url":"https:\/\/mastorrencito.com\/cat\/el-registre-dels-mossos-a-mastorrencito\/","name":"El desenlla\u00e7 del registre dels Mossos a MasTorrencito - Mas Torrencito CAT","isPartOf":{"@id":"https:\/\/mastorrencito.com\/#website"},"primaryImageOfPage":{"@id":"https:\/\/mastorrencito.com\/cat\/el-registre-dels-mossos-a-mastorrencito\/#primaryimage"},"image":{"@id":"https:\/\/mastorrencito.com\/cat\/el-registre-dels-mossos-a-mastorrencito\/#primaryimage"},"thumbnailUrl":"https:\/\/mastorrencito.com\/cat\/wp-content\/uploads\/sites\/3\/DALL\u00b7E-2024-12-10-06.34.19-A-humorous-countryside-scene-at-Mas-Torrencitto-a-rustic-Catalan-masia-with-a-bright-yellow-sliding-door-featuring-paw-prints.-A-group-of-Mossos-dEs-copia.jpg","datePublished":"2024-12-09T05:30:30+00:00","description":"De quan els Mossos van venir a MasTorrencito a fer un registre per una xivatada... El registre dels Mossos a MasTorrencito","breadcrumb":{"@id":"https:\/\/mastorrencito.com\/cat\/el-registre-dels-mossos-a-mastorrencito\/#breadcrumb"},"inLanguage":"es","potentialAction":[{"@type":"ReadAction","target":["https:\/\/mastorrencito.com\/cat\/el-registre-dels-mossos-a-mastorrencito\/"]}]},{"@type":"ImageObject","inLanguage":"es","@id":"https:\/\/mastorrencito.com\/cat\/el-registre-dels-mossos-a-mastorrencito\/#primaryimage","url":"https:\/\/mastorrencito.com\/cat\/wp-content\/uploads\/sites\/3\/DALL\u00b7E-2024-12-10-06.34.19-A-humorous-countryside-scene-at-Mas-Torrencitto-a-rustic-Catalan-masia-with-a-bright-yellow-sliding-door-featuring-paw-prints.-A-group-of-Mossos-dEs-copia.jpg","contentUrl":"https:\/\/mastorrencito.com\/cat\/wp-content\/uploads\/sites\/3\/DALL\u00b7E-2024-12-10-06.34.19-A-humorous-countryside-scene-at-Mas-Torrencitto-a-rustic-Catalan-masia-with-a-bright-yellow-sliding-door-featuring-paw-prints.-A-group-of-Mossos-dEs-copia.jpg","width":1792,"height":1024,"caption":"Registro de los Mossos en MasTorrencito"},{"@type":"BreadcrumbList","@id":"https:\/\/mastorrencito.com\/cat\/el-registre-dels-mossos-a-mastorrencito\/#breadcrumb","itemListElement":[{"@type":"ListItem","position":1,"name":"Portada","item":"https:\/\/mastorrencito.com\/"},{"@type":"ListItem","position":2,"name":"El desenlla\u00e7 del registre dels Mossos a MasTorrencito"}]},{"@type":"WebSite","@id":"https:\/\/mastorrencito.com\/#website","url":"https:\/\/mastorrencito.com\/","name":"Mas Torrencito CAT","description":"Casa rural pet friendly en Girona","publisher":{"@id":"https:\/\/mastorrencito.com\/#organization"},"potentialAction":[{"@type":"SearchAction","target":{"@type":"EntryPoint","urlTemplate":"https:\/\/mastorrencito.com\/?s={search_term_string}"},"query-input":{"@type":"PropertyValueSpecification","valueRequired":true,"valueName":"search_term_string"}}],"inLanguage":"es"},{"@type":"Organization","@id":"https:\/\/mastorrencito.com\/#organization","name":"Mas Torrencito CAT","url":"https:\/\/mastorrencito.com\/","logo":{"@type":"ImageObject","inLanguage":"es","@id":"https:\/\/mastorrencito.com\/#\/schema\/logo\/image\/","url":"https:\/\/mastorrencito.com\/cat\/wp-content\/uploads\/sites\/3\/Logo-Mastorrencito-horizontal.webp","contentUrl":"https:\/\/mastorrencito.com\/cat\/wp-content\/uploads\/sites\/3\/Logo-Mastorrencito-horizontal.webp","width":161,"height":54,"caption":"Mas Torrencito CAT"},"image":{"@id":"https:\/\/mastorrencito.com\/#\/schema\/logo\/image\/"}},{"@type":"Person","@id":"https:\/\/mastorrencito.com\/#\/schema\/person\/18c619be80d4ae2667c702911625f790","name":"Mastorrencito","image":{"@type":"ImageObject","inLanguage":"es","@id":"https:\/\/secure.gravatar.com\/avatar\/3ef55e0519f987a734c21caee1423b51df7b760b7d81a38ecd31cab0a5115f6d?s=96&d=mm&r=g","url":"https:\/\/secure.gravatar.com\/avatar\/3ef55e0519f987a734c21caee1423b51df7b760b7d81a38ecd31cab0a5115f6d?s=96&d=mm&r=g","contentUrl":"https:\/\/secure.gravatar.com\/avatar\/3ef55e0519f987a734c21caee1423b51df7b760b7d81a38ecd31cab0a5115f6d?s=96&d=mm&r=g","caption":"Mastorrencito"},"url":"https:\/\/mastorrencito.com\/cat\/author\/mastorrencito\/"}]}},"acf":[],"_links":{"self":[{"href":"https:\/\/mastorrencito.com\/cat\/wp-json\/wp\/v2\/posts\/2672","targetHints":{"allow":["GET"]}}],"collection":[{"href":"https:\/\/mastorrencito.com\/cat\/wp-json\/wp\/v2\/posts"}],"about":[{"href":"https:\/\/mastorrencito.com\/cat\/wp-json\/wp\/v2\/types\/post"}],"author":[{"embeddable":true,"href":"https:\/\/mastorrencito.com\/cat\/wp-json\/wp\/v2\/users\/2"}],"replies":[{"embeddable":true,"href":"https:\/\/mastorrencito.com\/cat\/wp-json\/wp\/v2\/comments?post=2672"}],"version-history":[{"count":0,"href":"https:\/\/mastorrencito.com\/cat\/wp-json\/wp\/v2\/posts\/2672\/revisions"}],"wp:featuredmedia":[{"embeddable":true,"href":"https:\/\/mastorrencito.com\/cat\/wp-json\/wp\/v2\/media\/2712"}],"wp:attachment":[{"href":"https:\/\/mastorrencito.com\/cat\/wp-json\/wp\/v2\/media?parent=2672"}],"wp:term":[{"taxonomy":"category","embeddable":true,"href":"https:\/\/mastorrencito.com\/cat\/wp-json\/wp\/v2\/categories?post=2672"},{"taxonomy":"post_tag","embeddable":true,"href":"https:\/\/mastorrencito.com\/cat\/wp-json\/wp\/v2\/tags?post=2672"}],"curies":[{"name":"wp","href":"https:\/\/api.w.org\/{rel}","templated":true}]}}