{"id":2644,"date":"2024-12-08T05:17:52","date_gmt":"2024-12-08T05:17:52","guid":{"rendered":"https:\/\/casaruralconperrosgirona.com\/la-meva-manuela-un-miracle-de-vida\/"},"modified":"2024-12-08T05:17:52","modified_gmt":"2024-12-08T05:17:52","slug":"la-meva-manuela-un-miracle-de-vida","status":"publish","type":"post","link":"https:\/\/mastorrencito.com\/cat\/la-meva-manuela-un-miracle-de-vida\/","title":{"rendered":"La meva Manuela: Un Miracle de Vida"},"content":{"rendered":"\n<p>Hi ha a la vida moments que ens marquen per sempre, experi\u00e8ncies que ens transformen d&#8217;una manera que nom\u00e9s els que les han viscut poden entendre. Molts pensarien que les figures que m\u00e9s ens impacten s\u00f3n els nostres pares, germans, algun mestre inspirador o fins i tot algun personatge c\u00e8lebre. Per\u00f2 en el meu cas, aquesta figura no en va ser cap. No. Qui realment ha deixat una empremta inesborrable a la meva \u00e0nima \u00e9s Manuela.    <\/p>\n\n<p>Qui \u00e9s la Manuela, es preguntaran? Aquells que la van con\u00e8ixer saben b\u00e9 de qui parlo, per\u00f2 per als que no van tenir el privilegi, permetin-me explicar-los la seva hist\u00f2ria. Manuela no \u00e9s una persona, sin\u00f3 una petita gosseta que, des de molt primerenca edat, va demostrar una valentia i una voluntat de viure que pocs humans posseeixen.  <\/p>\n<figure class=\"wp-block-post-featured-image\"><img fetchpriority=\"high\" decoding=\"async\" width=\"2048\" height=\"1535\" src=\"https:\/\/mastorrencito.com\/cat\/wp-content\/uploads\/sites\/3\/Imatge-de-WhatsApp-2024-12-08-a-les-06.11.40_08bb25d4.jpg\" class=\"attachment-post-thumbnail size-post-thumbnail wp-post-image\" alt=\"\" style=\"object-fit:cover;\" srcset=\"https:\/\/mastorrencito.com\/cat\/wp-content\/uploads\/sites\/3\/Imatge-de-WhatsApp-2024-12-08-a-les-06.11.40_08bb25d4.jpg 2048w, https:\/\/mastorrencito.com\/cat\/wp-content\/uploads\/sites\/3\/Imatge-de-WhatsApp-2024-12-08-a-les-06.11.40_08bb25d4-300x225.jpg 300w, https:\/\/mastorrencito.com\/cat\/wp-content\/uploads\/sites\/3\/Imatge-de-WhatsApp-2024-12-08-a-les-06.11.40_08bb25d4-1024x768.jpg 1024w, https:\/\/mastorrencito.com\/cat\/wp-content\/uploads\/sites\/3\/Imatge-de-WhatsApp-2024-12-08-a-les-06.11.40_08bb25d4-768x576.jpg 768w, https:\/\/mastorrencito.com\/cat\/wp-content\/uploads\/sites\/3\/Imatge-de-WhatsApp-2024-12-08-a-les-06.11.40_08bb25d4-1536x1151.jpg 1536w\" sizes=\"(max-width: 2048px) 100vw, 2048px\" \/><\/figure>\n<p>Nom\u00e9s era una cadella quan el diagn\u00f2stic va arribar com un cop tra\u00efdor: displ\u00e0sia galopant. Els veterinaris, amb el seu coneixement i experi\u00e8ncia, em van aconsellar el que semblava inevitable: sacrificar-la per evitar patir-lo. Per\u00f2 jo, amb el cor esquin\u00e7at, em vaig negar. No podia, no volia, i no em rendiria. Vaig decidir que faria tot el que estigu\u00e9s a les mans per donar a Manuela l&#8217;oportunitat de viure.    <\/p>\n\n<p>La cerca de solucions ens va portar per un llarg i ardu cam\u00ed. Primer, consultem m\u00e9s veterinaris a la zona, sense gaire \u00e8xit. Despr\u00e9s, ens dirigim a l&#8217;hospital de Sant Cugat, on li van col\u00b7locar unes pr\u00f2tesis \u2014que, per cert, encara hi han de ser\u2014. Quan aix\u00f2 no va ser suficient, vam creuar fronteres fins arribar a Alemanya, a la recerca de l&#8217;\u00faltim en tractaments per a displ\u00e0sies. I tot i aix\u00ed, la batalla continuava.    <\/p>\n\n<p>Enmig de tant tr\u00e0fec, vam comen\u00e7ar a portar-la a una resclosa a Orfes perqu\u00e8 ned\u00e9s piscina en aquells temps, per\u00f2 no importava, qualsevol cosa era v\u00e0lida si li donava a Manuela una oportunitat, el temps va passar, i contra tot pron\u00f2stic, Manuela es va mantenir fort.   <\/p>\n\n<p>Aviat es va convertir en la companya inseparable de tots els que venien al riu. No hi havia client que no fos acompanyat per Manuela, com si ella mateixa els gui\u00e9s pels senders que tant estimava. Era una cosa curiosa, veure com tots la seguien, i no al rev\u00e9s. Manuela s&#8217;havia convertit en l&#8217;\u00e0nima d&#8217;aquelles passejades, en la connexi\u00f3 entre el riu, el Mastorrencito, i tots els que venien a buscar un moment de pau.   <\/p>\n\n<p>Per\u00f2, com en tota hist\u00f2ria, la vida tenia un gir inesperat reservat per a nosaltres. Un dia, mentre \u00e9rem a la terrassa, un so espant\u00f3s va trencar la tranquil\u00b7litat. Una frenada brutal, seguida d&#8217;un impactant \u201cPUUUUUUMMMMMMMMMMM\u201d. El cor se&#8217;m va aturar. Vam sortir corrents i, el que vam veure, ens va gla\u00e7ar la sang. Manuela havia estat atropellada. El seu petit cos havia estat despla\u00e7at m\u00e9s de 20 metres. Tots deien el mateix: \u201cL&#8217;han rebentada\u201d.       <\/p>\n\n<p>El dolor i la por em van envair, per\u00f2 no hi havia temps per a lamentacions. Li vaig demanar al meu ve\u00ed que em port\u00e9s a Banyoles, on Faust, el nostre veterinari de confian\u00e7a, ens esperava. Faust era l&#8217;\u00fanic d&#8217;aquella \u00e8poca que se sabia el nom de tots els meus gossets, i sabia que, si alg\u00fa podia ajudar Manuela, era ell.  <\/p>\n\n<figure class=\"wp-block-image size-large\"><img decoding=\"async\" width=\"768\" height=\"1024\" src=\"https:\/\/mastorrencito.com\/wp-content\/uploads\/2024\/12\/manu_a-768x1024.jpg\" alt=\"\" class=\"wp-image-2637\" srcset=\"https:\/\/mastorrencito.com\/cat\/wp-content\/uploads\/sites\/3\/manu_a-768x1024.jpg 768w, https:\/\/mastorrencito.com\/cat\/wp-content\/uploads\/sites\/3\/manu_a-225x300.jpg 225w, https:\/\/mastorrencito.com\/cat\/wp-content\/uploads\/sites\/3\/manu_a-1152x1536.jpg 1152w, https:\/\/mastorrencito.com\/cat\/wp-content\/uploads\/sites\/3\/manu_a.jpg 1200w\" sizes=\"(max-width: 768px) 100vw, 768px\" \/><\/figure>\n<p>Quan arribem, Faust va examinar Manuela amb serietat. Les seves paraules van ser un cop a l&#8217;\u00e0nima: \u201cDif\u00edcil, amic&#8230; molt dif\u00edcil&#8230; prepara&#8217;t per al pitjor\u201d. Per\u00f2 dins meu, alguna cosa em deia que Manuela no es rendiria tan f\u00e0cilment. Havia superat tant, havia lluitat tan valentament, que no podia imaginar un final aix\u00ed per a ella.   <\/p>\n\n<p>I aix\u00ed, amb l&#8217;\u00e0nima a un fil, va comen\u00e7ar una nova batalla per la vida de Manuela. Cada segon se sentia etern, cada minut una eternitat. Per\u00f2 la Manuela ja havia demostrat abans que els miracles s\u00f3n possibles.  <\/p>\n\n<h4 class=\"wp-block-heading\"><strong>El Miracle de Manuela: Una Hist\u00f2ria de Resili\u00e8ncia<\/strong><\/h4>\n\n<p>De vegades, la vida ens presenta miracles en les maneres m\u00e9s inesperades. Per mi, aquest miracle tenia nom, potes i una voluntat de ferro. El seu nom era Manuela, una petita gosseta que no nom\u00e9s va desafiar les expectatives, sin\u00f3 que es va convertir en l&#8217;exemple vivent del que significa lluitar contra totes les adversitats.  <\/p>\n\n<p>Despr\u00e9s del terrible atropellament, quan Faust, el nostre veterinari de confian\u00e7a, ens va dir que la situaci\u00f3 era complicada, em vaig preparar pel pitjor. Per\u00f2 hi havia alguna cosa en mi que es negava a acceptar aquest dest\u00ed per a la Manuela. Ja havia demostrat una vegada i una altra que no era una gossa qualsevol. I efectivament, contra tot pron\u00f2stic, la Manuela es va sobreposar una vegada m\u00e9s.   <\/p>\n\n<p>La vam portar a casa, encara sedada pels efectes de la intervenci\u00f3. Els clients que la coneixien b\u00e9, la van envoltar amb afecte, mimant-la com si fos un nad\u00f3. I llavors, com si volgu\u00e9s demostrar que encara tenia molt per donar, la Manuela es va despertar de cop. La deixem a terra, amb compte, tement que qualsevol moviment pogu\u00e9s ser dolor\u00f3s per a ella. Per\u00f2 la Manuela, en la seva forma tan \u00fanica, ens va sorprendre a tots. Amb la seva habitual determinaci\u00f3, es va aixecar i, trontollant, va anar directament a buscar una pedra. \u00a1Incre\u00efble! Hi havia, com si no hagu\u00e9s passat res, amb el seu esperit indomable intacte.       <\/p>\n\n<p>La seva recuperaci\u00f3 va ser sorprenent, per\u00f2 Manuela mai no va ser una gossa comuna. Durant un parell d&#8217;anys m\u00e9s, va passar per unes quantes operacions addicionals, a causa d&#8217;aquelles espigues male\u00efdes que s&#8217;enredaven en el seu pelatge esp\u00e8s. Cada estiu, la seva perruquera venia puntualment a retallar-li les cabelleres, assegurant-se que no torn\u00e9s a patir per aquestes petites per\u00f2 molestes complicacions.  <\/p>\n\n<p>Per\u00f2 la vida de la Manuela estava destinada a ser una muntanya russa d&#8217;emocions. Una tarda qualsevol, mentre acompanyava els clients al riu, vaig rebre una trucada que em va deixar gelat. \u201cMiguel, un tractor ha atropellat Manuela\u2026\u201d Ufff, la por va tornar a envair-me, recordant-me aquell dia fat\u00eddic del primer atropellament. Manuela, juntament amb D. Markos, tenia el perill\u00f3s costum de llan\u00e7ar-se cap a les rodes de qualsevol vehicle, i aquesta vegada, havia pagat un preu alt.    <\/p>\n\n<figure class=\"wp-block-image size-full\"><img decoding=\"async\" width=\"1024\" height=\"1024\" src=\"https:\/\/mastorrencito.com\/wp-content\/uploads\/manu_c.jpg\" alt=\"\" class=\"wp-image-2631\" srcset=\"https:\/\/mastorrencito.com\/cat\/wp-content\/uploads\/sites\/3\/manu_c.jpg 1024w, https:\/\/mastorrencito.com\/cat\/wp-content\/uploads\/sites\/3\/manu_c-300x300.jpg 300w, https:\/\/mastorrencito.com\/cat\/wp-content\/uploads\/sites\/3\/manu_c-150x150.jpg 150w, https:\/\/mastorrencito.com\/cat\/wp-content\/uploads\/sites\/3\/manu_c-768x768.jpg 768w\" sizes=\"(max-width: 1024px) 100vw, 1024px\" \/><\/figure>\n<p>Vaig sortir disparat cap als camps, amb el cor a la boca, tement el pitjor. Quan la vaig trobar, era all\u00e0, quieteta, sense moure&#8217;s, sense emetre ni un sol gemegat. La vaig recollir amb compte i la vaig portar r\u00e0pidament a Faust. Per\u00f2 aquesta vegada, fins i tot ell estava preocupat. \u201cJo no puc\u2026 no estic preparat per aix\u00f2\u201d, em va dir amb sinceritat, la seva veu carregada de preocupaci\u00f3.    <\/p>\n\n<p>\u201cNo, Faust. L&#8217;operes tu, encara que hagis d&#8217;anar a un altre lloc, per\u00f2 ha de ser amb tu. La Manuela confia en tu,\u201d li vaig dir, amb una determinaci\u00f3 que gaireb\u00e9 igualava la de la meva petita gossa. Faust, sense poder creure el que sentia, va acceptar la meva petici\u00f3. Ho va preparar tot i se la van emportar a la cl\u00ednica Canis. Sabia que seria llarga i complicada l&#8217;operaci\u00f3; em va advertir que probablement Manuela no ho superaria, ja era gran i els seus ossos estaven greument danyats.   <\/p>\n\n<p>Per\u00f2 jo nom\u00e9s podia repetir una vegada i una altra: \u201c\u00c9s Manuela\u2026 ella pot.\u201d<\/p>\n\n<p>I aix\u00ed va ser. L&#8217;operaci\u00f3 va ser un \u00e8xit, encara que li van tallar el cap del f\u00e8mur, li van posar filferros i m\u00e9s. Quan la vam portar a casa, estava exhausta, completament adormida sota els efectes de l&#8217;anest\u00e8sia. L&#8217;abriguem amb una manteta, amb l&#8217;esperan\u00e7a que el seu descans li torn\u00e9s una mica de for\u00e7a.   <\/p>\n\n<p>L&#8217;endem\u00e0 al mat\u00ed, l&#8217;incre\u00efble va passar. Manuela, encara recuperant-se d&#8217;una cirurgia tan invasiva, va comen\u00e7ar a bordar, exigint que li obr\u00edssim la porta perqu\u00e8 volia sortir. \u201cPer\u00f2 si no pots caminar, burra!\u201d, li vaig dir amb afecte, incapa\u00e7 de creure el que veia. Per\u00f2 Manuela, en la seva habitual tossuderia, va insistir. Li vaig obrir la porta, i amb un esfor\u00e7 tit\u00e0nic, va sortir, se&#8217;n va anar al seu raconet i\u2026 va fer les seves coses com si res! Estava sorpr\u00e8s. Vaig gravar tot en v\u00eddeo per a Fausto, que, en veure&#8217;l, tampoc no ho podia creure. En tres dies, Manuela ja estava acompanyant els clients al riu de nou, com si res no hagu\u00e9s passat.       <\/p>\n\n<p>Ja tenia uns 9 o 10 anys, per\u00f2 el seu esperit continuava sent una jove aventurera. La seva for\u00e7a de superaci\u00f3 era incre\u00efble, cosa que no havia vist mai en cap \u00e9sser, hum\u00e0 o animal. Per\u00f2 la hist\u00f2ria de Manuela no s&#8217;acaba aqu\u00ed. Hi va haver m\u00e9s visites a Faust, m\u00e9s reptes per enfrontar\u2026 per\u00f2 aix\u00f2, amics, ser\u00e0 part del relat de dem\u00e0.   <\/p>\n\n<h4 class=\"wp-block-heading\"><strong>Manuela: La Immortal de Cor Valent<\/strong><\/h4>\n\n<p>Hi ha \u00e9ssers en aquest m\u00f3n que, contra tota l\u00f2gica, desafien all\u00f2 impossible. Manuela era un d&#8217;aquells \u00e9ssers, un esperit indomable embolicat al cos d&#8217;una petita gosseta. Despr\u00e9s de la seva complicada operaci\u00f3, que semblava la darrera batalla de la seva vida, Manuela va demostrar que encara tenia molt per viure i ensenyar.  <\/p>\n\n<figure class=\"wp-block-image size-large\"><img loading=\"lazy\" decoding=\"async\" width=\"1024\" height=\"1024\" src=\"https:\/\/mastorrencito.com\/wp-content\/uploads\/2024\/12\/manu-d-1024x1024.jpg\" alt=\"\" class=\"wp-image-2628\" srcset=\"https:\/\/mastorrencito.com\/cat\/wp-content\/uploads\/sites\/3\/manu-d-1024x1024.jpg 1024w, https:\/\/mastorrencito.com\/cat\/wp-content\/uploads\/sites\/3\/manu-d-300x300.jpg 300w, https:\/\/mastorrencito.com\/cat\/wp-content\/uploads\/sites\/3\/manu-d-150x150.jpg 150w, https:\/\/mastorrencito.com\/cat\/wp-content\/uploads\/sites\/3\/manu-d-768x768.jpg 768w, https:\/\/mastorrencito.com\/cat\/wp-content\/uploads\/sites\/3\/manu-d-1536x1536.jpg 1536w, https:\/\/mastorrencito.com\/cat\/wp-content\/uploads\/sites\/3\/manu-d.jpg 2048w\" sizes=\"(max-width: 1024px) 100vw, 1024px\" \/><\/figure>\n<p>Contra tot pron\u00f2stic, en menys d&#8217;una setmana, Manuela ja tornava a la seva rutina, com si la vida no li hagu\u00e9s llan\u00e7at un dels seus desafiaments m\u00e9s durs. Tornava al riu, corretejava, buscava les pedres amb la mateixa energia de sempre. Era com si aquell atropellament mai no hagu\u00e9s passat, com si les ferides que en altres haurien requerit mesos de recuperaci\u00f3, nom\u00e9s fossin una mol\u00e8stia passatgera.  <\/p>\n\n<p>El m\u00e9s sorprenent va passar quan vam tornar a Faust perqu\u00e8 li retir\u00e9s els punts de la cirurgia. En examinar-la, Faust es va quedar sense paraules: Manuela no tenia punts! Se&#8217;ls havia arrencat ella mateixa, i nosaltres ni ens n&#8217;hav\u00edem adonat. Aquella gossa no nom\u00e9s tenia una voluntat de ferro, sin\u00f3 que era tan astuta que havia gestionat la seva recuperaci\u00f3 a la seva manera.   <\/p>\n\n<p>Els anys van passar, i encara que les visites a Faust es van convertir en una cosa rutinaria a causa de les male\u00efdes espigues i altres petites complicacions, res semblava aturar Manuela. Cada operaci\u00f3, cada petit obstacle, ho superava amb una for\u00e7a gaireb\u00e9 sobrehumana. Amb el temps, vaig comen\u00e7ar a pensar que la Manuela era immortal.  <\/p>\n\n<p>Per\u00f2 la seva intel\u00b7lig\u00e8ncia anava m\u00e9s enll\u00e0 de la seva capacitat per guarir. Era tan llesta que havia apr\u00e8s a obrir les portes a contrap\u00e8l, cosa que molts consideraven impossible. Posava la seva poteta en el marc, tirava enrere, i malgrat que la porta tenia un supermoll resistent, ella aconseguia obrir-la. Res no podia impedir que sort\u00eds a jugar o que fos la primera a rebre els clients. Sempre estava atenta, esperant l&#8217;arribada d&#8217;alg\u00fa, i quan s&#8217;acostava un cotxe, la Manuela era la primera a alertar-me amb els lladrucs.    <\/p>\n\n<figure class=\"wp-block-video\"><video height=\"848\" style=\"aspect-ratio: 480 \/ 848;\" width=\"480\" controls=\"\" src=\"https:\/\/mastorrencito.com\/wp-content\/uploads\/manu_b.mp4\"><\/video><\/figure>\n<p>Manuela no nom\u00e9s era una companya; havia esdevingut l&#8217;\u00e0nima vigilant de casa nostra. La seva capacitat per anticipar-se a les necessitats dels altres, per estar sempre present i atenta, era una cosa que mai no deixar\u00e9 d&#8217;admirar. <\/p>\n\n<p>Cada dia amb Manuela era un recordatori de la for\u00e7a de la vida, de la capacitat de superar all\u00f2 que sembla impossible i de l&#8217;alegria que podem trobar en les coses m\u00e9s simples, com c\u00f3rrer darrere d&#8217;una pedra o rebre amb entusiasme els qui estimem.<\/p>\n\n<p>La Manuela no nom\u00e9s va viure, sin\u00f3 que va viure plenament, com si cada dia fos una nova oportunitat per gaudir del que la vida li oferia. La seva hist\u00f2ria \u00e9s un testimoniatge del que significa tenir un cor valent, un que no es rendeix davant cap adversitat. <\/p>\n\n<p>I encara que semblava immortal, all\u00f2 que realment la feia especial era la seva capacitat per viure amb una energia i una passi\u00f3 que pocs \u00e9ssers tenen. Manuela va ser, i sempre ser\u00e0, un miracle vivent, un exemple que la vida, amb tot all\u00f2 que porta, mereix ser viscuda al m\u00e0xim, cada dia, cada moment. <\/p>\n\n<h4 class=\"wp-block-heading\"><strong>La Reina de Mas Torrencito: La Hist\u00f2ria de Manuela<\/strong><\/h4>\n\n<p>I va arribar el moment en qu\u00e8 la maduresa es va assentar sobre Manuela, aquella gosseta que va desafiar el temps i les adversitats amb una valentia insuperable. Perqu\u00e8, encara que de vegades ho oblidem, els anys no passen debades, i els nostres estimats companys, aquells que un dia van arribar a les nostres vides com a petites boletes de p\u00e8l, eventualment es converteixen en venerables avis. La Manuela no va ser l&#8217;excepci\u00f3.  <\/p>\n\n<p>De vegades, quan baixava a les cinc del mat\u00ed, encara \u00abla veia\u00bb tombada al seu sof\u00e0 favorit. Per\u00f2, \u00e9s clar, aix\u00f2 era nom\u00e9s un dir, perqu\u00e8 si hi havia clients, la Manuela no era a la nostra habitaci\u00f3, sin\u00f3 a qualsevol altra. B\u00e9 podria haver-se guanyat el t\u00edtol de \u00abManuela, la Reina de les Llits\u00bb, perqu\u00e8 les va provar totes, com si cadascuna fos el seu tron \u200b\u200bpersonal.  <\/p>\n\n<p>Va tenir la fortuna \u2014i jo tamb\u00e9\u2014 d&#8217;estar envoltada d&#8217;amics bon\u00edssims que la van tractar com all\u00f2 que realment era: una reina. No exagero quan dic que Manuela va ser, probablement, la gossa m\u00e9s fotografiada de Mas Torrencito. Si no fos per l&#8217;era digital, hauria gastat incomptables rodets de fotos. Cada visitant en tenia una imatge, un record gravat d&#8217;aquella petita reina de cors.   <\/p>\n\n<figure class=\"wp-block-image size-large\"><img loading=\"lazy\" decoding=\"async\" width=\"768\" height=\"1024\" src=\"https:\/\/mastorrencito.com\/wp-content\/uploads\/2024\/11\/manuela_mar-768x1024.jpg\" alt=\"\" class=\"wp-image-2179\" srcset=\"https:\/\/mastorrencito.com\/cat\/wp-content\/uploads\/sites\/3\/manuela_mar-768x1024.jpg 768w, https:\/\/mastorrencito.com\/cat\/wp-content\/uploads\/sites\/3\/manuela_mar-225x300.jpg 225w, https:\/\/mastorrencito.com\/cat\/wp-content\/uploads\/sites\/3\/manuela_mar-1152x1536.jpg 1152w, https:\/\/mastorrencito.com\/cat\/wp-content\/uploads\/sites\/3\/manuela_mar.jpg 1536w\" sizes=\"(max-width: 768px) 100vw, 768px\" \/><\/figure>\n<p>Per\u00f2, com tot all\u00f2 que \u00e9s bonic, el seu temps tamb\u00e9 va arribar. Encara que mai no pensem que aquell dia realment arribaria. Un any enrere ja tem\u00edem que no suportaria l&#8217;estiu, amb la calor i les potetes cansades. Per\u00f2, com sempre, Manuela ens va sorprendre, donant-li \u00abtres passades i dues capotes\u00bb a l&#8217;estiu i enviant-lo a la banya. I aix\u00ed, va arribar la tardor i despr\u00e9s l&#8217;hivern.    <\/p>\n\n<p>Durant aquest darrer hivern, pujar escales es va convertir en un desafiament per a ella. Aix\u00ed que vam fer el necessari: vam tancar una habitaci\u00f3 amb terrassa perqu\u00e8 pogu\u00e9s entrar i sortir al seu gust. Tot l&#8217;hivern, amb les portes obertes, perqu\u00e8 si alguna cosa tenia la Manuela, era la seva tossuderia. Sortia per l&#8217;habitaci\u00f3 9, al costat de la cuina, per\u00f2 no hi entrava mai. Com la reina que era, exigia entrar per la porta principal. I all\u00e0 estava, a les escales, fent el seu caracter\u00edstic \u00abGUAUUU GUAUUUU\u00bb, esperant que baix\u00e9s per ajudar-la a pujar. Per\u00f2 la molt llesta, un cop a dalt, no es quedava quieta; se n&#8217;anava de tornada a l&#8217;habitaci\u00f3 9, com si fos un joc que nom\u00e9s ella entenia.      <\/p>\n\n<p>I aix\u00ed va passar l&#8217;hivern, i la primavera va arribar, portant l&#8217;inevitable pas del temps. Al maig, ja no va poder m\u00e9s. Per\u00f2 fins i tot en els seus \u00faltims dies, Manuela seguia passejant amb els seus amics, dormint a la cuineta oa qualsevol sof\u00e0 que trob\u00e9s lliure, o fins i tot amb algun client afortunat. I, encara que costi creure-ho, de vegades, depenent de qui arrib\u00e9s, encara feia petits salts d&#8217;alegria, i jo li deia: \u00abManu, para, que se&#8217;t sortir\u00e0 el maluc!\u00bb, entre rialles i ll\u00e0grimes.   <\/p>\n\n<p>Manuela es va anar apagant a poc a poc, per\u00f2 mai no va deixar de tenir aquestes ganes de viure que l&#8217;havien definit des del principi. Fins a l&#8217;\u00faltim dia, quan vaig decidir portar-la a Judith, la seva veterin\u00e0ria els darrers anys. Amb Judith, sol\u00edem fer broma sobre quan seria el moment de Manuela, per\u00f2 la veritat \u00e9s que Manuela va superar tots els seus germans: Max, Markos, Mastin, Martina&#8230; Ella va ser l&#8217;\u00faltima supervivent dels nostres comen\u00e7aments.   <\/p>\n\n<p>Fins al darrer any, no hi havia ni un sol client a Mas Torrencito que no l&#8217;hagu\u00e9s conegut. I, amb el seu instint infal\u00b7lible, Manuela es va convertir en la detectora oficial de \u00abcapullos i est\u00fapids\u00bb. No hi havia cap aparell m\u00e9s prec\u00eds que ella; si no s&#8217;acostava a alg\u00fa, era un senyal clar: dolent. I estic segur que tots els clients que em llegeixen ara estaran dacord. Perqu\u00e8 tots ells van ser amics. La Manuela no va estar mai sola, ni ho estar\u00e0.     <\/p>\n\n<p>Si hi ha un D\u00e9u, gos o hum\u00e0, estic segur que Manuela estar\u00e0 a la seva dreta, demanant-li que li llenci una pedra. Perqu\u00e8 la seva hist\u00f2ria no s&#8217;acaba aqu\u00ed, no en aquest escrit, i per descomptat, no en la meva ment. Manuela sempre, sempre, estar\u00e0 amb mi i amb Mas Torrencito.  <\/p>\n\n<p><strong>Ciao, bella princesa.<\/strong><\/p>\n\n<hr class=\"wp-block-separator has-alpha-channel-opacity\" \/>\n\n<blockquote class=\"wp-block-quote is-layout-flow wp-block-quote-is-layout-flow\">\n<p>Des de Mas Torrencito us desitgem un bon dia i que els vostres goss us acompanyi!!!!<\/p>\n<\/blockquote>\n\n<p>\u2014\u2013<br \/> Si vols, podeu veure els nostres <strong>bons per caps de setmana, bons jubilats<\/strong> , a un preu incre\u00efble..entra a <a href=\"https:\/\/www.mastorrencito.com\/\">www.mastorrencito.com<\/a> o si vols podeu llegir m\u00e9s hist\u00f2ria i an\u00e8cdotes que ens han passat a Mas Torrencito\u2026 Fes click <a href=\"https:\/\/mastorrencito.com\/es\/\">aqu\u00ed<\/a> <\/p>\n","protected":false},"excerpt":{"rendered":"<p>Hi ha a la vida moments que ens marquen per sempre, experi\u00e8ncies que ens transformen d&#8217;una manera que nom\u00e9s els que les han viscut poden entendre. Molts pensarien que les figures que m\u00e9s ens impacten s\u00f3n els nostres pares, germans, algun mestre inspirador o fins i tot algun personatge c\u00e8lebre. Per\u00f2 en el meu cas, [&hellip;]<\/p>\n","protected":false},"author":2,"featured_media":2640,"comment_status":"open","ping_status":"closed","sticky":false,"template":"","format":"standard","meta":{"_acf_changed":false,"footnotes":""},"categories":[35],"tags":[57,42,49,43],"class_list":["post-2644","post","type-post","status-publish","format-standard","has-post-thumbnail","hentry","category-histories-mastorrencito","tag-turismeruralambgossos-3","tag-turismoconmascotas","tag-turismoruralconperros","tag-tursmeambgossos"],"yoast_head":"<!-- This site is optimized with the Yoast SEO Premium plugin v27.3 (Yoast SEO v27.5) - https:\/\/yoast.com\/product\/yoast-seo-premium-wordpress\/ -->\n<title>La meva Manuela: Un Miracle de Vida - Mas Torrencito CAT<\/title>\n<meta name=\"description\" content=\"I \u00e9s que Manuela va ser molt manuela... aqui intetare plasmar el que va ser a les nostres vides... La meva Manuela: Un Miracle de Vida\" \/>\n<meta name=\"robots\" content=\"index, follow, max-snippet:-1, max-image-preview:large, max-video-preview:-1\" \/>\n<link rel=\"canonical\" href=\"https:\/\/mastorrencito.com\/cat\/la-meva-manuela-un-miracle-de-vida\/\" \/>\n<meta property=\"og:locale\" content=\"es_ES\" \/>\n<meta property=\"og:type\" content=\"article\" \/>\n<meta property=\"og:title\" content=\"La meva Manuela: Un Miracle de Vida\" \/>\n<meta property=\"og:description\" content=\"I \u00e9s que Manuela va ser molt manuela... aqui intetare plasmar el que va ser a les nostres vides... La meva Manuela: Un Miracle de Vida\" \/>\n<meta property=\"og:url\" content=\"https:\/\/mastorrencito.com\/cat\/la-meva-manuela-un-miracle-de-vida\/\" \/>\n<meta property=\"og:site_name\" content=\"Mas Torrencito CAT\" \/>\n<meta property=\"article:published_time\" content=\"2024-12-08T05:17:52+00:00\" \/>\n<meta property=\"og:image\" content=\"https:\/\/mastorrencito.com\/cat\/wp-content\/uploads\/sites\/3\/Imatge-de-WhatsApp-2024-12-08-a-les-06.11.40_08bb25d4.jpg\" \/>\n\t<meta property=\"og:image:width\" content=\"2048\" \/>\n\t<meta property=\"og:image:height\" content=\"1535\" \/>\n\t<meta property=\"og:image:type\" content=\"image\/jpeg\" \/>\n<meta name=\"author\" content=\"Mastorrencito\" \/>\n<meta name=\"twitter:card\" content=\"summary_large_image\" \/>\n<meta name=\"twitter:label1\" content=\"Escrito por\" \/>\n\t<meta name=\"twitter:data1\" content=\"Mastorrencito\" \/>\n\t<meta name=\"twitter:label2\" content=\"Tiempo de lectura\" \/>\n\t<meta name=\"twitter:data2\" content=\"14 minutos\" \/>\n<script type=\"application\/ld+json\" class=\"yoast-schema-graph\">{\"@context\":\"https:\\\/\\\/schema.org\",\"@graph\":[{\"@type\":\"Article\",\"@id\":\"https:\\\/\\\/mastorrencito.com\\\/cat\\\/la-meva-manuela-un-miracle-de-vida\\\/#article\",\"isPartOf\":{\"@id\":\"https:\\\/\\\/mastorrencito.com\\\/cat\\\/la-meva-manuela-un-miracle-de-vida\\\/\"},\"author\":{\"name\":\"Mastorrencito\",\"@id\":\"https:\\\/\\\/mastorrencito.com\\\/#\\\/schema\\\/person\\\/18c619be80d4ae2667c702911625f790\"},\"headline\":\"La meva Manuela: Un Miracle de Vida\",\"datePublished\":\"2024-12-08T05:17:52+00:00\",\"mainEntityOfPage\":{\"@id\":\"https:\\\/\\\/mastorrencito.com\\\/cat\\\/la-meva-manuela-un-miracle-de-vida\\\/\"},\"wordCount\":2916,\"commentCount\":0,\"publisher\":{\"@id\":\"https:\\\/\\\/mastorrencito.com\\\/#organization\"},\"image\":{\"@id\":\"https:\\\/\\\/mastorrencito.com\\\/cat\\\/la-meva-manuela-un-miracle-de-vida\\\/#primaryimage\"},\"thumbnailUrl\":\"https:\\\/\\\/mastorrencito.com\\\/cat\\\/wp-content\\\/uploads\\\/sites\\\/3\\\/Imatge-de-WhatsApp-2024-12-08-a-les-06.11.40_08bb25d4.jpg\",\"keywords\":[\"turismeruralambgossos\",\"turismoconmascotas\",\"Turismoruralconperros\",\"Tursmeambgossos\"],\"articleSection\":[\"Hist\u00f2ries Mastorrencito\"],\"inLanguage\":\"es\",\"potentialAction\":[{\"@type\":\"CommentAction\",\"name\":\"Comment\",\"target\":[\"https:\\\/\\\/mastorrencito.com\\\/cat\\\/la-meva-manuela-un-miracle-de-vida\\\/#respond\"]}]},{\"@type\":\"WebPage\",\"@id\":\"https:\\\/\\\/mastorrencito.com\\\/cat\\\/la-meva-manuela-un-miracle-de-vida\\\/\",\"url\":\"https:\\\/\\\/mastorrencito.com\\\/cat\\\/la-meva-manuela-un-miracle-de-vida\\\/\",\"name\":\"La meva Manuela: Un Miracle de Vida - Mas Torrencito CAT\",\"isPartOf\":{\"@id\":\"https:\\\/\\\/mastorrencito.com\\\/#website\"},\"primaryImageOfPage\":{\"@id\":\"https:\\\/\\\/mastorrencito.com\\\/cat\\\/la-meva-manuela-un-miracle-de-vida\\\/#primaryimage\"},\"image\":{\"@id\":\"https:\\\/\\\/mastorrencito.com\\\/cat\\\/la-meva-manuela-un-miracle-de-vida\\\/#primaryimage\"},\"thumbnailUrl\":\"https:\\\/\\\/mastorrencito.com\\\/cat\\\/wp-content\\\/uploads\\\/sites\\\/3\\\/Imatge-de-WhatsApp-2024-12-08-a-les-06.11.40_08bb25d4.jpg\",\"datePublished\":\"2024-12-08T05:17:52+00:00\",\"description\":\"I \u00e9s que Manuela va ser molt manuela... aqui intetare plasmar el que va ser a les nostres vides... La meva Manuela: Un Miracle de Vida\",\"breadcrumb\":{\"@id\":\"https:\\\/\\\/mastorrencito.com\\\/cat\\\/la-meva-manuela-un-miracle-de-vida\\\/#breadcrumb\"},\"inLanguage\":\"es\",\"potentialAction\":[{\"@type\":\"ReadAction\",\"target\":[\"https:\\\/\\\/mastorrencito.com\\\/cat\\\/la-meva-manuela-un-miracle-de-vida\\\/\"]}]},{\"@type\":\"ImageObject\",\"inLanguage\":\"es\",\"@id\":\"https:\\\/\\\/mastorrencito.com\\\/cat\\\/la-meva-manuela-un-miracle-de-vida\\\/#primaryimage\",\"url\":\"https:\\\/\\\/mastorrencito.com\\\/cat\\\/wp-content\\\/uploads\\\/sites\\\/3\\\/Imatge-de-WhatsApp-2024-12-08-a-les-06.11.40_08bb25d4.jpg\",\"contentUrl\":\"https:\\\/\\\/mastorrencito.com\\\/cat\\\/wp-content\\\/uploads\\\/sites\\\/3\\\/Imatge-de-WhatsApp-2024-12-08-a-les-06.11.40_08bb25d4.jpg\",\"width\":2048,\"height\":1535},{\"@type\":\"BreadcrumbList\",\"@id\":\"https:\\\/\\\/mastorrencito.com\\\/cat\\\/la-meva-manuela-un-miracle-de-vida\\\/#breadcrumb\",\"itemListElement\":[{\"@type\":\"ListItem\",\"position\":1,\"name\":\"Portada\",\"item\":\"https:\\\/\\\/mastorrencito.com\\\/\"},{\"@type\":\"ListItem\",\"position\":2,\"name\":\"La meva Manuela: Un Miracle de Vida\"}]},{\"@type\":\"WebSite\",\"@id\":\"https:\\\/\\\/mastorrencito.com\\\/#website\",\"url\":\"https:\\\/\\\/mastorrencito.com\\\/\",\"name\":\"Mas Torrencito CAT\",\"description\":\"Casa rural pet friendly en Girona\",\"publisher\":{\"@id\":\"https:\\\/\\\/mastorrencito.com\\\/#organization\"},\"potentialAction\":[{\"@type\":\"SearchAction\",\"target\":{\"@type\":\"EntryPoint\",\"urlTemplate\":\"https:\\\/\\\/mastorrencito.com\\\/?s={search_term_string}\"},\"query-input\":{\"@type\":\"PropertyValueSpecification\",\"valueRequired\":true,\"valueName\":\"search_term_string\"}}],\"inLanguage\":\"es\"},{\"@type\":\"Organization\",\"@id\":\"https:\\\/\\\/mastorrencito.com\\\/#organization\",\"name\":\"Mas Torrencito CAT\",\"url\":\"https:\\\/\\\/mastorrencito.com\\\/\",\"logo\":{\"@type\":\"ImageObject\",\"inLanguage\":\"es\",\"@id\":\"https:\\\/\\\/mastorrencito.com\\\/#\\\/schema\\\/logo\\\/image\\\/\",\"url\":\"https:\\\/\\\/mastorrencito.com\\\/cat\\\/wp-content\\\/uploads\\\/sites\\\/3\\\/Logo-Mastorrencito-horizontal.webp\",\"contentUrl\":\"https:\\\/\\\/mastorrencito.com\\\/cat\\\/wp-content\\\/uploads\\\/sites\\\/3\\\/Logo-Mastorrencito-horizontal.webp\",\"width\":161,\"height\":54,\"caption\":\"Mas Torrencito CAT\"},\"image\":{\"@id\":\"https:\\\/\\\/mastorrencito.com\\\/#\\\/schema\\\/logo\\\/image\\\/\"}},{\"@type\":\"Person\",\"@id\":\"https:\\\/\\\/mastorrencito.com\\\/#\\\/schema\\\/person\\\/18c619be80d4ae2667c702911625f790\",\"name\":\"Mastorrencito\",\"image\":{\"@type\":\"ImageObject\",\"inLanguage\":\"es\",\"@id\":\"https:\\\/\\\/secure.gravatar.com\\\/avatar\\\/3ef55e0519f987a734c21caee1423b51df7b760b7d81a38ecd31cab0a5115f6d?s=96&d=mm&r=g\",\"url\":\"https:\\\/\\\/secure.gravatar.com\\\/avatar\\\/3ef55e0519f987a734c21caee1423b51df7b760b7d81a38ecd31cab0a5115f6d?s=96&d=mm&r=g\",\"contentUrl\":\"https:\\\/\\\/secure.gravatar.com\\\/avatar\\\/3ef55e0519f987a734c21caee1423b51df7b760b7d81a38ecd31cab0a5115f6d?s=96&d=mm&r=g\",\"caption\":\"Mastorrencito\"},\"url\":\"https:\\\/\\\/mastorrencito.com\\\/cat\\\/author\\\/mastorrencito\\\/\"}]}<\/script>\n<!-- \/ Yoast SEO Premium plugin. -->","yoast_head_json":{"title":"La meva Manuela: Un Miracle de Vida - Mas Torrencito CAT","description":"I \u00e9s que Manuela va ser molt manuela... aqui intetare plasmar el que va ser a les nostres vides... La meva Manuela: Un Miracle de Vida","robots":{"index":"index","follow":"follow","max-snippet":"max-snippet:-1","max-image-preview":"max-image-preview:large","max-video-preview":"max-video-preview:-1"},"canonical":"https:\/\/mastorrencito.com\/cat\/la-meva-manuela-un-miracle-de-vida\/","og_locale":"es_ES","og_type":"article","og_title":"La meva Manuela: Un Miracle de Vida","og_description":"I \u00e9s que Manuela va ser molt manuela... aqui intetare plasmar el que va ser a les nostres vides... La meva Manuela: Un Miracle de Vida","og_url":"https:\/\/mastorrencito.com\/cat\/la-meva-manuela-un-miracle-de-vida\/","og_site_name":"Mas Torrencito CAT","article_published_time":"2024-12-08T05:17:52+00:00","og_image":[{"width":2048,"height":1535,"url":"https:\/\/mastorrencito.com\/cat\/wp-content\/uploads\/sites\/3\/Imatge-de-WhatsApp-2024-12-08-a-les-06.11.40_08bb25d4.jpg","type":"image\/jpeg"}],"author":"Mastorrencito","twitter_card":"summary_large_image","twitter_misc":{"Escrito por":"Mastorrencito","Tiempo de lectura":"14 minutos"},"schema":{"@context":"https:\/\/schema.org","@graph":[{"@type":"Article","@id":"https:\/\/mastorrencito.com\/cat\/la-meva-manuela-un-miracle-de-vida\/#article","isPartOf":{"@id":"https:\/\/mastorrencito.com\/cat\/la-meva-manuela-un-miracle-de-vida\/"},"author":{"name":"Mastorrencito","@id":"https:\/\/mastorrencito.com\/#\/schema\/person\/18c619be80d4ae2667c702911625f790"},"headline":"La meva Manuela: Un Miracle de Vida","datePublished":"2024-12-08T05:17:52+00:00","mainEntityOfPage":{"@id":"https:\/\/mastorrencito.com\/cat\/la-meva-manuela-un-miracle-de-vida\/"},"wordCount":2916,"commentCount":0,"publisher":{"@id":"https:\/\/mastorrencito.com\/#organization"},"image":{"@id":"https:\/\/mastorrencito.com\/cat\/la-meva-manuela-un-miracle-de-vida\/#primaryimage"},"thumbnailUrl":"https:\/\/mastorrencito.com\/cat\/wp-content\/uploads\/sites\/3\/Imatge-de-WhatsApp-2024-12-08-a-les-06.11.40_08bb25d4.jpg","keywords":["turismeruralambgossos","turismoconmascotas","Turismoruralconperros","Tursmeambgossos"],"articleSection":["Hist\u00f2ries Mastorrencito"],"inLanguage":"es","potentialAction":[{"@type":"CommentAction","name":"Comment","target":["https:\/\/mastorrencito.com\/cat\/la-meva-manuela-un-miracle-de-vida\/#respond"]}]},{"@type":"WebPage","@id":"https:\/\/mastorrencito.com\/cat\/la-meva-manuela-un-miracle-de-vida\/","url":"https:\/\/mastorrencito.com\/cat\/la-meva-manuela-un-miracle-de-vida\/","name":"La meva Manuela: Un Miracle de Vida - Mas Torrencito CAT","isPartOf":{"@id":"https:\/\/mastorrencito.com\/#website"},"primaryImageOfPage":{"@id":"https:\/\/mastorrencito.com\/cat\/la-meva-manuela-un-miracle-de-vida\/#primaryimage"},"image":{"@id":"https:\/\/mastorrencito.com\/cat\/la-meva-manuela-un-miracle-de-vida\/#primaryimage"},"thumbnailUrl":"https:\/\/mastorrencito.com\/cat\/wp-content\/uploads\/sites\/3\/Imatge-de-WhatsApp-2024-12-08-a-les-06.11.40_08bb25d4.jpg","datePublished":"2024-12-08T05:17:52+00:00","description":"I \u00e9s que Manuela va ser molt manuela... aqui intetare plasmar el que va ser a les nostres vides... La meva Manuela: Un Miracle de Vida","breadcrumb":{"@id":"https:\/\/mastorrencito.com\/cat\/la-meva-manuela-un-miracle-de-vida\/#breadcrumb"},"inLanguage":"es","potentialAction":[{"@type":"ReadAction","target":["https:\/\/mastorrencito.com\/cat\/la-meva-manuela-un-miracle-de-vida\/"]}]},{"@type":"ImageObject","inLanguage":"es","@id":"https:\/\/mastorrencito.com\/cat\/la-meva-manuela-un-miracle-de-vida\/#primaryimage","url":"https:\/\/mastorrencito.com\/cat\/wp-content\/uploads\/sites\/3\/Imatge-de-WhatsApp-2024-12-08-a-les-06.11.40_08bb25d4.jpg","contentUrl":"https:\/\/mastorrencito.com\/cat\/wp-content\/uploads\/sites\/3\/Imatge-de-WhatsApp-2024-12-08-a-les-06.11.40_08bb25d4.jpg","width":2048,"height":1535},{"@type":"BreadcrumbList","@id":"https:\/\/mastorrencito.com\/cat\/la-meva-manuela-un-miracle-de-vida\/#breadcrumb","itemListElement":[{"@type":"ListItem","position":1,"name":"Portada","item":"https:\/\/mastorrencito.com\/"},{"@type":"ListItem","position":2,"name":"La meva Manuela: Un Miracle de Vida"}]},{"@type":"WebSite","@id":"https:\/\/mastorrencito.com\/#website","url":"https:\/\/mastorrencito.com\/","name":"Mas Torrencito CAT","description":"Casa rural pet friendly en Girona","publisher":{"@id":"https:\/\/mastorrencito.com\/#organization"},"potentialAction":[{"@type":"SearchAction","target":{"@type":"EntryPoint","urlTemplate":"https:\/\/mastorrencito.com\/?s={search_term_string}"},"query-input":{"@type":"PropertyValueSpecification","valueRequired":true,"valueName":"search_term_string"}}],"inLanguage":"es"},{"@type":"Organization","@id":"https:\/\/mastorrencito.com\/#organization","name":"Mas Torrencito CAT","url":"https:\/\/mastorrencito.com\/","logo":{"@type":"ImageObject","inLanguage":"es","@id":"https:\/\/mastorrencito.com\/#\/schema\/logo\/image\/","url":"https:\/\/mastorrencito.com\/cat\/wp-content\/uploads\/sites\/3\/Logo-Mastorrencito-horizontal.webp","contentUrl":"https:\/\/mastorrencito.com\/cat\/wp-content\/uploads\/sites\/3\/Logo-Mastorrencito-horizontal.webp","width":161,"height":54,"caption":"Mas Torrencito CAT"},"image":{"@id":"https:\/\/mastorrencito.com\/#\/schema\/logo\/image\/"}},{"@type":"Person","@id":"https:\/\/mastorrencito.com\/#\/schema\/person\/18c619be80d4ae2667c702911625f790","name":"Mastorrencito","image":{"@type":"ImageObject","inLanguage":"es","@id":"https:\/\/secure.gravatar.com\/avatar\/3ef55e0519f987a734c21caee1423b51df7b760b7d81a38ecd31cab0a5115f6d?s=96&d=mm&r=g","url":"https:\/\/secure.gravatar.com\/avatar\/3ef55e0519f987a734c21caee1423b51df7b760b7d81a38ecd31cab0a5115f6d?s=96&d=mm&r=g","contentUrl":"https:\/\/secure.gravatar.com\/avatar\/3ef55e0519f987a734c21caee1423b51df7b760b7d81a38ecd31cab0a5115f6d?s=96&d=mm&r=g","caption":"Mastorrencito"},"url":"https:\/\/mastorrencito.com\/cat\/author\/mastorrencito\/"}]}},"acf":[],"_links":{"self":[{"href":"https:\/\/mastorrencito.com\/cat\/wp-json\/wp\/v2\/posts\/2644","targetHints":{"allow":["GET"]}}],"collection":[{"href":"https:\/\/mastorrencito.com\/cat\/wp-json\/wp\/v2\/posts"}],"about":[{"href":"https:\/\/mastorrencito.com\/cat\/wp-json\/wp\/v2\/types\/post"}],"author":[{"embeddable":true,"href":"https:\/\/mastorrencito.com\/cat\/wp-json\/wp\/v2\/users\/2"}],"replies":[{"embeddable":true,"href":"https:\/\/mastorrencito.com\/cat\/wp-json\/wp\/v2\/comments?post=2644"}],"version-history":[{"count":0,"href":"https:\/\/mastorrencito.com\/cat\/wp-json\/wp\/v2\/posts\/2644\/revisions"}],"wp:featuredmedia":[{"embeddable":true,"href":"https:\/\/mastorrencito.com\/cat\/wp-json\/wp\/v2\/media\/2640"}],"wp:attachment":[{"href":"https:\/\/mastorrencito.com\/cat\/wp-json\/wp\/v2\/media?parent=2644"}],"wp:term":[{"taxonomy":"category","embeddable":true,"href":"https:\/\/mastorrencito.com\/cat\/wp-json\/wp\/v2\/categories?post=2644"},{"taxonomy":"post_tag","embeddable":true,"href":"https:\/\/mastorrencito.com\/cat\/wp-json\/wp\/v2\/tags?post=2644"}],"curies":[{"name":"wp","href":"https:\/\/api.w.org\/{rel}","templated":true}]}}