{"id":2608,"date":"2024-12-07T06:33:59","date_gmt":"2024-12-07T06:33:59","guid":{"rendered":"https:\/\/casaruralconperrosgirona.com\/marchena-el-gosset-mes-infelic-del-mon-mundial\/"},"modified":"2024-12-07T06:33:59","modified_gmt":"2024-12-07T06:33:59","slug":"marchena-el-gosset-mes-infelic-del-mon-mundial","status":"publish","type":"post","link":"https:\/\/mastorrencito.com\/cat\/marchena-el-gosset-mes-infelic-del-mon-mundial\/","title":{"rendered":"Marchena, el gosset m\u00e9s infeli\u00e7 del m\u00f3n mundial"},"content":{"rendered":"\n<p>En un jard\u00ed assolellat i alegre, habitat per gossos de totes les races, colors i mides, hi vivia Marchena, un bulldog franc\u00e8s amb les celles sempre arrufades. Marchena no era un gos qualsevol: era l&#8217;autoproclamat guardi\u00e0 de les regles del pati. Marchena, el gosset m\u00e9s infeli\u00e7 del m\u00f3n mundial  <\/p>\n\n<p>No nom\u00e9s les imposava, sin\u00f3 que les interpretava segons el seu humor. La seva principal missi\u00f3 a la vida era assegurar-se que tothom jugu\u00e9s com ell considerava adequat. <\/p>\n\n<p>Per\u00f2 el que m\u00e9s enfuria era que alguns gossos, en el seu afany d&#8217;independ\u00e8ncia, gosessin q\u00fcestionar la seva autoritat.<\/p>\n\n<h3 class=\"wp-block-heading\"><strong>El conflicte del pati<\/strong><\/h3>\n\n<p>Un dia, un gos escoc\u00e8s anomenat Terri\u2014a qui tots anomenaven amb afecte \u00abel Scottie\u00bb\u2014va comen\u00e7ar a bordar amb entusiasme:<br \/> \u2014He decidit que vull el meu propi rac\u00f3 al pati! Deliminar\u00e9 el meu espai i anomenar-lo \u00abEl Territori Escoc\u00e8s\u00bb! <\/p>\n\n<p>L&#8217;anunci va provocar un caos entre els gossos. Els m\u00e9s despreocupats van seguir corrent darrere la pilota, per\u00f2 els m\u00e9s curiosos es van acostar a escoltar el pla de Terri. Ell tenia les seves raons: la seva part del pati estava sempre trepitjada pels grans i, segons ell, mereixia un lloc propi on poder enterrar els seus ossos sense que ning\u00fa els desenterr\u00e9s.  <\/p>\n\n<p>A Marchena aix\u00f2 li va semblar intolerable.<br \/>\u2014Qu\u00e8 dius, Terri? \u2014li va bordar des de la roca de vigil\u00e0ncia\u2014. El pati \u00e9s de tots, sota les meves normes! Com se t&#8217;acut plantejar una cosa tan subversiva? Aix\u00f2 \u00e9s un atac directe a l&#8217;ordre can\u00ed!    <\/p>\n\n<p>\u2014No \u00e9s un atac, Marchena, nom\u00e9s vull un espai propi. Per qu\u00e8 sempre creus que tothom est\u00e0 contra tu? \u2014va respondre Terri amb calma, encara que la cua va comen\u00e7ar a tremolar.  <\/p>\n\n<p>\u2014Perqu\u00e8 ho est\u00e0s! -va grunyir Marchena, i immediatament va comen\u00e7ar a maquinar un pla per frenar el que ell va anomenar \u00abel proc\u00e9s can\u00ed\u00bb. <\/p>\n<figure class=\"wp-block-post-featured-image\"><img fetchpriority=\"high\" decoding=\"async\" width=\"1024\" height=\"1024\" src=\"https:\/\/mastorrencito.com\/cat\/wp-content\/uploads\/sites\/3\/marchena.jpg\" class=\"attachment-post-thumbnail size-post-thumbnail wp-post-image\" alt=\"EL bulldog marchena y su imposicion en ell jardin de los juegos\" style=\"object-fit:cover;\" srcset=\"https:\/\/mastorrencito.com\/cat\/wp-content\/uploads\/sites\/3\/marchena.jpg 1024w, https:\/\/mastorrencito.com\/cat\/wp-content\/uploads\/sites\/3\/marchena-300x300.jpg 300w, https:\/\/mastorrencito.com\/cat\/wp-content\/uploads\/sites\/3\/marchena-150x150.jpg 150w, https:\/\/mastorrencito.com\/cat\/wp-content\/uploads\/sites\/3\/marchena-768x768.jpg 768w\" sizes=\"(max-width: 1024px) 100vw, 1024px\" \/><\/figure>\n<h3 class=\"wp-block-heading\"><strong>L&#8217;ofensiva de Marchena<\/strong> . El gosset m\u00e9s infeli\u00e7 del m\u00f3n mundial <\/h3>\n\n<p>Marchena va decidir que no podia permetre una insurrecci\u00f3 semblant. Durant setmanes, va treballar incansablement per desacreditar Terri. Va comen\u00e7ar per reunir els seus seguidors m\u00e9s fidels, aquells que encara ho suportaven gr\u00e0cies a les llaminadures, i els va dir:<br \/> \u2014Terri vol destruir el pati! Si ho deixem sortir amb la seva, aviat tothom voldr\u00e0 el seu propi espai i aix\u00f2 es convertir\u00e0 en un caos total. Hem d&#8217;actuar amb fermesa!    <\/p>\n\n<p>\u2014Per\u00f2 Marchena, no \u00e9s nom\u00e9s un rac\u00f3? \u2014va preguntar un t\u00edmid corgi\u2014. No sembla tan greu&#8230;  <\/p>\n\n<p>\u2014No siguis ingenu! \u2014li va tallar Marchena\u2014. Avui \u00e9s un rac\u00f3, dem\u00e0 voldran el abeurador, i passat&#8230; la caixa de les llaminadures!  <\/p>\n\n<p>A m\u00e9s, Marchena no va dubtar a utilitzar els pitjors estratagemes per intimidar Terri. Li bordava constantment davant de tots, l&#8217;acusava de robar les llaminadures (encara que tots sabien que era Marchena qui les tenia amagades), i fins i tot va conv\u00e8ncer alguns gossos que Terri volia quedar-se amb tot el jard\u00ed per a ell sol. <\/p>\n\n<p>Un dia, en plena assemblea gossa, Marchena va llan\u00e7ar la seva amena\u00e7a definitiva:<br \/> \u2014\u00a1 Si segueixes amb aquest pla, Terri, et convertir\u00e9 en el gos m\u00e9s marginat del pati! Ning\u00fa no et donar\u00e0 una pilota ni compartir\u00e0 amb tu les llaminadures! <\/p>\n\n<p>\u2014Fes el que vulguis, Marchena! \u2014va respondre Terri, plantant-li cara\u2014. Jo nom\u00e9s vull c\u00f3rrer en pau.  <\/p>\n\n<h3 class=\"wp-block-heading\"><strong>El judici can\u00ed<\/strong> . Marchena, el gosset m\u00e9s infeli\u00e7 del m\u00f3n mundial <\/h3>\n\n<p>Finalment, Marchena va decidir muntar un judici improvisat per \u00abjutjar\u00bb les accions de Terri. Es va asseure al capdamunt de la seva roca, adoptant un posat digne d&#8217;un jutge suprem, mentre tots els gossos es congregaven curiosos. <br \/>\u2014Terri, est\u00e0s acusat d&#8217;intentar dividir el pati, destruir la nostra conviv\u00e8ncia i&#8230; de bordar massa alt \u2014va sentenciar Marchena.<\/p>\n\n<p>\u2014Aix\u00f2 \u00e9s absurd. Nom\u00e9s vull que se&#8217;m respecti com els altres \u2014va respondre Terri, ja cansat de tant teatre. <\/p>\n\n<p>El judici va durar hores. Marchena no va deixar passar cap detall, per petit que fos, per condemnar Terri.  <\/p>\n\n<p>\u2014El pati continuar\u00e0 unit sota les meves normes! \u2014va anunciar amb satisfacci\u00f3. <\/p>\n\n<h3 class=\"wp-block-heading\"><strong>La realitat del jard\u00ed<\/strong><\/h3>\n\n<p>Tot i aix\u00f2, malgrat el seu \u00abtriomf\u00bb, Marchena seguia sent el gosset m\u00e9s infeli\u00e7 del m\u00f3n mundial. Mentre Terri i els altres tornaven a jugar com si no hagu\u00e9s passat res, Marchena va tornar al seu rac\u00f3, conven\u00e7ut que tots estaven en contra. <\/p>\n\n<p>Ir\u00f2nicament, el pati va seguir ple de rialles i carreres, mentre ell continuava vigilant amb amargor, solitari per\u00f2 aferrat a les regles. I Terri? Encara que no va aconseguir el seu rac\u00f3 oficial, va trobar un espai on enterrar els ossos tranquil. Al final del dia, es va adonar que la llibertat era m\u00e9s gran que qualsevol norma que Marchena pogu\u00e9s imposar.   <\/p>\n\n<p>El jard\u00ed va continuar sent lliure, per\u00f2 Marchena, per elecci\u00f3 pr\u00f2pia, va romandre tancat al seu propi rac\u00f3 de desgr\u00e0cia.<\/p>\n\n<hr class=\"wp-block-separator has-alpha-channel-opacity\" \/>\n\n<blockquote class=\"wp-block-quote is-layout-flow wp-block-quote-is-layout-flow\">\n<p>Des de Mas Torrencito us desitgem un bon dia i que els vostres goss us acompanyi!!!!<\/p>\n<\/blockquote>\n\n<p>\u2014\u2013<br \/> Si vols, podeu veure els nostres <strong>bons per caps de setmana, bons jubilats<\/strong> , a un preu incre\u00efble..entra a <a href=\"https:\/\/www.mastorrencito.com\/\">www.mastorrencito.com<\/a> o si vols podeu llegir m\u00e9s hist\u00f2ria i an\u00e8cdotes que ens han passat a Mas Torrencito\u2026 Fes click <a href=\"https:\/\/mastorrencito.com\/es\/\">aqu\u00ed<\/a> <\/p>\n","protected":false},"excerpt":{"rendered":"<p>En un jard\u00ed assolellat i alegre, habitat per gossos de totes les races, colors i mides, hi vivia Marchena, un bulldog franc\u00e8s amb les celles sempre arrufades. Marchena no era un gos qualsevol: era l&#8217;autoproclamat guardi\u00e0 de les regles del pati. Marchena, el gosset m\u00e9s infeli\u00e7 del m\u00f3n mundial No nom\u00e9s les imposava, sin\u00f3 que [&hellip;]<\/p>\n","protected":false},"author":2,"featured_media":2604,"comment_status":"open","ping_status":"closed","sticky":false,"template":"","format":"standard","meta":{"_acf_changed":false,"footnotes":""},"categories":[35],"tags":[],"class_list":["post-2608","post","type-post","status-publish","format-standard","has-post-thumbnail","hentry","category-histories-mastorrencito"],"yoast_head":"<!-- This site is optimized with the Yoast SEO Premium plugin v27.3 (Yoast SEO v27.5) - https:\/\/yoast.com\/product\/yoast-seo-premium-wordpress\/ -->\n<title>Marchena, el gosset m\u00e9s infeli\u00e7 del m\u00f3n mundial - Mas Torrencito CAT<\/title>\n<meta name=\"description\" content=\"De com un gosset vol imposar les seves normes i quenada m\u00e9s es faci el que ell vol. Marchena, el gosset m\u00e9s infeli\u00e7 del m\u00f3n mundial\" \/>\n<meta name=\"robots\" content=\"index, follow, max-snippet:-1, max-image-preview:large, max-video-preview:-1\" \/>\n<link rel=\"canonical\" href=\"https:\/\/mastorrencito.com\/cat\/marchena-el-gosset-mes-infelic-del-mon-mundial\/\" \/>\n<meta property=\"og:locale\" content=\"es_ES\" \/>\n<meta property=\"og:type\" content=\"article\" \/>\n<meta property=\"og:title\" content=\"Marchena, el gosset m\u00e9s infeli\u00e7 del m\u00f3n mundial\" \/>\n<meta property=\"og:description\" content=\"De com un gosset vol imposar les seves normes i quenada m\u00e9s es faci el que ell vol. Marchena, el gosset m\u00e9s infeli\u00e7 del m\u00f3n mundial\" \/>\n<meta property=\"og:url\" content=\"https:\/\/mastorrencito.com\/cat\/marchena-el-gosset-mes-infelic-del-mon-mundial\/\" \/>\n<meta property=\"og:site_name\" content=\"Mas Torrencito CAT\" \/>\n<meta property=\"article:published_time\" content=\"2024-12-07T06:33:59+00:00\" \/>\n<meta property=\"og:image\" content=\"https:\/\/mastorrencito.com\/cat\/wp-content\/uploads\/sites\/3\/marchena.jpg\" \/>\n\t<meta property=\"og:image:width\" content=\"1024\" \/>\n\t<meta property=\"og:image:height\" content=\"1024\" \/>\n\t<meta property=\"og:image:type\" content=\"image\/jpeg\" \/>\n<meta name=\"author\" content=\"Mastorrencito\" \/>\n<meta name=\"twitter:card\" content=\"summary_large_image\" \/>\n<meta name=\"twitter:label1\" content=\"Escrito por\" \/>\n\t<meta name=\"twitter:data1\" content=\"Mastorrencito\" \/>\n\t<meta name=\"twitter:label2\" content=\"Tiempo de lectura\" \/>\n\t<meta name=\"twitter:data2\" content=\"4 minutos\" \/>\n<script type=\"application\/ld+json\" class=\"yoast-schema-graph\">{\"@context\":\"https:\\\/\\\/schema.org\",\"@graph\":[{\"@type\":\"Article\",\"@id\":\"https:\\\/\\\/mastorrencito.com\\\/cat\\\/marchena-el-gosset-mes-infelic-del-mon-mundial\\\/#article\",\"isPartOf\":{\"@id\":\"https:\\\/\\\/mastorrencito.com\\\/cat\\\/marchena-el-gosset-mes-infelic-del-mon-mundial\\\/\"},\"author\":{\"name\":\"Mastorrencito\",\"@id\":\"https:\\\/\\\/mastorrencito.com\\\/#\\\/schema\\\/person\\\/18c619be80d4ae2667c702911625f790\"},\"headline\":\"Marchena, el gosset m\u00e9s infeli\u00e7 del m\u00f3n mundial\",\"datePublished\":\"2024-12-07T06:33:59+00:00\",\"mainEntityOfPage\":{\"@id\":\"https:\\\/\\\/mastorrencito.com\\\/cat\\\/marchena-el-gosset-mes-infelic-del-mon-mundial\\\/\"},\"wordCount\":910,\"commentCount\":0,\"publisher\":{\"@id\":\"https:\\\/\\\/mastorrencito.com\\\/#organization\"},\"image\":{\"@id\":\"https:\\\/\\\/mastorrencito.com\\\/cat\\\/marchena-el-gosset-mes-infelic-del-mon-mundial\\\/#primaryimage\"},\"thumbnailUrl\":\"https:\\\/\\\/mastorrencito.com\\\/cat\\\/wp-content\\\/uploads\\\/sites\\\/3\\\/marchena.jpg\",\"articleSection\":[\"Hist\u00f2ries Mastorrencito\"],\"inLanguage\":\"es\",\"potentialAction\":[{\"@type\":\"CommentAction\",\"name\":\"Comment\",\"target\":[\"https:\\\/\\\/mastorrencito.com\\\/cat\\\/marchena-el-gosset-mes-infelic-del-mon-mundial\\\/#respond\"]}]},{\"@type\":\"WebPage\",\"@id\":\"https:\\\/\\\/mastorrencito.com\\\/cat\\\/marchena-el-gosset-mes-infelic-del-mon-mundial\\\/\",\"url\":\"https:\\\/\\\/mastorrencito.com\\\/cat\\\/marchena-el-gosset-mes-infelic-del-mon-mundial\\\/\",\"name\":\"Marchena, el gosset m\u00e9s infeli\u00e7 del m\u00f3n mundial - Mas Torrencito CAT\",\"isPartOf\":{\"@id\":\"https:\\\/\\\/mastorrencito.com\\\/#website\"},\"primaryImageOfPage\":{\"@id\":\"https:\\\/\\\/mastorrencito.com\\\/cat\\\/marchena-el-gosset-mes-infelic-del-mon-mundial\\\/#primaryimage\"},\"image\":{\"@id\":\"https:\\\/\\\/mastorrencito.com\\\/cat\\\/marchena-el-gosset-mes-infelic-del-mon-mundial\\\/#primaryimage\"},\"thumbnailUrl\":\"https:\\\/\\\/mastorrencito.com\\\/cat\\\/wp-content\\\/uploads\\\/sites\\\/3\\\/marchena.jpg\",\"datePublished\":\"2024-12-07T06:33:59+00:00\",\"description\":\"De com un gosset vol imposar les seves normes i quenada m\u00e9s es faci el que ell vol. Marchena, el gosset m\u00e9s infeli\u00e7 del m\u00f3n mundial\",\"breadcrumb\":{\"@id\":\"https:\\\/\\\/mastorrencito.com\\\/cat\\\/marchena-el-gosset-mes-infelic-del-mon-mundial\\\/#breadcrumb\"},\"inLanguage\":\"es\",\"potentialAction\":[{\"@type\":\"ReadAction\",\"target\":[\"https:\\\/\\\/mastorrencito.com\\\/cat\\\/marchena-el-gosset-mes-infelic-del-mon-mundial\\\/\"]}]},{\"@type\":\"ImageObject\",\"inLanguage\":\"es\",\"@id\":\"https:\\\/\\\/mastorrencito.com\\\/cat\\\/marchena-el-gosset-mes-infelic-del-mon-mundial\\\/#primaryimage\",\"url\":\"https:\\\/\\\/mastorrencito.com\\\/cat\\\/wp-content\\\/uploads\\\/sites\\\/3\\\/marchena.jpg\",\"contentUrl\":\"https:\\\/\\\/mastorrencito.com\\\/cat\\\/wp-content\\\/uploads\\\/sites\\\/3\\\/marchena.jpg\",\"width\":1024,\"height\":1024,\"caption\":\"EL bulldog marchena y su imposicion en ell jardin de los juegos\"},{\"@type\":\"BreadcrumbList\",\"@id\":\"https:\\\/\\\/mastorrencito.com\\\/cat\\\/marchena-el-gosset-mes-infelic-del-mon-mundial\\\/#breadcrumb\",\"itemListElement\":[{\"@type\":\"ListItem\",\"position\":1,\"name\":\"Portada\",\"item\":\"https:\\\/\\\/mastorrencito.com\\\/\"},{\"@type\":\"ListItem\",\"position\":2,\"name\":\"Marchena, el gosset m\u00e9s infeli\u00e7 del m\u00f3n mundial\"}]},{\"@type\":\"WebSite\",\"@id\":\"https:\\\/\\\/mastorrencito.com\\\/#website\",\"url\":\"https:\\\/\\\/mastorrencito.com\\\/\",\"name\":\"Mas Torrencito CAT\",\"description\":\"Casa rural pet friendly en Girona\",\"publisher\":{\"@id\":\"https:\\\/\\\/mastorrencito.com\\\/#organization\"},\"potentialAction\":[{\"@type\":\"SearchAction\",\"target\":{\"@type\":\"EntryPoint\",\"urlTemplate\":\"https:\\\/\\\/mastorrencito.com\\\/?s={search_term_string}\"},\"query-input\":{\"@type\":\"PropertyValueSpecification\",\"valueRequired\":true,\"valueName\":\"search_term_string\"}}],\"inLanguage\":\"es\"},{\"@type\":\"Organization\",\"@id\":\"https:\\\/\\\/mastorrencito.com\\\/#organization\",\"name\":\"Mas Torrencito CAT\",\"url\":\"https:\\\/\\\/mastorrencito.com\\\/\",\"logo\":{\"@type\":\"ImageObject\",\"inLanguage\":\"es\",\"@id\":\"https:\\\/\\\/mastorrencito.com\\\/#\\\/schema\\\/logo\\\/image\\\/\",\"url\":\"https:\\\/\\\/mastorrencito.com\\\/cat\\\/wp-content\\\/uploads\\\/sites\\\/3\\\/Logo-Mastorrencito-horizontal.webp\",\"contentUrl\":\"https:\\\/\\\/mastorrencito.com\\\/cat\\\/wp-content\\\/uploads\\\/sites\\\/3\\\/Logo-Mastorrencito-horizontal.webp\",\"width\":161,\"height\":54,\"caption\":\"Mas Torrencito CAT\"},\"image\":{\"@id\":\"https:\\\/\\\/mastorrencito.com\\\/#\\\/schema\\\/logo\\\/image\\\/\"}},{\"@type\":\"Person\",\"@id\":\"https:\\\/\\\/mastorrencito.com\\\/#\\\/schema\\\/person\\\/18c619be80d4ae2667c702911625f790\",\"name\":\"Mastorrencito\",\"image\":{\"@type\":\"ImageObject\",\"inLanguage\":\"es\",\"@id\":\"https:\\\/\\\/secure.gravatar.com\\\/avatar\\\/3ef55e0519f987a734c21caee1423b51df7b760b7d81a38ecd31cab0a5115f6d?s=96&d=mm&r=g\",\"url\":\"https:\\\/\\\/secure.gravatar.com\\\/avatar\\\/3ef55e0519f987a734c21caee1423b51df7b760b7d81a38ecd31cab0a5115f6d?s=96&d=mm&r=g\",\"contentUrl\":\"https:\\\/\\\/secure.gravatar.com\\\/avatar\\\/3ef55e0519f987a734c21caee1423b51df7b760b7d81a38ecd31cab0a5115f6d?s=96&d=mm&r=g\",\"caption\":\"Mastorrencito\"},\"url\":\"https:\\\/\\\/mastorrencito.com\\\/cat\\\/author\\\/mastorrencito\\\/\"}]}<\/script>\n<!-- \/ Yoast SEO Premium plugin. -->","yoast_head_json":{"title":"Marchena, el gosset m\u00e9s infeli\u00e7 del m\u00f3n mundial - Mas Torrencito CAT","description":"De com un gosset vol imposar les seves normes i quenada m\u00e9s es faci el que ell vol. Marchena, el gosset m\u00e9s infeli\u00e7 del m\u00f3n mundial","robots":{"index":"index","follow":"follow","max-snippet":"max-snippet:-1","max-image-preview":"max-image-preview:large","max-video-preview":"max-video-preview:-1"},"canonical":"https:\/\/mastorrencito.com\/cat\/marchena-el-gosset-mes-infelic-del-mon-mundial\/","og_locale":"es_ES","og_type":"article","og_title":"Marchena, el gosset m\u00e9s infeli\u00e7 del m\u00f3n mundial","og_description":"De com un gosset vol imposar les seves normes i quenada m\u00e9s es faci el que ell vol. Marchena, el gosset m\u00e9s infeli\u00e7 del m\u00f3n mundial","og_url":"https:\/\/mastorrencito.com\/cat\/marchena-el-gosset-mes-infelic-del-mon-mundial\/","og_site_name":"Mas Torrencito CAT","article_published_time":"2024-12-07T06:33:59+00:00","og_image":[{"width":1024,"height":1024,"url":"https:\/\/mastorrencito.com\/cat\/wp-content\/uploads\/sites\/3\/marchena.jpg","type":"image\/jpeg"}],"author":"Mastorrencito","twitter_card":"summary_large_image","twitter_misc":{"Escrito por":"Mastorrencito","Tiempo de lectura":"4 minutos"},"schema":{"@context":"https:\/\/schema.org","@graph":[{"@type":"Article","@id":"https:\/\/mastorrencito.com\/cat\/marchena-el-gosset-mes-infelic-del-mon-mundial\/#article","isPartOf":{"@id":"https:\/\/mastorrencito.com\/cat\/marchena-el-gosset-mes-infelic-del-mon-mundial\/"},"author":{"name":"Mastorrencito","@id":"https:\/\/mastorrencito.com\/#\/schema\/person\/18c619be80d4ae2667c702911625f790"},"headline":"Marchena, el gosset m\u00e9s infeli\u00e7 del m\u00f3n mundial","datePublished":"2024-12-07T06:33:59+00:00","mainEntityOfPage":{"@id":"https:\/\/mastorrencito.com\/cat\/marchena-el-gosset-mes-infelic-del-mon-mundial\/"},"wordCount":910,"commentCount":0,"publisher":{"@id":"https:\/\/mastorrencito.com\/#organization"},"image":{"@id":"https:\/\/mastorrencito.com\/cat\/marchena-el-gosset-mes-infelic-del-mon-mundial\/#primaryimage"},"thumbnailUrl":"https:\/\/mastorrencito.com\/cat\/wp-content\/uploads\/sites\/3\/marchena.jpg","articleSection":["Hist\u00f2ries Mastorrencito"],"inLanguage":"es","potentialAction":[{"@type":"CommentAction","name":"Comment","target":["https:\/\/mastorrencito.com\/cat\/marchena-el-gosset-mes-infelic-del-mon-mundial\/#respond"]}]},{"@type":"WebPage","@id":"https:\/\/mastorrencito.com\/cat\/marchena-el-gosset-mes-infelic-del-mon-mundial\/","url":"https:\/\/mastorrencito.com\/cat\/marchena-el-gosset-mes-infelic-del-mon-mundial\/","name":"Marchena, el gosset m\u00e9s infeli\u00e7 del m\u00f3n mundial - Mas Torrencito CAT","isPartOf":{"@id":"https:\/\/mastorrencito.com\/#website"},"primaryImageOfPage":{"@id":"https:\/\/mastorrencito.com\/cat\/marchena-el-gosset-mes-infelic-del-mon-mundial\/#primaryimage"},"image":{"@id":"https:\/\/mastorrencito.com\/cat\/marchena-el-gosset-mes-infelic-del-mon-mundial\/#primaryimage"},"thumbnailUrl":"https:\/\/mastorrencito.com\/cat\/wp-content\/uploads\/sites\/3\/marchena.jpg","datePublished":"2024-12-07T06:33:59+00:00","description":"De com un gosset vol imposar les seves normes i quenada m\u00e9s es faci el que ell vol. Marchena, el gosset m\u00e9s infeli\u00e7 del m\u00f3n mundial","breadcrumb":{"@id":"https:\/\/mastorrencito.com\/cat\/marchena-el-gosset-mes-infelic-del-mon-mundial\/#breadcrumb"},"inLanguage":"es","potentialAction":[{"@type":"ReadAction","target":["https:\/\/mastorrencito.com\/cat\/marchena-el-gosset-mes-infelic-del-mon-mundial\/"]}]},{"@type":"ImageObject","inLanguage":"es","@id":"https:\/\/mastorrencito.com\/cat\/marchena-el-gosset-mes-infelic-del-mon-mundial\/#primaryimage","url":"https:\/\/mastorrencito.com\/cat\/wp-content\/uploads\/sites\/3\/marchena.jpg","contentUrl":"https:\/\/mastorrencito.com\/cat\/wp-content\/uploads\/sites\/3\/marchena.jpg","width":1024,"height":1024,"caption":"EL bulldog marchena y su imposicion en ell jardin de los juegos"},{"@type":"BreadcrumbList","@id":"https:\/\/mastorrencito.com\/cat\/marchena-el-gosset-mes-infelic-del-mon-mundial\/#breadcrumb","itemListElement":[{"@type":"ListItem","position":1,"name":"Portada","item":"https:\/\/mastorrencito.com\/"},{"@type":"ListItem","position":2,"name":"Marchena, el gosset m\u00e9s infeli\u00e7 del m\u00f3n mundial"}]},{"@type":"WebSite","@id":"https:\/\/mastorrencito.com\/#website","url":"https:\/\/mastorrencito.com\/","name":"Mas Torrencito CAT","description":"Casa rural pet friendly en Girona","publisher":{"@id":"https:\/\/mastorrencito.com\/#organization"},"potentialAction":[{"@type":"SearchAction","target":{"@type":"EntryPoint","urlTemplate":"https:\/\/mastorrencito.com\/?s={search_term_string}"},"query-input":{"@type":"PropertyValueSpecification","valueRequired":true,"valueName":"search_term_string"}}],"inLanguage":"es"},{"@type":"Organization","@id":"https:\/\/mastorrencito.com\/#organization","name":"Mas Torrencito CAT","url":"https:\/\/mastorrencito.com\/","logo":{"@type":"ImageObject","inLanguage":"es","@id":"https:\/\/mastorrencito.com\/#\/schema\/logo\/image\/","url":"https:\/\/mastorrencito.com\/cat\/wp-content\/uploads\/sites\/3\/Logo-Mastorrencito-horizontal.webp","contentUrl":"https:\/\/mastorrencito.com\/cat\/wp-content\/uploads\/sites\/3\/Logo-Mastorrencito-horizontal.webp","width":161,"height":54,"caption":"Mas Torrencito CAT"},"image":{"@id":"https:\/\/mastorrencito.com\/#\/schema\/logo\/image\/"}},{"@type":"Person","@id":"https:\/\/mastorrencito.com\/#\/schema\/person\/18c619be80d4ae2667c702911625f790","name":"Mastorrencito","image":{"@type":"ImageObject","inLanguage":"es","@id":"https:\/\/secure.gravatar.com\/avatar\/3ef55e0519f987a734c21caee1423b51df7b760b7d81a38ecd31cab0a5115f6d?s=96&d=mm&r=g","url":"https:\/\/secure.gravatar.com\/avatar\/3ef55e0519f987a734c21caee1423b51df7b760b7d81a38ecd31cab0a5115f6d?s=96&d=mm&r=g","contentUrl":"https:\/\/secure.gravatar.com\/avatar\/3ef55e0519f987a734c21caee1423b51df7b760b7d81a38ecd31cab0a5115f6d?s=96&d=mm&r=g","caption":"Mastorrencito"},"url":"https:\/\/mastorrencito.com\/cat\/author\/mastorrencito\/"}]}},"acf":[],"_links":{"self":[{"href":"https:\/\/mastorrencito.com\/cat\/wp-json\/wp\/v2\/posts\/2608","targetHints":{"allow":["GET"]}}],"collection":[{"href":"https:\/\/mastorrencito.com\/cat\/wp-json\/wp\/v2\/posts"}],"about":[{"href":"https:\/\/mastorrencito.com\/cat\/wp-json\/wp\/v2\/types\/post"}],"author":[{"embeddable":true,"href":"https:\/\/mastorrencito.com\/cat\/wp-json\/wp\/v2\/users\/2"}],"replies":[{"embeddable":true,"href":"https:\/\/mastorrencito.com\/cat\/wp-json\/wp\/v2\/comments?post=2608"}],"version-history":[{"count":0,"href":"https:\/\/mastorrencito.com\/cat\/wp-json\/wp\/v2\/posts\/2608\/revisions"}],"wp:featuredmedia":[{"embeddable":true,"href":"https:\/\/mastorrencito.com\/cat\/wp-json\/wp\/v2\/media\/2604"}],"wp:attachment":[{"href":"https:\/\/mastorrencito.com\/cat\/wp-json\/wp\/v2\/media?parent=2608"}],"wp:term":[{"taxonomy":"category","embeddable":true,"href":"https:\/\/mastorrencito.com\/cat\/wp-json\/wp\/v2\/categories?post=2608"},{"taxonomy":"post_tag","embeddable":true,"href":"https:\/\/mastorrencito.com\/cat\/wp-json\/wp\/v2\/tags?post=2608"}],"curies":[{"name":"wp","href":"https:\/\/api.w.org\/{rel}","templated":true}]}}