{"id":2599,"date":"2024-12-07T05:59:48","date_gmt":"2024-12-07T05:59:48","guid":{"rendered":"https:\/\/casaruralconperrosgirona.com\/la-sra-major-la-seva-familia-i-les-calcetes-de-la-perla-%f0%9f%91%b5-%f0%9f%92%bc\/"},"modified":"2024-12-07T05:59:48","modified_gmt":"2024-12-07T05:59:48","slug":"la-sra-major-la-seva-familia-i-les-calcetes-de-la-perla-%f0%9f%91%b5-%f0%9f%92%bc","status":"publish","type":"post","link":"https:\/\/mastorrencito.com\/cat\/la-sra-major-la-seva-familia-i-les-calcetes-de-la-perla-%f0%9f%91%b5-%f0%9f%92%bc\/","title":{"rendered":"La Sra. Major, la seva Fam\u00edlia i les Calcetes de La Perla \ud83d\udc75 \ud83d\udcbc"},"content":{"rendered":"\n<p>On comen\u00e7ar? \ud83e\udd14 Aquesta an\u00e8cdota t\u00e9 dues cares molt, per\u00f2 que molt perfilades: una graciosa i una altra\u2026 prou trista! A veure si algun de vosaltres endevina quin \u00e9s quin\u2026 \ud83d\ude05 All\u00e0 anem! <strong>La Sra. Major, la seva Fam\u00edlia i les Calcetes de La Perla \ud83d\udc75 \ud83d\udcbc<\/strong>  <\/p>\n\n<p>Fa uns anys, en un estiu qualsevol\u2026 \u2600\ufe0f Vam rebre una reserva per a 7 nits a la suite per a una persona \u201cuna mica m\u00e9s gran\u201d\u2026 o aix\u00f2 deia la reserva. Va arribar el dia i, m\u00e9s o menys cap a les 12, apareix un cotxe. \ud83d\ude97 D&#8217;ell en surt una noia d&#8217;uns 40 anys, i del seient del copilot, una senyora d&#8217;uns 80\u2026 amb una pinta estupenda i recolzada en un bast\u00f3. \ud83d\udc81\u200d\u2640\ufe0f \ud83d\udc75   <\/p>\n\n<p>S&#8217;acosten a la casa, em presento i els ensenyo tot: el bar, els salons, el chillout, l&#8217;habitaci\u00f3&#8230; En sortir, la dona jove diu: \u00abMama, vaig a buscar les \ud83d\udeb6\u200d\u2640\ufe0f \u00ab. , torna amb les maletes i deixa anar un: \u00abB\u00e9 mami&#8230; aqu\u00ed et quedes&#8230; Et vinc a buscar en una setmana!\u00bb \ud83d\udeb6\u200d\u2640\ufe0f  <\/p>\n\n<p>\u00a1\u00a1 La meva cara en aquest moment va ser un poema! \ud83d\ude33 Ulls com \ud83c\udf7d\ufe0f plats. \u00bf COOOOMOOOORRRRRR?! \ud83d\ude31 I s\u00ed, \ud83d\ude0c , la noia va marxar, deixant-me amb la senyora. \u00abTot b\u00e9?\u00bb, li pregunto.<\/p>\n\n<p>Mentrestant, jo, que estava prenent-me unes birres amb els amics \ud83c\udf7b , els dic: \u00abAI D\u00c9U! Qu\u00e8 farem? \ud83d\ude35\u200d\ud83d\udcab \u00bb Aquesta senyora amb prou feines es valia per si mateixa, i ni parlar de caminar fins a B\u00e0scara amb la calor que feia\u2026 Segur que se&#8217;m perdria! \ud83c\udf1e I en aquella \u00e8poca, nosaltres ni don\u00e0vem menjar ni ten\u00edem opcions. Un poema, us ho dic! \ud83d\udcdc<\/p>\n\n<h4 class=\"wp-block-heading\">Horaris de MasTorrencito. <strong>La Sra. Major, la seva Fam\u00edlia i les Calcetes de La Perla \ud83d\udc75 \ud83d\udcbc<\/strong><\/h4>\n\n<p>A l&#8217;estona, la senyora surt i em pregunta: \u00abA quina hora es menja?\u00bb \ud83c\udf7d\ufe0f JA HO SABIA JO! Aix\u00f2 em passaria\u2026 \ud83d\ude05 Li explico: \u00abAqu\u00ed no donem dinars, nom\u00e9s esmorzars i sopars\u2026\u00bb I ella, amb cara de \u00abi ara qu\u00e8 faig?\u00bb: \u00abI jo qu\u00e8 faig?\u00bb \ud83d\ude30 UY! Quins 7 dies que m&#8217;esperen\u2026 \ud83d\ude35 Aix\u00ed que li proposo: \u00abHe de baixar al poble, si vol l&#8217;apropo, li indico llocs on pugui menjar i despr\u00e9s em truca, i jo vinc a recollir-la.\u00bb \ud83d\ude97  <\/p>\n\n<p>Aix\u00ed ho vaig fer. L&#8217;acosto a B\u00e0scara, menja al Portal de B\u00e0scara, ia l&#8217;estona Xavi, el propietari del restaurant, em truca: \u00abMiguel\u2026 aquesta senyora no est\u00e0 gaire b\u00e9\u2026\u00bb \ud83e\udd28 Jo li pregunto: \u00abPer qu\u00e8?\u00bb I em diu: \u00abNo li agrada gens&#8230; a tot li ha posat pegues&#8230; Ja ha acabat i m&#8217;ha dit que et digu\u00e9s&#8230;\u00bb \ud83e\udd37\u200d\u2642\ufe0f  <\/p>\n\n<p>Com a bon Uber que s\u00f3c, deixo el que estic fent i m&#8217;apropo a la B\u00e0scara a buscar-la. \ud83d\ude96 La recullo, la deixo al pati i pujo a dinar. Ni les gr\u00e0cies em va donar, per\u00f2 b\u00e9, aix\u00f2 \u00e9s el menys important\u2026 \ud83d\ude12 Ja m&#8217;ho imaginava.  <\/p>\n\n<p>Estic menjant tranquil\u00b7lament, i de sobte\u2026 Se sent un crit! \ud83d\ude31 \u00abSENYOOOOR SENYOOORRRR!\u00bb Baix corrent, pensant que hauria caigut o alguna cosa greu. En arribar, li pregunto: \u00abHa passat alguna cosa?\u00bb I ella, molt seriosa, em diu: \u00abQuina \u00e9s la meva habitaci\u00f3?\u00bb \ud83e\udee0    <\/p>\n<figure class=\"wp-block-post-featured-image\"><img fetchpriority=\"high\" decoding=\"async\" width=\"1024\" height=\"1024\" src=\"https:\/\/mastorrencito.com\/cat\/wp-content\/uploads\/sites\/3\/braguitas.jpg\" class=\"attachment-post-thumbnail size-post-thumbnail wp-post-image\" alt=\"\" style=\"object-fit:cover;\" srcset=\"https:\/\/mastorrencito.com\/cat\/wp-content\/uploads\/sites\/3\/braguitas.jpg 1024w, https:\/\/mastorrencito.com\/cat\/wp-content\/uploads\/sites\/3\/braguitas-300x300.jpg 300w, https:\/\/mastorrencito.com\/cat\/wp-content\/uploads\/sites\/3\/braguitas-150x150.jpg 150w, https:\/\/mastorrencito.com\/cat\/wp-content\/uploads\/sites\/3\/braguitas-768x768.jpg 768w\" sizes=\"(max-width: 1024px) 100vw, 1024px\" \/><\/figure>\n<p>Aqu\u00ed tens la hist\u00f2ria completa amb un toc humor\u00edstic i m\u00e9s emoticones per donar-li vida:<\/p>\n\n<hr class=\"wp-block-separator has-alpha-channel-opacity\" \/>\n\n<p>Li torno a ensenyar l&#8217;habitaci\u00f3, i aix\u00f2 que era la suite\u2026 que \u00e9s just a l&#8217;entrada! \ud83d\ude05 La senyora va haver de fer la migdiada perqu\u00e8 no la vam tornar a veure ni a sentir\u2026 \ud83d\ude34 B\u00e9, a les 20:00 vam sortir a la terrassa, ja es podia estar fora, havia baixat la temperatura. \ud83c\udf05 Ens vam posar a prendre unes birres \ud83c\udf7b , i pregunto als altres clients si havien vist la senyora\u2026 Tots em deien que no. \ud83e\udd14<\/p>\n\n<h4 class=\"wp-block-heading\">Estar\u00e0 viva? <strong>La Sra. Major, la seva Fam\u00edlia i les Calcetes de La Perla \ud83d\udc75 \ud83d\udcbc<\/strong><\/h4>\n\n<p>UUUFFF\u2026 ja el meu caparr\u00f3 comen\u00e7ava a pensar m\u00e9s del compte! \ud83d\ude28 Intento trucar-la per tel\u00e8fon \ud83d\udcde , per\u00f2 no contesta. Al cap de 15 minuts, decideixo anar a l&#8217;habitaci\u00f3 i la truco\u2026 i no se sent res. \ud83d\ude33 Torno a trucar una altra vegada\u2026 i res. \ud83d\ude1f Comen\u00e7o a mosquejar-me\u2026 \ud83d\ude24 Crido m\u00e9s fort, i res! Aix\u00ed que obro la porta i entro\u2026 \ud83d\ude2c Dic en veu alta si hi era\u2026 i no contesta. \ud83d\ude30 M&#8217;apropo fins a l&#8217;habitaci\u00f3, obro la porta lentament\u2026 i\u2026 \ud83d\ude31      <\/p>\n\n<p>I aqu\u00ed estava, veient la tele \ud83d\udcfa i sobada al llit \ud83d\udecf\ufe0f . Aix\u00ed que marxo sense dir res, tanco la porta i penso: \u00abB\u00e9\u2026 aix\u00ed fins dem\u00e0\u00bb. Jajajajaja, UNA MERDA! \ud83d\ude06<\/p>\n\n<p>Gaireb\u00e9 eren les onze, i encara sort que estava Meme, la noia que cuinava i donava els sopars. \ud83c\udf7d\ufe0f La va veure sortir de l&#8217;habitaci\u00f3 i li va preguntar: \u00abA quina hora se sopa?\u00bb \ud83d\ude05 Meme, que \u00e9s un encant, li va preparar una taula i li va fer sopar, aix\u00f2 s\u00ed, la senyora queixant-se de tot. \ud83d\ude44 Per\u00f2 Meme, amb una paci\u00e8ncia infinita, la va tranquil\u00b7litzar, la senyora va sopar i es va tornar a l&#8217;habitaci\u00f3. \ud83d\udecf\ufe0f   <\/p>\n\n<p>L&#8217;endem\u00e0 al mat\u00ed, va sortir cap a les 9:00 a esmorzar. \ud83d\udd58 Estava super despistada, com si no sab\u00e9s on caralls estava&#8230; \ud83e\udd2f Aix\u00ed que li expliquem, es va asseure a esmorzar i, b\u00e9\u2026 Quan acaba, ja li havien fet el rep\u00e0s de l&#8217;habitaci\u00f3. Entra i, al cap d&#8217;una estona, em crida a crit pelat: \u00abSenyor, Senyor!\u00bb \ud83d\ude31 M&#8217;apropo, i em comen\u00e7a a dir que LI HAB\u00cdAN ROBAT. \ud83d\ude28 Imagineu la situaci\u00f3\u2026 Li pregunto: \u00abQu\u00e8 \u00e9s el que no troba?\u00bb I em diu: \u00abLa meva polsera d&#8217;or!\u00bb \ud83d\udc8d    <\/p>\n\n<h4 class=\"wp-block-heading\">La p\u00e8rdua de l&#8217;anell. <strong>La Sra. Major, la seva Fam\u00edlia i les Calcetes de La Perla \ud83d\udc75 \ud83d\udcbc<\/strong><\/h4>\n\n<p>JOOOODERRR, quin marr\u00f3! \ud83c\udf30 Truco a la noia que havia fet l&#8217;habitaci\u00f3 i li pregunto, per\u00f2 no havia vist res. Aix\u00ed que comencem a revisar tota l&#8217;habitaci\u00f3 de P a Pa: el bany, el llit, el matal\u00e0s&#8230; i RES. \ud83d\ude2c En aix\u00f2, un dels clients, que ja se n&#8217;havia assabentat, va i em diu: \u00abBusqueu aix\u00f2?\u00bb I s\u00ed\u2026 la portava a la m\u00e0! \ud83e\udd26\u200d\u2642\ufe0f La senyora se l&#8217;havia deixat a taula de l&#8217;esmorzar. Aix\u00ed que, tot solucionat, se&#8217;n va a l&#8217;habitaci\u00f3 i aix\u00ed va passar el mat\u00ed. \ud83c\udf1e<\/p>\n\n<p>A l&#8217;hora de dinar, li pregunto qu\u00e8 faria, i em diu que menjaria a la casa. \ud83c\udfe1 Una altra vegada li vaig tornar a explicar que no ho f\u00e8iem, i que si volia, l&#8217;aprop\u00e0vem a la B\u00e0scara. \ud83d\ude97 Va dir que s\u00ed, aix\u00ed que la vaig tornar a portar al Portal, i va passar exactament el mateix: queixes, mala educaci\u00f3\u2026 per\u00f2 b\u00e9. \ud83d\ude12 La vestit a casa i, cap a les set, comen\u00e7a a trucar-me a crits, dient-me que les \u00abnoies\u00bb li havien robat la roba interior d&#8217;encaix\u2026 \u00abUNES BRAGUITES D&#8217;ENCAIX DE LA PERLA\u00bb. \ud83d\ude31<\/p>\n\n<p>Jo ja no sabia si riure&#8217;m, plorar, expulsar\u2026 o qu\u00e8. \ud83d\ude02 I ella tretze que tretze amb la seva roba interior. Aix\u00ed que decideixo trucar a la seva filla i li dic: \u00abVENIU A CERCAR LA VOSTRA MARE\u2026 NO ES TROBA B\u00c9\u00bb. \ud83d\ude2c I ella em respon: \u00ab\u00c9s que estem a la platja\u2026\u00bb \ud83c\udfd6\ufe0f Amb una paci\u00e8ncia i un tremp acollonant, li contesto: \u00abO veniu a buscar la vostra mare i us la porteu, o truco al 112\u2026 vosaltres mateixos\u00bb. \ud83d\ude24<\/p>\n\n<p>I s\u00ed\u2026 a l&#8217;hora, compte, \u00a1HORA!, no m\u00e9s, aqu\u00ed hi havia la filla i el marit, que ni es va dignar a baixar del cotxe. \ud83d\ude97 Vaig parlar amb la filla i diu: \u00abUNA ALTRA VEGADA?\u00bb I jo, pels meus endins, pensava: \u00abSER\u00c0S DE LES QUE LI AGRADA LA FRUITA?\u00bb \ud83c\udf47 Li deixo el compte, treu una targeta, paga\u2026 recull les seves coses, agafa la seva mare de la m\u00e0\u2026 i se l&#8217;emporta. \ud83d\ude10 Ni una disculpa, ni un \u00abho sento\u00bb\u2026 RES! Flipant\u2026 \ud83d\ude33    <\/p>\n\n<p>De deb\u00f2, em vaig quedar amb ganes de denunciar-la. \u00c9s en aquests moments quan t&#8217;adones i reafirmes la idea que EL SER HUM\u00c0 \u00e9s el pitjor de la natura. \ud83c\udf0d Per molt FILLA DE FRUITA que hagu\u00e9s estat la seva mare amb ella, aix\u00f2 no es fa\u2026 La portes a un asil oa un viatge d&#8217;aquests assistits i ja est\u00e0. Encara que, \u00e9s clar, gaireb\u00e9 segur que, com era la senyora, l&#8217;haurien fet fora fins i tot de l&#8217;INSERSO! Jajajajajaja \ud83e\udd23    <\/p>\n\n<hr class=\"wp-block-separator has-alpha-channel-opacity\" \/>\n\n<blockquote class=\"wp-block-quote is-layout-flow wp-block-quote-is-layout-flow\">\n<p>Des de Mas Torrencito us desitgem un bon dia i que els vostres goss us acompanyi!!!!<\/p>\n<\/blockquote>\n\n<p>\u2014\u2013<br \/> Si vols, podeu veure els nostres <strong>bons per caps de setmana, bons jubilats<\/strong> , a un preu incre\u00efble..entra a <a href=\"https:\/\/www.mastorrencito.com\/\">www.mastorrencito.com<\/a> o si vols podeu llegir m\u00e9s hist\u00f2ria i an\u00e8cdotes que ens han passat a Mas Torrencito\u2026 Fes click <a href=\"https:\/\/mastorrencito.com\/es\/\">aqu\u00ed<\/a> <\/p>\n\n<p><\/p>\n","protected":false},"excerpt":{"rendered":"<p>On comen\u00e7ar? \ud83e\udd14 Aquesta an\u00e8cdota t\u00e9 dues cares molt, per\u00f2 que molt perfilades: una graciosa i una altra\u2026 prou trista! A veure si algun de vosaltres endevina quin \u00e9s quin\u2026 \ud83d\ude05 All\u00e0 anem! La Sra. Major, la seva Fam\u00edlia i les Calcetes de La Perla \ud83d\udc75 \ud83d\udcbc Fa uns anys, en un estiu qualsevol\u2026 \u2600\ufe0f [&hellip;]<\/p>\n","protected":false},"author":2,"featured_media":2595,"comment_status":"open","ping_status":"closed","sticky":false,"template":"","format":"standard","meta":{"_acf_changed":false,"footnotes":""},"categories":[35],"tags":[],"class_list":["post-2599","post","type-post","status-publish","format-standard","has-post-thumbnail","hentry","category-histories-mastorrencito"],"yoast_head":"<!-- This site is optimized with the Yoast SEO Premium plugin v27.3 (Yoast SEO v27.5) - https:\/\/yoast.com\/product\/yoast-seo-premium-wordpress\/ -->\n<title>La Sra. Major, la seva Fam\u00edlia i les Calcetes de La Perla \ud83d\udc75 \ud83d\udcbc - Mas Torrencito CAT<\/title>\n<meta name=\"description\" content=\"arribar a ser tenir fills i que passin de tu... La Sra. Major, els gossets de MasTorrencito, la seva Fam\u00edlia i les Calcetes de La Perla \ud83d\udc75 \ud83d\udcbc\" \/>\n<meta name=\"robots\" content=\"index, follow, max-snippet:-1, max-image-preview:large, max-video-preview:-1\" \/>\n<link rel=\"canonical\" href=\"https:\/\/mastorrencito.com\/cat\/la-sra-major-la-seva-familia-i-les-calcetes-de-la-perla-\ud83d\udc75-\ud83d\udcbc\/\" \/>\n<meta property=\"og:locale\" content=\"es_ES\" \/>\n<meta property=\"og:type\" content=\"article\" \/>\n<meta property=\"og:title\" content=\"La Sra. Major, la seva Fam\u00edlia i les Calcetes de La Perla \ud83d\udc75 \ud83d\udcbc\" \/>\n<meta property=\"og:description\" content=\"arribar a ser tenir fills i que passin de tu... La Sra. Major, els gossets de MasTorrencito, la seva Fam\u00edlia i les Calcetes de La Perla \ud83d\udc75 \ud83d\udcbc\" \/>\n<meta property=\"og:url\" content=\"https:\/\/mastorrencito.com\/cat\/la-sra-major-la-seva-familia-i-les-calcetes-de-la-perla-\ud83d\udc75-\ud83d\udcbc\/\" \/>\n<meta property=\"og:site_name\" content=\"Mas Torrencito CAT\" \/>\n<meta property=\"article:published_time\" content=\"2024-12-07T05:59:48+00:00\" \/>\n<meta property=\"og:image\" content=\"https:\/\/mastorrencito.com\/cat\/wp-content\/uploads\/sites\/3\/braguitas.jpg\" \/>\n\t<meta property=\"og:image:width\" content=\"1024\" \/>\n\t<meta property=\"og:image:height\" content=\"1024\" \/>\n\t<meta property=\"og:image:type\" content=\"image\/jpeg\" \/>\n<meta name=\"author\" content=\"Mastorrencito\" \/>\n<meta name=\"twitter:card\" content=\"summary_large_image\" \/>\n<meta name=\"twitter:label1\" content=\"Escrito por\" \/>\n\t<meta name=\"twitter:data1\" content=\"Mastorrencito\" \/>\n\t<meta name=\"twitter:label2\" content=\"Tiempo de lectura\" \/>\n\t<meta name=\"twitter:data2\" content=\"7 minutos\" \/>\n<script type=\"application\/ld+json\" class=\"yoast-schema-graph\">{\"@context\":\"https:\\\/\\\/schema.org\",\"@graph\":[{\"@type\":\"Article\",\"@id\":\"https:\\\/\\\/mastorrencito.com\\\/cat\\\/la-sra-major-la-seva-familia-i-les-calcetes-de-la-perla-%f0%9f%91%b5-%f0%9f%92%bc\\\/#article\",\"isPartOf\":{\"@id\":\"https:\\\/\\\/mastorrencito.com\\\/cat\\\/la-sra-major-la-seva-familia-i-les-calcetes-de-la-perla-%f0%9f%91%b5-%f0%9f%92%bc\\\/\"},\"author\":{\"name\":\"Mastorrencito\",\"@id\":\"https:\\\/\\\/mastorrencito.com\\\/#\\\/schema\\\/person\\\/18c619be80d4ae2667c702911625f790\"},\"headline\":\"La Sra. Major, la seva Fam\u00edlia i les Calcetes de La Perla \ud83d\udc75 \ud83d\udcbc\",\"datePublished\":\"2024-12-07T05:59:48+00:00\",\"mainEntityOfPage\":{\"@id\":\"https:\\\/\\\/mastorrencito.com\\\/cat\\\/la-sra-major-la-seva-familia-i-les-calcetes-de-la-perla-%f0%9f%91%b5-%f0%9f%92%bc\\\/\"},\"wordCount\":1428,\"commentCount\":0,\"publisher\":{\"@id\":\"https:\\\/\\\/mastorrencito.com\\\/#organization\"},\"image\":{\"@id\":\"https:\\\/\\\/mastorrencito.com\\\/cat\\\/la-sra-major-la-seva-familia-i-les-calcetes-de-la-perla-%f0%9f%91%b5-%f0%9f%92%bc\\\/#primaryimage\"},\"thumbnailUrl\":\"https:\\\/\\\/mastorrencito.com\\\/cat\\\/wp-content\\\/uploads\\\/sites\\\/3\\\/braguitas.jpg\",\"articleSection\":[\"Hist\u00f2ries Mastorrencito\"],\"inLanguage\":\"es\",\"potentialAction\":[{\"@type\":\"CommentAction\",\"name\":\"Comment\",\"target\":[\"https:\\\/\\\/mastorrencito.com\\\/cat\\\/la-sra-major-la-seva-familia-i-les-calcetes-de-la-perla-%f0%9f%91%b5-%f0%9f%92%bc\\\/#respond\"]}]},{\"@type\":\"WebPage\",\"@id\":\"https:\\\/\\\/mastorrencito.com\\\/cat\\\/la-sra-major-la-seva-familia-i-les-calcetes-de-la-perla-%f0%9f%91%b5-%f0%9f%92%bc\\\/\",\"url\":\"https:\\\/\\\/mastorrencito.com\\\/cat\\\/la-sra-major-la-seva-familia-i-les-calcetes-de-la-perla-%f0%9f%91%b5-%f0%9f%92%bc\\\/\",\"name\":\"La Sra. Major, la seva Fam\u00edlia i les Calcetes de La Perla \ud83d\udc75 \ud83d\udcbc - Mas Torrencito CAT\",\"isPartOf\":{\"@id\":\"https:\\\/\\\/mastorrencito.com\\\/#website\"},\"primaryImageOfPage\":{\"@id\":\"https:\\\/\\\/mastorrencito.com\\\/cat\\\/la-sra-major-la-seva-familia-i-les-calcetes-de-la-perla-%f0%9f%91%b5-%f0%9f%92%bc\\\/#primaryimage\"},\"image\":{\"@id\":\"https:\\\/\\\/mastorrencito.com\\\/cat\\\/la-sra-major-la-seva-familia-i-les-calcetes-de-la-perla-%f0%9f%91%b5-%f0%9f%92%bc\\\/#primaryimage\"},\"thumbnailUrl\":\"https:\\\/\\\/mastorrencito.com\\\/cat\\\/wp-content\\\/uploads\\\/sites\\\/3\\\/braguitas.jpg\",\"datePublished\":\"2024-12-07T05:59:48+00:00\",\"description\":\"arribar a ser tenir fills i que passin de tu... La Sra. Major, els gossets de MasTorrencito, la seva Fam\u00edlia i les Calcetes de La Perla \ud83d\udc75 \ud83d\udcbc\",\"breadcrumb\":{\"@id\":\"https:\\\/\\\/mastorrencito.com\\\/cat\\\/la-sra-major-la-seva-familia-i-les-calcetes-de-la-perla-%f0%9f%91%b5-%f0%9f%92%bc\\\/#breadcrumb\"},\"inLanguage\":\"es\",\"potentialAction\":[{\"@type\":\"ReadAction\",\"target\":[\"https:\\\/\\\/mastorrencito.com\\\/cat\\\/la-sra-major-la-seva-familia-i-les-calcetes-de-la-perla-%f0%9f%91%b5-%f0%9f%92%bc\\\/\"]}]},{\"@type\":\"ImageObject\",\"inLanguage\":\"es\",\"@id\":\"https:\\\/\\\/mastorrencito.com\\\/cat\\\/la-sra-major-la-seva-familia-i-les-calcetes-de-la-perla-%f0%9f%91%b5-%f0%9f%92%bc\\\/#primaryimage\",\"url\":\"https:\\\/\\\/mastorrencito.com\\\/cat\\\/wp-content\\\/uploads\\\/sites\\\/3\\\/braguitas.jpg\",\"contentUrl\":\"https:\\\/\\\/mastorrencito.com\\\/cat\\\/wp-content\\\/uploads\\\/sites\\\/3\\\/braguitas.jpg\",\"width\":1024,\"height\":1024},{\"@type\":\"BreadcrumbList\",\"@id\":\"https:\\\/\\\/mastorrencito.com\\\/cat\\\/la-sra-major-la-seva-familia-i-les-calcetes-de-la-perla-%f0%9f%91%b5-%f0%9f%92%bc\\\/#breadcrumb\",\"itemListElement\":[{\"@type\":\"ListItem\",\"position\":1,\"name\":\"Portada\",\"item\":\"https:\\\/\\\/mastorrencito.com\\\/\"},{\"@type\":\"ListItem\",\"position\":2,\"name\":\"La Sra. Major, la seva Fam\u00edlia i les Calcetes de La Perla \ud83d\udc75 \ud83d\udcbc\"}]},{\"@type\":\"WebSite\",\"@id\":\"https:\\\/\\\/mastorrencito.com\\\/#website\",\"url\":\"https:\\\/\\\/mastorrencito.com\\\/\",\"name\":\"Mas Torrencito CAT\",\"description\":\"Casa rural pet friendly en Girona\",\"publisher\":{\"@id\":\"https:\\\/\\\/mastorrencito.com\\\/#organization\"},\"potentialAction\":[{\"@type\":\"SearchAction\",\"target\":{\"@type\":\"EntryPoint\",\"urlTemplate\":\"https:\\\/\\\/mastorrencito.com\\\/?s={search_term_string}\"},\"query-input\":{\"@type\":\"PropertyValueSpecification\",\"valueRequired\":true,\"valueName\":\"search_term_string\"}}],\"inLanguage\":\"es\"},{\"@type\":\"Organization\",\"@id\":\"https:\\\/\\\/mastorrencito.com\\\/#organization\",\"name\":\"Mas Torrencito CAT\",\"url\":\"https:\\\/\\\/mastorrencito.com\\\/\",\"logo\":{\"@type\":\"ImageObject\",\"inLanguage\":\"es\",\"@id\":\"https:\\\/\\\/mastorrencito.com\\\/#\\\/schema\\\/logo\\\/image\\\/\",\"url\":\"https:\\\/\\\/mastorrencito.com\\\/cat\\\/wp-content\\\/uploads\\\/sites\\\/3\\\/Logo-Mastorrencito-horizontal.webp\",\"contentUrl\":\"https:\\\/\\\/mastorrencito.com\\\/cat\\\/wp-content\\\/uploads\\\/sites\\\/3\\\/Logo-Mastorrencito-horizontal.webp\",\"width\":161,\"height\":54,\"caption\":\"Mas Torrencito CAT\"},\"image\":{\"@id\":\"https:\\\/\\\/mastorrencito.com\\\/#\\\/schema\\\/logo\\\/image\\\/\"}},{\"@type\":\"Person\",\"@id\":\"https:\\\/\\\/mastorrencito.com\\\/#\\\/schema\\\/person\\\/18c619be80d4ae2667c702911625f790\",\"name\":\"Mastorrencito\",\"image\":{\"@type\":\"ImageObject\",\"inLanguage\":\"es\",\"@id\":\"https:\\\/\\\/secure.gravatar.com\\\/avatar\\\/3ef55e0519f987a734c21caee1423b51df7b760b7d81a38ecd31cab0a5115f6d?s=96&d=mm&r=g\",\"url\":\"https:\\\/\\\/secure.gravatar.com\\\/avatar\\\/3ef55e0519f987a734c21caee1423b51df7b760b7d81a38ecd31cab0a5115f6d?s=96&d=mm&r=g\",\"contentUrl\":\"https:\\\/\\\/secure.gravatar.com\\\/avatar\\\/3ef55e0519f987a734c21caee1423b51df7b760b7d81a38ecd31cab0a5115f6d?s=96&d=mm&r=g\",\"caption\":\"Mastorrencito\"},\"url\":\"https:\\\/\\\/mastorrencito.com\\\/cat\\\/author\\\/mastorrencito\\\/\"}]}<\/script>\n<!-- \/ Yoast SEO Premium plugin. -->","yoast_head_json":{"title":"La Sra. Major, la seva Fam\u00edlia i les Calcetes de La Perla \ud83d\udc75 \ud83d\udcbc - Mas Torrencito CAT","description":"arribar a ser tenir fills i que passin de tu... La Sra. Major, els gossets de MasTorrencito, la seva Fam\u00edlia i les Calcetes de La Perla \ud83d\udc75 \ud83d\udcbc","robots":{"index":"index","follow":"follow","max-snippet":"max-snippet:-1","max-image-preview":"max-image-preview:large","max-video-preview":"max-video-preview:-1"},"canonical":"https:\/\/mastorrencito.com\/cat\/la-sra-major-la-seva-familia-i-les-calcetes-de-la-perla-\ud83d\udc75-\ud83d\udcbc\/","og_locale":"es_ES","og_type":"article","og_title":"La Sra. Major, la seva Fam\u00edlia i les Calcetes de La Perla \ud83d\udc75 \ud83d\udcbc","og_description":"arribar a ser tenir fills i que passin de tu... La Sra. Major, els gossets de MasTorrencito, la seva Fam\u00edlia i les Calcetes de La Perla \ud83d\udc75 \ud83d\udcbc","og_url":"https:\/\/mastorrencito.com\/cat\/la-sra-major-la-seva-familia-i-les-calcetes-de-la-perla-\ud83d\udc75-\ud83d\udcbc\/","og_site_name":"Mas Torrencito CAT","article_published_time":"2024-12-07T05:59:48+00:00","og_image":[{"width":1024,"height":1024,"url":"https:\/\/mastorrencito.com\/cat\/wp-content\/uploads\/sites\/3\/braguitas.jpg","type":"image\/jpeg"}],"author":"Mastorrencito","twitter_card":"summary_large_image","twitter_misc":{"Escrito por":"Mastorrencito","Tiempo de lectura":"7 minutos"},"schema":{"@context":"https:\/\/schema.org","@graph":[{"@type":"Article","@id":"https:\/\/mastorrencito.com\/cat\/la-sra-major-la-seva-familia-i-les-calcetes-de-la-perla-%f0%9f%91%b5-%f0%9f%92%bc\/#article","isPartOf":{"@id":"https:\/\/mastorrencito.com\/cat\/la-sra-major-la-seva-familia-i-les-calcetes-de-la-perla-%f0%9f%91%b5-%f0%9f%92%bc\/"},"author":{"name":"Mastorrencito","@id":"https:\/\/mastorrencito.com\/#\/schema\/person\/18c619be80d4ae2667c702911625f790"},"headline":"La Sra. Major, la seva Fam\u00edlia i les Calcetes de La Perla \ud83d\udc75 \ud83d\udcbc","datePublished":"2024-12-07T05:59:48+00:00","mainEntityOfPage":{"@id":"https:\/\/mastorrencito.com\/cat\/la-sra-major-la-seva-familia-i-les-calcetes-de-la-perla-%f0%9f%91%b5-%f0%9f%92%bc\/"},"wordCount":1428,"commentCount":0,"publisher":{"@id":"https:\/\/mastorrencito.com\/#organization"},"image":{"@id":"https:\/\/mastorrencito.com\/cat\/la-sra-major-la-seva-familia-i-les-calcetes-de-la-perla-%f0%9f%91%b5-%f0%9f%92%bc\/#primaryimage"},"thumbnailUrl":"https:\/\/mastorrencito.com\/cat\/wp-content\/uploads\/sites\/3\/braguitas.jpg","articleSection":["Hist\u00f2ries Mastorrencito"],"inLanguage":"es","potentialAction":[{"@type":"CommentAction","name":"Comment","target":["https:\/\/mastorrencito.com\/cat\/la-sra-major-la-seva-familia-i-les-calcetes-de-la-perla-%f0%9f%91%b5-%f0%9f%92%bc\/#respond"]}]},{"@type":"WebPage","@id":"https:\/\/mastorrencito.com\/cat\/la-sra-major-la-seva-familia-i-les-calcetes-de-la-perla-%f0%9f%91%b5-%f0%9f%92%bc\/","url":"https:\/\/mastorrencito.com\/cat\/la-sra-major-la-seva-familia-i-les-calcetes-de-la-perla-%f0%9f%91%b5-%f0%9f%92%bc\/","name":"La Sra. Major, la seva Fam\u00edlia i les Calcetes de La Perla \ud83d\udc75 \ud83d\udcbc - Mas Torrencito CAT","isPartOf":{"@id":"https:\/\/mastorrencito.com\/#website"},"primaryImageOfPage":{"@id":"https:\/\/mastorrencito.com\/cat\/la-sra-major-la-seva-familia-i-les-calcetes-de-la-perla-%f0%9f%91%b5-%f0%9f%92%bc\/#primaryimage"},"image":{"@id":"https:\/\/mastorrencito.com\/cat\/la-sra-major-la-seva-familia-i-les-calcetes-de-la-perla-%f0%9f%91%b5-%f0%9f%92%bc\/#primaryimage"},"thumbnailUrl":"https:\/\/mastorrencito.com\/cat\/wp-content\/uploads\/sites\/3\/braguitas.jpg","datePublished":"2024-12-07T05:59:48+00:00","description":"arribar a ser tenir fills i que passin de tu... La Sra. Major, els gossets de MasTorrencito, la seva Fam\u00edlia i les Calcetes de La Perla \ud83d\udc75 \ud83d\udcbc","breadcrumb":{"@id":"https:\/\/mastorrencito.com\/cat\/la-sra-major-la-seva-familia-i-les-calcetes-de-la-perla-%f0%9f%91%b5-%f0%9f%92%bc\/#breadcrumb"},"inLanguage":"es","potentialAction":[{"@type":"ReadAction","target":["https:\/\/mastorrencito.com\/cat\/la-sra-major-la-seva-familia-i-les-calcetes-de-la-perla-%f0%9f%91%b5-%f0%9f%92%bc\/"]}]},{"@type":"ImageObject","inLanguage":"es","@id":"https:\/\/mastorrencito.com\/cat\/la-sra-major-la-seva-familia-i-les-calcetes-de-la-perla-%f0%9f%91%b5-%f0%9f%92%bc\/#primaryimage","url":"https:\/\/mastorrencito.com\/cat\/wp-content\/uploads\/sites\/3\/braguitas.jpg","contentUrl":"https:\/\/mastorrencito.com\/cat\/wp-content\/uploads\/sites\/3\/braguitas.jpg","width":1024,"height":1024},{"@type":"BreadcrumbList","@id":"https:\/\/mastorrencito.com\/cat\/la-sra-major-la-seva-familia-i-les-calcetes-de-la-perla-%f0%9f%91%b5-%f0%9f%92%bc\/#breadcrumb","itemListElement":[{"@type":"ListItem","position":1,"name":"Portada","item":"https:\/\/mastorrencito.com\/"},{"@type":"ListItem","position":2,"name":"La Sra. Major, la seva Fam\u00edlia i les Calcetes de La Perla \ud83d\udc75 \ud83d\udcbc"}]},{"@type":"WebSite","@id":"https:\/\/mastorrencito.com\/#website","url":"https:\/\/mastorrencito.com\/","name":"Mas Torrencito CAT","description":"Casa rural pet friendly en Girona","publisher":{"@id":"https:\/\/mastorrencito.com\/#organization"},"potentialAction":[{"@type":"SearchAction","target":{"@type":"EntryPoint","urlTemplate":"https:\/\/mastorrencito.com\/?s={search_term_string}"},"query-input":{"@type":"PropertyValueSpecification","valueRequired":true,"valueName":"search_term_string"}}],"inLanguage":"es"},{"@type":"Organization","@id":"https:\/\/mastorrencito.com\/#organization","name":"Mas Torrencito CAT","url":"https:\/\/mastorrencito.com\/","logo":{"@type":"ImageObject","inLanguage":"es","@id":"https:\/\/mastorrencito.com\/#\/schema\/logo\/image\/","url":"https:\/\/mastorrencito.com\/cat\/wp-content\/uploads\/sites\/3\/Logo-Mastorrencito-horizontal.webp","contentUrl":"https:\/\/mastorrencito.com\/cat\/wp-content\/uploads\/sites\/3\/Logo-Mastorrencito-horizontal.webp","width":161,"height":54,"caption":"Mas Torrencito CAT"},"image":{"@id":"https:\/\/mastorrencito.com\/#\/schema\/logo\/image\/"}},{"@type":"Person","@id":"https:\/\/mastorrencito.com\/#\/schema\/person\/18c619be80d4ae2667c702911625f790","name":"Mastorrencito","image":{"@type":"ImageObject","inLanguage":"es","@id":"https:\/\/secure.gravatar.com\/avatar\/3ef55e0519f987a734c21caee1423b51df7b760b7d81a38ecd31cab0a5115f6d?s=96&d=mm&r=g","url":"https:\/\/secure.gravatar.com\/avatar\/3ef55e0519f987a734c21caee1423b51df7b760b7d81a38ecd31cab0a5115f6d?s=96&d=mm&r=g","contentUrl":"https:\/\/secure.gravatar.com\/avatar\/3ef55e0519f987a734c21caee1423b51df7b760b7d81a38ecd31cab0a5115f6d?s=96&d=mm&r=g","caption":"Mastorrencito"},"url":"https:\/\/mastorrencito.com\/cat\/author\/mastorrencito\/"}]}},"acf":[],"_links":{"self":[{"href":"https:\/\/mastorrencito.com\/cat\/wp-json\/wp\/v2\/posts\/2599","targetHints":{"allow":["GET"]}}],"collection":[{"href":"https:\/\/mastorrencito.com\/cat\/wp-json\/wp\/v2\/posts"}],"about":[{"href":"https:\/\/mastorrencito.com\/cat\/wp-json\/wp\/v2\/types\/post"}],"author":[{"embeddable":true,"href":"https:\/\/mastorrencito.com\/cat\/wp-json\/wp\/v2\/users\/2"}],"replies":[{"embeddable":true,"href":"https:\/\/mastorrencito.com\/cat\/wp-json\/wp\/v2\/comments?post=2599"}],"version-history":[{"count":0,"href":"https:\/\/mastorrencito.com\/cat\/wp-json\/wp\/v2\/posts\/2599\/revisions"}],"wp:featuredmedia":[{"embeddable":true,"href":"https:\/\/mastorrencito.com\/cat\/wp-json\/wp\/v2\/media\/2595"}],"wp:attachment":[{"href":"https:\/\/mastorrencito.com\/cat\/wp-json\/wp\/v2\/media?parent=2599"}],"wp:term":[{"taxonomy":"category","embeddable":true,"href":"https:\/\/mastorrencito.com\/cat\/wp-json\/wp\/v2\/categories?post=2599"},{"taxonomy":"post_tag","embeddable":true,"href":"https:\/\/mastorrencito.com\/cat\/wp-json\/wp\/v2\/tags?post=2599"}],"curies":[{"name":"wp","href":"https:\/\/api.w.org\/{rel}","templated":true}]}}