{"id":2577,"date":"2024-12-05T06:01:10","date_gmt":"2024-12-05T06:01:10","guid":{"rendered":"https:\/\/casaruralconperrosgirona.com\/lenigma-baix-mas-torrencito\/"},"modified":"2024-12-05T06:01:10","modified_gmt":"2024-12-05T06:01:10","slug":"lenigma-baix-mas-torrencito","status":"publish","type":"post","link":"https:\/\/mastorrencito.com\/cat\/lenigma-baix-mas-torrencito\/","title":{"rendered":"L&#8217;Enigma Baix Mas Torrencito"},"content":{"rendered":"\n<h3 class=\"wp-block-heading\">El capvespre tenyia <strong>MasTorrencito<\/strong> amb una resplendor ataronjat, i tot semblava en calma, excepte l&#8217;entrada principal, on les obres havien fet un gir completament inesperat. L&#8217;Enigma Baix Mas Torrencito<\/h3>\n\n<p>Dos dels obrers es miraven nerviosos al costat del forat que havien desenterrat mentre jo m&#8217;acostava amb en Jordi. Els seus gossos, Lluna i Quinto, romanien a prop, alertes, mentre els meus \u2014Masto, Maky, Mastitwo i Mamas\u2014 es mantenien inquiets, una cosa inusual per a ells. <\/p>\n\n<p>\u2014Qu\u00e8 passa? \u2014vaig preguntar, amb un to m\u00e9s molest que curi\u00f3s. Les obres ja estaven endarrerides, i l&#8217;\u00faltima cosa que necessitava era un altre problema.  <\/p>\n\n<p>\u2014Miri aix\u00f2, senyor Miguel \u2014va dir un dels treballadors, assenyalant el terra.<\/p>\n\n<p>El que hi havia sota el tauler podrit que havien aixecat era <strong>un forat enorme<\/strong> . No un simple esvoranc, sin\u00f3 l&#8217;entrada a alguna cosa molt m\u00e9s profunda. Unes escales de ferro baixaven cap a la foscor, rovellades per\u00f2 intactes, com si hi portessin d\u00e8cades.  <\/p>\n\n<p>\u2014Aix\u00f2 no era als plans. \u2014La veu del Jordi sonava ferma, per\u00f2 la sorpresa era evident. <\/p>\n\n<p>Em vaig inclinar cap al forat, mirant d&#8217;il\u00b7luminar-lo amb la llanterna del meu m\u00f2bil. Tot just podia distingir les escales baixant cap a una negror absoluta. <\/p>\n\n<p>\u2014\u00bf Alg\u00fa ha baixat? <\/p>\n\n<p>Els obrers van negar r\u00e0pidament amb el cap. <\/p>\n\n<p>\u2014No hi ha cobertura aqu\u00ed a baix \u2014va dir en Jordi, aixecant el m\u00f2bil. \u2014Res. Ni una barra. Aix\u00f2 no m?agrada.   <\/p>\n\n<p>Vaig mirar els meus gossos. Normalment eren els primers a explorar qualsevol rac\u00f3, per\u00f2 ara estaven inquiets. Mames fins i tot va retrocedir, grunyint baix. Lluna i Quinto no estaven gaire millor; Lluna es va quedar al costat del Jordi, amb les orelles tenses.   <\/p>\n\n<p>\u2014Aix\u00f2 \u00e9s m\u00e9s estrany del que sembla \u2014vaig murmurar, sentint una barreja de curiositat i desassossec.<\/p>\n<figure class=\"wp-block-post-featured-image\"><img fetchpriority=\"high\" decoding=\"async\" width=\"1024\" height=\"1024\" src=\"https:\/\/mastorrencito.com\/cat\/wp-content\/uploads\/sites\/3\/tunel1.jpg\" class=\"attachment-post-thumbnail size-post-thumbnail wp-post-image\" alt=\"El tuel bajo MasTorrencito... un descubrimiento\" style=\"object-fit:cover;\" srcset=\"https:\/\/mastorrencito.com\/cat\/wp-content\/uploads\/sites\/3\/tunel1.jpg 1024w, https:\/\/mastorrencito.com\/cat\/wp-content\/uploads\/sites\/3\/tunel1-300x300.jpg 300w, https:\/\/mastorrencito.com\/cat\/wp-content\/uploads\/sites\/3\/tunel1-150x150.jpg 150w, https:\/\/mastorrencito.com\/cat\/wp-content\/uploads\/sites\/3\/tunel1-768x768.jpg 768w\" sizes=\"(max-width: 1024px) 100vw, 1024px\" \/><\/figure>\n<hr class=\"wp-block-separator has-alpha-channel-opacity\" \/>\n\n<h4 class=\"wp-block-heading\">Primers passos. L&#8217;Enigma Baix Mas Torrencito <\/h4>\n\n<p>Vam decidir baixar. Vam lligar una corda a una de les bigues de l&#8217;entrada, per\u00f2 les escales semblaven prou fermes. Jordi va insistir que ell aniria primer, per\u00f2 la meva tossuderia habitual ho va deixar clar.  <\/p>\n\n<p>\u2014Jo baixo. Tu queda&#8217;t amb els gossos. Si alguna cosa passa, puja i demana ajuda.  <\/p>\n\n<p>Jordi va deixar anar una riallada nerviosa.<\/p>\n\n<p>\u2014\u00bf Demanar ajuda? A qui? No tenim cobertura, i dubto que els obrers s&#8217;ofereixin voluntaris.  <\/p>\n\n<p>\u2014Per aix\u00f2 mateix, millor que baixi un de sol. \u2014Vaig intentar sonar m\u00e9s segur del que em sentia. <\/p>\n\n<p>Les escales eren fredes i relliscoses al tacte. Vaig baixar amb compte, esgla\u00f3 a esgla\u00f3, mentre l&#8217;aire es tornava m\u00e9s pesat i humit. Cada so que feia en trepitjar ressonava, amplificant-se en la foscor. La llanterna del meu m\u00f2bil amb prou feines il\u00b7luminava prou per veure el final de les escales.   <\/p>\n\n<p>\u2014\u00bf Tot b\u00e9? \u2014va cridar el Jordi des de dalt, la seva veu sonant llunyana.<\/p>\n\n<p>\u2014S\u00ed, per\u00f2 aix\u00f2\u2026 \u00e9s profund. Molt profund. <\/p>\n\n<p>En arribar a terra, vaig apuntar la llanterna al voltant. El que vaig veure em va deixar sense paraules. Un t\u00fanel estret i allargat s&#8217;estenia en les dues direccions, amb parets de terra compacta i arrels que penjaven com urpes recargolades. L&#8217;aire estava carregat d&#8217;una <strong>olor met\u00e0l\u00b7lica<\/strong> , barrejada amb humitat i una cosa que no podia identificar.   <\/p>\n\n<p>Jordi va baixar poc despr\u00e9s, la seva llanterna il\u00b7luminant el t\u00fanel amb centelleigs nerviosos.<\/p>\n\n<p>\u2014Aix\u00f2 no \u00e9s una simple cova \u2014va dir, inspeccionant les parets. \u2014Sembla\u2026 constru\u00eft.  <\/p>\n\n<p>\u2014Constru\u00eft per qu\u00e8?<\/p>\n\n<p>Avancem amb cautela, les nostres llanternes il\u00b7luminant tot just uns metres per davant. Despr\u00e9s de caminar uns vint metres, el t\u00fanel es va eixamplar, revelant una <strong>sala petita<\/strong> . Hi havia una taula de fusta desgastada al centre, envoltada de bancs. En una de les parets, ampolles de vidre estaven encastades, formant una cosa que semblava una mena de celler improvisat.   <\/p>\n\n<p>\u2014Aix\u00f2 \u00e9s surrealista \u2014va murmurar el Jordi, acostant-se a les ampolles. <\/p>\n\n<p>\u2014\u00c9s com si aix\u00f2 fos una sala de reunions\u2026 o una cosa semblant.<\/p>\n\n<p>Em vaig acostar a una de les parets. Hi havia s\u00edmbols gravats, marques que no aconseguia recon\u00e8ixer. No semblaven ser decoratives; hi havia alguna cosa m\u00e9s intencional en elles.  <\/p>\n\n<p>\u2014Aix\u00f2 fa d\u00e8cades aqu\u00ed, si no m\u00e9s. Per\u00f2 per qu\u00e8 ning\u00fa no en sabia res? \u2014Jordi va il\u00b7luminar una altra part de la sala, on s&#8217;apilaven caixes cobertes de pols.  <\/p>\n\n<h4 class=\"wp-block-heading\">Les caixes. L&#8217;Enigma Baix Mas Torrencito <\/h4>\n\n<p>Vam obrir la primera. Estava buida, per\u00f2 en obrir la segona, vam trobar una mica embolicat en un drap.  <\/p>\n\n<p>\u2014\u00c9s\u2026 una magrana? \u2014va preguntar, encara que tots dos sab\u00edem la resposta. <\/p>\n\n<p>Era una magrana antiga, amb el metall rovellat per\u00f2 intacta. Vam seguir obrint caixes: algunes contenien m\u00e9s magranes, pistoles velles i altres coses que no vam poder identificar. <\/p>\n\n<p>\u2014Aix\u00f2 no \u00e9s un simple celler. \u00c9s un amagatall \u2014vaig dir, sentint com la tensi\u00f3 creixia al meu pit. <\/p>\n\n<p>De cop, un cop sec va ressonar des del t\u00fanel per on hav\u00edem arribat. Tots dos girem alhora, apuntant les llanternes cap a la foscor. <\/p>\n\n<p>\u2014Qu\u00e8 va ser aix\u00f2? \u2014va preguntar el Jordi, fent un pas enrere. <\/p>\n\n<p>-No ho s\u00e9, per\u00f2 no m&#8217;agrada.<\/p>\n\n<figure class=\"wp-block-image size-full\"><img decoding=\"async\" width=\"1024\" height=\"1024\" src=\"https:\/\/mastorrencito.com\/wp-content\/uploads\/tunel2.jpg\" alt=\"El Tunel sota MasTorrencito... una hist&#xF2;ria del m&#xE9;s...\" class=\"wp-image-2569\" srcset=\"https:\/\/mastorrencito.com\/cat\/wp-content\/uploads\/sites\/3\/tunel2.jpg 1024w, https:\/\/mastorrencito.com\/cat\/wp-content\/uploads\/sites\/3\/tunel2-300x300.jpg 300w, https:\/\/mastorrencito.com\/cat\/wp-content\/uploads\/sites\/3\/tunel2-150x150.jpg 150w, https:\/\/mastorrencito.com\/cat\/wp-content\/uploads\/sites\/3\/tunel2-768x768.jpg 768w\" sizes=\"(max-width: 1024px) 100vw, 1024px\" \/><figcaption class=\"wp-element-caption\">El Tunel sota MasTorrencito&#8230; una hist\u00f2ria del m\u00e9s&#8230;<\/figcaption><\/figure>\n<p>Aleshores ho vam veure: una <strong>porta de metall<\/strong> , mig oculta darrere d&#8217;uns taulers caiguts, amb l&#8217;\u00f2xid cobrint el marc, vam intentar obrir-la, per\u00f2 estava tancada una barra de ferro al costat de la taula i, despr\u00e9s de diversos intents, aconseguim for\u00e7ar-la.   <\/p>\n\n<p>De l&#8217;altra banda, un segon t\u00fanel s&#8217;estenia cap avall. Aquest era m\u00e9s estret i semblava molt m\u00e9s antic. L&#8217;aire estava gelat, i l&#8217; <strong>olor met\u00e0l\u00b7lica<\/strong> encara era m\u00e9s intensa.  <\/p>\n\n<p>\u2014Aix\u00f2 porta cap al bosc. Estic segur \u2014va dir en Jordi. <\/p>\n\n<p>\u2014I\u2026 \u00bf l&#8217;altre t\u00fanel? <\/p>\n\n<p>Abans de decidir qu\u00e8 fer, escoltem alguna cosa nova: un degoteig constant que venia del t\u00fanel m\u00e9s fosc. El so es barrejava amb els lladrucs dels nostres gossos, que ara ressonaven des de dalt, com un cor d&#8217;advert\u00e8ncia. <\/p>\n\n<p>\u2014Miguel, sortim d&#8217;aqu\u00ed. Aix\u00f2 no \u00e9s normal. <\/p>\n\n<p>\u2014Deixa&#8217;m fer una ullada r\u00e0pida al t\u00fanel fosc. Si no hi trobem res, tornem. <\/p>\n\n<p>\u2014Aix\u00f2 em sona a una idea p\u00e8ssima, per\u00f2 fes el que vulguis. Jo t&#8217;espero aqu\u00ed. <\/p>\n\n<p>Vaig fer un pas cap al t\u00fanel m\u00e9s fosc, per\u00f2 abans d&#8217;avan\u00e7ar m\u00e9s, un soroll profund, com si hagu\u00e9s caigut alguna cosa, ens va interrompre. <\/p>\n\n<p>El Jordi em va mirar, i la seva expressi\u00f3 deia el que jo no volia admetre: <strong>no est\u00e0vem sols all\u00e0 baix<\/strong> .<\/p>\n\n<h3 class=\"wp-block-heading\"><strong>Ressons del Desconegut<\/strong><\/h3>\n\n<p>El cop va ressonar al t\u00fanel com si alguna cosa immensa s&#8217;hagu\u00e9s desplomat. Tots dos vam apuntar les nostres llanternes cap al cam\u00ed de tornada, per\u00f2 la foscor semblava devorar la llum.  <\/p>\n\n<p>\u2014Qu\u00e8 ha estat aix\u00f2? \u2014va preguntar en Jordi, amb un xiuxiueig que a penes amagava el nerviosisme. <\/p>\n\n<p>\u2014No ho s\u00e9, per\u00f2 no m&#8217;agrada res. Potser\u2026 alguna cosa va caure de les caixes. <\/p>\n\n<p>Vaig intentar sonar raonable, per\u00f2 al fons sabia que aquesta explicaci\u00f3 no encaixava. No hi havia vent, ni corrents d&#8217;aire que moguessin res all\u00e0 baix. Lentament, tornem a la sala de la destil\u00b7leria, amb les orelles atents a qualsevol altre so.  <\/p>\n\n<hr class=\"wp-block-separator has-alpha-channel-opacity\" \/>\n\n<p>Quan vam arribar, res no semblava fora de lloc. Les caixes seguien on les hav\u00edem deixat, l&#8217;alamb\u00ed rovellat romania al seu rac\u00f3, i les ampolles encastades a la paret seguien cobertes de pols. Per\u00f2 llavors vaig notar una mica diferent: la porta de metall que hav\u00edem for\u00e7at estava ara <strong>lleugerament tancada<\/strong> .  <\/p>\n\n<p>\u2014Aix\u00f2 no estava aix\u00ed abans \u2014va murmurar el Jordi, fent un pas enrere.<\/p>\n\n<p>\u2014\u00c9s impossible. No hi havia ning\u00fa m\u00e9s avall. <\/p>\n\n<p>Em vaig acostar a poc a poc, amb la llanterna enfocant el marc rovellat. La porta no estava tancada del tot, per\u00f2 havia canviat de posici\u00f3, com si alguna cosa \u2014o alg\u00fa\u2014 l&#8217;hagu\u00e9s emp\u00e8s. La idea em va posar la pell de gallina.  <\/p>\n\n<p>\u2014Miguel, sortim. Aix\u00f2 ja no \u00e9s una aventura curiosa. Aix\u00f2 \u00e9s estrany de collons.  <\/p>\n\n<p>\u2014Aguanta una mica m\u00e9s. Vull saber qu\u00e8 hi ha m\u00e9s enll\u00e0. <\/p>\n\n<p>El Jordi em va mirar com si fos boig, per\u00f2 hi va accedir, m\u00e9s per no deixar-me sol que per entusiasme.<\/p>\n\n<hr class=\"wp-block-separator has-alpha-channel-opacity\" \/>\n\n<p>Creuem la porta de metall i seguim el t\u00fanel descendent. El terra estava m\u00e9s net, com si alg\u00fa ho hagu\u00e9s mantingut. Despr\u00e9s d&#8217;uns metres arribem a una bifurcaci\u00f3. Un dels camins semblava pujar cap al bosc, on ja pod\u00edem sentir la brisa llunyana i el cruixir de fulles seques. L&#8217;altre, m\u00e9s estret i fosc, baixava cap a les profunditats.    <\/p>\n\n<p>\u2014Aquest sembla portar fora \u2014va dir en Jordi, assenyalant el t\u00fanel ascendent.<\/p>\n\n<p>\u2014I aquest\u2026 no ho s\u00e9. Per\u00f2 si alg\u00fa va fer servir aquest lloc, l&#8217;important no estaria a prop de la sortida. <\/p>\n\n<p>\u2014T&#8217;est\u00e0s escoltant? Aix\u00f2 no \u00e9s un joc. Ja trobem armes, magranes\u2026 qu\u00e8 m\u00e9s necessites per adonar-te que aix\u00f2 \u00e9s perill\u00f3s?  <\/p>\n\n<p>Tot i les seves paraules, Jordi no em va deixar sol. Baixem pel t\u00fanel m\u00e9s fosc, on l&#8217;aire era cada cop m\u00e9s gelat. Despr\u00e9s d&#8217;un gir tancat, la llanterna va il\u00b7luminar una cosa nova: una segona sala.  <\/p>\n\n<hr class=\"wp-block-separator has-alpha-channel-opacity\" \/>\n\n<h4 class=\"wp-block-heading\">Noves sales. L&#8217;Enigma Baix Mas Torrencito <\/h4>\n\n<p>Aquesta era m\u00e9s gran que l&#8217;anterior i molt m\u00e9s pertorbadora. Al centre hi havia una <strong>taula llarga<\/strong> , envoltada de bancs desgastats. Semblava un espai de reuni\u00f3, per\u00f2 estava cobert de pols, com si no s&#8217;hagu\u00e9s fet servir en d\u00e8cades. Tot i aix\u00f2, el m\u00e9s estrany eren les parets.   <\/p>\n\n<p>Al llarg de tota la sala, ampolles estaven encastades a la terra, formant files gaireb\u00e9 perfectes. Algunes eren plenes de l\u00edquids foscos, mentre que d&#8217;altres contenien el que semblaven ser papers enrotllats. Era com si alg\u00fa hi hagu\u00e9s amagat missatges o registres.  <\/p>\n\n<p>\u2014Aix\u00f2 ja no \u00e9s nom\u00e9s un amagatall. \u00c9s\u2026 una mica m\u00e9s. \u2014Jordi es va acostar a una de les ampolles, per\u00f2 no es va atrevir a tocar-la.  <\/p>\n\n<p>Vaig inspeccionar la taula. Hi havia marques, esgarrapades i s\u00edmbols tallats a la fusta, similars als que hav\u00edem vist a la primera sala. Tamb\u00e9 hi havia una cosa que semblava cendra acumulada en un extrem.  <\/p>\n\n<p>\u2014Qu\u00e8 feien aqu\u00ed? \u2014vaig preguntar en veu alta, encara que sabia que ning\u00fa no tenia una resposta. <\/p>\n\n<p>Jordi va revisar un rac\u00f3 on hi havia m\u00e9s caixes apilades. En obrir-ne una, va trobar alguna cosa que va fer que em digu\u00e9s immediatament. <\/p>\n\n<p>\u2014Miguel, vine a veure aix\u00f2!<\/p>\n\n<p>Dins la caixa hi havia m\u00e9s armes, per\u00f2 aquesta vegada en millor estat. Hi havia ganivets, diverses pistoles i el que semblava ser una mena de mapa, encara que estava tan deteriorat que amb prou feines es distingien les marques. Entre les armes hi havia tamb\u00e9 una llibreta petita, coberta de cuir i amb les p\u00e0gines groguenques.  <\/p>\n\n<p>\u2014Aix\u00f2 \u00e9s el m\u00e9s estrany que he vist a la meva vida. \u2014Jordi va fullejar la llibreta, per\u00f2 les p\u00e0gines estaven plenes de gargots i anotacions en un idioma que no reconeix\u00edem. Algunes estaven tacades de manera que semblava ser sang seca.  <\/p>\n\n<p>De cop i volta, un altre cop va ressonar, aquesta vegada des del t\u00fanel pel qual hav\u00edem arribat. Per\u00f2 no era un so a\u00efllat.  <\/p>\n\n<p>\u2014Miguel? \u2014La veu del Jordi era un xiuxiueig. Tots dos apaguem les llanternes, instintivament.  <\/p>\n\n<p>El t\u00fanel va quedar en una foscor total, i l&#8217;\u00fanic so era el ress\u00f2 d&#8217;alguna cosa apropant-se.<\/p>\n\n<p>\u2014No estem sols\u2026 \u2014vaig murmurar.<\/p>\n\n<p>\u2014Qu\u00e8 fem? \u2014va preguntar en Jordi. <\/p>\n\n<p>\u2014Agafa la llibreta i qualsevol cosa \u00fatil. Marxem pel t\u00fanel que puja al bosc. <\/p>\n\n<h4 class=\"wp-block-heading\">Esquerra o dreta&#8230;? L&#8217;Enigma Baix Mas Torrencito <\/h4>\n\n<p>Tots dos ens vam moure r\u00e0pidament. Jordi va guardar la llibreta i un ganivet a la motxilla, mentre jo prenia la llanterna i il\u00b7luminava cap al t\u00fanel que portava fora. La brisa fresca era un alleujament, per\u00f2 tamb\u00e9 feia que les nostres ombres ballessin a les parets.  <\/p>\n\n<p>\u2014Corre! \u2014vaig cridar, en sentir com el so d&#8217;arrossegament es feia m\u00e9s fort. <\/p>\n\n<p>Vam c\u00f3rrer cap al t\u00fanel ascendent, les nostres respiracions ressonant a l&#8217;estret espai. Els lladrucs dels nostres gossos se sentien llunyans, com si percebessin que alguna cosa anava malament. <\/p>\n\n<p>Quan vam veure finalment la sortida, la llum de l&#8217;exterior semblava un far d&#8217;esperan\u00e7a. Ens afanyem cap a ella, sortint a una petita clariana al bosc. Els gossos, que havien estat bordant desesperats des de dalt, ens van envoltar, alleujats de veure&#8217;ns.  <\/p>\n\n<p>\u2014Qu\u00e8 dimonis era aix\u00f2? \u2014va preguntar Jordi, panteixant. <\/p>\n\n<p>\u2014No ho s\u00e9. Per\u00f2 ho esbrinarem. <\/p>\n\n<p>Ens girem cap a l&#8217;entrada del t\u00fanel, esperant veure sortir alguna cosa. Per\u00f2 no va passar res. Nom\u00e9s la brisa i el murmuri dels arbres trencaven el silenci.  <\/p>\n\n<p>\u2014Aix\u00f2 no s&#8217;ha acabat, Jordi. Alguna cosa est\u00e0 amagat all\u00e0 baix. I no s\u00e9 si vull saber qu\u00e8 \u00e9s.  <br \/><\/p>\n\n<h3 class=\"wp-block-heading\"><strong>Rastres de la Hist\u00f2ria<\/strong><\/h3>\n\n<p>El bosc ens va rebre amb un silenci inquietant. La llum del dia es filtrava entre les copes dels arbres, per\u00f2 l&#8217;ambient continuava carregat de tensi\u00f3. Els gossos van envoltar el Jordi i mi, inquiets per\u00f2 alleujats de veure&#8217;ns fora del t\u00fanel.  <\/p>\n\n<p>\u2014Qu\u00e8 fem ara? \u2014va preguntar el Jordi, amb la respiraci\u00f3 encara agitada. \u2014Tot aix\u00f2\u2026 No em puc treure del cap aquest soroll, com si ens segu\u00eds alguna cosa.  <\/p>\n\n<p>\u2014Hem de tornar. Per\u00f2 aquesta vegada m\u00e9s ben preparats. \u2014Vaig treure la llibreta que en Jordi havia guardat a la motxilla i vaig fullejar les p\u00e0gines. El text, la majoria il\u00b7legible, estava esquitxat de dibuixos que semblaven plans o esquemes.   <\/p>\n\n<p>Hi havia una cosa peculiar en un dels mapes: representava un tra\u00e7at subterrani que coincidia amb la finca. Un s\u00edmbol marcat al centre va cridar la meva atenci\u00f3: una estrella envoltada de fletxes. No sabia qu\u00e8 significava, per\u00f2 alguna cosa em deia que no hav\u00edem vist tot el que hi havia a baix.  <\/p>\n\n<hr class=\"wp-block-separator has-alpha-channel-opacity\" \/>\n\n<p>Al dia seg\u00fcent, amb millor equip i una petita c\u00e0mera de m\u00e0, tornem al t\u00fanel. Aquest cop, els gossos no ens van acompanyar. Era evident que sentien una cosa que nosaltres no pod\u00edem percebre. En Jordi i jo vam baixar per les escales de ferro, amb llanternes m\u00e9s potents i una barreja de por i determinaci\u00f3.   <\/p>\n\n<figure class=\"wp-block-image size-full\"><img decoding=\"async\" width=\"1024\" height=\"1024\" src=\"https:\/\/mastorrencito.com\/wp-content\/uploads\/TUNEL3.jpg\" alt=\"\" class=\"wp-image-2584\" srcset=\"https:\/\/mastorrencito.com\/cat\/wp-content\/uploads\/sites\/3\/TUNEL3.jpg 1024w, https:\/\/mastorrencito.com\/cat\/wp-content\/uploads\/sites\/3\/TUNEL3-300x300.jpg 300w, https:\/\/mastorrencito.com\/cat\/wp-content\/uploads\/sites\/3\/TUNEL3-150x150.jpg 150w, https:\/\/mastorrencito.com\/cat\/wp-content\/uploads\/sites\/3\/TUNEL3-768x768.jpg 768w\" sizes=\"(max-width: 1024px) 100vw, 1024px\" \/><\/figure>\n<p>Avancem r\u00e0pidament fins a la sala on hav\u00edem trobat les armes i les magranes. En inspeccionar millor les parets, notem que algunes ampolles encastades contenien petits cilindres de paper enrotllat. Amb compte, n&#8217;obrim una. El paper, groguenc i trencad\u00eds, tenia escrit un missatge en catal\u00e0:   <\/p>\n\n<p><em>\u00abLluitarem fins al final. Cap podr\u00e0 apagar la llum de la llibertat.\u00bb<\/em><br \/><em>(Lluitarem fins al final. Ning\u00fa podr\u00e0 apagar la llum de la llibertat.)<\/em><\/p>\n\n<p>\u2014Aix\u00f2 no \u00e9s un amagatall qualsevol \u2014va murmurar el Jordi, mirant al voltant amb inter\u00e8s renovat. \u2014\u00c9s com si haguessin deixat rastres a prop\u00f2sit. <\/p>\n\n<p>\u2014Aix\u00f2 \u00e9s de la Guerra Civil, potser fins i tot dels anys de la repressi\u00f3 franquista \u2014vaig afegir. La meva veu tremolava, no pas per por, sin\u00f3 per la magnitud del que est\u00e0vem descobrint. <\/p>\n\n<p>Seguim avan\u00e7ant cap al segon t\u00fanel, el que baixava m\u00e9s profundament. Aquesta vegada, an\u00e0vem m\u00e9s a poc a poc, aturant-nos a inspeccionar cada detall. A uns metres trobem una cosa que ens va deixar sense paraules: <strong>una segona sala molt m\u00e9s gran<\/strong> , amb una taula de fusta massissa i papers dispersos sobre ella.  <\/p>\n\n<p>Hi havia cartells enrotllats amb frases antifranquistes i dibuixos que representaven figures pol\u00edtiques. Al centre de la taula, un dossier portava un nom escrit amb tinta vermella: <strong>Llu\u00eds Companys<\/strong> . <\/p>\n\n<p>\u2014Aix\u00f2&#8230; Aix\u00f2 no pot ser cert. \u2014Jordi va agafar el dossier amb mans tremoloses. A dins hi havia una s\u00e8rie de documents: cartes escrites a m\u00e0, firmes de diferents l\u00edders de l&#8217;exili republic\u00e0 i anotacions que esmentaven reunions secretes.  <\/p>\n\n<p>\u2014Si aix\u00f2 \u00e9s aut\u00e8ntic, estem davant d&#8217;una cosa hist\u00f2rica. \u2014La meva veu gaireb\u00e9 no sortia, atrapada entre la incredulitat i l&#8217;emoci\u00f3. <\/p>\n\n<p>En una de les cartes, vam llegir una cosa que ens va gla\u00e7ar la sang:<\/p>\n\n<p><em>\u00abAquest refugi \u00e9s segur. Aqu\u00ed, l&#8217;esperan\u00e7a roman amagada fins que Catalunya es pugui aixecar de nou.\u00bb<\/em><br \/><em>(Aquest refugi \u00e9s segur. Aqu\u00ed, l&#8217;esperan\u00e7a roman amagada fins que Catalunya es pugui tornar a aixecar.)<\/em><\/p>\n\n<p>La sala tamb\u00e9 contenia una paret amb compartiments ocults. En obrir-ne un, trobem m\u00e9s papers, aquesta vegada plens de propaganda antifranquista: pamflets denunciant el r\u00e8gim i cridant a la resist\u00e8ncia. <\/p>\n\n<figure class=\"wp-block-image size-full\"><img loading=\"lazy\" decoding=\"async\" width=\"1024\" height=\"1024\" src=\"https:\/\/mastorrencito.com\/wp-content\/uploads\/TUNEL4.jpg\" alt=\"\" class=\"wp-image-2587\" srcset=\"https:\/\/mastorrencito.com\/cat\/wp-content\/uploads\/sites\/3\/TUNEL4.jpg 1024w, https:\/\/mastorrencito.com\/cat\/wp-content\/uploads\/sites\/3\/TUNEL4-300x300.jpg 300w, https:\/\/mastorrencito.com\/cat\/wp-content\/uploads\/sites\/3\/TUNEL4-150x150.jpg 150w, https:\/\/mastorrencito.com\/cat\/wp-content\/uploads\/sites\/3\/TUNEL4-768x768.jpg 768w\" sizes=\"(max-width: 1024px) 100vw, 1024px\" \/><\/figure>\n<hr class=\"wp-block-separator has-alpha-channel-opacity\" \/>\n\n<p>Mentre explor\u00e0vem, un altre so va ressonar des del t\u00fanel: un ress\u00f2 profund, com un cruixit que s&#8217;acostava. Apaguem les llanternes immediatament, quedant-nos imm\u00f2bils a la penombra. <\/p>\n\n<p>\u2014Miguel, digues-me que aix\u00f2 no \u00e9s el que crec que \u00e9s. \u2014Jordi xiuxiuejava, amb els ulls clavats a la foscor. <\/p>\n\n<p>\u2014No ho s\u00e9\u2026 Per\u00f2 no ens podem quedar aqu\u00ed.<\/p>\n\n<p>Amb el dossier i alguns dels documents m\u00e9s <strong>rellevants<\/strong> , vam comen\u00e7ar a retrocedir cap a la sortida. <\/p>\n\n<p>\u2014Qui la va tancar? \u2014va preguntar el Jordi, mirant al voltant amb p\u00e0nic. <\/p>\n\n<p>\u2014No ho s\u00e9, per\u00f2 si alg\u00fa \u00e9s aqu\u00ed a baix amb nosaltres, no penso quedar-me a esbrinar-ho.<\/p>\n\n<p>Forcem la porta amb totes les nostres forces fins que finalment va cedir. Mentre corr\u00edem cap a la sortida, un \u00faltim detall va cridar la meva atenci\u00f3: un gravat a una paret propera. Era un retrat rudimentari, tallat a la pedra, que clarament representava Llu\u00eds Companys.  <\/p>\n\n<hr class=\"wp-block-separator has-alpha-channel-opacity\" \/>\n\n<p>En arribar al bosc, l&#8217;aire fresc va ser com un b\u00e0lsam. Els gossos van c\u00f3rrer cap a nosaltres, com si sabessin que alguna cosa havia estat malament. Jordi i jo ens vam desplomar a terra, esgotats, per\u00f2 sab\u00edem que aix\u00f2 era nom\u00e9s el principi.  <\/p>\n\n<p>\u2014Aix\u00f2 no es pot quedar aqu\u00ed a baix \u2014vaig dir, mirant els documents a les mans. \u2014Alg\u00fa ha de saber qu\u00e8 trobem. <\/p>\n\n<hr class=\"wp-block-separator has-alpha-channel-opacity\" \/>\n\n<h3 class=\"wp-block-heading\"><strong>La Recompensa del Passat<\/strong><\/h3>\n\n<p>Aquella nit no vam poder dormir. Vam estar hores revisant els documents, intentant donar sentit a tot. Un dels textos m\u00e9s reveladors esmentava una reuni\u00f3 secreta els darrers dies de Llu\u00eds Companys abans de la seva captura. Encara que no hi havia proves definitives, semblava suggerir que havia fet servir aquest lloc com a refugi temporal.   <\/p>\n\n<p>Tamb\u00e9 hi trobem un mapa que indicava un punt exacte dins del t\u00fanel, marcat amb el mateix s\u00edmbol que hav\u00edem vist abans: una estrella envoltada de fletxes.<\/p>\n\n<p>\u2014Hem de tornar-hi. \u2014La meva determinaci\u00f3 era inamovible. <\/p>\n\n<hr class=\"wp-block-separator has-alpha-channel-opacity\" \/>\n\n<p>L&#8217;endem\u00e0 vam tornar al t\u00fanel, aquest cop acompanyats d&#8217;un detector de metalls i eines per excavar. Seguint el mapa, vam arribar a un punt on el terra semblava m\u00e9s tou. Despr\u00e9s d&#8217;hores de feina, descobrim un compartiment ocult.  <\/p>\n\n<p>Dins hi havia una <strong>caixa de metall<\/strong> , segellada per\u00f2 en bon estat. L&#8217;obrim amb compte, i el que trobem a dins ens va deixar sense al\u00e8: <strong>un diari personal de Llu\u00eds Companys<\/strong> . Cada p\u00e0gina estava plena d&#8217;anotacions sobre l&#8217;exili, els seus pensaments sobre la lluita per la llibertat i les estrat\u00e8gies per mantenir viva l&#8217;esperan\u00e7a.  <\/p>\n\n<p>Per\u00f2 hi havia una mica m\u00e9s: una medalla daurada amb l&#8217;escut de Catalunya i un missatge enregistrat:<\/p>\n\n<p><em>\u00abLa llum no es pot apagar.\u00bb<\/em><br \/><em>(La llum no es pot apagar.)<\/em><\/p>\n\n<hr class=\"wp-block-separator has-alpha-channel-opacity\" \/>\n\n<p>Decidim lliurar les troballes a un historiador de confian\u00e7a, que va confirmar l&#8217;autenticitat dels documents. El que hav\u00edem trobat no sols era un testimoni invaluable de la resist\u00e8ncia antifranquista, sin\u00f3 tamb\u00e9 una connexi\u00f3 directa amb la figura de Companys. <\/p>\n\n<hr class=\"wp-block-separator has-alpha-channel-opacity\" \/>\n\n<p>Mesos despr\u00e9s, la troballa va ser reconeguda oficialment, i Mas Torrencito es va convertir en un lloc hist\u00f2ric. La finca, que havia tingut secrets durant d\u00e8cades, ara era un s\u00edmbol de la lluita per la llibertat. <\/p>\n\n<p>El Jordi i jo, juntament amb els nostres gossos, sol\u00edem visitar el t\u00fanel, encara que mai no ens vam poder desfer de la sensaci\u00f3 que no est\u00e0vem sols. Per\u00f2 aquesta vegada, la por era reempla\u00e7ada per un profund respecte per aquells que ho havien arriscat tot per mantenir viva l&#8217;esperan\u00e7a. <\/p>\n\n<p>I aix\u00ed, Mas Torrencito va deixar de ser nom\u00e9s una finca. Es va convertir en <strong>un refugi de mem\u00f2ria i resist\u00e8ncia<\/strong> . <\/p>\n\n<p>____________________________________<\/p>\n\n<blockquote class=\"wp-block-quote is-layout-flow wp-block-quote-is-layout-flow\">\n<p>Des de Mas Torrencito us desitgem un bon dia i que els vostres goss us acompanyi!!!!<\/p>\n<\/blockquote>\n\n<p>\u2014\u2013<br \/> Si vols, podeu veure els nostres <strong>bons per caps de setmana, bons jubilats<\/strong> , a un preu incre\u00efble..entra a <a href=\"https:\/\/www.mastorrencito.com\/\">www.mastorrencito.com<\/a> o si vols podeu llegir m\u00e9s hist\u00f2ria i an\u00e8cdotes que ens han passat a Mas Torrencito\u2026 Fes click <a href=\"https:\/\/mastorrencito.com\/es\/\">aqu\u00ed<\/a> <\/p>\n\n<p><\/p>\n","protected":false},"excerpt":{"rendered":"<p>El capvespre tenyia MasTorrencito amb una resplendor ataronjat, i tot semblava en calma, excepte l&#8217;entrada principal, on les obres havien fet un gir completament inesperat. L&#8217;Enigma Baix Mas Torrencito Dos dels obrers es miraven nerviosos al costat del forat que havien desenterrat mentre jo m&#8217;acostava amb en Jordi. Els seus gossos, Lluna i Quinto, romanien [&hellip;]<\/p>\n","protected":false},"author":2,"featured_media":2566,"comment_status":"open","ping_status":"closed","sticky":false,"template":"","format":"standard","meta":{"_acf_changed":false,"footnotes":""},"categories":[35],"tags":[47,55,49,43],"class_list":["post-2577","post","type-post","status-publish","format-standard","has-post-thumbnail","hentry","category-histories-mastorrencito","tag-gironaconmascotas","tag-turismecostabrava","tag-turismoruralconperros","tag-tursmeambgossos"],"yoast_head":"<!-- This site is optimized with the Yoast SEO Premium plugin v27.3 (Yoast SEO v27.5) - https:\/\/yoast.com\/product\/yoast-seo-premium-wordpress\/ -->\n<title>L&#039;Enigma Baix Mas Torrencito - Mas Torrencito CAT<\/title>\n<meta name=\"description\" content=\"Lao que trobem en arreglar l&#039;entrada... una cosa que ens porto al subs\u00f2l mateix de MasTorrencito... L&#039;Enigma Baix Mas Torrencito\" \/>\n<meta name=\"robots\" content=\"index, follow, max-snippet:-1, max-image-preview:large, max-video-preview:-1\" \/>\n<link rel=\"canonical\" href=\"https:\/\/mastorrencito.com\/cat\/lenigma-baix-mas-torrencito\/\" \/>\n<meta property=\"og:locale\" content=\"es_ES\" \/>\n<meta property=\"og:type\" content=\"article\" \/>\n<meta property=\"og:title\" content=\"L&#039;Enigma Baix Mas Torrencito\" \/>\n<meta property=\"og:description\" content=\"Lao que trobem en arreglar l&#039;entrada... una cosa que ens porto al subs\u00f2l mateix de MasTorrencito... L&#039;Enigma Baix Mas Torrencito\" \/>\n<meta property=\"og:url\" content=\"https:\/\/mastorrencito.com\/cat\/lenigma-baix-mas-torrencito\/\" \/>\n<meta property=\"og:site_name\" content=\"Mas Torrencito CAT\" \/>\n<meta property=\"article:published_time\" content=\"2024-12-05T06:01:10+00:00\" \/>\n<meta property=\"og:image\" content=\"https:\/\/mastorrencito.com\/cat\/wp-content\/uploads\/sites\/3\/tunel1.jpg\" \/>\n\t<meta property=\"og:image:width\" content=\"1024\" \/>\n\t<meta property=\"og:image:height\" content=\"1024\" \/>\n\t<meta property=\"og:image:type\" content=\"image\/jpeg\" \/>\n<meta name=\"author\" content=\"Mastorrencito\" \/>\n<meta name=\"twitter:card\" content=\"summary_large_image\" \/>\n<meta name=\"twitter:label1\" content=\"Escrito por\" \/>\n\t<meta name=\"twitter:data1\" content=\"Mastorrencito\" \/>\n\t<meta name=\"twitter:label2\" content=\"Tiempo de lectura\" \/>\n\t<meta name=\"twitter:data2\" content=\"19 minutos\" \/>\n<script type=\"application\/ld+json\" class=\"yoast-schema-graph\">{\"@context\":\"https:\\\/\\\/schema.org\",\"@graph\":[{\"@type\":\"Article\",\"@id\":\"https:\\\/\\\/mastorrencito.com\\\/cat\\\/lenigma-baix-mas-torrencito\\\/#article\",\"isPartOf\":{\"@id\":\"https:\\\/\\\/mastorrencito.com\\\/cat\\\/lenigma-baix-mas-torrencito\\\/\"},\"author\":{\"name\":\"Mastorrencito\",\"@id\":\"https:\\\/\\\/mastorrencito.com\\\/#\\\/schema\\\/person\\\/18c619be80d4ae2667c702911625f790\"},\"headline\":\"L&#8217;Enigma Baix Mas Torrencito\",\"datePublished\":\"2024-12-05T06:01:10+00:00\",\"mainEntityOfPage\":{\"@id\":\"https:\\\/\\\/mastorrencito.com\\\/cat\\\/lenigma-baix-mas-torrencito\\\/\"},\"wordCount\":3509,\"commentCount\":1,\"publisher\":{\"@id\":\"https:\\\/\\\/mastorrencito.com\\\/#organization\"},\"image\":{\"@id\":\"https:\\\/\\\/mastorrencito.com\\\/cat\\\/lenigma-baix-mas-torrencito\\\/#primaryimage\"},\"thumbnailUrl\":\"https:\\\/\\\/mastorrencito.com\\\/cat\\\/wp-content\\\/uploads\\\/sites\\\/3\\\/tunel1.jpg\",\"keywords\":[\"Gironaconmascotas\",\"turismecostabrava\",\"Turismoruralconperros\",\"Tursmeambgossos\"],\"articleSection\":[\"Hist\u00f2ries Mastorrencito\"],\"inLanguage\":\"es\",\"potentialAction\":[{\"@type\":\"CommentAction\",\"name\":\"Comment\",\"target\":[\"https:\\\/\\\/mastorrencito.com\\\/cat\\\/lenigma-baix-mas-torrencito\\\/#respond\"]}]},{\"@type\":\"WebPage\",\"@id\":\"https:\\\/\\\/mastorrencito.com\\\/cat\\\/lenigma-baix-mas-torrencito\\\/\",\"url\":\"https:\\\/\\\/mastorrencito.com\\\/cat\\\/lenigma-baix-mas-torrencito\\\/\",\"name\":\"L'Enigma Baix Mas Torrencito - Mas Torrencito CAT\",\"isPartOf\":{\"@id\":\"https:\\\/\\\/mastorrencito.com\\\/#website\"},\"primaryImageOfPage\":{\"@id\":\"https:\\\/\\\/mastorrencito.com\\\/cat\\\/lenigma-baix-mas-torrencito\\\/#primaryimage\"},\"image\":{\"@id\":\"https:\\\/\\\/mastorrencito.com\\\/cat\\\/lenigma-baix-mas-torrencito\\\/#primaryimage\"},\"thumbnailUrl\":\"https:\\\/\\\/mastorrencito.com\\\/cat\\\/wp-content\\\/uploads\\\/sites\\\/3\\\/tunel1.jpg\",\"datePublished\":\"2024-12-05T06:01:10+00:00\",\"description\":\"Lao que trobem en arreglar l'entrada... una cosa que ens porto al subs\u00f2l mateix de MasTorrencito... L'Enigma Baix Mas Torrencito\",\"breadcrumb\":{\"@id\":\"https:\\\/\\\/mastorrencito.com\\\/cat\\\/lenigma-baix-mas-torrencito\\\/#breadcrumb\"},\"inLanguage\":\"es\",\"potentialAction\":[{\"@type\":\"ReadAction\",\"target\":[\"https:\\\/\\\/mastorrencito.com\\\/cat\\\/lenigma-baix-mas-torrencito\\\/\"]}]},{\"@type\":\"ImageObject\",\"inLanguage\":\"es\",\"@id\":\"https:\\\/\\\/mastorrencito.com\\\/cat\\\/lenigma-baix-mas-torrencito\\\/#primaryimage\",\"url\":\"https:\\\/\\\/mastorrencito.com\\\/cat\\\/wp-content\\\/uploads\\\/sites\\\/3\\\/tunel1.jpg\",\"contentUrl\":\"https:\\\/\\\/mastorrencito.com\\\/cat\\\/wp-content\\\/uploads\\\/sites\\\/3\\\/tunel1.jpg\",\"width\":1024,\"height\":1024,\"caption\":\"El tuel bajo MasTorrencito... un descubrimiento\"},{\"@type\":\"BreadcrumbList\",\"@id\":\"https:\\\/\\\/mastorrencito.com\\\/cat\\\/lenigma-baix-mas-torrencito\\\/#breadcrumb\",\"itemListElement\":[{\"@type\":\"ListItem\",\"position\":1,\"name\":\"Portada\",\"item\":\"https:\\\/\\\/mastorrencito.com\\\/\"},{\"@type\":\"ListItem\",\"position\":2,\"name\":\"L&#8217;Enigma Baix Mas Torrencito\"}]},{\"@type\":\"WebSite\",\"@id\":\"https:\\\/\\\/mastorrencito.com\\\/#website\",\"url\":\"https:\\\/\\\/mastorrencito.com\\\/\",\"name\":\"Mas Torrencito CAT\",\"description\":\"Casa rural pet friendly en Girona\",\"publisher\":{\"@id\":\"https:\\\/\\\/mastorrencito.com\\\/#organization\"},\"potentialAction\":[{\"@type\":\"SearchAction\",\"target\":{\"@type\":\"EntryPoint\",\"urlTemplate\":\"https:\\\/\\\/mastorrencito.com\\\/?s={search_term_string}\"},\"query-input\":{\"@type\":\"PropertyValueSpecification\",\"valueRequired\":true,\"valueName\":\"search_term_string\"}}],\"inLanguage\":\"es\"},{\"@type\":\"Organization\",\"@id\":\"https:\\\/\\\/mastorrencito.com\\\/#organization\",\"name\":\"Mas Torrencito CAT\",\"url\":\"https:\\\/\\\/mastorrencito.com\\\/\",\"logo\":{\"@type\":\"ImageObject\",\"inLanguage\":\"es\",\"@id\":\"https:\\\/\\\/mastorrencito.com\\\/#\\\/schema\\\/logo\\\/image\\\/\",\"url\":\"https:\\\/\\\/mastorrencito.com\\\/cat\\\/wp-content\\\/uploads\\\/sites\\\/3\\\/Logo-Mastorrencito-horizontal.webp\",\"contentUrl\":\"https:\\\/\\\/mastorrencito.com\\\/cat\\\/wp-content\\\/uploads\\\/sites\\\/3\\\/Logo-Mastorrencito-horizontal.webp\",\"width\":161,\"height\":54,\"caption\":\"Mas Torrencito CAT\"},\"image\":{\"@id\":\"https:\\\/\\\/mastorrencito.com\\\/#\\\/schema\\\/logo\\\/image\\\/\"}},{\"@type\":\"Person\",\"@id\":\"https:\\\/\\\/mastorrencito.com\\\/#\\\/schema\\\/person\\\/18c619be80d4ae2667c702911625f790\",\"name\":\"Mastorrencito\",\"image\":{\"@type\":\"ImageObject\",\"inLanguage\":\"es\",\"@id\":\"https:\\\/\\\/secure.gravatar.com\\\/avatar\\\/3ef55e0519f987a734c21caee1423b51df7b760b7d81a38ecd31cab0a5115f6d?s=96&d=mm&r=g\",\"url\":\"https:\\\/\\\/secure.gravatar.com\\\/avatar\\\/3ef55e0519f987a734c21caee1423b51df7b760b7d81a38ecd31cab0a5115f6d?s=96&d=mm&r=g\",\"contentUrl\":\"https:\\\/\\\/secure.gravatar.com\\\/avatar\\\/3ef55e0519f987a734c21caee1423b51df7b760b7d81a38ecd31cab0a5115f6d?s=96&d=mm&r=g\",\"caption\":\"Mastorrencito\"},\"url\":\"https:\\\/\\\/mastorrencito.com\\\/cat\\\/author\\\/mastorrencito\\\/\"}]}<\/script>\n<!-- \/ Yoast SEO Premium plugin. -->","yoast_head_json":{"title":"L'Enigma Baix Mas Torrencito - Mas Torrencito CAT","description":"Lao que trobem en arreglar l'entrada... una cosa que ens porto al subs\u00f2l mateix de MasTorrencito... L'Enigma Baix Mas Torrencito","robots":{"index":"index","follow":"follow","max-snippet":"max-snippet:-1","max-image-preview":"max-image-preview:large","max-video-preview":"max-video-preview:-1"},"canonical":"https:\/\/mastorrencito.com\/cat\/lenigma-baix-mas-torrencito\/","og_locale":"es_ES","og_type":"article","og_title":"L'Enigma Baix Mas Torrencito","og_description":"Lao que trobem en arreglar l'entrada... una cosa que ens porto al subs\u00f2l mateix de MasTorrencito... L'Enigma Baix Mas Torrencito","og_url":"https:\/\/mastorrencito.com\/cat\/lenigma-baix-mas-torrencito\/","og_site_name":"Mas Torrencito CAT","article_published_time":"2024-12-05T06:01:10+00:00","og_image":[{"width":1024,"height":1024,"url":"https:\/\/mastorrencito.com\/cat\/wp-content\/uploads\/sites\/3\/tunel1.jpg","type":"image\/jpeg"}],"author":"Mastorrencito","twitter_card":"summary_large_image","twitter_misc":{"Escrito por":"Mastorrencito","Tiempo de lectura":"19 minutos"},"schema":{"@context":"https:\/\/schema.org","@graph":[{"@type":"Article","@id":"https:\/\/mastorrencito.com\/cat\/lenigma-baix-mas-torrencito\/#article","isPartOf":{"@id":"https:\/\/mastorrencito.com\/cat\/lenigma-baix-mas-torrencito\/"},"author":{"name":"Mastorrencito","@id":"https:\/\/mastorrencito.com\/#\/schema\/person\/18c619be80d4ae2667c702911625f790"},"headline":"L&#8217;Enigma Baix Mas Torrencito","datePublished":"2024-12-05T06:01:10+00:00","mainEntityOfPage":{"@id":"https:\/\/mastorrencito.com\/cat\/lenigma-baix-mas-torrencito\/"},"wordCount":3509,"commentCount":1,"publisher":{"@id":"https:\/\/mastorrencito.com\/#organization"},"image":{"@id":"https:\/\/mastorrencito.com\/cat\/lenigma-baix-mas-torrencito\/#primaryimage"},"thumbnailUrl":"https:\/\/mastorrencito.com\/cat\/wp-content\/uploads\/sites\/3\/tunel1.jpg","keywords":["Gironaconmascotas","turismecostabrava","Turismoruralconperros","Tursmeambgossos"],"articleSection":["Hist\u00f2ries Mastorrencito"],"inLanguage":"es","potentialAction":[{"@type":"CommentAction","name":"Comment","target":["https:\/\/mastorrencito.com\/cat\/lenigma-baix-mas-torrencito\/#respond"]}]},{"@type":"WebPage","@id":"https:\/\/mastorrencito.com\/cat\/lenigma-baix-mas-torrencito\/","url":"https:\/\/mastorrencito.com\/cat\/lenigma-baix-mas-torrencito\/","name":"L'Enigma Baix Mas Torrencito - Mas Torrencito CAT","isPartOf":{"@id":"https:\/\/mastorrencito.com\/#website"},"primaryImageOfPage":{"@id":"https:\/\/mastorrencito.com\/cat\/lenigma-baix-mas-torrencito\/#primaryimage"},"image":{"@id":"https:\/\/mastorrencito.com\/cat\/lenigma-baix-mas-torrencito\/#primaryimage"},"thumbnailUrl":"https:\/\/mastorrencito.com\/cat\/wp-content\/uploads\/sites\/3\/tunel1.jpg","datePublished":"2024-12-05T06:01:10+00:00","description":"Lao que trobem en arreglar l'entrada... una cosa que ens porto al subs\u00f2l mateix de MasTorrencito... L'Enigma Baix Mas Torrencito","breadcrumb":{"@id":"https:\/\/mastorrencito.com\/cat\/lenigma-baix-mas-torrencito\/#breadcrumb"},"inLanguage":"es","potentialAction":[{"@type":"ReadAction","target":["https:\/\/mastorrencito.com\/cat\/lenigma-baix-mas-torrencito\/"]}]},{"@type":"ImageObject","inLanguage":"es","@id":"https:\/\/mastorrencito.com\/cat\/lenigma-baix-mas-torrencito\/#primaryimage","url":"https:\/\/mastorrencito.com\/cat\/wp-content\/uploads\/sites\/3\/tunel1.jpg","contentUrl":"https:\/\/mastorrencito.com\/cat\/wp-content\/uploads\/sites\/3\/tunel1.jpg","width":1024,"height":1024,"caption":"El tuel bajo MasTorrencito... un descubrimiento"},{"@type":"BreadcrumbList","@id":"https:\/\/mastorrencito.com\/cat\/lenigma-baix-mas-torrencito\/#breadcrumb","itemListElement":[{"@type":"ListItem","position":1,"name":"Portada","item":"https:\/\/mastorrencito.com\/"},{"@type":"ListItem","position":2,"name":"L&#8217;Enigma Baix Mas Torrencito"}]},{"@type":"WebSite","@id":"https:\/\/mastorrencito.com\/#website","url":"https:\/\/mastorrencito.com\/","name":"Mas Torrencito CAT","description":"Casa rural pet friendly en Girona","publisher":{"@id":"https:\/\/mastorrencito.com\/#organization"},"potentialAction":[{"@type":"SearchAction","target":{"@type":"EntryPoint","urlTemplate":"https:\/\/mastorrencito.com\/?s={search_term_string}"},"query-input":{"@type":"PropertyValueSpecification","valueRequired":true,"valueName":"search_term_string"}}],"inLanguage":"es"},{"@type":"Organization","@id":"https:\/\/mastorrencito.com\/#organization","name":"Mas Torrencito CAT","url":"https:\/\/mastorrencito.com\/","logo":{"@type":"ImageObject","inLanguage":"es","@id":"https:\/\/mastorrencito.com\/#\/schema\/logo\/image\/","url":"https:\/\/mastorrencito.com\/cat\/wp-content\/uploads\/sites\/3\/Logo-Mastorrencito-horizontal.webp","contentUrl":"https:\/\/mastorrencito.com\/cat\/wp-content\/uploads\/sites\/3\/Logo-Mastorrencito-horizontal.webp","width":161,"height":54,"caption":"Mas Torrencito CAT"},"image":{"@id":"https:\/\/mastorrencito.com\/#\/schema\/logo\/image\/"}},{"@type":"Person","@id":"https:\/\/mastorrencito.com\/#\/schema\/person\/18c619be80d4ae2667c702911625f790","name":"Mastorrencito","image":{"@type":"ImageObject","inLanguage":"es","@id":"https:\/\/secure.gravatar.com\/avatar\/3ef55e0519f987a734c21caee1423b51df7b760b7d81a38ecd31cab0a5115f6d?s=96&d=mm&r=g","url":"https:\/\/secure.gravatar.com\/avatar\/3ef55e0519f987a734c21caee1423b51df7b760b7d81a38ecd31cab0a5115f6d?s=96&d=mm&r=g","contentUrl":"https:\/\/secure.gravatar.com\/avatar\/3ef55e0519f987a734c21caee1423b51df7b760b7d81a38ecd31cab0a5115f6d?s=96&d=mm&r=g","caption":"Mastorrencito"},"url":"https:\/\/mastorrencito.com\/cat\/author\/mastorrencito\/"}]}},"acf":[],"_links":{"self":[{"href":"https:\/\/mastorrencito.com\/cat\/wp-json\/wp\/v2\/posts\/2577","targetHints":{"allow":["GET"]}}],"collection":[{"href":"https:\/\/mastorrencito.com\/cat\/wp-json\/wp\/v2\/posts"}],"about":[{"href":"https:\/\/mastorrencito.com\/cat\/wp-json\/wp\/v2\/types\/post"}],"author":[{"embeddable":true,"href":"https:\/\/mastorrencito.com\/cat\/wp-json\/wp\/v2\/users\/2"}],"replies":[{"embeddable":true,"href":"https:\/\/mastorrencito.com\/cat\/wp-json\/wp\/v2\/comments?post=2577"}],"version-history":[{"count":0,"href":"https:\/\/mastorrencito.com\/cat\/wp-json\/wp\/v2\/posts\/2577\/revisions"}],"wp:featuredmedia":[{"embeddable":true,"href":"https:\/\/mastorrencito.com\/cat\/wp-json\/wp\/v2\/media\/2566"}],"wp:attachment":[{"href":"https:\/\/mastorrencito.com\/cat\/wp-json\/wp\/v2\/media?parent=2577"}],"wp:term":[{"taxonomy":"category","embeddable":true,"href":"https:\/\/mastorrencito.com\/cat\/wp-json\/wp\/v2\/categories?post=2577"},{"taxonomy":"post_tag","embeddable":true,"href":"https:\/\/mastorrencito.com\/cat\/wp-json\/wp\/v2\/tags?post=2577"}],"curies":[{"name":"wp","href":"https:\/\/api.w.org\/{rel}","templated":true}]}}