{"id":2510,"date":"2024-12-03T06:31:42","date_gmt":"2024-12-03T06:31:42","guid":{"rendered":"https:\/\/casaruralconperrosgirona.com\/ai-la-que-sens-acosta-a-mastorrencito-el-nou-part-de-viatgers\/"},"modified":"2024-12-03T06:31:42","modified_gmt":"2024-12-03T06:31:42","slug":"ai-la-que-sens-acosta-a-mastorrencito-el-nou-part-de-viatgers","status":"publish","type":"post","link":"https:\/\/mastorrencito.com\/cat\/ai-la-que-sens-acosta-a-mastorrencito-el-nou-part-de-viatgers\/","title":{"rendered":"Ai la que se&#8217;ns acosta a MasTorrencito\u2026 El nou part de Viatgers."},"content":{"rendered":"\n<p>Era un dia assolellat a MasTorrencito, aquell petit refugi on les fam\u00edlies, parelles, amics i fins i tot les mascotes troben casa seva lluny de casa. Ai la que se&#8217;ns acosta a MasTorrencito\u2026 El nou part de Viatgers. <\/p>\n\n\n\n<p>Per\u00f2, ai!, les coses estan canviant. La tranquil\u00b7litat ha estat interrompuda per una nova normativa que no nom\u00e9s ens obliga a emplenar interminables formularis, sin\u00f3 que tamb\u00e9 amena\u00e7a de convertir els encarregats en aut\u00e8ntics detectius de relacions humanes. Perqu\u00e8 s\u00ed, a partir d&#8217;avui, no n&#8217;hi ha prou de saber quants v\u00e9nen, sin\u00f3 <strong>quin tipus de relaci\u00f3 tenen entre ells<\/strong> . I, creguin-me, aix\u00f2 donar\u00e0 per escriure un llibre.   <\/p>\n\n\n\n<h3 class=\"wp-block-heading\"><strong>El xou del parentiu<\/strong><\/h3>\n\n\n\n<p>Fins ara les coses eren simples. Una parella arribava amb els fills, se&#8217;ls assignava una habitaci\u00f3 familiar i tots feli\u00e7os. Per\u00f2 ara, amb aquestes noves exig\u00e8ncies, la cosa es complica. Perqu\u00e8, \u00e9s clar, quan parlem de fam\u00edlies modernes, el parentiu no sempre \u00e9s tan senzill d&#8217;explicar.   <\/p>\n\n\n\n<p>Imaginem una fam\u00edlia arribant:<br> \u2014Hola, en som cinc. La meva parella, els meus dos fills i el seu fill.<br> Tot normal, no? Doncs no.  <br>\u2014Perfecte, per\u00f2 necessito saber el parentiu exacte: els fills s\u00f3n comuns, d&#8217;un matrimoni anterior, adoptats, o quina relaci\u00f3 tenen amb cadascun de vosaltres?<\/p>\n\n\n\n<p>La parella es queda en silenci. El pare respon amb cara d&#8217;incredulitat:<br> \u2014B\u00e9\u2026 els meus fills s\u00f3n meus del meu anterior matrimoni, i el petit \u00e9s seu\u2026 per\u00f2 els considerem nostres, \u00e9s clar.<br> \u2014Ent\u00e8s, per\u00f2 legalment, com es defineix la relaci\u00f3?<br> \u2014Legalment? Doncs\u2026 jo s\u00f3c el seu pare, per\u00f2 ella \u00e9s la seva\u2026 no ho s\u00e9, madrastra?  <\/p>\n\n\n\n<p>I aqu\u00ed comen\u00e7a el caos. Perqu\u00e8, segons la normativa, tot aix\u00f2 ha de quedar perfectament registrat al comunicat de viatgers. Si el nen t\u00e9 un altre cognom, o si un dels pares no en t\u00e9 la cust\u00f2dia, o si viatgen amb un tutor temporal, el formulari es converteix en un aut\u00e8ntic jerogl\u00edfic.    <strong>I qu\u00e8 passa si no volen donar tants detalls? Doncs no es poden allotjar. <\/strong><\/p>\n\n\n<figure class=\"wp-block-post-featured-image\"><img fetchpriority=\"high\" decoding=\"async\" width=\"1024\" height=\"1024\" src=\"https:\/\/mastorrencito.com\/cat\/wp-content\/uploads\/sites\/3\/nuevocheckinonline.jpg\" class=\"attachment-post-thumbnail size-post-thumbnail wp-post-image\" alt=\"Nueva ley de parte de viajesros.... en MasTorrencito\" style=\"object-fit:cover;\" srcset=\"https:\/\/mastorrencito.com\/cat\/wp-content\/uploads\/sites\/3\/nuevocheckinonline.jpg 1024w, https:\/\/mastorrencito.com\/cat\/wp-content\/uploads\/sites\/3\/nuevocheckinonline-300x300.jpg 300w, https:\/\/mastorrencito.com\/cat\/wp-content\/uploads\/sites\/3\/nuevocheckinonline-150x150.jpg 150w, https:\/\/mastorrencito.com\/cat\/wp-content\/uploads\/sites\/3\/nuevocheckinonline-768x768.jpg 768w\" sizes=\"(max-width: 1024px) 100vw, 1024px\" \/><\/figure>\n\n\n<h3 class=\"wp-block-heading\"><strong>Parelles modernes: un malson burocr\u00e0tic<\/strong><\/h3>\n\n\n\n<p>I no parlem nom\u00e9s de fam\u00edlies, que ja de per si mateix \u00e9s complicat. Les parelles modernes tamb\u00e9 ens fiquen en dificultats. Avui dia, les relacions s\u00f3n tan diverses com la vida mateixa, i no tots tenen clar com etiquetar el que \u00e9s seu.  <\/p>\n\n\n\n<p>\u2014Disculpin, quina relaci\u00f3 tenen?<br>\u2014Som parella.<br>\u2014Ah, casats o en uni\u00f3 lliure?<br>\u2014Doncs\u2026 ni l&#8217;un ni l&#8217;altre. Vivim plegats, per\u00f2 no hem formalitzat res. <br>\u2014Ent\u00e8s. I els nens s\u00f3n dels dos? <br>\u2014No, els nens s\u00f3n meus. Ell \u00e9s m\u00e9s com un suport, per\u00f2 no pas el pare. <\/p>\n\n\n\n<p>I qu\u00e8 passa amb els casos on ni ells saben gaire b\u00e9 com definir-se?<br>\u2014Hola, som amics\u2026 b\u00e9, alguna cosa m\u00e9s que amics.<br>\u2014Aleshores, s\u00f3n parella?<br>\u2014No exactament\u2026 per\u00f2 tampoc no som nom\u00e9s amics.<\/p>\n\n\n\n<p>Aqu\u00ed a MasTorrencito no som qui per jutjar, per\u00f2 emplenar un formulari amb aquest nivell de detall \u00e9s com intentar armar un trencaclosques sense les peces clau. I el govern espera que ho fem amb cara seriosa? Si us plau!  <\/p>\n\n\n\n<h3 class=\"wp-block-heading\"><strong>Escenaris extrems: entre rialles i preguntes inc\u00f2modes<\/strong><\/h3>\n\n\n\n<p>I \u00e9s clar, no podem oblidar-nos de les situacions que inevitablement ens faran deixar anar una riallada (o plorar per dins):<\/p>\n\n\n\n<ol class=\"wp-block-list\">\n<li><strong>La fam\u00edlia acoblada<\/strong><br> Una parella arriba amb tres nens. Dos en s\u00f3n i un. <br>\u2014I quina relaci\u00f3 tenen entre vosaltres?<br>\u2014Parella.<br>\u2014I els nens?<br>\u2014Aquests dos s\u00f3n meus, l&#8217;altre n&#8217;\u00e9s.<br>\u2014Perfecte, \u00bf i els nens quina relaci\u00f3 tenen entre ells?<br>\u2014Ei\u2026 b\u00e9, t\u00e8cnicament, no s\u00f3n res. Per\u00f2 es porten com a germans. <\/li>\n\n\n\n<li><strong>Els col\u00b7legues amb fills<\/strong><br> Dos amics arriben amb els seus fills respectius.<br> \u2014I quina relaci\u00f3 tenen entre vosaltres?<br> \u2014Amics.<br> \u2014I entre els nens?<br> \u2014Res, no es coneixien fins avui.<\/li>\n\n\n\n<li><strong>La parella \u00abamb hist\u00f2ria\u00bb<\/strong><br> Una parella de noucasats arriba amb els fills de relacions anteriors.<br> \u2014Som matrimoni.<br> \u2014I els nens?<br> \u2014S\u00f3n seus\u2026 i els meus.<\/li>\n<\/ol>\n\n\n\n<p>Aqu\u00ed la clau \u00e9s que <strong>la norma no distingeix entre all\u00f2 emocional i all\u00f2 legal<\/strong> , per\u00f2 obliga a recollir-ho tot en termes freds i burocr\u00e0tics. Com registrem aquestes relacions sense que soni com un interrogatori? \u00c9s un misteri que encara no hem resolt.  <\/p>\n\n\n\n<h3 class=\"wp-block-heading\"><strong>MasTorret: la resist\u00e8ncia relaxada<\/strong><\/h3>\n\n\n\n<p>Amb aquestes noves normes, els establiments tur\u00edstics com el nostre es veuen en una posici\u00f3 absurda. No som policies, ni jutges, ni de bon tros terapeutes familiars. La nostra missi\u00f3 \u00e9s que la gent se senti c\u00f2moda, per\u00f2 aquesta normativa sembla dissenyada pel contrari. Tot i aix\u00f2, aqu\u00ed a MasTorrencito hem decidit que <strong>ens deixarem enganyar<\/strong> . Si alg\u00fa diu que s\u00f3n \u201ccosins de tota la vida\u201d o \u201camics del col\u00b7legi\u201d, encara que no quadrin les edats, nosaltres ho anotarem sense m\u00e9s preguntes. Perqu\u00e8, al final del dia, <strong>no som aqu\u00ed per jutjar ni complicar la vida a ning\u00fa<\/strong> .     <\/p>\n\n\n\n<h3 class=\"wp-block-heading\"><strong>Reflexi\u00f3 final: el futur d aquesta bogeria<\/strong><\/h3>\n\n\n\n<p>Aix\u00f2 no pot durar gaire. <strong>Europa segurament tombar\u00e0 aquesta normativa en uns mesos<\/strong> , perqu\u00e8 clarament envaeix la privadesa de les persones. De qu\u00e8 serveix saber si el nen \u00e9s fill biol\u00f2gic o una uni\u00f3 anterior? O si una parella \u00e9s \u201coficial\u201d o simplement s&#8217;est\u00e0 coneixent? Mentrestant, aqu\u00ed seguirem, entre formularis interminables i rialles nervioses, intentant que MasTorrencito segueixi sent aquell lloc on la gent, amb les seves hist\u00f2ries \u00faniques i les seves complicades relacions, pot trobar pau i tranquil\u00b7litat.   <\/p>\n\n\n\n<p>Perqu\u00e8, al final del dia, <strong>l&#8217;\u00fanica cosa que importa \u00e9s que els nostres hostes se sentin benvinguts\u2026 sense importar qui sigui qui.<\/strong> \ud83d\ude0a<\/p>\n\n\n\n<p>Per si tot aix\u00f2 no fos suficient, aqu\u00ed a MasTorrencito, on els gossos no nom\u00e9s s\u00f3n benvinguts, sin\u00f3 que s\u00f3n els aut\u00e8ntics reis del lloc, ja ens estem fent la gran pregunta: <strong>qu\u00e8 passar\u00e0 amb les nostres estimades mascotes?<\/strong> Perqu\u00e8 si ara hem de fer un interrogatori als humans, qu\u00e8 ens assegura que el proper pas no ser\u00e0 convertir-nos en censadors canins?<\/p>\n\n\n\n<h3 class=\"wp-block-heading\"><strong>El formulari del gos: el futur dist\u00f2pic de MasTorrencito<\/strong><\/h3>\n\n\n\n<p>Imaginin arribar amb el vostre gos, tot emocionat perqu\u00e8 per fi pot c\u00f3rrer lliurement als nostres jardins, i el primer que us demanem sigui emplenar un formulari m\u00e9s detallat que el seu historial veterinari:<br> \u2014Disculpi, nom del gos?<br> \u2014Max.<br> \u2014Cognom?<br> \u2014Ei\u2026 no en t\u00e9.<br> \u2014Ent\u00e8s. Ra\u00e7a? <br>\u2014Mest\u00eds.<br>\u2014I la relaci\u00f3 entre vost\u00e8 i el gos? Propietari, cuidador temporal, amic del parc? <\/p>\n\n\n\n<p><strong>I si ve amb un altre gos? Aqu\u00ed la cosa es posa encara millor. <\/strong><br>\u2014I quina relaci\u00f3 tenen entre ells?<br>\u2014B\u00e9, s\u00f3n companys\u2026 una cosa aix\u00ed com amics.<br>\u2014Perfecte, per\u00f2, amics normals o amics amb dret? Perqu\u00e8 necessitem especificar. <\/p>\n\n\n\n<p>I els gossos que v\u00e9nen en fam\u00edlia? Ja m&#8217;imagino l&#8217;escena:<br> \u2014Vinc amb la meva gossa i els seus tres cadells.<br> \u2014Genial! I el pare dels cadells? On \u00e9s?   <br>\u2014Ei\u2026 b\u00e9, no el coneixem. Va ser una trobada fuga\u00e7 al parc. <br>\u2014Ent\u00e8s, anotarem \u00abpare absent\u00bb.<\/p>\n\n\n\n<h3 class=\"wp-block-heading\"><strong>Escenaris surrealistes: gossos a la burocr\u00e0cia<\/strong><\/h3>\n\n\n\n<p>Per descomptat, la ironia no estaria completa sense imaginar les situacions m\u00e9s absurdes que podrien sorgir:<\/p>\n\n\n\n<ol class=\"wp-block-list\">\n<li><strong>El gos adoptat<\/strong><br> \u2014Relaci\u00f3 amb el gos?<br> \u2014\u00c9s adoptat.<br> \u2014Perfecte, i sap alguna cosa dels pares biol\u00f2gics?<br> \u2014Doncs\u2026 no, ho vaig recollir d&#8217;una protectora.<br> \u2014B\u00e9, apuntem \u201cantecedents desconeguts\u201d.<\/li>\n\n\n\n<li><strong>El gos amb doble nacionalitat<\/strong><br> \u2014D&#8217;on \u00e9s el gos?<br> \u2014De Fran\u00e7a, ho vaig adoptar all\u00e0.<br> \u2014Perfecte, necessitem el passaport can\u00ed per verificar la seva entrada al pa\u00eds.<\/li>\n\n\n\n<li><strong>El gos amb relacions complexes<\/strong><br> \u2014Relaci\u00f3 entre els gossos?<br> \u2014S\u00f3n germans\u2026 per\u00f2 s&#8217;odien.<\/li>\n\n\n\n<li><strong>La visita \u00absospitosa\u00bb<\/strong><br> \u2014I aquest gos que porta amb vost\u00e8?<br> \u2014\u00c9s del meu ve\u00ed, el vaig portar perqu\u00e8 ell no podia venir.<br> \u2014T\u00e9 autoritzaci\u00f3 legal per escrit per allotjar el gos?<\/li>\n<\/ol>\n\n\n\n<h3 class=\"wp-block-heading\"><strong>Microxips i burocr\u00e0cia: el s\u00fammum de la ironia<\/strong><\/h3>\n\n\n\n<p>Amb tant de formulari, no seria estrany que el seg\u00fcent pas sigui exigir un registre detallat del microxip del gos:<br> \u2014Nombre de microxip?<br> \u2014No ho s\u00e9, hauria de cercar el paper.<br> \u2014Sense el microxip no el podem allotjar. Em sap greu, normativa del govern. <\/p>\n\n\n\n<p>I \u00e9s clar, no nom\u00e9s n&#8217;hi ha prou amb el microxip. Segur que tamb\u00e9 caldria emplenar camps com: <\/p>\n\n\n\n<ul class=\"wp-block-list\">\n<li><strong>Vacunes al dia:<\/strong> \u00bf s\u00ed o no?<\/li>\n\n\n\n<li><strong>Ha mossegat alg\u00fa en els darrers mesos?<\/strong><\/li>\n\n\n\n<li><strong>Relaci\u00f3 emocional amb el propietari?<\/strong>  \u00c9s m\u00e9s un gos independent o dep\u00e8n completament de vost\u00e8?<\/li>\n<\/ul>\n\n\n\n<h3 class=\"wp-block-heading\"><strong>MasTorret: resist\u00e8ncia fins i tot amb els gossos<\/strong><\/h3>\n\n\n\n<p>Aqu\u00ed a MasTorrencito, on sempre hem tractat les mascotes com a part de la fam\u00edlia, tot aix\u00f2 ens sembla una bogeria. Perqu\u00e8, vaja, si ens sembla invasiu que demanin dades als humans, qu\u00e8 en queda per als nostres amics peluts? De veritat ens haurem de convertir en \u00abfuncionaris canins\u00bb? El que volem \u00e9s que corrin lliures, que gaudeixin, que bordin i que es mengin els premis que els donem en arribar, no que els seus amos hagin de passar mitja hora omplint un formulari com si el gos an\u00e9s a inscriure&#8217;s a un col\u00b7legi privat.   <\/p>\n\n\n\n<h3 class=\"wp-block-heading\"><strong>Reflexi\u00f3 final: quan la burocr\u00e0cia ho envaeix tot<\/strong><\/h3>\n\n\n\n<p>Aix\u00f2 ens porta a una conclusi\u00f3 inevitable: si no posem l\u00edmits, la burocr\u00e0cia acabar\u00e0 per assolir fins i tot les nostres mascotes. I si aix\u00f2 passa, <strong>a MasTorrencito serem els primers a rebel\u00b7lar-nos.<\/strong> Perqu\u00e8, al final del dia, el que volem \u00e9s que tant els humans com els gossos puguin gaudir de la seva estada sense sentir que estan passant un control de duanes. Aix\u00ed que, tranquils, aqu\u00ed no hi haur\u00e0 preguntes inc\u00f2modes per a tu ni pel teu pelut. L&#8217;\u00fanic que necessites \u00e9s portar una corretja\u2026 i moltes ganes de gaudir-ne. \ud83d\ude0a <\/p>\n\n\n\n<blockquote class=\"wp-block-quote is-layout-flow wp-block-quote-is-layout-flow\">\n<p>Des de Mas Torrencito us desitgem un bon dia i que els vostres goss us acompanyi!!!!<\/p>\n<\/blockquote>\n\n\n\n<p>\u2014\u2013<br> Si vols, podeu veure els nostres <strong>bons per caps de setmana, bons jubilats<\/strong> , a un preu incre\u00efble..entra a <a href=\"https:\/\/www.mastorrencito.com\/\">www.mastorrencito.com<\/a> o si vols podeu llegir m\u00e9s hist\u00f2ria i an\u00e8cdotes que ens han passat a Mas Torrencito\u2026 Fes click <a href=\"https:\/\/mastorrencito.com\/\">aqu\u00ed<\/a> :<\/p>\n\n\n\n<div class=\"wp-block-comments\"><\/div>\n\n\n\n<p><\/p>\n","protected":false},"excerpt":{"rendered":"<p>Era un dia assolellat a MasTorrencito, aquell petit refugi on les fam\u00edlies, parelles, amics i fins i tot les mascotes troben casa seva lluny de casa. Ai la que se&#8217;ns acosta a MasTorrencito\u2026 El nou part de Viatgers. Per\u00f2, ai!, les coses estan canviant. La tranquil\u00b7litat ha estat interrompuda per una nova normativa que no [&hellip;]<\/p>\n","protected":false},"author":2,"featured_media":2502,"comment_status":"open","ping_status":"closed","sticky":false,"template":"","format":"standard","meta":{"_acf_changed":false,"footnotes":""},"categories":[35],"tags":[47,55,42,56],"class_list":["post-2510","post","type-post","status-publish","format-standard","has-post-thumbnail","hentry","category-histories-mastorrencito","tag-gironaconmascotas","tag-turismecostabrava","tag-turismoconmascotas","tag-viatjar-amb-gossos"],"yoast_head":"<!-- This site is optimized with the Yoast SEO Premium plugin v27.3 (Yoast SEO v27.5) - https:\/\/yoast.com\/product\/yoast-seo-premium-wordpress\/ -->\n<title>Ai la que se&#039;ns acosta a MasTorrencito, El nou comunicat de Viatger<\/title>\n<meta name=\"description\" content=\"Ufff la que ens ve a sobre... m\u00e9s impediments i m\u00e9s traves... Ai la que se&#039;ns acosta a MasTorrencito\u2026 El nou part de Viatgers.\" \/>\n<meta name=\"robots\" content=\"index, follow, max-snippet:-1, max-image-preview:large, max-video-preview:-1\" \/>\n<link rel=\"canonical\" href=\"https:\/\/mastorrencito.com\/cat\/ai-la-que-sens-acosta-a-mastorrencito-el-nou-part-de-viatgers\/\" \/>\n<meta property=\"og:locale\" content=\"es_ES\" \/>\n<meta property=\"og:type\" content=\"article\" \/>\n<meta property=\"og:title\" content=\"Ai la que se&#039;ns acosta a MasTorrencito\u2026 El nou part de Viatgers.\" \/>\n<meta property=\"og:description\" content=\"Ufff la que ens ve a sobre... m\u00e9s impediments i m\u00e9s traves... Ai la que se&#039;ns acosta a MasTorrencito\u2026 El nou part de Viatgers.\" \/>\n<meta property=\"og:url\" content=\"https:\/\/mastorrencito.com\/cat\/ai-la-que-sens-acosta-a-mastorrencito-el-nou-part-de-viatgers\/\" \/>\n<meta property=\"og:site_name\" content=\"Mas Torrencito CAT\" \/>\n<meta property=\"article:published_time\" content=\"2024-12-03T06:31:42+00:00\" \/>\n<meta property=\"og:image\" content=\"https:\/\/mastorrencito.com\/cat\/wp-content\/uploads\/sites\/3\/nuevocheckinonline.jpg\" \/>\n\t<meta property=\"og:image:width\" content=\"1024\" \/>\n\t<meta property=\"og:image:height\" content=\"1024\" \/>\n\t<meta property=\"og:image:type\" content=\"image\/jpeg\" \/>\n<meta name=\"author\" content=\"Mastorrencito\" \/>\n<meta name=\"twitter:card\" content=\"summary_large_image\" \/>\n<meta name=\"twitter:label1\" content=\"Escrito por\" \/>\n\t<meta name=\"twitter:data1\" content=\"Mastorrencito\" \/>\n\t<meta name=\"twitter:label2\" content=\"Tiempo de lectura\" \/>\n\t<meta name=\"twitter:data2\" content=\"18 minutos\" \/>\n<script type=\"application\/ld+json\" class=\"yoast-schema-graph\">{\"@context\":\"https:\\\/\\\/schema.org\",\"@graph\":[{\"@type\":\"Article\",\"@id\":\"https:\\\/\\\/mastorrencito.com\\\/cat\\\/ai-la-que-sens-acosta-a-mastorrencito-el-nou-part-de-viatgers\\\/#article\",\"isPartOf\":{\"@id\":\"https:\\\/\\\/mastorrencito.com\\\/cat\\\/ai-la-que-sens-acosta-a-mastorrencito-el-nou-part-de-viatgers\\\/\"},\"author\":{\"name\":\"Mastorrencito\",\"@id\":\"https:\\\/\\\/mastorrencito.com\\\/#\\\/schema\\\/person\\\/18c619be80d4ae2667c702911625f790\"},\"headline\":\"Ai la que se&#8217;ns acosta a MasTorrencito\u2026 El nou part de Viatgers.\",\"datePublished\":\"2024-12-03T06:31:42+00:00\",\"mainEntityOfPage\":{\"@id\":\"https:\\\/\\\/mastorrencito.com\\\/cat\\\/ai-la-que-sens-acosta-a-mastorrencito-el-nou-part-de-viatgers\\\/\"},\"wordCount\":1696,\"commentCount\":1,\"publisher\":{\"@id\":\"https:\\\/\\\/mastorrencito.com\\\/#organization\"},\"image\":{\"@id\":\"https:\\\/\\\/mastorrencito.com\\\/cat\\\/ai-la-que-sens-acosta-a-mastorrencito-el-nou-part-de-viatgers\\\/#primaryimage\"},\"thumbnailUrl\":\"https:\\\/\\\/mastorrencito.com\\\/cat\\\/wp-content\\\/uploads\\\/sites\\\/3\\\/nuevocheckinonline.jpg\",\"keywords\":[\"Gironaconmascotas\",\"turismecostabrava\",\"turismoconmascotas\",\"viatjar amb gossos\"],\"articleSection\":[\"Hist\u00f2ries Mastorrencito\"],\"inLanguage\":\"es\",\"potentialAction\":[{\"@type\":\"CommentAction\",\"name\":\"Comment\",\"target\":[\"https:\\\/\\\/mastorrencito.com\\\/cat\\\/ai-la-que-sens-acosta-a-mastorrencito-el-nou-part-de-viatgers\\\/#respond\"]}]},{\"@type\":\"WebPage\",\"@id\":\"https:\\\/\\\/mastorrencito.com\\\/cat\\\/ai-la-que-sens-acosta-a-mastorrencito-el-nou-part-de-viatgers\\\/\",\"url\":\"https:\\\/\\\/mastorrencito.com\\\/cat\\\/ai-la-que-sens-acosta-a-mastorrencito-el-nou-part-de-viatgers\\\/\",\"name\":\"Ai la que se'ns acosta a MasTorrencito, El nou comunicat de Viatger\",\"isPartOf\":{\"@id\":\"https:\\\/\\\/mastorrencito.com\\\/#website\"},\"primaryImageOfPage\":{\"@id\":\"https:\\\/\\\/mastorrencito.com\\\/cat\\\/ai-la-que-sens-acosta-a-mastorrencito-el-nou-part-de-viatgers\\\/#primaryimage\"},\"image\":{\"@id\":\"https:\\\/\\\/mastorrencito.com\\\/cat\\\/ai-la-que-sens-acosta-a-mastorrencito-el-nou-part-de-viatgers\\\/#primaryimage\"},\"thumbnailUrl\":\"https:\\\/\\\/mastorrencito.com\\\/cat\\\/wp-content\\\/uploads\\\/sites\\\/3\\\/nuevocheckinonline.jpg\",\"datePublished\":\"2024-12-03T06:31:42+00:00\",\"description\":\"Ufff la que ens ve a sobre... m\u00e9s impediments i m\u00e9s traves... Ai la que se'ns acosta a MasTorrencito\u2026 El nou part de Viatgers.\",\"breadcrumb\":{\"@id\":\"https:\\\/\\\/mastorrencito.com\\\/cat\\\/ai-la-que-sens-acosta-a-mastorrencito-el-nou-part-de-viatgers\\\/#breadcrumb\"},\"inLanguage\":\"es\",\"potentialAction\":[{\"@type\":\"ReadAction\",\"target\":[\"https:\\\/\\\/mastorrencito.com\\\/cat\\\/ai-la-que-sens-acosta-a-mastorrencito-el-nou-part-de-viatgers\\\/\"]}]},{\"@type\":\"ImageObject\",\"inLanguage\":\"es\",\"@id\":\"https:\\\/\\\/mastorrencito.com\\\/cat\\\/ai-la-que-sens-acosta-a-mastorrencito-el-nou-part-de-viatgers\\\/#primaryimage\",\"url\":\"https:\\\/\\\/mastorrencito.com\\\/cat\\\/wp-content\\\/uploads\\\/sites\\\/3\\\/nuevocheckinonline.jpg\",\"contentUrl\":\"https:\\\/\\\/mastorrencito.com\\\/cat\\\/wp-content\\\/uploads\\\/sites\\\/3\\\/nuevocheckinonline.jpg\",\"width\":1024,\"height\":1024,\"caption\":\"Nueva ley de parte de viajesros.... en MasTorrencito\"},{\"@type\":\"BreadcrumbList\",\"@id\":\"https:\\\/\\\/mastorrencito.com\\\/cat\\\/ai-la-que-sens-acosta-a-mastorrencito-el-nou-part-de-viatgers\\\/#breadcrumb\",\"itemListElement\":[{\"@type\":\"ListItem\",\"position\":1,\"name\":\"Portada\",\"item\":\"https:\\\/\\\/mastorrencito.com\\\/\"},{\"@type\":\"ListItem\",\"position\":2,\"name\":\"Ai la que se&#8217;ns acosta a MasTorrencito\u2026 El nou part de Viatgers.\"}]},{\"@type\":\"WebSite\",\"@id\":\"https:\\\/\\\/mastorrencito.com\\\/#website\",\"url\":\"https:\\\/\\\/mastorrencito.com\\\/\",\"name\":\"Mas Torrencito CAT\",\"description\":\"Casa rural pet friendly en Girona\",\"publisher\":{\"@id\":\"https:\\\/\\\/mastorrencito.com\\\/#organization\"},\"potentialAction\":[{\"@type\":\"SearchAction\",\"target\":{\"@type\":\"EntryPoint\",\"urlTemplate\":\"https:\\\/\\\/mastorrencito.com\\\/?s={search_term_string}\"},\"query-input\":{\"@type\":\"PropertyValueSpecification\",\"valueRequired\":true,\"valueName\":\"search_term_string\"}}],\"inLanguage\":\"es\"},{\"@type\":\"Organization\",\"@id\":\"https:\\\/\\\/mastorrencito.com\\\/#organization\",\"name\":\"Mas Torrencito CAT\",\"url\":\"https:\\\/\\\/mastorrencito.com\\\/\",\"logo\":{\"@type\":\"ImageObject\",\"inLanguage\":\"es\",\"@id\":\"https:\\\/\\\/mastorrencito.com\\\/#\\\/schema\\\/logo\\\/image\\\/\",\"url\":\"https:\\\/\\\/mastorrencito.com\\\/cat\\\/wp-content\\\/uploads\\\/sites\\\/3\\\/Logo-Mastorrencito-horizontal.webp\",\"contentUrl\":\"https:\\\/\\\/mastorrencito.com\\\/cat\\\/wp-content\\\/uploads\\\/sites\\\/3\\\/Logo-Mastorrencito-horizontal.webp\",\"width\":161,\"height\":54,\"caption\":\"Mas Torrencito CAT\"},\"image\":{\"@id\":\"https:\\\/\\\/mastorrencito.com\\\/#\\\/schema\\\/logo\\\/image\\\/\"}},{\"@type\":\"Person\",\"@id\":\"https:\\\/\\\/mastorrencito.com\\\/#\\\/schema\\\/person\\\/18c619be80d4ae2667c702911625f790\",\"name\":\"Mastorrencito\",\"image\":{\"@type\":\"ImageObject\",\"inLanguage\":\"es\",\"@id\":\"https:\\\/\\\/secure.gravatar.com\\\/avatar\\\/3ef55e0519f987a734c21caee1423b51df7b760b7d81a38ecd31cab0a5115f6d?s=96&d=mm&r=g\",\"url\":\"https:\\\/\\\/secure.gravatar.com\\\/avatar\\\/3ef55e0519f987a734c21caee1423b51df7b760b7d81a38ecd31cab0a5115f6d?s=96&d=mm&r=g\",\"contentUrl\":\"https:\\\/\\\/secure.gravatar.com\\\/avatar\\\/3ef55e0519f987a734c21caee1423b51df7b760b7d81a38ecd31cab0a5115f6d?s=96&d=mm&r=g\",\"caption\":\"Mastorrencito\"},\"url\":\"https:\\\/\\\/mastorrencito.com\\\/cat\\\/author\\\/mastorrencito\\\/\"}]}<\/script>\n<!-- \/ Yoast SEO Premium plugin. -->","yoast_head_json":{"title":"Ai la que se'ns acosta a MasTorrencito, El nou comunicat de Viatger","description":"Ufff la que ens ve a sobre... m\u00e9s impediments i m\u00e9s traves... Ai la que se'ns acosta a MasTorrencito\u2026 El nou part de Viatgers.","robots":{"index":"index","follow":"follow","max-snippet":"max-snippet:-1","max-image-preview":"max-image-preview:large","max-video-preview":"max-video-preview:-1"},"canonical":"https:\/\/mastorrencito.com\/cat\/ai-la-que-sens-acosta-a-mastorrencito-el-nou-part-de-viatgers\/","og_locale":"es_ES","og_type":"article","og_title":"Ai la que se'ns acosta a MasTorrencito\u2026 El nou part de Viatgers.","og_description":"Ufff la que ens ve a sobre... m\u00e9s impediments i m\u00e9s traves... Ai la que se'ns acosta a MasTorrencito\u2026 El nou part de Viatgers.","og_url":"https:\/\/mastorrencito.com\/cat\/ai-la-que-sens-acosta-a-mastorrencito-el-nou-part-de-viatgers\/","og_site_name":"Mas Torrencito CAT","article_published_time":"2024-12-03T06:31:42+00:00","og_image":[{"width":1024,"height":1024,"url":"https:\/\/mastorrencito.com\/cat\/wp-content\/uploads\/sites\/3\/nuevocheckinonline.jpg","type":"image\/jpeg"}],"author":"Mastorrencito","twitter_card":"summary_large_image","twitter_misc":{"Escrito por":"Mastorrencito","Tiempo de lectura":"18 minutos"},"schema":{"@context":"https:\/\/schema.org","@graph":[{"@type":"Article","@id":"https:\/\/mastorrencito.com\/cat\/ai-la-que-sens-acosta-a-mastorrencito-el-nou-part-de-viatgers\/#article","isPartOf":{"@id":"https:\/\/mastorrencito.com\/cat\/ai-la-que-sens-acosta-a-mastorrencito-el-nou-part-de-viatgers\/"},"author":{"name":"Mastorrencito","@id":"https:\/\/mastorrencito.com\/#\/schema\/person\/18c619be80d4ae2667c702911625f790"},"headline":"Ai la que se&#8217;ns acosta a MasTorrencito\u2026 El nou part de Viatgers.","datePublished":"2024-12-03T06:31:42+00:00","mainEntityOfPage":{"@id":"https:\/\/mastorrencito.com\/cat\/ai-la-que-sens-acosta-a-mastorrencito-el-nou-part-de-viatgers\/"},"wordCount":1696,"commentCount":1,"publisher":{"@id":"https:\/\/mastorrencito.com\/#organization"},"image":{"@id":"https:\/\/mastorrencito.com\/cat\/ai-la-que-sens-acosta-a-mastorrencito-el-nou-part-de-viatgers\/#primaryimage"},"thumbnailUrl":"https:\/\/mastorrencito.com\/cat\/wp-content\/uploads\/sites\/3\/nuevocheckinonline.jpg","keywords":["Gironaconmascotas","turismecostabrava","turismoconmascotas","viatjar amb gossos"],"articleSection":["Hist\u00f2ries Mastorrencito"],"inLanguage":"es","potentialAction":[{"@type":"CommentAction","name":"Comment","target":["https:\/\/mastorrencito.com\/cat\/ai-la-que-sens-acosta-a-mastorrencito-el-nou-part-de-viatgers\/#respond"]}]},{"@type":"WebPage","@id":"https:\/\/mastorrencito.com\/cat\/ai-la-que-sens-acosta-a-mastorrencito-el-nou-part-de-viatgers\/","url":"https:\/\/mastorrencito.com\/cat\/ai-la-que-sens-acosta-a-mastorrencito-el-nou-part-de-viatgers\/","name":"Ai la que se'ns acosta a MasTorrencito, El nou comunicat de Viatger","isPartOf":{"@id":"https:\/\/mastorrencito.com\/#website"},"primaryImageOfPage":{"@id":"https:\/\/mastorrencito.com\/cat\/ai-la-que-sens-acosta-a-mastorrencito-el-nou-part-de-viatgers\/#primaryimage"},"image":{"@id":"https:\/\/mastorrencito.com\/cat\/ai-la-que-sens-acosta-a-mastorrencito-el-nou-part-de-viatgers\/#primaryimage"},"thumbnailUrl":"https:\/\/mastorrencito.com\/cat\/wp-content\/uploads\/sites\/3\/nuevocheckinonline.jpg","datePublished":"2024-12-03T06:31:42+00:00","description":"Ufff la que ens ve a sobre... m\u00e9s impediments i m\u00e9s traves... Ai la que se'ns acosta a MasTorrencito\u2026 El nou part de Viatgers.","breadcrumb":{"@id":"https:\/\/mastorrencito.com\/cat\/ai-la-que-sens-acosta-a-mastorrencito-el-nou-part-de-viatgers\/#breadcrumb"},"inLanguage":"es","potentialAction":[{"@type":"ReadAction","target":["https:\/\/mastorrencito.com\/cat\/ai-la-que-sens-acosta-a-mastorrencito-el-nou-part-de-viatgers\/"]}]},{"@type":"ImageObject","inLanguage":"es","@id":"https:\/\/mastorrencito.com\/cat\/ai-la-que-sens-acosta-a-mastorrencito-el-nou-part-de-viatgers\/#primaryimage","url":"https:\/\/mastorrencito.com\/cat\/wp-content\/uploads\/sites\/3\/nuevocheckinonline.jpg","contentUrl":"https:\/\/mastorrencito.com\/cat\/wp-content\/uploads\/sites\/3\/nuevocheckinonline.jpg","width":1024,"height":1024,"caption":"Nueva ley de parte de viajesros.... en MasTorrencito"},{"@type":"BreadcrumbList","@id":"https:\/\/mastorrencito.com\/cat\/ai-la-que-sens-acosta-a-mastorrencito-el-nou-part-de-viatgers\/#breadcrumb","itemListElement":[{"@type":"ListItem","position":1,"name":"Portada","item":"https:\/\/mastorrencito.com\/"},{"@type":"ListItem","position":2,"name":"Ai la que se&#8217;ns acosta a MasTorrencito\u2026 El nou part de Viatgers."}]},{"@type":"WebSite","@id":"https:\/\/mastorrencito.com\/#website","url":"https:\/\/mastorrencito.com\/","name":"Mas Torrencito CAT","description":"Casa rural pet friendly en Girona","publisher":{"@id":"https:\/\/mastorrencito.com\/#organization"},"potentialAction":[{"@type":"SearchAction","target":{"@type":"EntryPoint","urlTemplate":"https:\/\/mastorrencito.com\/?s={search_term_string}"},"query-input":{"@type":"PropertyValueSpecification","valueRequired":true,"valueName":"search_term_string"}}],"inLanguage":"es"},{"@type":"Organization","@id":"https:\/\/mastorrencito.com\/#organization","name":"Mas Torrencito CAT","url":"https:\/\/mastorrencito.com\/","logo":{"@type":"ImageObject","inLanguage":"es","@id":"https:\/\/mastorrencito.com\/#\/schema\/logo\/image\/","url":"https:\/\/mastorrencito.com\/cat\/wp-content\/uploads\/sites\/3\/Logo-Mastorrencito-horizontal.webp","contentUrl":"https:\/\/mastorrencito.com\/cat\/wp-content\/uploads\/sites\/3\/Logo-Mastorrencito-horizontal.webp","width":161,"height":54,"caption":"Mas Torrencito CAT"},"image":{"@id":"https:\/\/mastorrencito.com\/#\/schema\/logo\/image\/"}},{"@type":"Person","@id":"https:\/\/mastorrencito.com\/#\/schema\/person\/18c619be80d4ae2667c702911625f790","name":"Mastorrencito","image":{"@type":"ImageObject","inLanguage":"es","@id":"https:\/\/secure.gravatar.com\/avatar\/3ef55e0519f987a734c21caee1423b51df7b760b7d81a38ecd31cab0a5115f6d?s=96&d=mm&r=g","url":"https:\/\/secure.gravatar.com\/avatar\/3ef55e0519f987a734c21caee1423b51df7b760b7d81a38ecd31cab0a5115f6d?s=96&d=mm&r=g","contentUrl":"https:\/\/secure.gravatar.com\/avatar\/3ef55e0519f987a734c21caee1423b51df7b760b7d81a38ecd31cab0a5115f6d?s=96&d=mm&r=g","caption":"Mastorrencito"},"url":"https:\/\/mastorrencito.com\/cat\/author\/mastorrencito\/"}]}},"acf":[],"_links":{"self":[{"href":"https:\/\/mastorrencito.com\/cat\/wp-json\/wp\/v2\/posts\/2510","targetHints":{"allow":["GET"]}}],"collection":[{"href":"https:\/\/mastorrencito.com\/cat\/wp-json\/wp\/v2\/posts"}],"about":[{"href":"https:\/\/mastorrencito.com\/cat\/wp-json\/wp\/v2\/types\/post"}],"author":[{"embeddable":true,"href":"https:\/\/mastorrencito.com\/cat\/wp-json\/wp\/v2\/users\/2"}],"replies":[{"embeddable":true,"href":"https:\/\/mastorrencito.com\/cat\/wp-json\/wp\/v2\/comments?post=2510"}],"version-history":[{"count":0,"href":"https:\/\/mastorrencito.com\/cat\/wp-json\/wp\/v2\/posts\/2510\/revisions"}],"wp:featuredmedia":[{"embeddable":true,"href":"https:\/\/mastorrencito.com\/cat\/wp-json\/wp\/v2\/media\/2502"}],"wp:attachment":[{"href":"https:\/\/mastorrencito.com\/cat\/wp-json\/wp\/v2\/media?parent=2510"}],"wp:term":[{"taxonomy":"category","embeddable":true,"href":"https:\/\/mastorrencito.com\/cat\/wp-json\/wp\/v2\/categories?post=2510"},{"taxonomy":"post_tag","embeddable":true,"href":"https:\/\/mastorrencito.com\/cat\/wp-json\/wp\/v2\/tags?post=2510"}],"curies":[{"name":"wp","href":"https:\/\/api.w.org\/{rel}","templated":true}]}}