{"id":2508,"date":"2024-12-02T05:54:55","date_gmt":"2024-12-02T05:54:55","guid":{"rendered":"https:\/\/casaruralconperrosgirona.com\/la-soledat-del-que-ho-te-tot-i-la-fortuna-de-qui-te-gossos\/"},"modified":"2024-12-02T05:54:55","modified_gmt":"2024-12-02T05:54:55","slug":"la-soledat-del-que-ho-te-tot-i-la-fortuna-de-qui-te-gossos","status":"publish","type":"post","link":"https:\/\/mastorrencito.com\/cat\/la-soledat-del-que-ho-te-tot-i-la-fortuna-de-qui-te-gossos\/","title":{"rendered":"La soledat del que ho t\u00e9 tot i la fortuna de qui t\u00e9 gossos"},"content":{"rendered":"\n<p>El Javier vivia a Madrid, en un \u00e0tic modern amb finestrals que deixaven entrar tota la llum del dia. Des de la seva terrassa podia veure el Retiro, un oasi en qu\u00e8, no obstant, poques vegades passejava.   <strong>La soledat del que ho t\u00e9 tot i la fortuna de qui t\u00e9 gossos<\/strong><\/p>\n\n<p>La seva vida estava dissenyada per a l&#8217;\u00e8xit: vestits impecables, una feina que l&#8217;omplia de zeros el compte bancari i el tipus de llibertats que molts somien, com decidir un dimecres a la tarda que divendres estaria a Bali. Tenia tot el que se suposa que hauria de fer feli\u00e7 qualsevol\u2026 excepte la felicitat mateixa. <\/p>\n<figure class=\"wp-block-post-featured-image\"><img fetchpriority=\"high\" decoding=\"async\" width=\"1536\" height=\"2048\" src=\"https:\/\/mastorrencito.com\/cat\/wp-content\/uploads\/sites\/3\/manuelayjavier.jpg\" class=\"attachment-post-thumbnail size-post-thumbnail wp-post-image\" alt=\"\" style=\"object-fit:cover;\" srcset=\"https:\/\/mastorrencito.com\/cat\/wp-content\/uploads\/sites\/3\/manuelayjavier.jpg 1536w, https:\/\/mastorrencito.com\/cat\/wp-content\/uploads\/sites\/3\/manuelayjavier-225x300.jpg 225w, https:\/\/mastorrencito.com\/cat\/wp-content\/uploads\/sites\/3\/manuelayjavier-768x1024.jpg 768w, https:\/\/mastorrencito.com\/cat\/wp-content\/uploads\/sites\/3\/manuelayjavier-1152x1536.jpg 1152w\" sizes=\"(max-width: 1536px) 100vw, 1536px\" \/><\/figure>\n<p>Ho sabia perqu\u00e8 parl\u00e0vem molt. El Javier i jo hav\u00edem estat amics des de la universitat, per\u00f2 les nostres vides havien pres camins completament diferents. Mentre ell pujava com l&#8217;escuma al m\u00f3n corporatiu, jo havia decidit viure a Mas Torrencito, Girona, en una masia envoltada de boscos que vaig transformar en una casa rural on els gossos eren sempre benvinguts. Els meus tres companys de vida \u2014Manuela, Markos i Max\u2014 eren els veritables amfitrions del lloc, robant-li el protagonisme fins i tot als hostes m\u00e9s exigents.   <\/p>\n\n<p>El Javier sempre es mostrava curi\u00f3s sobre la meva vida, com si intent\u00e9s desxifrar el secret de per qu\u00e8 jo semblava tan tranquil mentre ell, envoltat de luxes, sentia un buit que no podia explicar.<\/p>\n\n<p>\u2014Tio, no s\u00e9 com ho fas. Viure al camp, cuidar una casa rural, estar envoltat de gossos\u2026 No t&#8217;avorreixes? \u2014em va preguntar una nit per tel\u00e8fon, des de la comoditat del seu \u00e0tic.  <\/p>\n\n<p>\u2014Avorrir-me? Amb Manuela, Markos i Max? Ni un segon. Tu t&#8217;avorreixes? \u2014li vaig respondre amb un somriure que ell va poder escoltar a trav\u00e9s del tel\u00e8fon.    <\/p>\n\n<p>Hi va haver un silenci. Javier mai no responia directament a aquestes preguntes, per\u00f2 jo ja sabia la resposta. <\/p>\n\n<p>\u2014Per qu\u00e8 no adoptes un gos? \u2014li vaig llan\u00e7ar, com feia sempre quan la conversa prenia aquest gir. <\/p>\n\n<p>\u2014Ja saps per qu\u00e8. Que si els viatges, que si la feina, que si\u2026 \u2014I hi venia la llista interminable d&#8217;excuses. Per\u00f2 aquesta vegada alguna cosa en el to era diferent. Com si ja no estigu\u00e9s tan conven\u00e7ut de les pr\u00f2pies raons.   <\/p>\n\n<figure class=\"wp-block-image size-full\"><img decoding=\"async\" width=\"768\" height=\"768\" src=\"https:\/\/mastorrencito.com\/wp-content\/uploads\/manuelayjavier2-1.jpg\" alt=\"\" class=\"wp-image-2495\" srcset=\"https:\/\/mastorrencito.com\/cat\/wp-content\/uploads\/sites\/3\/manuelayjavier2-1.jpg 768w, https:\/\/mastorrencito.com\/cat\/wp-content\/uploads\/sites\/3\/manuelayjavier2-1-300x300.jpg 300w, https:\/\/mastorrencito.com\/cat\/wp-content\/uploads\/sites\/3\/manuelayjavier2-1-150x150.jpg 150w\" sizes=\"(max-width: 768px) 100vw, 768px\" \/><\/figure>\n<hr class=\"wp-block-separator has-alpha-channel-opacity\" \/>\n\n<p>Un mes despr\u00e9s, Javier va decidir venir a visitar-me. No era com\u00fa que deix\u00e9s la seva c\u00f2moda rutina per aventurar-se fins al rac\u00f3 perdut on vivia, per\u00f2 havia comprat un cotxe el\u00e8ctric i el volia provar en un viatge llarg. <\/p>\n\n<p>El so del motor, gaireb\u00e9 perceptible, va trencar la calma de la tarda quan va arribar a la masia. Des del porxo, el vaig veure baixar amb aquest somriure que sempre portava posada, encara que jo podia veure el que hi havia al darrere: cansament, solitud. Els meus gossos, \u00e9s clar, van ser els primers a donar-li la benvinguda.  <\/p>\n\n<p>La Manuela, sempre la m\u00e9s afectuosa, va saltar cap a ell com si el conegu\u00e9s de tota la vida. Markos, reservat i desconfiat, ho observava des de la dist\u00e0ncia. Max, el entremaliat, ja estava ficant el musell al maleter del seu cotxe, probablement buscant alguna cosa per robar.  <\/p>\n\n<p>\u2014Quina rebuda! \u2014va dir Javier entre rialles, ajupint-se per acariciar Manuela, que ja l&#8217;havia adoptat com el seu nou millor amic. <\/p>\n\n<p>\u2014Ells tenen un talent especial per fer-te sentir estimat \u2014li vaig respondre mentre el convidava a passar-hi.<\/p>\n\n<hr class=\"wp-block-separator has-alpha-channel-opacity\" \/>\n\n<p>Aquella nit, vam sopar al porxo, il\u00b7luminats per la suau llum de les espelmes i la resplendor llunyana de la lluna. Vaig preparar un estofat de carn, pa casol\u00e0 i una mica de vi de la regi\u00f3. Mentre el Javier parlava dels seus \u00faltims viatges \u2014T\u00f2quio, Dubai, Nova York\u2014, jo li explicava an\u00e8cdotes de la masia: el dia que un hoste va deixar que el seu gos persegu\u00eds una cabra pel bosc, o com la Manuela sempre sabia guanyar-se els clients m\u00e9s t\u00edmids.  <\/p>\n\n<p>\u2014\u00c9s curi\u00f3s, saps? \u2014va dir el Javier mentre mirava els gossos dormisquejant als nostres peus\u2014. Em passo el dia envoltat de gent, en reunions, festes, esdeveniments\u2026 per\u00f2 mai no m&#8217;he sentit tan acompanyat com ara.  <\/p>\n\n<p>\u2014Aix\u00f2 \u00e9s perqu\u00e8 ells no et demanen res, Javier. Nom\u00e9s estar amb tu. \u2014Vaig fer una pausa i el vaig mirar directament als ulls\u2014. T&#8217;ho he dit mil vegades: adopta un gos.   <\/p>\n\n<p>Ell va sospirar, i per primer cop no va treure la llista d&#8217;excuses. Nom\u00e9s va murmurar un:<br \/> \u2014Potser hauria. <\/p>\n\n<h4 class=\"wp-block-heading\">Passeig pels boscos amb les mascotes de MasTorrencito<\/h4>\n\n<hr class=\"wp-block-separator has-alpha-channel-opacity\" \/>\n\n<p>L&#8217;endem\u00e0 al mat\u00ed, el vaig portar a passejar pels boscos que envolten la masia. L&#8217;aire fresc, l&#8217;olor dels pins i el cant dels ocells creaven un escenari que semblava tret d&#8217;un conte. Els meus gossos corrien lliures, perseguint pals i desapareixent entre els arbres, per despr\u00e9s tornar amb les lleng\u00fces fora i les cues movent-se com si fossin ventiladors.  <\/p>\n\n<p>El Javier caminava en silenci, observant cada detall. Va deixar el m\u00f2bil al cotxe, una cosa rara en ell, i es va centrar en el moment. <\/p>\n\n<p>\u2014Sempre \u00e9s aix\u00ed? \u2014em va preguntar mentre Max li deixava caure un pal als peus, mirant-lo amb ulls expectants. <\/p>\n\n<p>\u2014Sempre. L&#8217;\u00fanica cosa que necessiten \u00e9s aix\u00f2: c\u00f3rrer, respirar, estar amb tu. <\/p>\n\n<p>En un moment, Manuela es va asseure al seu costat, recolzant el cap a la cama. Javier li va acariciar les orelles, i jo vaig veure alguna cosa en la seva expressi\u00f3 que no havia vist abans: calma. <\/p>\n\n<p>\u2014No sabia que em podia sentir aix\u00ed. \u2014La seva veu era un xiuxiueig, com si estigu\u00e9s compartint un secret amb ell mateix. <\/p>\n\n<hr class=\"wp-block-separator has-alpha-channel-opacity\" \/>\n\n<h4 class=\"wp-block-heading\">El retorn de javier<\/h4>\n\n<p>Setmanes despr\u00e9s, vaig rebre un missatge seu. Era una fotografia. Hi apareixia Javier, assegut a la seva terrassa de Madrid, abra\u00e7ant una gossa mestissa amb grans orelles i mirada dol\u00e7a.  <\/p>\n\n<p>\u2014Es diu Nala. La vaig adoptar ahir. No s\u00e9 per qu\u00e8 no ho vaig fer abans. \u2014Aquest va ser el seu text \u00fanic.   <\/p>\n\n<p>Des de llavors, Javier no va tornar a ser el mateix. Va canviar els viatges ex\u00f2tics per escapades a pobles petits amb Nala, descobrint un costat d&#8217;Espanya que abans mai no havia valorat. La seva casa va deixar de ser aquell lloc fred i buit on tornava despr\u00e9s de la feina; ara era una llar plena de vida. Fins i tot a la seva oficina, va implementar una pol\u00edtica perqu\u00e8 els empleats poguessin portar els seus gossos a la feina, cosa que va transformar completament l&#8217;ambient laboral.   <\/p>\n\n<p>Quan em va tornar a visitar, mesos despr\u00e9s, aquesta vegada amb Nala al seu cotxe, el vaig veure com mai abans: relaxat, feli\u00e7, complet.<\/p>\n\n<p>\u2014Tio, tenies ra\u00f3. La meva vida era un desastre i ni tan sols ho sabia. Nala m&#8217;ha ensenyat all\u00f2 que realment importa.  <\/p>\n\n<p>\u2014Benvingut al club dels veritablement rics, amic. \u2014Li vaig respondre mentre Manuela, Markos i Max corrien a saludar la Nala, com si la coneguessin des de sempre. <\/p>\n\n<p>I aix\u00ed, Javier va descobrir que la veritable riquesa no \u00e9s als viatges, als cotxes ni als comptes plens de zeros, sin\u00f3 en els moments simples i aut\u00e8ntics, com compartir la teva vida amb alg\u00fa que t&#8217;estima sense condicions, com nom\u00e9s un gos sap fer-ho.<\/p>\n\n<p>COMPARTIR-LO a les teves xarxes AMB ELS TEUS AMICS, Please\u2026..!!!!!!!<\/p>\n\n<blockquote class=\"wp-block-quote is-layout-flow wp-block-quote-is-layout-flow\">\n<p>Des de Mas Torrencito us desitgem un bon dia i que els vostres goss us acompanyi!!!!<\/p>\n<\/blockquote>\n\n<p>\u2014\u2013<br \/> Si vols, podeu veure els nostres <strong>bons per a caps de setmana, bons jubilats<\/strong> , a un preu incre\u00efble..entra a <a href=\"https:\/\/www.mastorrencito.com\/\">www.mastorrencito.com<\/a> o si vols podeu llegir m\u00e9s hist\u00f2ria i an\u00e8cdotes que ens han passat a Mas Torrencito\u2026 Fes clic <a href=\"https:\/\/mastorrencito.com\/\">aqu\u00ed<\/a> .<br \/> _________________________<br \/><a href=\"https:\/\/www.instagram.com\/explore\/tags\/pets\/\">#pets<\/a> <a href=\"https:\/\/www.instagram.com\/explore\/tags\/gatos\/\">#gatos<\/a> <a href=\"https:\/\/www.instagram.com\/explore\/tags\/dog\/\">#dog<\/a> <a href=\"https:\/\/www.instagram.com\/explore\/tags\/dogs\/\">#dogs<\/a> <a href=\"https:\/\/www.instagram.com\/explore\/tags\/pet\/\">#pet<\/a> <a href=\"https:\/\/www.instagram.com\/explore\/tags\/perro\/\">#perro<\/a> <a href=\"https:\/\/www.instagram.com\/explore\/tags\/mascotasfelices\/\">#mascotasfelices<\/a> <a href=\"https:\/\/www.instagram.com\/explore\/tags\/animales\/\">#animales<\/a> <a href=\"https:\/\/www.instagram.com\/explore\/tags\/dogsofinstagram\/\">#dogsofinstagram<\/a> <a href=\"https:\/\/www.instagram.com\/explore\/tags\/perrosdeinstagram\/\">#perrosdeinstagram<\/a> <a href=\"https:\/\/www.instagram.com\/explore\/tags\/doglover\/\">#doglover<\/a> <a href=\"https:\/\/www.instagram.com\/explore\/tags\/mascota\/\">#mascota<\/a> <a href=\"https:\/\/www.instagram.com\/explore\/tags\/instadog\/\">#instadog<\/a> <a href=\"https:\/\/www.instagram.com\/explore\/tags\/perrosfelices\/\">#perrosfelices<\/a> <a href=\"https:\/\/www.instagram.com\/explore\/tags\/gato\/\">#gato<\/a> <a href=\"https:\/\/www.instagram.com\/explore\/tags\/cats\/\">#cats<\/a> <a href=\"https:\/\/www.instagram.com\/explore\/tags\/amorperruno\/\">#amorperruno<\/a> <a href=\"https:\/\/www.instagram.com\/explore\/tags\/mastorrencito\/\">#mastorrencito<\/a> <a href=\"https:\/\/www.instagram.com\/explore\/tags\/puppy\/\">#puppy<\/a> <a href=\"https:\/\/www.instagram.com\/explore\/tags\/turismeruralgirona30anys\/\">#turismeruralgirona30anys<\/a> <a href=\"https:\/\/www.instagram.com\/explore\/tags\/paretsdemporda\/\">#paretsdemporda<\/a> <a href=\"https:\/\/www.instagram.com\/explore\/tags\/doglovers\/\">#doglovers<\/a> <a href=\"https:\/\/www.instagram.com\/explore\/tags\/dogstagram\/\">#dogstagram<\/a> <a href=\"https:\/\/www.instagram.com\/explore\/tags\/veterinaria\/\">#veterinaria<\/a> <a href=\"https:\/\/www.instagram.com\/explore\/tags\/petshop\/\">#petshop<\/a> <a href=\"https:\/\/www.instagram.com\/explore\/tags\/adoptanocompres\/\">#adoptanocompres<\/a> <a href=\"https:\/\/www.instagram.com\/explore\/tags\/bhfyp\/\">#bhfyp<\/a> <a href=\"https:\/\/www.instagram.com\/explore\/tags\/vilademuls%F0%9F%92%99\/\">#vilademuls\ud83d\udc99<\/a><\/p>\n\n<p><\/p>\n","protected":false},"excerpt":{"rendered":"<p>El Javier vivia a Madrid, en un \u00e0tic modern amb finestrals que deixaven entrar tota la llum del dia. Des de la seva terrassa podia veure el Retiro, un oasi en qu\u00e8, no obstant, poques vegades passejava. La soledat del que ho t\u00e9 tot i la fortuna de qui t\u00e9 gossos La seva vida estava [&hellip;]<\/p>\n","protected":false},"author":2,"featured_media":2489,"comment_status":"open","ping_status":"closed","sticky":false,"template":"","format":"standard","meta":{"_acf_changed":false,"footnotes":""},"categories":[35],"tags":[55,57,42,56],"class_list":["post-2508","post","type-post","status-publish","format-standard","has-post-thumbnail","hentry","category-histories-mastorrencito","tag-turismecostabrava","tag-turismeruralambgossos-3","tag-turismoconmascotas","tag-viatjar-amb-gossos"],"yoast_head":"<!-- This site is optimized with the Yoast SEO Premium plugin v27.3 (Yoast SEO v27.5) - https:\/\/yoast.com\/product\/yoast-seo-premium-wordpress\/ -->\n<title>La soledat del que ho t\u00e9 tot i la fortuna de qui t\u00e9 gossos - Mas Torrencito CAT<\/title>\n<meta name=\"description\" content=\"De com un gos et pot canviar la vida... Hist\u00f2ries de MasTorrencito, la casa rural per a mascotes que accepta persones.\" \/>\n<meta name=\"robots\" content=\"index, follow, max-snippet:-1, max-image-preview:large, max-video-preview:-1\" \/>\n<link rel=\"canonical\" href=\"https:\/\/mastorrencito.com\/cat\/la-soledat-del-que-ho-te-tot-i-la-fortuna-de-qui-te-gossos\/\" \/>\n<meta property=\"og:locale\" content=\"es_ES\" \/>\n<meta property=\"og:type\" content=\"article\" \/>\n<meta property=\"og:title\" content=\"La soledat del que ho t\u00e9 tot i la fortuna de qui t\u00e9 gossos\" \/>\n<meta property=\"og:description\" content=\"De com un gos et pot canviar la vida... Hist\u00f2ries de MasTorrencito, la casa rural per a mascotes que accepta persones.\" \/>\n<meta property=\"og:url\" content=\"https:\/\/mastorrencito.com\/cat\/la-soledat-del-que-ho-te-tot-i-la-fortuna-de-qui-te-gossos\/\" \/>\n<meta property=\"og:site_name\" content=\"Mas Torrencito CAT\" \/>\n<meta property=\"article:published_time\" content=\"2024-12-02T05:54:55+00:00\" \/>\n<meta property=\"og:image\" content=\"https:\/\/mastorrencito.com\/cat\/wp-content\/uploads\/sites\/3\/manuelayjavier.jpg\" \/>\n\t<meta property=\"og:image:width\" content=\"1536\" \/>\n\t<meta property=\"og:image:height\" content=\"2048\" \/>\n\t<meta property=\"og:image:type\" content=\"image\/jpeg\" \/>\n<meta name=\"author\" content=\"Mastorrencito\" \/>\n<meta name=\"twitter:card\" content=\"summary_large_image\" \/>\n<meta name=\"twitter:label1\" content=\"Escrito por\" \/>\n\t<meta name=\"twitter:data1\" content=\"Mastorrencito\" \/>\n\t<meta name=\"twitter:label2\" content=\"Tiempo de lectura\" \/>\n\t<meta name=\"twitter:data2\" content=\"8 minutos\" \/>\n<script type=\"application\/ld+json\" class=\"yoast-schema-graph\">{\"@context\":\"https:\\\/\\\/schema.org\",\"@graph\":[{\"@type\":\"Article\",\"@id\":\"https:\\\/\\\/mastorrencito.com\\\/cat\\\/la-soledat-del-que-ho-te-tot-i-la-fortuna-de-qui-te-gossos\\\/#article\",\"isPartOf\":{\"@id\":\"https:\\\/\\\/mastorrencito.com\\\/cat\\\/la-soledat-del-que-ho-te-tot-i-la-fortuna-de-qui-te-gossos\\\/\"},\"author\":{\"name\":\"Mastorrencito\",\"@id\":\"https:\\\/\\\/mastorrencito.com\\\/#\\\/schema\\\/person\\\/18c619be80d4ae2667c702911625f790\"},\"headline\":\"La soledat del que ho t\u00e9 tot i la fortuna de qui t\u00e9 gossos\",\"datePublished\":\"2024-12-02T05:54:55+00:00\",\"mainEntityOfPage\":{\"@id\":\"https:\\\/\\\/mastorrencito.com\\\/cat\\\/la-soledat-del-que-ho-te-tot-i-la-fortuna-de-qui-te-gossos\\\/\"},\"wordCount\":1342,\"commentCount\":2,\"publisher\":{\"@id\":\"https:\\\/\\\/mastorrencito.com\\\/#organization\"},\"image\":{\"@id\":\"https:\\\/\\\/mastorrencito.com\\\/cat\\\/la-soledat-del-que-ho-te-tot-i-la-fortuna-de-qui-te-gossos\\\/#primaryimage\"},\"thumbnailUrl\":\"https:\\\/\\\/mastorrencito.com\\\/cat\\\/wp-content\\\/uploads\\\/sites\\\/3\\\/manuelayjavier.jpg\",\"keywords\":[\"turismecostabrava\",\"turismeruralambgossos\",\"turismoconmascotas\",\"viatjar amb gossos\"],\"articleSection\":[\"Hist\u00f2ries Mastorrencito\"],\"inLanguage\":\"es\",\"potentialAction\":[{\"@type\":\"CommentAction\",\"name\":\"Comment\",\"target\":[\"https:\\\/\\\/mastorrencito.com\\\/cat\\\/la-soledat-del-que-ho-te-tot-i-la-fortuna-de-qui-te-gossos\\\/#respond\"]}]},{\"@type\":\"WebPage\",\"@id\":\"https:\\\/\\\/mastorrencito.com\\\/cat\\\/la-soledat-del-que-ho-te-tot-i-la-fortuna-de-qui-te-gossos\\\/\",\"url\":\"https:\\\/\\\/mastorrencito.com\\\/cat\\\/la-soledat-del-que-ho-te-tot-i-la-fortuna-de-qui-te-gossos\\\/\",\"name\":\"La soledat del que ho t\u00e9 tot i la fortuna de qui t\u00e9 gossos - Mas Torrencito CAT\",\"isPartOf\":{\"@id\":\"https:\\\/\\\/mastorrencito.com\\\/#website\"},\"primaryImageOfPage\":{\"@id\":\"https:\\\/\\\/mastorrencito.com\\\/cat\\\/la-soledat-del-que-ho-te-tot-i-la-fortuna-de-qui-te-gossos\\\/#primaryimage\"},\"image\":{\"@id\":\"https:\\\/\\\/mastorrencito.com\\\/cat\\\/la-soledat-del-que-ho-te-tot-i-la-fortuna-de-qui-te-gossos\\\/#primaryimage\"},\"thumbnailUrl\":\"https:\\\/\\\/mastorrencito.com\\\/cat\\\/wp-content\\\/uploads\\\/sites\\\/3\\\/manuelayjavier.jpg\",\"datePublished\":\"2024-12-02T05:54:55+00:00\",\"description\":\"De com un gos et pot canviar la vida... Hist\u00f2ries de MasTorrencito, la casa rural per a mascotes que accepta persones.\",\"breadcrumb\":{\"@id\":\"https:\\\/\\\/mastorrencito.com\\\/cat\\\/la-soledat-del-que-ho-te-tot-i-la-fortuna-de-qui-te-gossos\\\/#breadcrumb\"},\"inLanguage\":\"es\",\"potentialAction\":[{\"@type\":\"ReadAction\",\"target\":[\"https:\\\/\\\/mastorrencito.com\\\/cat\\\/la-soledat-del-que-ho-te-tot-i-la-fortuna-de-qui-te-gossos\\\/\"]}]},{\"@type\":\"ImageObject\",\"inLanguage\":\"es\",\"@id\":\"https:\\\/\\\/mastorrencito.com\\\/cat\\\/la-soledat-del-que-ho-te-tot-i-la-fortuna-de-qui-te-gossos\\\/#primaryimage\",\"url\":\"https:\\\/\\\/mastorrencito.com\\\/cat\\\/wp-content\\\/uploads\\\/sites\\\/3\\\/manuelayjavier.jpg\",\"contentUrl\":\"https:\\\/\\\/mastorrencito.com\\\/cat\\\/wp-content\\\/uploads\\\/sites\\\/3\\\/manuelayjavier.jpg\",\"width\":1536,\"height\":2048},{\"@type\":\"BreadcrumbList\",\"@id\":\"https:\\\/\\\/mastorrencito.com\\\/cat\\\/la-soledat-del-que-ho-te-tot-i-la-fortuna-de-qui-te-gossos\\\/#breadcrumb\",\"itemListElement\":[{\"@type\":\"ListItem\",\"position\":1,\"name\":\"Portada\",\"item\":\"https:\\\/\\\/mastorrencito.com\\\/\"},{\"@type\":\"ListItem\",\"position\":2,\"name\":\"La soledat del que ho t\u00e9 tot i la fortuna de qui t\u00e9 gossos\"}]},{\"@type\":\"WebSite\",\"@id\":\"https:\\\/\\\/mastorrencito.com\\\/#website\",\"url\":\"https:\\\/\\\/mastorrencito.com\\\/\",\"name\":\"Mas Torrencito CAT\",\"description\":\"Casa rural pet friendly en Girona\",\"publisher\":{\"@id\":\"https:\\\/\\\/mastorrencito.com\\\/#organization\"},\"potentialAction\":[{\"@type\":\"SearchAction\",\"target\":{\"@type\":\"EntryPoint\",\"urlTemplate\":\"https:\\\/\\\/mastorrencito.com\\\/?s={search_term_string}\"},\"query-input\":{\"@type\":\"PropertyValueSpecification\",\"valueRequired\":true,\"valueName\":\"search_term_string\"}}],\"inLanguage\":\"es\"},{\"@type\":\"Organization\",\"@id\":\"https:\\\/\\\/mastorrencito.com\\\/#organization\",\"name\":\"Mas Torrencito CAT\",\"url\":\"https:\\\/\\\/mastorrencito.com\\\/\",\"logo\":{\"@type\":\"ImageObject\",\"inLanguage\":\"es\",\"@id\":\"https:\\\/\\\/mastorrencito.com\\\/#\\\/schema\\\/logo\\\/image\\\/\",\"url\":\"https:\\\/\\\/mastorrencito.com\\\/cat\\\/wp-content\\\/uploads\\\/sites\\\/3\\\/Logo-Mastorrencito-horizontal.webp\",\"contentUrl\":\"https:\\\/\\\/mastorrencito.com\\\/cat\\\/wp-content\\\/uploads\\\/sites\\\/3\\\/Logo-Mastorrencito-horizontal.webp\",\"width\":161,\"height\":54,\"caption\":\"Mas Torrencito CAT\"},\"image\":{\"@id\":\"https:\\\/\\\/mastorrencito.com\\\/#\\\/schema\\\/logo\\\/image\\\/\"}},{\"@type\":\"Person\",\"@id\":\"https:\\\/\\\/mastorrencito.com\\\/#\\\/schema\\\/person\\\/18c619be80d4ae2667c702911625f790\",\"name\":\"Mastorrencito\",\"image\":{\"@type\":\"ImageObject\",\"inLanguage\":\"es\",\"@id\":\"https:\\\/\\\/secure.gravatar.com\\\/avatar\\\/3ef55e0519f987a734c21caee1423b51df7b760b7d81a38ecd31cab0a5115f6d?s=96&d=mm&r=g\",\"url\":\"https:\\\/\\\/secure.gravatar.com\\\/avatar\\\/3ef55e0519f987a734c21caee1423b51df7b760b7d81a38ecd31cab0a5115f6d?s=96&d=mm&r=g\",\"contentUrl\":\"https:\\\/\\\/secure.gravatar.com\\\/avatar\\\/3ef55e0519f987a734c21caee1423b51df7b760b7d81a38ecd31cab0a5115f6d?s=96&d=mm&r=g\",\"caption\":\"Mastorrencito\"},\"url\":\"https:\\\/\\\/mastorrencito.com\\\/cat\\\/author\\\/mastorrencito\\\/\"}]}<\/script>\n<!-- \/ Yoast SEO Premium plugin. -->","yoast_head_json":{"title":"La soledat del que ho t\u00e9 tot i la fortuna de qui t\u00e9 gossos - Mas Torrencito CAT","description":"De com un gos et pot canviar la vida... Hist\u00f2ries de MasTorrencito, la casa rural per a mascotes que accepta persones.","robots":{"index":"index","follow":"follow","max-snippet":"max-snippet:-1","max-image-preview":"max-image-preview:large","max-video-preview":"max-video-preview:-1"},"canonical":"https:\/\/mastorrencito.com\/cat\/la-soledat-del-que-ho-te-tot-i-la-fortuna-de-qui-te-gossos\/","og_locale":"es_ES","og_type":"article","og_title":"La soledat del que ho t\u00e9 tot i la fortuna de qui t\u00e9 gossos","og_description":"De com un gos et pot canviar la vida... Hist\u00f2ries de MasTorrencito, la casa rural per a mascotes que accepta persones.","og_url":"https:\/\/mastorrencito.com\/cat\/la-soledat-del-que-ho-te-tot-i-la-fortuna-de-qui-te-gossos\/","og_site_name":"Mas Torrencito CAT","article_published_time":"2024-12-02T05:54:55+00:00","og_image":[{"width":1536,"height":2048,"url":"https:\/\/mastorrencito.com\/cat\/wp-content\/uploads\/sites\/3\/manuelayjavier.jpg","type":"image\/jpeg"}],"author":"Mastorrencito","twitter_card":"summary_large_image","twitter_misc":{"Escrito por":"Mastorrencito","Tiempo de lectura":"8 minutos"},"schema":{"@context":"https:\/\/schema.org","@graph":[{"@type":"Article","@id":"https:\/\/mastorrencito.com\/cat\/la-soledat-del-que-ho-te-tot-i-la-fortuna-de-qui-te-gossos\/#article","isPartOf":{"@id":"https:\/\/mastorrencito.com\/cat\/la-soledat-del-que-ho-te-tot-i-la-fortuna-de-qui-te-gossos\/"},"author":{"name":"Mastorrencito","@id":"https:\/\/mastorrencito.com\/#\/schema\/person\/18c619be80d4ae2667c702911625f790"},"headline":"La soledat del que ho t\u00e9 tot i la fortuna de qui t\u00e9 gossos","datePublished":"2024-12-02T05:54:55+00:00","mainEntityOfPage":{"@id":"https:\/\/mastorrencito.com\/cat\/la-soledat-del-que-ho-te-tot-i-la-fortuna-de-qui-te-gossos\/"},"wordCount":1342,"commentCount":2,"publisher":{"@id":"https:\/\/mastorrencito.com\/#organization"},"image":{"@id":"https:\/\/mastorrencito.com\/cat\/la-soledat-del-que-ho-te-tot-i-la-fortuna-de-qui-te-gossos\/#primaryimage"},"thumbnailUrl":"https:\/\/mastorrencito.com\/cat\/wp-content\/uploads\/sites\/3\/manuelayjavier.jpg","keywords":["turismecostabrava","turismeruralambgossos","turismoconmascotas","viatjar amb gossos"],"articleSection":["Hist\u00f2ries Mastorrencito"],"inLanguage":"es","potentialAction":[{"@type":"CommentAction","name":"Comment","target":["https:\/\/mastorrencito.com\/cat\/la-soledat-del-que-ho-te-tot-i-la-fortuna-de-qui-te-gossos\/#respond"]}]},{"@type":"WebPage","@id":"https:\/\/mastorrencito.com\/cat\/la-soledat-del-que-ho-te-tot-i-la-fortuna-de-qui-te-gossos\/","url":"https:\/\/mastorrencito.com\/cat\/la-soledat-del-que-ho-te-tot-i-la-fortuna-de-qui-te-gossos\/","name":"La soledat del que ho t\u00e9 tot i la fortuna de qui t\u00e9 gossos - Mas Torrencito CAT","isPartOf":{"@id":"https:\/\/mastorrencito.com\/#website"},"primaryImageOfPage":{"@id":"https:\/\/mastorrencito.com\/cat\/la-soledat-del-que-ho-te-tot-i-la-fortuna-de-qui-te-gossos\/#primaryimage"},"image":{"@id":"https:\/\/mastorrencito.com\/cat\/la-soledat-del-que-ho-te-tot-i-la-fortuna-de-qui-te-gossos\/#primaryimage"},"thumbnailUrl":"https:\/\/mastorrencito.com\/cat\/wp-content\/uploads\/sites\/3\/manuelayjavier.jpg","datePublished":"2024-12-02T05:54:55+00:00","description":"De com un gos et pot canviar la vida... Hist\u00f2ries de MasTorrencito, la casa rural per a mascotes que accepta persones.","breadcrumb":{"@id":"https:\/\/mastorrencito.com\/cat\/la-soledat-del-que-ho-te-tot-i-la-fortuna-de-qui-te-gossos\/#breadcrumb"},"inLanguage":"es","potentialAction":[{"@type":"ReadAction","target":["https:\/\/mastorrencito.com\/cat\/la-soledat-del-que-ho-te-tot-i-la-fortuna-de-qui-te-gossos\/"]}]},{"@type":"ImageObject","inLanguage":"es","@id":"https:\/\/mastorrencito.com\/cat\/la-soledat-del-que-ho-te-tot-i-la-fortuna-de-qui-te-gossos\/#primaryimage","url":"https:\/\/mastorrencito.com\/cat\/wp-content\/uploads\/sites\/3\/manuelayjavier.jpg","contentUrl":"https:\/\/mastorrencito.com\/cat\/wp-content\/uploads\/sites\/3\/manuelayjavier.jpg","width":1536,"height":2048},{"@type":"BreadcrumbList","@id":"https:\/\/mastorrencito.com\/cat\/la-soledat-del-que-ho-te-tot-i-la-fortuna-de-qui-te-gossos\/#breadcrumb","itemListElement":[{"@type":"ListItem","position":1,"name":"Portada","item":"https:\/\/mastorrencito.com\/"},{"@type":"ListItem","position":2,"name":"La soledat del que ho t\u00e9 tot i la fortuna de qui t\u00e9 gossos"}]},{"@type":"WebSite","@id":"https:\/\/mastorrencito.com\/#website","url":"https:\/\/mastorrencito.com\/","name":"Mas Torrencito CAT","description":"Casa rural pet friendly en Girona","publisher":{"@id":"https:\/\/mastorrencito.com\/#organization"},"potentialAction":[{"@type":"SearchAction","target":{"@type":"EntryPoint","urlTemplate":"https:\/\/mastorrencito.com\/?s={search_term_string}"},"query-input":{"@type":"PropertyValueSpecification","valueRequired":true,"valueName":"search_term_string"}}],"inLanguage":"es"},{"@type":"Organization","@id":"https:\/\/mastorrencito.com\/#organization","name":"Mas Torrencito CAT","url":"https:\/\/mastorrencito.com\/","logo":{"@type":"ImageObject","inLanguage":"es","@id":"https:\/\/mastorrencito.com\/#\/schema\/logo\/image\/","url":"https:\/\/mastorrencito.com\/cat\/wp-content\/uploads\/sites\/3\/Logo-Mastorrencito-horizontal.webp","contentUrl":"https:\/\/mastorrencito.com\/cat\/wp-content\/uploads\/sites\/3\/Logo-Mastorrencito-horizontal.webp","width":161,"height":54,"caption":"Mas Torrencito CAT"},"image":{"@id":"https:\/\/mastorrencito.com\/#\/schema\/logo\/image\/"}},{"@type":"Person","@id":"https:\/\/mastorrencito.com\/#\/schema\/person\/18c619be80d4ae2667c702911625f790","name":"Mastorrencito","image":{"@type":"ImageObject","inLanguage":"es","@id":"https:\/\/secure.gravatar.com\/avatar\/3ef55e0519f987a734c21caee1423b51df7b760b7d81a38ecd31cab0a5115f6d?s=96&d=mm&r=g","url":"https:\/\/secure.gravatar.com\/avatar\/3ef55e0519f987a734c21caee1423b51df7b760b7d81a38ecd31cab0a5115f6d?s=96&d=mm&r=g","contentUrl":"https:\/\/secure.gravatar.com\/avatar\/3ef55e0519f987a734c21caee1423b51df7b760b7d81a38ecd31cab0a5115f6d?s=96&d=mm&r=g","caption":"Mastorrencito"},"url":"https:\/\/mastorrencito.com\/cat\/author\/mastorrencito\/"}]}},"acf":[],"_links":{"self":[{"href":"https:\/\/mastorrencito.com\/cat\/wp-json\/wp\/v2\/posts\/2508","targetHints":{"allow":["GET"]}}],"collection":[{"href":"https:\/\/mastorrencito.com\/cat\/wp-json\/wp\/v2\/posts"}],"about":[{"href":"https:\/\/mastorrencito.com\/cat\/wp-json\/wp\/v2\/types\/post"}],"author":[{"embeddable":true,"href":"https:\/\/mastorrencito.com\/cat\/wp-json\/wp\/v2\/users\/2"}],"replies":[{"embeddable":true,"href":"https:\/\/mastorrencito.com\/cat\/wp-json\/wp\/v2\/comments?post=2508"}],"version-history":[{"count":0,"href":"https:\/\/mastorrencito.com\/cat\/wp-json\/wp\/v2\/posts\/2508\/revisions"}],"wp:featuredmedia":[{"embeddable":true,"href":"https:\/\/mastorrencito.com\/cat\/wp-json\/wp\/v2\/media\/2489"}],"wp:attachment":[{"href":"https:\/\/mastorrencito.com\/cat\/wp-json\/wp\/v2\/media?parent=2508"}],"wp:term":[{"taxonomy":"category","embeddable":true,"href":"https:\/\/mastorrencito.com\/cat\/wp-json\/wp\/v2\/categories?post=2508"},{"taxonomy":"post_tag","embeddable":true,"href":"https:\/\/mastorrencito.com\/cat\/wp-json\/wp\/v2\/tags?post=2508"}],"curies":[{"name":"wp","href":"https:\/\/api.w.org\/{rel}","templated":true}]}}