{"id":2264,"date":"2024-11-23T08:00:43","date_gmt":"2024-11-23T08:00:43","guid":{"rendered":"https:\/\/casaruralconperrosgirona.com\/beget-paradis-natural-amb-mascotes\/"},"modified":"2024-11-23T08:00:43","modified_gmt":"2024-11-23T08:00:43","slug":"beget-paradis-natural-amb-mascotes","status":"publish","type":"post","link":"https:\/\/mastorrencito.com\/cat\/beget-paradis-natural-amb-mascotes\/","title":{"rendered":"Beget, parad\u00eds natural amb mascotes"},"content":{"rendered":"\n<h3 class=\"wp-block-heading\">Descobreix Beget: Un rac\u00f3 m\u00e0gic per gaudir amb el teu gos \ud83d\udc3e<\/h3>\n\n<p>Endinsa&#8217;t pels carrers empedrats de <strong>Beget, Girona<\/strong> , i sent com el temps sembla aturar-se. Aquest lloc, que sembla tret d&#8217;un conte, ofereix tranquil\u00b7litat, paisatges incre\u00efbles i racons perfectes per gaudir en companyia del vostre gos. \u00c9s m\u00e9s que una destinaci\u00f3: \u00e9s una experi\u00e8ncia per a tots els sentits.  <\/p>\n\n<p>Ubicat a la regi\u00f3 de <strong>la Garrotxa<\/strong> , Beget et captivar\u00e0 amb les seves cases de pedra vorejant la riera, els seus petits ponts rom\u00e0nics i aquesta atmosfera que convida a desconnectar. Aqu\u00ed, cada detall est\u00e0 pensat per fer de la teva visita una cosa \u00fanica, especialment si v\u00e9ns acompanyat del teu amic de quatre potes. <\/p>\n\n<hr class=\"wp-block-separator has-alpha-channel-opacity\" \/>\n\n<h3 class=\"wp-block-heading\">Per qu\u00e8 visitar Beget amb el teu gos?<\/h3>\n\n<p>La natura que envolta Beget i els seus camins empedrats s\u00f3n perfectes per a passejades tranquil\u00b7les amb el teu gos. Entre els seus rierols d&#8217;aigua cristal\u00b7lina i petites cascades, podr\u00e0 gaudir tant com tu. No oblidis portar aigua per a tots dos, ja que hi ha diverses rutes per descobrir.  <\/p>\n<figure class=\"wp-block-post-featured-image\"><img fetchpriority=\"high\" decoding=\"async\" width=\"600\" height=\"450\" src=\"https:\/\/mastorrencito.com\/cat\/wp-content\/uploads\/sites\/3\/beget.jpeg\" class=\"attachment-post-thumbnail size-post-thumbnail wp-post-image\" alt=\"Beiget paraiso natural. Mas Torrencito\" style=\"object-fit:cover;\" srcset=\"https:\/\/mastorrencito.com\/cat\/wp-content\/uploads\/sites\/3\/beget.jpeg 600w, https:\/\/mastorrencito.com\/cat\/wp-content\/uploads\/sites\/3\/beget-300x225.jpeg 300w\" sizes=\"(max-width: 600px) 100vw, 600px\" \/><\/figure>\n<hr class=\"wp-block-separator has-alpha-channel-opacity\" \/>\n\n<h3 class=\"wp-block-heading\">El que no et pots perdre a Beget<\/h3>\n\n<h4 class=\"wp-block-heading\"><strong>L&#8217;Esgl\u00e9sia de Sant Crist\u00f2fol<\/strong><\/h4>\n\n<p>Aquesta joia rom\u00e0nica datada l&#8217;any 979 \u00e9s un dels s\u00edmbols de Beget. El seu interior acull el fam\u00f3s <strong>Crist Majestat<\/strong> , una escultura policromada del segle XII que, segons explica la hist\u00f2ria, va ser salvada de la destrucci\u00f3 durant la Guerra Civil gr\u00e0cies a la valentia dels ve\u00efns. <\/p>\n\n<h4 class=\"wp-block-heading\"><strong>La Torre del Rellotge<\/strong><\/h4>\n\n<p>Amb els 22 metres d&#8217;al\u00e7ada i quatre pisos, aquesta torre sembla custodiar el temps a Beget. La seva imponent pres\u00e8ncia evoca la hist\u00f2ria medieval del lloc. <\/p>\n\n<h4 class=\"wp-block-heading\"><strong>Els ponts rom\u00e0nics<\/strong><\/h4>\n\n<p>Caminar pels ponts del segle XIV amb el teu gos ser\u00e0 com recular en el temps. A m\u00e9s, les vistes des d&#8217;aquests punts s\u00f3n perfectes per fer fotos inoblidables. <\/p>\n\n<hr class=\"wp-block-separator has-alpha-channel-opacity\" \/>\n\n<h3 class=\"wp-block-heading\">Activitats a Beget<\/h3>\n\n<ul class=\"wp-block-list\">\n<li><strong>Senderisme<\/strong> : Explora rutes com la que connecta Beget amb Rocabruna o l&#8217;Alta Garrotxa. Ambdues s\u00f3n ideals per rec\u00f3rrer amb el teu gos. <\/li>\n\n\n\n<li><strong>Passejades tranquil\u00b7les<\/strong> : Gaudeix dels carrers del poble, els seus racons plens d&#8217;encant i la tranquil\u00b7litat del seu entorn.<\/li>\n\n\n\n<li><strong>Picnic al costat de la riera<\/strong> : Si el clima acompanya, aquest \u00e9s un pla perfecte per a tu i la teva mascota.<\/li>\n<\/ul>\n\n<hr class=\"wp-block-separator has-alpha-channel-opacity\" \/>\n\n<h3 class=\"wp-block-heading\">Com arribar des de Mas Torrencito<\/h3>\n\n<figure class=\"wp-block-image size-large\"><img decoding=\"async\" width=\"1024\" height=\"568\" src=\"https:\/\/mastorrencito.com\/wp-content\/uploads\/2024\/11\/Captura-de-pantalla-2024-11-23-085330-1024x568.png\" alt=\"\" class=\"wp-image-2260\" srcset=\"https:\/\/mastorrencito.com\/cat\/wp-content\/uploads\/sites\/3\/Captura-de-pantalla-2024-11-23-085330-1024x568.png 1024w, https:\/\/mastorrencito.com\/cat\/wp-content\/uploads\/sites\/3\/Captura-de-pantalla-2024-11-23-085330-300x166.png 300w, https:\/\/mastorrencito.com\/cat\/wp-content\/uploads\/sites\/3\/Captura-de-pantalla-2024-11-23-085330-768x426.png 768w, https:\/\/mastorrencito.com\/cat\/wp-content\/uploads\/sites\/3\/Captura-de-pantalla-2024-11-23-085330.png 1362w\" sizes=\"(max-width: 1024px) 100vw, 1024px\" \/><\/figure>\n<hr class=\"wp-block-separator has-alpha-channel-opacity\" \/>\n\n<h3 class=\"wp-block-heading\">\u00bf Qu\u00e8 hi ha a prop de Beget?<\/h3>\n\n<p>Si tens temps, visita altres pobles propers com:<\/p>\n\n<ul class=\"wp-block-list\">\n<li><strong>Camprodon<\/strong> : Fam\u00f3s pel seu pont medieval i el seu encant.<\/li>\n\n\n\n<li><strong>Castellfollit de la Roca<\/strong> : Impressionant per casa seva a la vora del penya-segat.<\/li>\n\n\n\n<li><strong>Besal\u00fa<\/strong> : Un tresor medieval amb un pont que sembla de pel\u00b7l\u00edcula.<\/li>\n<\/ul>\n\n<hr class=\"wp-block-separator has-alpha-channel-opacity\" \/>\n\n<h3 class=\"wp-block-heading\">Informaci\u00f3 pr\u00e0ctica<\/h3>\n\n<ul class=\"wp-block-list\">\n<li><strong>Com arribar-hi<\/strong> :\n<ul class=\"wp-block-list\">\n<li>Des de Camprodon, agafa la carretera GIV-5223 (17 km).<\/li>\n\n\n\n<li>Des de Castellfollit de la Roca, segueix la GIV-5221 (28 km).<\/li>\n<\/ul>\n<\/li>\n\n\n\n<li><strong>Oficina de Turisme<\/strong> :\n<ul class=\"wp-block-list\">\n<li>Adre\u00e7a: C-38 Km 9,6 17867 Camprodon<\/li>\n\n\n\n<li>Email: <a href=\"mailto:turisme@valldecamprodon.org\">turisme@valldecamprodon.org<\/a><\/li>\n\n\n\n<li>Tel\u00e8fon: +34 972 740 936<\/li>\n<\/ul>\n<\/li>\n<\/ul>\n\n<hr class=\"wp-block-separator has-alpha-channel-opacity\" \/>\n\n<h3 class=\"wp-block-heading\">Conclusi\u00f3<\/h3>\n\n<p>Beget \u00e9s molt m\u00e9s que un lloc; \u00e9s una experi\u00e8ncia per compartir amb el teu gos, on el temps sembla aturar-se i cada rac\u00f3 t\u00e9 una hist\u00f2ria per explicar. Des dels seus senders naturals fins al llegat medieval, \u00e9s una destinaci\u00f3 que mereix estar a la teva llista d&#8217;imprescindibles. Prepara la teva motxilla, la corretja del teu gos, i vine a descobrir aquest rac\u00f3 m\u00e0gic de la Garrotxa. \ud83c\udf33 \ud83d\udc36   <\/p>\n\n<p>On menjar<br \/> Nosaltres recomanem sempre al nostre amic XAVi, de Can Jeroni&#8230; si us plau truqueu primer i digueu-los que aneu de part de Mas Torrencito<\/p>\n\n<h5 class=\"wp-block-heading\">Algunes opinions de TripAdvisor:<\/h5>\n\n<p><a href=\"https:\/\/www.tripadvisor.es\/Profile\/Jausoleil\">Jausoleil<\/a> -maig 2024 \u2022 couples<\/p>\n\n<p>ten\u00edem refer\u00e8ncies d&#8217;aquest restaurant per amics, vam anar el dia 04 de maig a dinar i sincerament&#8230;&#8230;espectacular lloc molt tranquil. , pollastre amb orellanes i prunes, xai a la brasa i com fermall el volcanito.   <\/p>\n\n<p><a href=\"https:\/\/www.tripadvisor.es\/Profile\/nievesdope\">Neus<\/a> &#8211; abr 2024  <\/p>\n\n<p>Experi\u00e8ncia espectacular per l&#8217;entorn on es troba. Menjar t\u00edpic de la zona i molt bona atenci\u00f3.    <\/p>\n\n<p><a href=\"https:\/\/www.tripadvisor.es\/Profile\/NDR120992\">Jes\u00fas L<\/a> &#8211; gen 2024  <\/p>\n\n<p>Un lloc encantador, una atenci\u00f3 excel\u00b7lent, menjar local destacat i preu ajustat. Un dels llocs de Catalunya de visita obligada <\/p>\n\n<p>_____________________<\/p>\n\n<blockquote class=\"wp-block-quote is-layout-flow wp-block-quote-is-layout-flow\">\n<p><br \/>Des de Mas Torrencito us desitgem un bon dia i que els vostres goss us acompanyi!!!!<\/p>\n<\/blockquote>\n\n<p>\u2014\u2013<br \/> Si vols, podeu veure els nostres <strong>bons per caps de setmana, bons jubilats<\/strong> , a un preu incre\u00efble..entra a <a href=\"https:\/\/www.mastorrencito.com\/\">www.mastorrencito.com<\/a> o si vols podeu llegir m\u00e9s hist\u00f2ria i an\u00e8cdotes que ens han passat a Mas Torrencito\u2026 Fes click <a href=\"https:\/\/mastorrencito.com\/es\/\">aqu\u00ed<\/a> :<\/p>\n","protected":false},"excerpt":{"rendered":"<p>Descobreix Beget: Un rac\u00f3 m\u00e0gic per gaudir amb el teu gos \ud83d\udc3e Endinsa&#8217;t pels carrers empedrats de Beget, Girona , i sent com el temps sembla aturar-se. Aquest lloc, que sembla tret d&#8217;un conte, ofereix tranquil\u00b7litat, paisatges incre\u00efbles i racons perfectes per gaudir en companyia del vostre gos. \u00c9s m\u00e9s que una destinaci\u00f3: \u00e9s una [&hellip;]<\/p>\n","protected":false},"author":2,"featured_media":2257,"comment_status":"open","ping_status":"open","sticky":false,"template":"","format":"standard","meta":{"_acf_changed":false,"footnotes":""},"categories":[35,40],"tags":[47,55,57,42,56],"class_list":["post-2264","post","type-post","status-publish","format-standard","has-post-thumbnail","hentry","category-histories-mastorrencito","category-miguel-et-recomana","tag-gironaconmascotas","tag-turismecostabrava","tag-turismeruralambgossos-3","tag-turismoconmascotas","tag-viatjar-amb-gossos"],"yoast_head":"<!-- This site is optimized with the Yoast SEO Premium plugin v27.3 (Yoast SEO v27.5) - https:\/\/yoast.com\/product\/yoast-seo-premium-wordpress\/ -->\n<title>Beget, parad\u00eds natural amb mascotes - Mas Torrencito CAT<\/title>\n<meta name=\"description\" content=\"Acosta&#039;t a aquest parad\u00eds natural i impressionant... v\u00e9s amb la teva mascota a la Garrotxa i gaudeix-ne. Descobreix Beget amb el teu gos des de Mas Torrencito\" \/>\n<meta name=\"robots\" content=\"index, follow, max-snippet:-1, max-image-preview:large, max-video-preview:-1\" \/>\n<link rel=\"canonical\" href=\"https:\/\/mastorrencito.com\/cat\/beget-paradis-natural-amb-mascotes\/\" \/>\n<meta property=\"og:locale\" content=\"es_ES\" \/>\n<meta property=\"og:type\" content=\"article\" \/>\n<meta property=\"og:title\" content=\"Beget, parad\u00eds natural amb mascotes\" \/>\n<meta property=\"og:description\" content=\"Acosta&#039;t a aquest parad\u00eds natural i impressionant... v\u00e9s amb la teva mascota a la Garrotxa i gaudeix-ne. Descobreix Beget amb el teu gos des de Mas Torrencito\" \/>\n<meta property=\"og:url\" content=\"https:\/\/mastorrencito.com\/cat\/beget-paradis-natural-amb-mascotes\/\" \/>\n<meta property=\"og:site_name\" content=\"Mas Torrencito CAT\" \/>\n<meta property=\"article:published_time\" content=\"2024-11-23T08:00:43+00:00\" \/>\n<meta property=\"og:image\" content=\"https:\/\/mastorrencito.com\/cat\/wp-content\/uploads\/sites\/3\/beget.jpeg\" \/>\n\t<meta property=\"og:image:width\" content=\"600\" \/>\n\t<meta property=\"og:image:height\" content=\"450\" \/>\n\t<meta property=\"og:image:type\" content=\"image\/jpeg\" \/>\n<meta name=\"author\" content=\"Mastorrencito\" \/>\n<meta name=\"twitter:card\" content=\"summary_large_image\" \/>\n<meta name=\"twitter:label1\" content=\"Escrito por\" \/>\n\t<meta name=\"twitter:data1\" content=\"Mastorrencito\" \/>\n\t<meta name=\"twitter:label2\" content=\"Tiempo de lectura\" \/>\n\t<meta name=\"twitter:data2\" content=\"5 minutos\" \/>\n<script type=\"application\/ld+json\" class=\"yoast-schema-graph\">{\"@context\":\"https:\\\/\\\/schema.org\",\"@graph\":[{\"@type\":\"Article\",\"@id\":\"https:\\\/\\\/mastorrencito.com\\\/cat\\\/beget-paradis-natural-amb-mascotes\\\/#article\",\"isPartOf\":{\"@id\":\"https:\\\/\\\/mastorrencito.com\\\/cat\\\/beget-paradis-natural-amb-mascotes\\\/\"},\"author\":{\"name\":\"Mastorrencito\",\"@id\":\"https:\\\/\\\/mastorrencito.com\\\/#\\\/schema\\\/person\\\/18c619be80d4ae2667c702911625f790\"},\"headline\":\"Beget, parad\u00eds natural amb mascotes\",\"datePublished\":\"2024-11-23T08:00:43+00:00\",\"mainEntityOfPage\":{\"@id\":\"https:\\\/\\\/mastorrencito.com\\\/cat\\\/beget-paradis-natural-amb-mascotes\\\/\"},\"wordCount\":747,\"commentCount\":0,\"publisher\":{\"@id\":\"https:\\\/\\\/mastorrencito.com\\\/#organization\"},\"image\":{\"@id\":\"https:\\\/\\\/mastorrencito.com\\\/cat\\\/beget-paradis-natural-amb-mascotes\\\/#primaryimage\"},\"thumbnailUrl\":\"https:\\\/\\\/mastorrencito.com\\\/cat\\\/wp-content\\\/uploads\\\/sites\\\/3\\\/beget.jpeg\",\"keywords\":[\"Gironaconmascotas\",\"turismecostabrava\",\"turismeruralambgossos\",\"turismoconmascotas\",\"viatjar amb gossos\"],\"articleSection\":[\"Hist\u00f2ries Mastorrencito\",\"Miguel et recomana\"],\"inLanguage\":\"es\",\"potentialAction\":[{\"@type\":\"CommentAction\",\"name\":\"Comment\",\"target\":[\"https:\\\/\\\/mastorrencito.com\\\/cat\\\/beget-paradis-natural-amb-mascotes\\\/#respond\"]}]},{\"@type\":\"WebPage\",\"@id\":\"https:\\\/\\\/mastorrencito.com\\\/cat\\\/beget-paradis-natural-amb-mascotes\\\/\",\"url\":\"https:\\\/\\\/mastorrencito.com\\\/cat\\\/beget-paradis-natural-amb-mascotes\\\/\",\"name\":\"Beget, parad\u00eds natural amb mascotes - Mas Torrencito CAT\",\"isPartOf\":{\"@id\":\"https:\\\/\\\/mastorrencito.com\\\/#website\"},\"primaryImageOfPage\":{\"@id\":\"https:\\\/\\\/mastorrencito.com\\\/cat\\\/beget-paradis-natural-amb-mascotes\\\/#primaryimage\"},\"image\":{\"@id\":\"https:\\\/\\\/mastorrencito.com\\\/cat\\\/beget-paradis-natural-amb-mascotes\\\/#primaryimage\"},\"thumbnailUrl\":\"https:\\\/\\\/mastorrencito.com\\\/cat\\\/wp-content\\\/uploads\\\/sites\\\/3\\\/beget.jpeg\",\"datePublished\":\"2024-11-23T08:00:43+00:00\",\"description\":\"Acosta't a aquest parad\u00eds natural i impressionant... v\u00e9s amb la teva mascota a la Garrotxa i gaudeix-ne. Descobreix Beget amb el teu gos des de Mas Torrencito\",\"breadcrumb\":{\"@id\":\"https:\\\/\\\/mastorrencito.com\\\/cat\\\/beget-paradis-natural-amb-mascotes\\\/#breadcrumb\"},\"inLanguage\":\"es\",\"potentialAction\":[{\"@type\":\"ReadAction\",\"target\":[\"https:\\\/\\\/mastorrencito.com\\\/cat\\\/beget-paradis-natural-amb-mascotes\\\/\"]}]},{\"@type\":\"ImageObject\",\"inLanguage\":\"es\",\"@id\":\"https:\\\/\\\/mastorrencito.com\\\/cat\\\/beget-paradis-natural-amb-mascotes\\\/#primaryimage\",\"url\":\"https:\\\/\\\/mastorrencito.com\\\/cat\\\/wp-content\\\/uploads\\\/sites\\\/3\\\/beget.jpeg\",\"contentUrl\":\"https:\\\/\\\/mastorrencito.com\\\/cat\\\/wp-content\\\/uploads\\\/sites\\\/3\\\/beget.jpeg\",\"width\":600,\"height\":450,\"caption\":\"Beiget paraiso natural. Mas Torrencito\"},{\"@type\":\"BreadcrumbList\",\"@id\":\"https:\\\/\\\/mastorrencito.com\\\/cat\\\/beget-paradis-natural-amb-mascotes\\\/#breadcrumb\",\"itemListElement\":[{\"@type\":\"ListItem\",\"position\":1,\"name\":\"Portada\",\"item\":\"https:\\\/\\\/mastorrencito.com\\\/\"},{\"@type\":\"ListItem\",\"position\":2,\"name\":\"Beget, parad\u00eds natural amb mascotes\"}]},{\"@type\":\"WebSite\",\"@id\":\"https:\\\/\\\/mastorrencito.com\\\/#website\",\"url\":\"https:\\\/\\\/mastorrencito.com\\\/\",\"name\":\"Mas Torrencito CAT\",\"description\":\"Casa rural pet friendly en Girona\",\"publisher\":{\"@id\":\"https:\\\/\\\/mastorrencito.com\\\/#organization\"},\"potentialAction\":[{\"@type\":\"SearchAction\",\"target\":{\"@type\":\"EntryPoint\",\"urlTemplate\":\"https:\\\/\\\/mastorrencito.com\\\/?s={search_term_string}\"},\"query-input\":{\"@type\":\"PropertyValueSpecification\",\"valueRequired\":true,\"valueName\":\"search_term_string\"}}],\"inLanguage\":\"es\"},{\"@type\":\"Organization\",\"@id\":\"https:\\\/\\\/mastorrencito.com\\\/#organization\",\"name\":\"Mas Torrencito CAT\",\"url\":\"https:\\\/\\\/mastorrencito.com\\\/\",\"logo\":{\"@type\":\"ImageObject\",\"inLanguage\":\"es\",\"@id\":\"https:\\\/\\\/mastorrencito.com\\\/#\\\/schema\\\/logo\\\/image\\\/\",\"url\":\"https:\\\/\\\/mastorrencito.com\\\/cat\\\/wp-content\\\/uploads\\\/sites\\\/3\\\/Logo-Mastorrencito-horizontal.webp\",\"contentUrl\":\"https:\\\/\\\/mastorrencito.com\\\/cat\\\/wp-content\\\/uploads\\\/sites\\\/3\\\/Logo-Mastorrencito-horizontal.webp\",\"width\":161,\"height\":54,\"caption\":\"Mas Torrencito CAT\"},\"image\":{\"@id\":\"https:\\\/\\\/mastorrencito.com\\\/#\\\/schema\\\/logo\\\/image\\\/\"}},{\"@type\":\"Person\",\"@id\":\"https:\\\/\\\/mastorrencito.com\\\/#\\\/schema\\\/person\\\/18c619be80d4ae2667c702911625f790\",\"name\":\"Mastorrencito\",\"image\":{\"@type\":\"ImageObject\",\"inLanguage\":\"es\",\"@id\":\"https:\\\/\\\/secure.gravatar.com\\\/avatar\\\/3ef55e0519f987a734c21caee1423b51df7b760b7d81a38ecd31cab0a5115f6d?s=96&d=mm&r=g\",\"url\":\"https:\\\/\\\/secure.gravatar.com\\\/avatar\\\/3ef55e0519f987a734c21caee1423b51df7b760b7d81a38ecd31cab0a5115f6d?s=96&d=mm&r=g\",\"contentUrl\":\"https:\\\/\\\/secure.gravatar.com\\\/avatar\\\/3ef55e0519f987a734c21caee1423b51df7b760b7d81a38ecd31cab0a5115f6d?s=96&d=mm&r=g\",\"caption\":\"Mastorrencito\"},\"url\":\"https:\\\/\\\/mastorrencito.com\\\/cat\\\/author\\\/mastorrencito\\\/\"}]}<\/script>\n<!-- \/ Yoast SEO Premium plugin. -->","yoast_head_json":{"title":"Beget, parad\u00eds natural amb mascotes - Mas Torrencito CAT","description":"Acosta't a aquest parad\u00eds natural i impressionant... v\u00e9s amb la teva mascota a la Garrotxa i gaudeix-ne. Descobreix Beget amb el teu gos des de Mas Torrencito","robots":{"index":"index","follow":"follow","max-snippet":"max-snippet:-1","max-image-preview":"max-image-preview:large","max-video-preview":"max-video-preview:-1"},"canonical":"https:\/\/mastorrencito.com\/cat\/beget-paradis-natural-amb-mascotes\/","og_locale":"es_ES","og_type":"article","og_title":"Beget, parad\u00eds natural amb mascotes","og_description":"Acosta't a aquest parad\u00eds natural i impressionant... v\u00e9s amb la teva mascota a la Garrotxa i gaudeix-ne. Descobreix Beget amb el teu gos des de Mas Torrencito","og_url":"https:\/\/mastorrencito.com\/cat\/beget-paradis-natural-amb-mascotes\/","og_site_name":"Mas Torrencito CAT","article_published_time":"2024-11-23T08:00:43+00:00","og_image":[{"width":600,"height":450,"url":"https:\/\/mastorrencito.com\/cat\/wp-content\/uploads\/sites\/3\/beget.jpeg","type":"image\/jpeg"}],"author":"Mastorrencito","twitter_card":"summary_large_image","twitter_misc":{"Escrito por":"Mastorrencito","Tiempo de lectura":"5 minutos"},"schema":{"@context":"https:\/\/schema.org","@graph":[{"@type":"Article","@id":"https:\/\/mastorrencito.com\/cat\/beget-paradis-natural-amb-mascotes\/#article","isPartOf":{"@id":"https:\/\/mastorrencito.com\/cat\/beget-paradis-natural-amb-mascotes\/"},"author":{"name":"Mastorrencito","@id":"https:\/\/mastorrencito.com\/#\/schema\/person\/18c619be80d4ae2667c702911625f790"},"headline":"Beget, parad\u00eds natural amb mascotes","datePublished":"2024-11-23T08:00:43+00:00","mainEntityOfPage":{"@id":"https:\/\/mastorrencito.com\/cat\/beget-paradis-natural-amb-mascotes\/"},"wordCount":747,"commentCount":0,"publisher":{"@id":"https:\/\/mastorrencito.com\/#organization"},"image":{"@id":"https:\/\/mastorrencito.com\/cat\/beget-paradis-natural-amb-mascotes\/#primaryimage"},"thumbnailUrl":"https:\/\/mastorrencito.com\/cat\/wp-content\/uploads\/sites\/3\/beget.jpeg","keywords":["Gironaconmascotas","turismecostabrava","turismeruralambgossos","turismoconmascotas","viatjar amb gossos"],"articleSection":["Hist\u00f2ries Mastorrencito","Miguel et recomana"],"inLanguage":"es","potentialAction":[{"@type":"CommentAction","name":"Comment","target":["https:\/\/mastorrencito.com\/cat\/beget-paradis-natural-amb-mascotes\/#respond"]}]},{"@type":"WebPage","@id":"https:\/\/mastorrencito.com\/cat\/beget-paradis-natural-amb-mascotes\/","url":"https:\/\/mastorrencito.com\/cat\/beget-paradis-natural-amb-mascotes\/","name":"Beget, parad\u00eds natural amb mascotes - Mas Torrencito CAT","isPartOf":{"@id":"https:\/\/mastorrencito.com\/#website"},"primaryImageOfPage":{"@id":"https:\/\/mastorrencito.com\/cat\/beget-paradis-natural-amb-mascotes\/#primaryimage"},"image":{"@id":"https:\/\/mastorrencito.com\/cat\/beget-paradis-natural-amb-mascotes\/#primaryimage"},"thumbnailUrl":"https:\/\/mastorrencito.com\/cat\/wp-content\/uploads\/sites\/3\/beget.jpeg","datePublished":"2024-11-23T08:00:43+00:00","description":"Acosta't a aquest parad\u00eds natural i impressionant... v\u00e9s amb la teva mascota a la Garrotxa i gaudeix-ne. Descobreix Beget amb el teu gos des de Mas Torrencito","breadcrumb":{"@id":"https:\/\/mastorrencito.com\/cat\/beget-paradis-natural-amb-mascotes\/#breadcrumb"},"inLanguage":"es","potentialAction":[{"@type":"ReadAction","target":["https:\/\/mastorrencito.com\/cat\/beget-paradis-natural-amb-mascotes\/"]}]},{"@type":"ImageObject","inLanguage":"es","@id":"https:\/\/mastorrencito.com\/cat\/beget-paradis-natural-amb-mascotes\/#primaryimage","url":"https:\/\/mastorrencito.com\/cat\/wp-content\/uploads\/sites\/3\/beget.jpeg","contentUrl":"https:\/\/mastorrencito.com\/cat\/wp-content\/uploads\/sites\/3\/beget.jpeg","width":600,"height":450,"caption":"Beiget paraiso natural. Mas Torrencito"},{"@type":"BreadcrumbList","@id":"https:\/\/mastorrencito.com\/cat\/beget-paradis-natural-amb-mascotes\/#breadcrumb","itemListElement":[{"@type":"ListItem","position":1,"name":"Portada","item":"https:\/\/mastorrencito.com\/"},{"@type":"ListItem","position":2,"name":"Beget, parad\u00eds natural amb mascotes"}]},{"@type":"WebSite","@id":"https:\/\/mastorrencito.com\/#website","url":"https:\/\/mastorrencito.com\/","name":"Mas Torrencito CAT","description":"Casa rural pet friendly en Girona","publisher":{"@id":"https:\/\/mastorrencito.com\/#organization"},"potentialAction":[{"@type":"SearchAction","target":{"@type":"EntryPoint","urlTemplate":"https:\/\/mastorrencito.com\/?s={search_term_string}"},"query-input":{"@type":"PropertyValueSpecification","valueRequired":true,"valueName":"search_term_string"}}],"inLanguage":"es"},{"@type":"Organization","@id":"https:\/\/mastorrencito.com\/#organization","name":"Mas Torrencito CAT","url":"https:\/\/mastorrencito.com\/","logo":{"@type":"ImageObject","inLanguage":"es","@id":"https:\/\/mastorrencito.com\/#\/schema\/logo\/image\/","url":"https:\/\/mastorrencito.com\/cat\/wp-content\/uploads\/sites\/3\/Logo-Mastorrencito-horizontal.webp","contentUrl":"https:\/\/mastorrencito.com\/cat\/wp-content\/uploads\/sites\/3\/Logo-Mastorrencito-horizontal.webp","width":161,"height":54,"caption":"Mas Torrencito CAT"},"image":{"@id":"https:\/\/mastorrencito.com\/#\/schema\/logo\/image\/"}},{"@type":"Person","@id":"https:\/\/mastorrencito.com\/#\/schema\/person\/18c619be80d4ae2667c702911625f790","name":"Mastorrencito","image":{"@type":"ImageObject","inLanguage":"es","@id":"https:\/\/secure.gravatar.com\/avatar\/3ef55e0519f987a734c21caee1423b51df7b760b7d81a38ecd31cab0a5115f6d?s=96&d=mm&r=g","url":"https:\/\/secure.gravatar.com\/avatar\/3ef55e0519f987a734c21caee1423b51df7b760b7d81a38ecd31cab0a5115f6d?s=96&d=mm&r=g","contentUrl":"https:\/\/secure.gravatar.com\/avatar\/3ef55e0519f987a734c21caee1423b51df7b760b7d81a38ecd31cab0a5115f6d?s=96&d=mm&r=g","caption":"Mastorrencito"},"url":"https:\/\/mastorrencito.com\/cat\/author\/mastorrencito\/"}]}},"acf":[],"_links":{"self":[{"href":"https:\/\/mastorrencito.com\/cat\/wp-json\/wp\/v2\/posts\/2264","targetHints":{"allow":["GET"]}}],"collection":[{"href":"https:\/\/mastorrencito.com\/cat\/wp-json\/wp\/v2\/posts"}],"about":[{"href":"https:\/\/mastorrencito.com\/cat\/wp-json\/wp\/v2\/types\/post"}],"author":[{"embeddable":true,"href":"https:\/\/mastorrencito.com\/cat\/wp-json\/wp\/v2\/users\/2"}],"replies":[{"embeddable":true,"href":"https:\/\/mastorrencito.com\/cat\/wp-json\/wp\/v2\/comments?post=2264"}],"version-history":[{"count":0,"href":"https:\/\/mastorrencito.com\/cat\/wp-json\/wp\/v2\/posts\/2264\/revisions"}],"wp:featuredmedia":[{"embeddable":true,"href":"https:\/\/mastorrencito.com\/cat\/wp-json\/wp\/v2\/media\/2257"}],"wp:attachment":[{"href":"https:\/\/mastorrencito.com\/cat\/wp-json\/wp\/v2\/media?parent=2264"}],"wp:term":[{"taxonomy":"category","embeddable":true,"href":"https:\/\/mastorrencito.com\/cat\/wp-json\/wp\/v2\/categories?post=2264"},{"taxonomy":"post_tag","embeddable":true,"href":"https:\/\/mastorrencito.com\/cat\/wp-json\/wp\/v2\/tags?post=2264"}],"curies":[{"name":"wp","href":"https:\/\/api.w.org\/{rel}","templated":true}]}}