{"id":2220,"date":"2024-11-19T06:18:30","date_gmt":"2024-11-19T06:18:30","guid":{"rendered":"https:\/\/casaruralconperrosgirona.com\/el-dia-que-em-vaig-perdre\/"},"modified":"2024-11-19T06:18:30","modified_gmt":"2024-11-19T06:18:30","slug":"el-dia-que-em-vaig-perdre","status":"publish","type":"post","link":"https:\/\/mastorrencito.com\/cat\/el-dia-que-em-vaig-perdre\/","title":{"rendered":"El dia que em vaig perdre\u2026"},"content":{"rendered":"\n<p>I \u00e9s que va ser del pitjor que m&#8217;ha passat mai. De veritat, mira que m&#8217;han passat coses a la meva vida gossada, per\u00f2 aquesta la recordo com si fos ahir. Jo, petiteta, tot just un any complert, amb la meva energia desbordant, no sabia que aquell dia canviaria la meva manera de veure el m\u00f3n. El dia que em vaig perdre\u2026   <\/p>\n\n<p>Hav\u00edem tornat del lloc m\u00e9s meravell\u00f3s del que tinc mem\u00f2ria: <strong>Mas Torrencito<\/strong> . All\u00e0, els meus amos em van deixar anar la corretja nom\u00e9s arribar, i immediatament vaig sentir la llibertat com una bufa fresca al meu musell. Vaig c\u00f3rrer, vaig jugar i vaig explorar durant tres dies sense cap l\u00edmit. <strong>Mastitwo<\/strong> , aquell mast\u00ed amb un cap\u00e7al gegant i ulls de diferent color, es va convertir en el meu millor company. Tot i que era molt gran, sempre es deixava guanyar a les baralles de broma. Encara que, b\u00e9, no tot va ser perfecte: es va menjar el meu menjar un parell de vegades, i aix\u00f2 no em va fer gaire gr\u00e0cia. Per\u00f2 com es pot enfadar amb alg\u00fa tan noble?     <\/p>\n\n<p>Quan va arribar diumenge i vam tornar a la ciutat, em vaig quedar adormida tot el viatge. Els meus somnis eren plens de camps oberts, rierols i l&#8217;olor de l&#8217;herba mullada. Per\u00f2 en arribar a casa, la realitat va tornar: la llitera, els horaris i, per descomptat, <strong>la corretja<\/strong> .  <\/p>\n\n<h3 class=\"wp-block-heading\">La rutina interrompuda<\/h3>\n\n<p>Dilluns al mat\u00ed, el meu amo em va despertar amb un cl\u00e0ssic: \u00abNena, a passejar ia fer pip\u00ed.\u00bb Jo no volia moure&#8217;m, encara sentia cruiximents de tant c\u00f3rrer i saltar el cap de setmana. Per\u00f2 al final, em vaig aixecar, em vaig estirar i el vaig seguir, resignada a la rutina de la ciutat. Vam baixar les escales, vam fer la volta per la poma i, com sempre, vam acabar al parc.   <\/p>\n\n<p>En arribar al pipic\u00e0, hi havia els meus amics de sempre: Rulo, una petita bola de p\u00e8l que sempre t\u00e9 energia de sobres; Fido, un pag\u00e8s tranquil per\u00f2 competitiu; i Lluna, una husky amb un esperit salvatge. Jug\u00e0vem, corr\u00edem i competiem pels millors pals. Fins que, de sobte, Rulo va comen\u00e7ar a c\u00f3rrer com un boig. I jo, sense pensar-ho dues vegades, vaig anar darrere seu.   <\/p>\n\n<p>El vaig seguir pels carrers, fent ziga-zagues entre gent i fanals. Per\u00f2 Rulo era r\u00e0pid, i quan creia assolir-lo, va desapar\u00e8ixer en una cantonada. Sense adonar-me&#8217;n, em vaig allunyar m\u00e9s i m\u00e9s. El soroll dels cotxes m&#8217;espantava, els llums m&#8217;encegaven, i en adonar-me que no reconeixia res, un calfred va rec\u00f3rrer el meu cos. I a sobre, va comen\u00e7ar a ploure.    <\/p>\n\n<h3 class=\"wp-block-heading\">La pluja de la por. El dia que em vaig perdre\u2026 <\/h3>\n\n<p>La pluja queia forta, xopant-me fins a les potes. Vaig intentar seguir el meu propi rastre, per\u00f2 l&#8217;aigua esborrava qualsevol pista. Els carrers semblaven gegants, els cotxes passaven rugint i la gent no em parava atenci\u00f3. Per primera vegada, vaig sentir el que era estar completament sola.   <\/p>\n\n<p>Em vaig refugiar sota un banc, tremolant. En aquell moment, el rugit d&#8217;un tro va fer que deix\u00e9s anar un petit lladruc de por. Per\u00f2 llavors, vaig sentir un altre lladruc, aquesta vegada greu i autoritari. Vaig aixecar les orelles i vaig veure, a l&#8217;altra banda del carrer, un d\u00e0lmata de taques perfectes que em mirava fixament. Va caminar cap a mi, amb una calma que contrastava amb la tempesta.    <\/p>\n\n<p>\u2014Est\u00e0s perduda? \u2014va preguntar amb una veu seriosa. <br \/>\u2014S\u00ed\u2026 No s\u00e9 com tornar a casa \u2014vaig dir intentant no plorar.<\/p>\n\n<p>El d\u00e0lmata, que despr\u00e9s vaig saber es deia <strong>Tiza<\/strong> , es va asseure al meu costat. Era un gos de carrer, per\u00f2 tenia una dignitat que imposava respecte. <\/p>\n\n<p>\u2014No et preocupis, petita. Trobarem el cam\u00ed. Per\u00f2 primer necessites assecar-te una mica. Vine amb mi.   <\/p>\n<figure class=\"wp-block-post-featured-image\"><img fetchpriority=\"high\" decoding=\"async\" width=\"1024\" height=\"1024\" src=\"https:\/\/mastorrencito.com\/cat\/wp-content\/uploads\/sites\/3\/perdidos.jpg\" class=\"attachment-post-thumbnail size-post-thumbnail wp-post-image\" alt=\"\" style=\"object-fit:cover;\" srcset=\"https:\/\/mastorrencito.com\/cat\/wp-content\/uploads\/sites\/3\/perdidos.jpg 1024w, https:\/\/mastorrencito.com\/cat\/wp-content\/uploads\/sites\/3\/perdidos-300x300.jpg 300w, https:\/\/mastorrencito.com\/cat\/wp-content\/uploads\/sites\/3\/perdidos-150x150.jpg 150w, https:\/\/mastorrencito.com\/cat\/wp-content\/uploads\/sites\/3\/perdidos-768x768.jpg 768w\" sizes=\"(max-width: 1024px) 100vw, 1024px\" \/><\/figure>\n<h3 class=\"wp-block-heading\">El cau secret<\/h3>\n\n<p>Guix em va portar per carrerons fins a un lloc que semblava el seu refugi. All\u00e0, sota una vella teulada, hi havia altres gossos. Un llebrer flac i elegant anomenat <strong>Rayo<\/strong> i una gosseta salsitxa plena d&#8217;energia anomenada <strong>Nina<\/strong> . Ells tamb\u00e9 eren de carrer, per\u00f2 semblaven formar una petita fam\u00edlia.   <\/p>\n\n<p>\u2014Pobreta, est\u00e0 xopa \u2014va dir la Nina mentre s&#8217;acostava amb un vell tros de manta que feien servir per dormir.<br \/>\u2014Jo no vull molestar\u2026 Nom\u00e9s vull trobar casa meva \u2014vaig dir-los amb un fil de veu.<br \/>\u2014Aix\u00f2 farem \u2014va respondre Rayo, amb una veu suau per\u00f2 confiada\u2014. Per\u00f2 primer cal descansar. <\/p>\n\n<p>Mentre la pluja seguia caient, vam compartir hist\u00f2ries. Els vaig parlar de Mas Torrencito, dels seus camps sense fi i del rierol on podia saltar sense que ning\u00fa em reny\u00e9s. Els vaig parlar de Mastitwo i de com, en aquell lloc, semblava que els gossos i els humans \u00e9rem completament feli\u00e7os.  <\/p>\n\n<p>\u2014Deu ser un parad\u00eds \u2014va dir la Nina, sospirant\u2014. Aqu\u00ed a la ciutat, hi ha massa cotxes, massa perills. <\/p>\n\n<h3 class=\"wp-block-heading\">La cerca de la llar. El dia que em vaig perdre\u2026 <\/h3>\n\n<p>Quan la pluja va cessar, Tiza es va posar dret amb decisi\u00f3.<br \/>\u2014Vinga. Si recordes alguna cosa de casa teva, explica&#8217;ns. <\/p>\n\n<p>Vaig intentar descriure el meu barri: un parc gran, una font amb nens jugant i fanals amb forma de globus. Els meus nous amics em van escortar per carrers i avingudes, olorant l&#8217;aire a la recerca de qualsevol pista. Camin\u00e0vem en grup, i encara que seguia tenint por, sentia que no estava sola.  <\/p>\n\n<p>Despr\u00e9s d&#8217;hores de cerca, una aroma familiar em va colpejar: <strong>croquetes<\/strong> . Era l&#8217;olor del meu menjar, aquell que nom\u00e9s tenen les croquetes que em serveixen a casa. Les meves potes van reaccionar abans que la meva ment, i vaig c\u00f3rrer com una boja cap a l&#8217;aroma.  <\/p>\n\n<p>I all\u00e0 estaven: els meus amos, xops i amb cares de preocupaci\u00f3, trucant el meu nom.<\/p>\n\n<p>\u2014Nena! \u2014va cridar el meu amo en veure&#8217;m\u2014. Ets aqu\u00ed!  <\/p>\n\n<p>Vaig c\u00f3rrer cap a ells, saltant als bra\u00e7os, llepant-los les mans i la cara. La felicitat als seus ulls va fer que la meva cua no deix\u00e9s de moure&#8217;s. Els meus amics, Guix, Nina i Rayo, observaven des de lluny, i quan els lladre per agrair-los, van desapar\u00e8ixer entre les ombres com a herois silenciosos.  <\/p>\n\n<h3 class=\"wp-block-heading\">La moralitat<\/h3>\n\n<p>Aquella nit, mentre dormia al meu llitet, vaig pensar en tot el que havia apr\u00e8s. La ciutat \u00e9s un lloc ple de perills, per\u00f2 tamb\u00e9 hi ha cors nobles com els meus nous amics. No obstant, res no es compara amb la llibertat i la felicitat que vaig sentir a <strong>Mas Torrencito<\/strong> .  <\/p>\n\n<p>Aqu\u00ed, no hi ha cotxes ni corretja, nom\u00e9s jocs, aventures i amor. \u00c9s un lloc on nosaltres, els gossos, i els nostres amos podem ser feli\u00e7os, lliures de preocupacions. Per fi vaig entendre per qu\u00e8 la meva fam\u00edlia tamb\u00e9 semblava tan feli\u00e7 all\u00e0. En aquest rac\u00f3 especial, tots oblidem el soroll i el caos de la ciutat.   <\/p>\n\n<p>Des de llavors, cada cop que veig el meu amo planejar un viatge, espero que digui aquestes dues paraules m\u00e0giques: <strong>Mas Torrencito<\/strong> . Perqu\u00e8 en aquest parad\u00eds no nom\u00e9s rotllana, salt i joc\u2026 tamb\u00e9 aprenc qu\u00e8 significa la veritable llibertat. <\/p>\n\n<blockquote class=\"wp-block-quote is-layout-flow wp-block-quote-is-layout-flow\">\n<p><br \/>Des de Mas Torrencito us desitgem un bon dia i que els vostres goss us acompanyi!!!!<\/p>\n<\/blockquote>\n\n<p>\u2014\u2013<br \/> Si vols, podeu veure els nostres <strong>bons per caps de setmana, bons jubilats<\/strong> , a un preu incre\u00efble..entra a <a href=\"https:\/\/www.mastorrencito.com\/\">www.mastorrencito.com<\/a> o si vols podeu llegir m\u00e9s hist\u00f2ria i an\u00e8cdotes que ens han passat a Mas Torrencito\u2026 Fes click <a href=\"https:\/\/mastorrencito.com\/es\/\">aqu\u00ed<\/a> :<\/p>\n","protected":false},"excerpt":{"rendered":"<p>I \u00e9s que va ser del pitjor que m&#8217;ha passat mai. De veritat, mira que m&#8217;han passat coses a la meva vida gossada, per\u00f2 aquesta la recordo com si fos ahir. Jo, petiteta, tot just un any complert, amb la meva energia desbordant, no sabia que aquell dia canviaria la meva manera de veure el [&hellip;]<\/p>\n","protected":false},"author":2,"featured_media":2207,"comment_status":"open","ping_status":"open","sticky":false,"template":"","format":"standard","meta":{"_acf_changed":false,"footnotes":""},"categories":[35],"tags":[],"class_list":["post-2220","post","type-post","status-publish","format-standard","has-post-thumbnail","hentry","category-histories-mastorrencito"],"yoast_head":"<!-- This site is optimized with the Yoast SEO Premium plugin v27.3 (Yoast SEO v27.5) - https:\/\/yoast.com\/product\/yoast-seo-premium-wordpress\/ -->\n<title>El dia que em vaig perdre\u2026 - Mas Torrencito CAT<\/title>\n<meta name=\"description\" content=\"I \u00e9s que hi ha mil perills a la ciutat, qualsevol cosa ens pot despistar o espantar i sortir corrents sense rumb,,, El dia que em vaig perdre\u2026\" \/>\n<meta name=\"robots\" content=\"index, follow, max-snippet:-1, max-image-preview:large, max-video-preview:-1\" \/>\n<link rel=\"canonical\" href=\"https:\/\/mastorrencito.com\/cat\/el-dia-que-em-vaig-perdre\/\" \/>\n<meta property=\"og:locale\" content=\"es_ES\" \/>\n<meta property=\"og:type\" content=\"article\" \/>\n<meta property=\"og:title\" content=\"El dia que em vaig perdre\u2026\" \/>\n<meta property=\"og:description\" content=\"I \u00e9s que hi ha mil perills a la ciutat, qualsevol cosa ens pot despistar o espantar i sortir corrents sense rumb,,, El dia que em vaig perdre\u2026\" \/>\n<meta property=\"og:url\" content=\"https:\/\/mastorrencito.com\/cat\/el-dia-que-em-vaig-perdre\/\" \/>\n<meta property=\"og:site_name\" content=\"Mas Torrencito CAT\" \/>\n<meta property=\"article:published_time\" content=\"2024-11-19T06:18:30+00:00\" \/>\n<meta property=\"og:image\" content=\"https:\/\/mastorrencito.com\/cat\/wp-content\/uploads\/sites\/3\/perdidos.jpg\" \/>\n\t<meta property=\"og:image:width\" content=\"1024\" \/>\n\t<meta property=\"og:image:height\" content=\"1024\" \/>\n\t<meta property=\"og:image:type\" content=\"image\/jpeg\" \/>\n<meta name=\"author\" content=\"Mastorrencito\" \/>\n<meta name=\"twitter:card\" content=\"summary_large_image\" \/>\n<meta name=\"twitter:label1\" content=\"Escrito por\" \/>\n\t<meta name=\"twitter:data1\" content=\"Mastorrencito\" \/>\n\t<meta name=\"twitter:label2\" content=\"Tiempo de lectura\" \/>\n\t<meta name=\"twitter:data2\" content=\"7 minutos\" \/>\n<script type=\"application\/ld+json\" class=\"yoast-schema-graph\">{\"@context\":\"https:\\\/\\\/schema.org\",\"@graph\":[{\"@type\":\"Article\",\"@id\":\"https:\\\/\\\/mastorrencito.com\\\/cat\\\/el-dia-que-em-vaig-perdre\\\/#article\",\"isPartOf\":{\"@id\":\"https:\\\/\\\/mastorrencito.com\\\/cat\\\/el-dia-que-em-vaig-perdre\\\/\"},\"author\":{\"name\":\"Mastorrencito\",\"@id\":\"https:\\\/\\\/mastorrencito.com\\\/#\\\/schema\\\/person\\\/18c619be80d4ae2667c702911625f790\"},\"headline\":\"El dia que em vaig perdre\u2026\",\"datePublished\":\"2024-11-19T06:18:30+00:00\",\"mainEntityOfPage\":{\"@id\":\"https:\\\/\\\/mastorrencito.com\\\/cat\\\/el-dia-que-em-vaig-perdre\\\/\"},\"wordCount\":1297,\"commentCount\":0,\"publisher\":{\"@id\":\"https:\\\/\\\/mastorrencito.com\\\/#organization\"},\"image\":{\"@id\":\"https:\\\/\\\/mastorrencito.com\\\/cat\\\/el-dia-que-em-vaig-perdre\\\/#primaryimage\"},\"thumbnailUrl\":\"https:\\\/\\\/mastorrencito.com\\\/cat\\\/wp-content\\\/uploads\\\/sites\\\/3\\\/perdidos.jpg\",\"articleSection\":[\"Hist\u00f2ries Mastorrencito\"],\"inLanguage\":\"es\",\"potentialAction\":[{\"@type\":\"CommentAction\",\"name\":\"Comment\",\"target\":[\"https:\\\/\\\/mastorrencito.com\\\/cat\\\/el-dia-que-em-vaig-perdre\\\/#respond\"]}]},{\"@type\":\"WebPage\",\"@id\":\"https:\\\/\\\/mastorrencito.com\\\/cat\\\/el-dia-que-em-vaig-perdre\\\/\",\"url\":\"https:\\\/\\\/mastorrencito.com\\\/cat\\\/el-dia-que-em-vaig-perdre\\\/\",\"name\":\"El dia que em vaig perdre\u2026 - Mas Torrencito CAT\",\"isPartOf\":{\"@id\":\"https:\\\/\\\/mastorrencito.com\\\/#website\"},\"primaryImageOfPage\":{\"@id\":\"https:\\\/\\\/mastorrencito.com\\\/cat\\\/el-dia-que-em-vaig-perdre\\\/#primaryimage\"},\"image\":{\"@id\":\"https:\\\/\\\/mastorrencito.com\\\/cat\\\/el-dia-que-em-vaig-perdre\\\/#primaryimage\"},\"thumbnailUrl\":\"https:\\\/\\\/mastorrencito.com\\\/cat\\\/wp-content\\\/uploads\\\/sites\\\/3\\\/perdidos.jpg\",\"datePublished\":\"2024-11-19T06:18:30+00:00\",\"description\":\"I \u00e9s que hi ha mil perills a la ciutat, qualsevol cosa ens pot despistar o espantar i sortir corrents sense rumb,,, El dia que em vaig perdre\u2026\",\"breadcrumb\":{\"@id\":\"https:\\\/\\\/mastorrencito.com\\\/cat\\\/el-dia-que-em-vaig-perdre\\\/#breadcrumb\"},\"inLanguage\":\"es\",\"potentialAction\":[{\"@type\":\"ReadAction\",\"target\":[\"https:\\\/\\\/mastorrencito.com\\\/cat\\\/el-dia-que-em-vaig-perdre\\\/\"]}]},{\"@type\":\"ImageObject\",\"inLanguage\":\"es\",\"@id\":\"https:\\\/\\\/mastorrencito.com\\\/cat\\\/el-dia-que-em-vaig-perdre\\\/#primaryimage\",\"url\":\"https:\\\/\\\/mastorrencito.com\\\/cat\\\/wp-content\\\/uploads\\\/sites\\\/3\\\/perdidos.jpg\",\"contentUrl\":\"https:\\\/\\\/mastorrencito.com\\\/cat\\\/wp-content\\\/uploads\\\/sites\\\/3\\\/perdidos.jpg\",\"width\":1024,\"height\":1024},{\"@type\":\"BreadcrumbList\",\"@id\":\"https:\\\/\\\/mastorrencito.com\\\/cat\\\/el-dia-que-em-vaig-perdre\\\/#breadcrumb\",\"itemListElement\":[{\"@type\":\"ListItem\",\"position\":1,\"name\":\"Portada\",\"item\":\"https:\\\/\\\/mastorrencito.com\\\/\"},{\"@type\":\"ListItem\",\"position\":2,\"name\":\"El dia que em vaig perdre\u2026\"}]},{\"@type\":\"WebSite\",\"@id\":\"https:\\\/\\\/mastorrencito.com\\\/#website\",\"url\":\"https:\\\/\\\/mastorrencito.com\\\/\",\"name\":\"Mas Torrencito CAT\",\"description\":\"Casa rural pet friendly en Girona\",\"publisher\":{\"@id\":\"https:\\\/\\\/mastorrencito.com\\\/#organization\"},\"potentialAction\":[{\"@type\":\"SearchAction\",\"target\":{\"@type\":\"EntryPoint\",\"urlTemplate\":\"https:\\\/\\\/mastorrencito.com\\\/?s={search_term_string}\"},\"query-input\":{\"@type\":\"PropertyValueSpecification\",\"valueRequired\":true,\"valueName\":\"search_term_string\"}}],\"inLanguage\":\"es\"},{\"@type\":\"Organization\",\"@id\":\"https:\\\/\\\/mastorrencito.com\\\/#organization\",\"name\":\"Mas Torrencito CAT\",\"url\":\"https:\\\/\\\/mastorrencito.com\\\/\",\"logo\":{\"@type\":\"ImageObject\",\"inLanguage\":\"es\",\"@id\":\"https:\\\/\\\/mastorrencito.com\\\/#\\\/schema\\\/logo\\\/image\\\/\",\"url\":\"https:\\\/\\\/mastorrencito.com\\\/cat\\\/wp-content\\\/uploads\\\/sites\\\/3\\\/Logo-Mastorrencito-horizontal.webp\",\"contentUrl\":\"https:\\\/\\\/mastorrencito.com\\\/cat\\\/wp-content\\\/uploads\\\/sites\\\/3\\\/Logo-Mastorrencito-horizontal.webp\",\"width\":161,\"height\":54,\"caption\":\"Mas Torrencito CAT\"},\"image\":{\"@id\":\"https:\\\/\\\/mastorrencito.com\\\/#\\\/schema\\\/logo\\\/image\\\/\"}},{\"@type\":\"Person\",\"@id\":\"https:\\\/\\\/mastorrencito.com\\\/#\\\/schema\\\/person\\\/18c619be80d4ae2667c702911625f790\",\"name\":\"Mastorrencito\",\"image\":{\"@type\":\"ImageObject\",\"inLanguage\":\"es\",\"@id\":\"https:\\\/\\\/secure.gravatar.com\\\/avatar\\\/3ef55e0519f987a734c21caee1423b51df7b760b7d81a38ecd31cab0a5115f6d?s=96&d=mm&r=g\",\"url\":\"https:\\\/\\\/secure.gravatar.com\\\/avatar\\\/3ef55e0519f987a734c21caee1423b51df7b760b7d81a38ecd31cab0a5115f6d?s=96&d=mm&r=g\",\"contentUrl\":\"https:\\\/\\\/secure.gravatar.com\\\/avatar\\\/3ef55e0519f987a734c21caee1423b51df7b760b7d81a38ecd31cab0a5115f6d?s=96&d=mm&r=g\",\"caption\":\"Mastorrencito\"},\"url\":\"https:\\\/\\\/mastorrencito.com\\\/cat\\\/author\\\/mastorrencito\\\/\"}]}<\/script>\n<!-- \/ Yoast SEO Premium plugin. -->","yoast_head_json":{"title":"El dia que em vaig perdre\u2026 - Mas Torrencito CAT","description":"I \u00e9s que hi ha mil perills a la ciutat, qualsevol cosa ens pot despistar o espantar i sortir corrents sense rumb,,, El dia que em vaig perdre\u2026","robots":{"index":"index","follow":"follow","max-snippet":"max-snippet:-1","max-image-preview":"max-image-preview:large","max-video-preview":"max-video-preview:-1"},"canonical":"https:\/\/mastorrencito.com\/cat\/el-dia-que-em-vaig-perdre\/","og_locale":"es_ES","og_type":"article","og_title":"El dia que em vaig perdre\u2026","og_description":"I \u00e9s que hi ha mil perills a la ciutat, qualsevol cosa ens pot despistar o espantar i sortir corrents sense rumb,,, El dia que em vaig perdre\u2026","og_url":"https:\/\/mastorrencito.com\/cat\/el-dia-que-em-vaig-perdre\/","og_site_name":"Mas Torrencito CAT","article_published_time":"2024-11-19T06:18:30+00:00","og_image":[{"width":1024,"height":1024,"url":"https:\/\/mastorrencito.com\/cat\/wp-content\/uploads\/sites\/3\/perdidos.jpg","type":"image\/jpeg"}],"author":"Mastorrencito","twitter_card":"summary_large_image","twitter_misc":{"Escrito por":"Mastorrencito","Tiempo de lectura":"7 minutos"},"schema":{"@context":"https:\/\/schema.org","@graph":[{"@type":"Article","@id":"https:\/\/mastorrencito.com\/cat\/el-dia-que-em-vaig-perdre\/#article","isPartOf":{"@id":"https:\/\/mastorrencito.com\/cat\/el-dia-que-em-vaig-perdre\/"},"author":{"name":"Mastorrencito","@id":"https:\/\/mastorrencito.com\/#\/schema\/person\/18c619be80d4ae2667c702911625f790"},"headline":"El dia que em vaig perdre\u2026","datePublished":"2024-11-19T06:18:30+00:00","mainEntityOfPage":{"@id":"https:\/\/mastorrencito.com\/cat\/el-dia-que-em-vaig-perdre\/"},"wordCount":1297,"commentCount":0,"publisher":{"@id":"https:\/\/mastorrencito.com\/#organization"},"image":{"@id":"https:\/\/mastorrencito.com\/cat\/el-dia-que-em-vaig-perdre\/#primaryimage"},"thumbnailUrl":"https:\/\/mastorrencito.com\/cat\/wp-content\/uploads\/sites\/3\/perdidos.jpg","articleSection":["Hist\u00f2ries Mastorrencito"],"inLanguage":"es","potentialAction":[{"@type":"CommentAction","name":"Comment","target":["https:\/\/mastorrencito.com\/cat\/el-dia-que-em-vaig-perdre\/#respond"]}]},{"@type":"WebPage","@id":"https:\/\/mastorrencito.com\/cat\/el-dia-que-em-vaig-perdre\/","url":"https:\/\/mastorrencito.com\/cat\/el-dia-que-em-vaig-perdre\/","name":"El dia que em vaig perdre\u2026 - Mas Torrencito CAT","isPartOf":{"@id":"https:\/\/mastorrencito.com\/#website"},"primaryImageOfPage":{"@id":"https:\/\/mastorrencito.com\/cat\/el-dia-que-em-vaig-perdre\/#primaryimage"},"image":{"@id":"https:\/\/mastorrencito.com\/cat\/el-dia-que-em-vaig-perdre\/#primaryimage"},"thumbnailUrl":"https:\/\/mastorrencito.com\/cat\/wp-content\/uploads\/sites\/3\/perdidos.jpg","datePublished":"2024-11-19T06:18:30+00:00","description":"I \u00e9s que hi ha mil perills a la ciutat, qualsevol cosa ens pot despistar o espantar i sortir corrents sense rumb,,, El dia que em vaig perdre\u2026","breadcrumb":{"@id":"https:\/\/mastorrencito.com\/cat\/el-dia-que-em-vaig-perdre\/#breadcrumb"},"inLanguage":"es","potentialAction":[{"@type":"ReadAction","target":["https:\/\/mastorrencito.com\/cat\/el-dia-que-em-vaig-perdre\/"]}]},{"@type":"ImageObject","inLanguage":"es","@id":"https:\/\/mastorrencito.com\/cat\/el-dia-que-em-vaig-perdre\/#primaryimage","url":"https:\/\/mastorrencito.com\/cat\/wp-content\/uploads\/sites\/3\/perdidos.jpg","contentUrl":"https:\/\/mastorrencito.com\/cat\/wp-content\/uploads\/sites\/3\/perdidos.jpg","width":1024,"height":1024},{"@type":"BreadcrumbList","@id":"https:\/\/mastorrencito.com\/cat\/el-dia-que-em-vaig-perdre\/#breadcrumb","itemListElement":[{"@type":"ListItem","position":1,"name":"Portada","item":"https:\/\/mastorrencito.com\/"},{"@type":"ListItem","position":2,"name":"El dia que em vaig perdre\u2026"}]},{"@type":"WebSite","@id":"https:\/\/mastorrencito.com\/#website","url":"https:\/\/mastorrencito.com\/","name":"Mas Torrencito CAT","description":"Casa rural pet friendly en Girona","publisher":{"@id":"https:\/\/mastorrencito.com\/#organization"},"potentialAction":[{"@type":"SearchAction","target":{"@type":"EntryPoint","urlTemplate":"https:\/\/mastorrencito.com\/?s={search_term_string}"},"query-input":{"@type":"PropertyValueSpecification","valueRequired":true,"valueName":"search_term_string"}}],"inLanguage":"es"},{"@type":"Organization","@id":"https:\/\/mastorrencito.com\/#organization","name":"Mas Torrencito CAT","url":"https:\/\/mastorrencito.com\/","logo":{"@type":"ImageObject","inLanguage":"es","@id":"https:\/\/mastorrencito.com\/#\/schema\/logo\/image\/","url":"https:\/\/mastorrencito.com\/cat\/wp-content\/uploads\/sites\/3\/Logo-Mastorrencito-horizontal.webp","contentUrl":"https:\/\/mastorrencito.com\/cat\/wp-content\/uploads\/sites\/3\/Logo-Mastorrencito-horizontal.webp","width":161,"height":54,"caption":"Mas Torrencito CAT"},"image":{"@id":"https:\/\/mastorrencito.com\/#\/schema\/logo\/image\/"}},{"@type":"Person","@id":"https:\/\/mastorrencito.com\/#\/schema\/person\/18c619be80d4ae2667c702911625f790","name":"Mastorrencito","image":{"@type":"ImageObject","inLanguage":"es","@id":"https:\/\/secure.gravatar.com\/avatar\/3ef55e0519f987a734c21caee1423b51df7b760b7d81a38ecd31cab0a5115f6d?s=96&d=mm&r=g","url":"https:\/\/secure.gravatar.com\/avatar\/3ef55e0519f987a734c21caee1423b51df7b760b7d81a38ecd31cab0a5115f6d?s=96&d=mm&r=g","contentUrl":"https:\/\/secure.gravatar.com\/avatar\/3ef55e0519f987a734c21caee1423b51df7b760b7d81a38ecd31cab0a5115f6d?s=96&d=mm&r=g","caption":"Mastorrencito"},"url":"https:\/\/mastorrencito.com\/cat\/author\/mastorrencito\/"}]}},"acf":[],"_links":{"self":[{"href":"https:\/\/mastorrencito.com\/cat\/wp-json\/wp\/v2\/posts\/2220","targetHints":{"allow":["GET"]}}],"collection":[{"href":"https:\/\/mastorrencito.com\/cat\/wp-json\/wp\/v2\/posts"}],"about":[{"href":"https:\/\/mastorrencito.com\/cat\/wp-json\/wp\/v2\/types\/post"}],"author":[{"embeddable":true,"href":"https:\/\/mastorrencito.com\/cat\/wp-json\/wp\/v2\/users\/2"}],"replies":[{"embeddable":true,"href":"https:\/\/mastorrencito.com\/cat\/wp-json\/wp\/v2\/comments?post=2220"}],"version-history":[{"count":0,"href":"https:\/\/mastorrencito.com\/cat\/wp-json\/wp\/v2\/posts\/2220\/revisions"}],"wp:featuredmedia":[{"embeddable":true,"href":"https:\/\/mastorrencito.com\/cat\/wp-json\/wp\/v2\/media\/2207"}],"wp:attachment":[{"href":"https:\/\/mastorrencito.com\/cat\/wp-json\/wp\/v2\/media?parent=2220"}],"wp:term":[{"taxonomy":"category","embeddable":true,"href":"https:\/\/mastorrencito.com\/cat\/wp-json\/wp\/v2\/categories?post=2220"},{"taxonomy":"post_tag","embeddable":true,"href":"https:\/\/mastorrencito.com\/cat\/wp-json\/wp\/v2\/tags?post=2220"}],"curies":[{"name":"wp","href":"https:\/\/api.w.org\/{rel}","templated":true}]}}