{"id":2218,"date":"2024-11-18T09:29:23","date_gmt":"2024-11-18T09:29:23","guid":{"rendered":"https:\/\/casaruralconperrosgirona.com\/manuela-gemma-i-shiva-una-historia-damor-a-mas-torrencito\/"},"modified":"2024-11-18T09:29:23","modified_gmt":"2024-11-18T09:29:23","slug":"manuela-gemma-i-shiva-una-historia-damor-a-mas-torrencito","status":"publish","type":"post","link":"https:\/\/mastorrencito.com\/cat\/manuela-gemma-i-shiva-una-historia-damor-a-mas-torrencito\/","title":{"rendered":"Manuela + Gemma i Shiva.. una hist\u00f2ria d&#8217;amor a Mas Torrencito"},"content":{"rendered":"\n<h4 class=\"wp-block-heading\">En els 17 anys que va viure, <strong>Manuela<\/strong> , la Golden Retriever que va regnar com l&#8217;\u00e0nima de Mas Torrencito, va tocar innombrables cors. Era l\u00b4amfitriona perfecta de la casa rural a Girona, on l\u00b4amor per les mascotes i els humans s\u00b4entrella\u00e7ava de manera \u00fanica. Per\u00f2 els darrers tres anys de la seva vida van ser especials. En aquell temps, <strong>Gemma<\/strong> i la seva gossa <strong>Shiva<\/strong> van arribar com a hostes i, sense saber-ho, van viure una hist\u00f2ria que marcaria per sempre les seves vides.   <\/h4>\n\n<p>Aquesta \u00e9s la hist\u00f2ria de com Gemma va trobar a Manuela alguna cosa m\u00e9s que una mascota: va trobar un \u00e9sser que va transformar el seu m\u00f3n, fins i tot els seus \u00faltims dies.<\/p>\n\n<h4 class=\"wp-block-heading\">Una trobada inesperada<\/h4>\n\n<p>La Gemma no havia sentit a parlar de Mas Torrencito fins que un amic li va recomanar el lloc. Buscava una cosa diferent: un refugi on desconnectar de la rutina i compartir temps de qualitat amb la seva gossa Shiva. Un mat\u00ed de primavera va arribar a la casa rural amb poques expectatives i el cor obert. El que no sabia era que aquell viatge canviaria la vida.   <\/p>\n\n<p>Quan Gemma va arribar, va ser rebuda calorosament per Miguel i Mireia, els amos de la casa. Per\u00f2 el que m\u00e9s va cridar la seva atenci\u00f3 va ser la figura daurada que va apar\u00e8ixer al jard\u00ed. Manuela, amb els seus 14 anys de saviesa i el seu caminar pausat, es va acostar a Gemma com si ja la conegu\u00e9s de tota la vida. En aquell moment, Gemma va sentir una cosa indescriptible. Era com si la Manuela l&#8217;hagu\u00e9s triada.    <\/p>\n\n<p>Shiva, sempre plena d&#8217;energia i de vegades una mica esquerpa amb altres gossos, va mostrar un comportament inusual. Es va acostar a Manuela amb cautela, olorant-la i despr\u00e9s asseient-se al seu costat amb una calma que la Gemma mai abans havia vist. \u201c\u00c9s com si sab\u00e9s qui \u00e9s Manuela\u201d, va pensar Gemma. I, d?alguna manera, tamb\u00e9 ella ho sabia.   <\/p>\n<figure class=\"wp-block-post-featured-image\"><img fetchpriority=\"high\" decoding=\"async\" width=\"1440\" height=\"1440\" src=\"https:\/\/mastorrencito.com\/cat\/wp-content\/uploads\/sites\/3\/shiva1.jpg\" class=\"attachment-post-thumbnail size-post-thumbnail wp-post-image\" alt=\"\" style=\"object-fit:cover;\" srcset=\"https:\/\/mastorrencito.com\/cat\/wp-content\/uploads\/sites\/3\/shiva1.jpg 1440w, https:\/\/mastorrencito.com\/cat\/wp-content\/uploads\/sites\/3\/shiva1-300x300.jpg 300w, https:\/\/mastorrencito.com\/cat\/wp-content\/uploads\/sites\/3\/shiva1-1024x1024.jpg 1024w, https:\/\/mastorrencito.com\/cat\/wp-content\/uploads\/sites\/3\/shiva1-150x150.jpg 150w, https:\/\/mastorrencito.com\/cat\/wp-content\/uploads\/sites\/3\/shiva1-768x768.jpg 768w\" sizes=\"(max-width: 1440px) 100vw, 1440px\" \/><\/figure>\n<h4 class=\"wp-block-heading\">Tres anys de connexi\u00f3 profunda. Manuela, Gemma i Shiva <\/h4>\n\n<p>Despr\u00e9s d&#8217;aquesta primera trobada, Mas Torrencito va deixar de ser nom\u00e9s un lloc de vacances per a Gemma. Es va convertir a la seva segona casa. Cada setmana o cada cop que podia, carregava el cotxe i condu\u00efa des de Barcelona amb Shiva per passar un dia, un cap de setmana, o qualsevol moment possible amb Manuela.  <\/p>\n\n<p>La Manuela, encara que ja no tenia l&#8217;energia de la seva joventut, seguia sent l&#8217;\u00e0nima del lloc. La Gemma la trobava sempre al seu rac\u00f3 preferit del jard\u00ed, gaudint del sol i la brisa. Sovint s&#8217;asseia al seu costat, simplement acariciant-la, mentre Shiva explorava els voltants o s&#8217;estirava a prop. En aquells moments de quietud, Gemma sentia una cosa que poques vegades trobava a la ciutat: pau.   <\/p>\n\n<p>La Manuela semblava saber-ho. Amb la seva mirada tranquil\u00b7la i el seu port elegant, feia la impressi\u00f3 que entenia tot. Els problemes de Gemma, les seves alegries, les seves pors&#8230; Tot es dilu\u00efa en la pres\u00e8ncia d&#8217;aquella Golden Retriever que, sense dir ni una paraula, transmetia m\u00e9s amor i comprensi\u00f3 que qualsevol hum\u00e0.  <\/p>\n\n<p>Per Shiva, Manuela es va convertir en una mestra silenciosa. Tot i que era molt m\u00e9s jove i plena d&#8217;energia, semblava saber instintivament quan quedar-se quieta al costat i quan animar-la amb jocs suaus. Totes dues van crear un lla\u00e7 especial que reflectia l&#8217;amor que la Gemma tamb\u00e9 sentia per Manuela.  <\/p>\n\n<figure class=\"wp-block-image size-large\"><img decoding=\"async\" width=\"768\" height=\"1024\" src=\"https:\/\/mastorrencito.com\/wp-content\/uploads\/2024\/11\/shiva2-1-768x1024.jpg\" alt=\"\" class=\"wp-image-2201\" srcset=\"https:\/\/mastorrencito.com\/cat\/wp-content\/uploads\/sites\/3\/shiva2-1-768x1024.jpg 768w, https:\/\/mastorrencito.com\/cat\/wp-content\/uploads\/sites\/3\/shiva2-1-225x300.jpg 225w, https:\/\/mastorrencito.com\/cat\/wp-content\/uploads\/sites\/3\/shiva2-1-1152x1536.jpg 1152w, https:\/\/mastorrencito.com\/cat\/wp-content\/uploads\/sites\/3\/shiva2-1.jpg 1200w\" sizes=\"(max-width: 768px) 100vw, 768px\" \/><\/figure>\n<h4 class=\"wp-block-heading\">El pes del temps. Manuela, Gemma i Shiva <\/h4>\n\n<p>A mesura que passaven els mesos, la Manuela anava mostrant cada cop m\u00e9s signes d&#8217;envelliment. El seu caminar es tornava m\u00e9s lent, i les seves migdiades eren m\u00e9s llargues. Tot i que seguia sent l&#8217;amfitriona de Mas Torrencito, el temps no perdona, ni tan sols les \u00e0nimes m\u00e9s pures.  <\/p>\n\n<p>La Gemma ho notava, i amb cada visita, el seu amor per la Manuela creixia. Sabia que els moments eren cada cop m\u00e9s valuosos, i no estava disposada a desaprofitar-ne cap. Per aix\u00f2, en els darrers anys de vida de Manuela, Gemma es va convertir en una pres\u00e8ncia constant. No importava ni el dia ni l&#8217;hora; sempre trobava una manera de ser-hi.   <\/p>\n\n<p>Miguel i Mireia veien amb gratitud i emoci\u00f3 com Gemma es dedicava a Manuela. \u00ab\u00c9s com si l&#8217;hagu\u00e9s conegut tota la vida\u00bb, deia Miguel, sorpr\u00e8s per la intensitat d&#8217;aquesta connexi\u00f3. I \u00e9s que, encara que havien estat nom\u00e9s tres anys, semblava que la Gemma i la Manuela estaven destinades a trobar-se.  <\/p>\n\n<h4 class=\"wp-block-heading\">El darrer ad\u00e9u. Manuela, Gemma i Shiva <\/h4>\n\n<p>Va arribar el dia que la Gemma sempre havia temut. Una trucada de Miguel li va informar que Manuela estava molt feble. La Gemma no ho va dubtar. Va conduir fins a Mas Torrencito el m\u00e9s r\u00e0pid que va poder, amb Shiva al seient del darrere, estranyament tranquil\u00b7la, com si tamb\u00e9 entengu\u00e9s la urg\u00e8ncia del moment.   <\/p>\n\n<p>Quan Gemma va arribar, va trobar Manuela descansant al seu rac\u00f3 del jard\u00ed, envoltada de Miguel, Mireia, i la fam\u00edlia gossada. Masto, Maky, Mastitwo, Mamas, Mast\u00edn i Markos eren a prop, com si tots sabessin que alguna cosa especial estava a punt de succeir. Gemma es va agenollar al costat de Manuela, acariciant-la suaument. \u201cGr\u00e0cies per tot, la meva nena\u201d, li va xiuxiuejar, amb ll\u00e0grimes rodolant per la cara. Shiva, que mai no s&#8217;allunyava de Manuela en els seus \u00faltims dies, es va tombar al seu costat, deixant escapar un lleu sospir.    <\/p>\n\n<p>Manuela, amb el seu darrer esfor\u00e7, va moure la cua lleugerament, com si volgu\u00e9s dir: \u00abTot est\u00e0 b\u00e9\u00bb. Va tancar els ulls envoltada d&#8217;amor, deixant un buit que mai no es podr\u00e0 omplir del tot. <\/p>\n\n<h4 class=\"wp-block-heading\">Un llegat etern. Manuela, Gemma i Shiva <\/h4>\n\n<p>Per a Gemma, el mal de perdre Manuela va ser immens, per\u00f2 tamb\u00e9 estava ple de gratitud. Tot i que nom\u00e9s van compartir tres anys, aquests moments junts van marcar la seva vida per sempre. Manuela no va ser simplement un gos; va ser un far d&#8217;amor i consol en un m\u00f3n que sovint no en t\u00e9.  <\/p>\n\n<p>Avui, Gemma i Shiva segueixen visitant Mas Torrencito, on l&#8217;esperit de Manuela segueix viu a cada rac\u00f3. Per a Gemma, cada visita \u00e9s un recordatori del que significa l&#8217;amor incondicional. altres gossos, pot imaginar Manuela, la seva estimada Golden, mirant-la amb aquests ulls plens de saviesa i amor etern.  <\/p>\n\n<p>Manuela viur\u00e0 sempre als cors dels qui la van con\u00e8ixer, per\u00f2 especialment al de Gemma, qui va tenir el privilegi d&#8217;acompanyar-la en els darrers anys de la seva vida, tornant-li una part de l&#8217;amor infinit que ella sempre va saber donar.<\/p>\n\n<blockquote class=\"wp-block-quote is-layout-flow wp-block-quote-is-layout-flow\">\n<p>Des de Mas Torrencito us desitgem un bon dia i que els vostres goss us acompanyi!!!!<\/p>\n<\/blockquote>\n\n<p>\u2014\u2013<br \/> Si vols, podeu veure els nostres <strong>bons per caps de setmana, bons jubilats<\/strong> , a un preu incre\u00efble..entra a <a href=\"https:\/\/www.mastorrencito.com\/\">www.mastorrencito.com<\/a> o si vols podeu llegir m\u00e9s hist\u00f2ria i an\u00e8cdotes que ens han passat a Mas Torrencito\u2026 Fes click <a href=\"https:\/\/mastorrencito.com\/es\/\">aqu\u00ed<\/a> :<\/p>\n\n<p><\/p>\n","protected":false},"excerpt":{"rendered":"<p>En els 17 anys que va viure, Manuela , la Golden Retriever que va regnar com l&#8217;\u00e0nima de Mas Torrencito, va tocar innombrables cors. Era l\u00b4amfitriona perfecta de la casa rural a Girona, on l\u00b4amor per les mascotes i els humans s\u00b4entrella\u00e7ava de manera \u00fanica. Per\u00f2 els darrers tres anys de la seva vida van [&hellip;]<\/p>\n","protected":false},"author":2,"featured_media":2195,"comment_status":"open","ping_status":"open","sticky":false,"template":"","format":"standard","meta":{"_acf_changed":false,"footnotes":""},"categories":[35],"tags":[47,55,57,42,56],"class_list":["post-2218","post","type-post","status-publish","format-standard","has-post-thumbnail","hentry","category-histories-mastorrencito","tag-gironaconmascotas","tag-turismecostabrava","tag-turismeruralambgossos-3","tag-turismoconmascotas","tag-viatjar-amb-gossos"],"yoast_head":"<!-- This site is optimized with the Yoast SEO Premium plugin v27.3 (Yoast SEO v27.5) - https:\/\/yoast.com\/product\/yoast-seo-premium-wordpress\/ -->\n<title>Manuela + Gemma i Shiva una hist\u00f2ria d&#039;amor a Mas Torrencito<\/title>\n<meta name=\"description\" content=\"Una hist\u00f2ria d\u00b4un amor a primera vista... Manuela + Gemma i Shiva.. una hist\u00f2ria d\u00b4amor a Mas Torrencito\" \/>\n<meta name=\"robots\" content=\"index, follow, max-snippet:-1, max-image-preview:large, max-video-preview:-1\" \/>\n<link rel=\"canonical\" href=\"https:\/\/mastorrencito.com\/cat\/manuela-gemma-i-shiva-una-historia-damor-a-mas-torrencito\/\" \/>\n<meta property=\"og:locale\" content=\"es_ES\" \/>\n<meta property=\"og:type\" content=\"article\" \/>\n<meta property=\"og:title\" content=\"Manuela + Gemma i Shiva.. una hist\u00f2ria d&#039;amor a Mas Torrencito\" \/>\n<meta property=\"og:description\" content=\"Una hist\u00f2ria d\u00b4un amor a primera vista... Manuela + Gemma i Shiva.. una hist\u00f2ria d\u00b4amor a Mas Torrencito\" \/>\n<meta property=\"og:url\" content=\"https:\/\/mastorrencito.com\/cat\/manuela-gemma-i-shiva-una-historia-damor-a-mas-torrencito\/\" \/>\n<meta property=\"og:site_name\" content=\"Mas Torrencito CAT\" \/>\n<meta property=\"article:published_time\" content=\"2024-11-18T09:29:23+00:00\" \/>\n<meta property=\"og:image\" content=\"https:\/\/mastorrencito.com\/cat\/wp-content\/uploads\/sites\/3\/shiva1.jpg\" \/>\n\t<meta property=\"og:image:width\" content=\"1440\" \/>\n\t<meta property=\"og:image:height\" content=\"1440\" \/>\n\t<meta property=\"og:image:type\" content=\"image\/jpeg\" \/>\n<meta name=\"author\" content=\"Mastorrencito\" \/>\n<meta name=\"twitter:card\" content=\"summary_large_image\" \/>\n<meta name=\"twitter:label1\" content=\"Escrito por\" \/>\n\t<meta name=\"twitter:data1\" content=\"Mastorrencito\" \/>\n\t<meta name=\"twitter:label2\" content=\"Tiempo de lectura\" \/>\n\t<meta name=\"twitter:data2\" content=\"7 minutos\" \/>\n<script type=\"application\/ld+json\" class=\"yoast-schema-graph\">{\"@context\":\"https:\\\/\\\/schema.org\",\"@graph\":[{\"@type\":\"Article\",\"@id\":\"https:\\\/\\\/mastorrencito.com\\\/cat\\\/manuela-gemma-i-shiva-una-historia-damor-a-mas-torrencito\\\/#article\",\"isPartOf\":{\"@id\":\"https:\\\/\\\/mastorrencito.com\\\/cat\\\/manuela-gemma-i-shiva-una-historia-damor-a-mas-torrencito\\\/\"},\"author\":{\"name\":\"Mastorrencito\",\"@id\":\"https:\\\/\\\/mastorrencito.com\\\/#\\\/schema\\\/person\\\/18c619be80d4ae2667c702911625f790\"},\"headline\":\"Manuela + Gemma i Shiva.. una hist\u00f2ria d&#8217;amor a Mas Torrencito\",\"datePublished\":\"2024-11-18T09:29:23+00:00\",\"mainEntityOfPage\":{\"@id\":\"https:\\\/\\\/mastorrencito.com\\\/cat\\\/manuela-gemma-i-shiva-una-historia-damor-a-mas-torrencito\\\/\"},\"wordCount\":1218,\"commentCount\":0,\"publisher\":{\"@id\":\"https:\\\/\\\/mastorrencito.com\\\/#organization\"},\"image\":{\"@id\":\"https:\\\/\\\/mastorrencito.com\\\/cat\\\/manuela-gemma-i-shiva-una-historia-damor-a-mas-torrencito\\\/#primaryimage\"},\"thumbnailUrl\":\"https:\\\/\\\/mastorrencito.com\\\/cat\\\/wp-content\\\/uploads\\\/sites\\\/3\\\/shiva1.jpg\",\"keywords\":[\"Gironaconmascotas\",\"turismecostabrava\",\"turismeruralambgossos\",\"turismoconmascotas\",\"viatjar amb gossos\"],\"articleSection\":[\"Hist\u00f2ries Mastorrencito\"],\"inLanguage\":\"es\",\"potentialAction\":[{\"@type\":\"CommentAction\",\"name\":\"Comment\",\"target\":[\"https:\\\/\\\/mastorrencito.com\\\/cat\\\/manuela-gemma-i-shiva-una-historia-damor-a-mas-torrencito\\\/#respond\"]}]},{\"@type\":\"WebPage\",\"@id\":\"https:\\\/\\\/mastorrencito.com\\\/cat\\\/manuela-gemma-i-shiva-una-historia-damor-a-mas-torrencito\\\/\",\"url\":\"https:\\\/\\\/mastorrencito.com\\\/cat\\\/manuela-gemma-i-shiva-una-historia-damor-a-mas-torrencito\\\/\",\"name\":\"Manuela + Gemma i Shiva una hist\u00f2ria d'amor a Mas Torrencito\",\"isPartOf\":{\"@id\":\"https:\\\/\\\/mastorrencito.com\\\/#website\"},\"primaryImageOfPage\":{\"@id\":\"https:\\\/\\\/mastorrencito.com\\\/cat\\\/manuela-gemma-i-shiva-una-historia-damor-a-mas-torrencito\\\/#primaryimage\"},\"image\":{\"@id\":\"https:\\\/\\\/mastorrencito.com\\\/cat\\\/manuela-gemma-i-shiva-una-historia-damor-a-mas-torrencito\\\/#primaryimage\"},\"thumbnailUrl\":\"https:\\\/\\\/mastorrencito.com\\\/cat\\\/wp-content\\\/uploads\\\/sites\\\/3\\\/shiva1.jpg\",\"datePublished\":\"2024-11-18T09:29:23+00:00\",\"description\":\"Una hist\u00f2ria d\u00b4un amor a primera vista... Manuela + Gemma i Shiva.. una hist\u00f2ria d\u00b4amor a Mas Torrencito\",\"breadcrumb\":{\"@id\":\"https:\\\/\\\/mastorrencito.com\\\/cat\\\/manuela-gemma-i-shiva-una-historia-damor-a-mas-torrencito\\\/#breadcrumb\"},\"inLanguage\":\"es\",\"potentialAction\":[{\"@type\":\"ReadAction\",\"target\":[\"https:\\\/\\\/mastorrencito.com\\\/cat\\\/manuela-gemma-i-shiva-una-historia-damor-a-mas-torrencito\\\/\"]}]},{\"@type\":\"ImageObject\",\"inLanguage\":\"es\",\"@id\":\"https:\\\/\\\/mastorrencito.com\\\/cat\\\/manuela-gemma-i-shiva-una-historia-damor-a-mas-torrencito\\\/#primaryimage\",\"url\":\"https:\\\/\\\/mastorrencito.com\\\/cat\\\/wp-content\\\/uploads\\\/sites\\\/3\\\/shiva1.jpg\",\"contentUrl\":\"https:\\\/\\\/mastorrencito.com\\\/cat\\\/wp-content\\\/uploads\\\/sites\\\/3\\\/shiva1.jpg\",\"width\":1440,\"height\":1440},{\"@type\":\"BreadcrumbList\",\"@id\":\"https:\\\/\\\/mastorrencito.com\\\/cat\\\/manuela-gemma-i-shiva-una-historia-damor-a-mas-torrencito\\\/#breadcrumb\",\"itemListElement\":[{\"@type\":\"ListItem\",\"position\":1,\"name\":\"Portada\",\"item\":\"https:\\\/\\\/mastorrencito.com\\\/\"},{\"@type\":\"ListItem\",\"position\":2,\"name\":\"Manuela + Gemma i Shiva.. una hist\u00f2ria d&#8217;amor a Mas Torrencito\"}]},{\"@type\":\"WebSite\",\"@id\":\"https:\\\/\\\/mastorrencito.com\\\/#website\",\"url\":\"https:\\\/\\\/mastorrencito.com\\\/\",\"name\":\"Mas Torrencito CAT\",\"description\":\"Casa rural pet friendly en Girona\",\"publisher\":{\"@id\":\"https:\\\/\\\/mastorrencito.com\\\/#organization\"},\"potentialAction\":[{\"@type\":\"SearchAction\",\"target\":{\"@type\":\"EntryPoint\",\"urlTemplate\":\"https:\\\/\\\/mastorrencito.com\\\/?s={search_term_string}\"},\"query-input\":{\"@type\":\"PropertyValueSpecification\",\"valueRequired\":true,\"valueName\":\"search_term_string\"}}],\"inLanguage\":\"es\"},{\"@type\":\"Organization\",\"@id\":\"https:\\\/\\\/mastorrencito.com\\\/#organization\",\"name\":\"Mas Torrencito CAT\",\"url\":\"https:\\\/\\\/mastorrencito.com\\\/\",\"logo\":{\"@type\":\"ImageObject\",\"inLanguage\":\"es\",\"@id\":\"https:\\\/\\\/mastorrencito.com\\\/#\\\/schema\\\/logo\\\/image\\\/\",\"url\":\"https:\\\/\\\/mastorrencito.com\\\/cat\\\/wp-content\\\/uploads\\\/sites\\\/3\\\/Logo-Mastorrencito-horizontal.webp\",\"contentUrl\":\"https:\\\/\\\/mastorrencito.com\\\/cat\\\/wp-content\\\/uploads\\\/sites\\\/3\\\/Logo-Mastorrencito-horizontal.webp\",\"width\":161,\"height\":54,\"caption\":\"Mas Torrencito CAT\"},\"image\":{\"@id\":\"https:\\\/\\\/mastorrencito.com\\\/#\\\/schema\\\/logo\\\/image\\\/\"}},{\"@type\":\"Person\",\"@id\":\"https:\\\/\\\/mastorrencito.com\\\/#\\\/schema\\\/person\\\/18c619be80d4ae2667c702911625f790\",\"name\":\"Mastorrencito\",\"image\":{\"@type\":\"ImageObject\",\"inLanguage\":\"es\",\"@id\":\"https:\\\/\\\/secure.gravatar.com\\\/avatar\\\/3ef55e0519f987a734c21caee1423b51df7b760b7d81a38ecd31cab0a5115f6d?s=96&d=mm&r=g\",\"url\":\"https:\\\/\\\/secure.gravatar.com\\\/avatar\\\/3ef55e0519f987a734c21caee1423b51df7b760b7d81a38ecd31cab0a5115f6d?s=96&d=mm&r=g\",\"contentUrl\":\"https:\\\/\\\/secure.gravatar.com\\\/avatar\\\/3ef55e0519f987a734c21caee1423b51df7b760b7d81a38ecd31cab0a5115f6d?s=96&d=mm&r=g\",\"caption\":\"Mastorrencito\"},\"url\":\"https:\\\/\\\/mastorrencito.com\\\/cat\\\/author\\\/mastorrencito\\\/\"}]}<\/script>\n<!-- \/ Yoast SEO Premium plugin. -->","yoast_head_json":{"title":"Manuela + Gemma i Shiva una hist\u00f2ria d'amor a Mas Torrencito","description":"Una hist\u00f2ria d\u00b4un amor a primera vista... Manuela + Gemma i Shiva.. una hist\u00f2ria d\u00b4amor a Mas Torrencito","robots":{"index":"index","follow":"follow","max-snippet":"max-snippet:-1","max-image-preview":"max-image-preview:large","max-video-preview":"max-video-preview:-1"},"canonical":"https:\/\/mastorrencito.com\/cat\/manuela-gemma-i-shiva-una-historia-damor-a-mas-torrencito\/","og_locale":"es_ES","og_type":"article","og_title":"Manuela + Gemma i Shiva.. una hist\u00f2ria d'amor a Mas Torrencito","og_description":"Una hist\u00f2ria d\u00b4un amor a primera vista... Manuela + Gemma i Shiva.. una hist\u00f2ria d\u00b4amor a Mas Torrencito","og_url":"https:\/\/mastorrencito.com\/cat\/manuela-gemma-i-shiva-una-historia-damor-a-mas-torrencito\/","og_site_name":"Mas Torrencito CAT","article_published_time":"2024-11-18T09:29:23+00:00","og_image":[{"width":1440,"height":1440,"url":"https:\/\/mastorrencito.com\/cat\/wp-content\/uploads\/sites\/3\/shiva1.jpg","type":"image\/jpeg"}],"author":"Mastorrencito","twitter_card":"summary_large_image","twitter_misc":{"Escrito por":"Mastorrencito","Tiempo de lectura":"7 minutos"},"schema":{"@context":"https:\/\/schema.org","@graph":[{"@type":"Article","@id":"https:\/\/mastorrencito.com\/cat\/manuela-gemma-i-shiva-una-historia-damor-a-mas-torrencito\/#article","isPartOf":{"@id":"https:\/\/mastorrencito.com\/cat\/manuela-gemma-i-shiva-una-historia-damor-a-mas-torrencito\/"},"author":{"name":"Mastorrencito","@id":"https:\/\/mastorrencito.com\/#\/schema\/person\/18c619be80d4ae2667c702911625f790"},"headline":"Manuela + Gemma i Shiva.. una hist\u00f2ria d&#8217;amor a Mas Torrencito","datePublished":"2024-11-18T09:29:23+00:00","mainEntityOfPage":{"@id":"https:\/\/mastorrencito.com\/cat\/manuela-gemma-i-shiva-una-historia-damor-a-mas-torrencito\/"},"wordCount":1218,"commentCount":0,"publisher":{"@id":"https:\/\/mastorrencito.com\/#organization"},"image":{"@id":"https:\/\/mastorrencito.com\/cat\/manuela-gemma-i-shiva-una-historia-damor-a-mas-torrencito\/#primaryimage"},"thumbnailUrl":"https:\/\/mastorrencito.com\/cat\/wp-content\/uploads\/sites\/3\/shiva1.jpg","keywords":["Gironaconmascotas","turismecostabrava","turismeruralambgossos","turismoconmascotas","viatjar amb gossos"],"articleSection":["Hist\u00f2ries Mastorrencito"],"inLanguage":"es","potentialAction":[{"@type":"CommentAction","name":"Comment","target":["https:\/\/mastorrencito.com\/cat\/manuela-gemma-i-shiva-una-historia-damor-a-mas-torrencito\/#respond"]}]},{"@type":"WebPage","@id":"https:\/\/mastorrencito.com\/cat\/manuela-gemma-i-shiva-una-historia-damor-a-mas-torrencito\/","url":"https:\/\/mastorrencito.com\/cat\/manuela-gemma-i-shiva-una-historia-damor-a-mas-torrencito\/","name":"Manuela + Gemma i Shiva una hist\u00f2ria d'amor a Mas Torrencito","isPartOf":{"@id":"https:\/\/mastorrencito.com\/#website"},"primaryImageOfPage":{"@id":"https:\/\/mastorrencito.com\/cat\/manuela-gemma-i-shiva-una-historia-damor-a-mas-torrencito\/#primaryimage"},"image":{"@id":"https:\/\/mastorrencito.com\/cat\/manuela-gemma-i-shiva-una-historia-damor-a-mas-torrencito\/#primaryimage"},"thumbnailUrl":"https:\/\/mastorrencito.com\/cat\/wp-content\/uploads\/sites\/3\/shiva1.jpg","datePublished":"2024-11-18T09:29:23+00:00","description":"Una hist\u00f2ria d\u00b4un amor a primera vista... Manuela + Gemma i Shiva.. una hist\u00f2ria d\u00b4amor a Mas Torrencito","breadcrumb":{"@id":"https:\/\/mastorrencito.com\/cat\/manuela-gemma-i-shiva-una-historia-damor-a-mas-torrencito\/#breadcrumb"},"inLanguage":"es","potentialAction":[{"@type":"ReadAction","target":["https:\/\/mastorrencito.com\/cat\/manuela-gemma-i-shiva-una-historia-damor-a-mas-torrencito\/"]}]},{"@type":"ImageObject","inLanguage":"es","@id":"https:\/\/mastorrencito.com\/cat\/manuela-gemma-i-shiva-una-historia-damor-a-mas-torrencito\/#primaryimage","url":"https:\/\/mastorrencito.com\/cat\/wp-content\/uploads\/sites\/3\/shiva1.jpg","contentUrl":"https:\/\/mastorrencito.com\/cat\/wp-content\/uploads\/sites\/3\/shiva1.jpg","width":1440,"height":1440},{"@type":"BreadcrumbList","@id":"https:\/\/mastorrencito.com\/cat\/manuela-gemma-i-shiva-una-historia-damor-a-mas-torrencito\/#breadcrumb","itemListElement":[{"@type":"ListItem","position":1,"name":"Portada","item":"https:\/\/mastorrencito.com\/"},{"@type":"ListItem","position":2,"name":"Manuela + Gemma i Shiva.. una hist\u00f2ria d&#8217;amor a Mas Torrencito"}]},{"@type":"WebSite","@id":"https:\/\/mastorrencito.com\/#website","url":"https:\/\/mastorrencito.com\/","name":"Mas Torrencito CAT","description":"Casa rural pet friendly en Girona","publisher":{"@id":"https:\/\/mastorrencito.com\/#organization"},"potentialAction":[{"@type":"SearchAction","target":{"@type":"EntryPoint","urlTemplate":"https:\/\/mastorrencito.com\/?s={search_term_string}"},"query-input":{"@type":"PropertyValueSpecification","valueRequired":true,"valueName":"search_term_string"}}],"inLanguage":"es"},{"@type":"Organization","@id":"https:\/\/mastorrencito.com\/#organization","name":"Mas Torrencito CAT","url":"https:\/\/mastorrencito.com\/","logo":{"@type":"ImageObject","inLanguage":"es","@id":"https:\/\/mastorrencito.com\/#\/schema\/logo\/image\/","url":"https:\/\/mastorrencito.com\/cat\/wp-content\/uploads\/sites\/3\/Logo-Mastorrencito-horizontal.webp","contentUrl":"https:\/\/mastorrencito.com\/cat\/wp-content\/uploads\/sites\/3\/Logo-Mastorrencito-horizontal.webp","width":161,"height":54,"caption":"Mas Torrencito CAT"},"image":{"@id":"https:\/\/mastorrencito.com\/#\/schema\/logo\/image\/"}},{"@type":"Person","@id":"https:\/\/mastorrencito.com\/#\/schema\/person\/18c619be80d4ae2667c702911625f790","name":"Mastorrencito","image":{"@type":"ImageObject","inLanguage":"es","@id":"https:\/\/secure.gravatar.com\/avatar\/3ef55e0519f987a734c21caee1423b51df7b760b7d81a38ecd31cab0a5115f6d?s=96&d=mm&r=g","url":"https:\/\/secure.gravatar.com\/avatar\/3ef55e0519f987a734c21caee1423b51df7b760b7d81a38ecd31cab0a5115f6d?s=96&d=mm&r=g","contentUrl":"https:\/\/secure.gravatar.com\/avatar\/3ef55e0519f987a734c21caee1423b51df7b760b7d81a38ecd31cab0a5115f6d?s=96&d=mm&r=g","caption":"Mastorrencito"},"url":"https:\/\/mastorrencito.com\/cat\/author\/mastorrencito\/"}]}},"acf":[],"_links":{"self":[{"href":"https:\/\/mastorrencito.com\/cat\/wp-json\/wp\/v2\/posts\/2218","targetHints":{"allow":["GET"]}}],"collection":[{"href":"https:\/\/mastorrencito.com\/cat\/wp-json\/wp\/v2\/posts"}],"about":[{"href":"https:\/\/mastorrencito.com\/cat\/wp-json\/wp\/v2\/types\/post"}],"author":[{"embeddable":true,"href":"https:\/\/mastorrencito.com\/cat\/wp-json\/wp\/v2\/users\/2"}],"replies":[{"embeddable":true,"href":"https:\/\/mastorrencito.com\/cat\/wp-json\/wp\/v2\/comments?post=2218"}],"version-history":[{"count":0,"href":"https:\/\/mastorrencito.com\/cat\/wp-json\/wp\/v2\/posts\/2218\/revisions"}],"wp:featuredmedia":[{"embeddable":true,"href":"https:\/\/mastorrencito.com\/cat\/wp-json\/wp\/v2\/media\/2195"}],"wp:attachment":[{"href":"https:\/\/mastorrencito.com\/cat\/wp-json\/wp\/v2\/media?parent=2218"}],"wp:term":[{"taxonomy":"category","embeddable":true,"href":"https:\/\/mastorrencito.com\/cat\/wp-json\/wp\/v2\/categories?post=2218"},{"taxonomy":"post_tag","embeddable":true,"href":"https:\/\/mastorrencito.com\/cat\/wp-json\/wp\/v2\/tags?post=2218"}],"curies":[{"name":"wp","href":"https:\/\/api.w.org\/{rel}","templated":true}]}}