{"id":2183,"date":"2024-11-18T06:24:56","date_gmt":"2024-11-18T06:24:56","guid":{"rendered":"https:\/\/casaruralconperrosgirona.com\/un-dia-sense-clients-a-mas-torrencito-comptat-per-manuela-%f0%9f%90%be\/"},"modified":"2024-11-18T06:24:56","modified_gmt":"2024-11-18T06:24:56","slug":"un-dia-sense-clients-a-mas-torrencito-comptat-per-manuela-%f0%9f%90%be","status":"publish","type":"post","link":"https:\/\/mastorrencito.com\/cat\/un-dia-sense-clients-a-mas-torrencito-comptat-per-manuela-%f0%9f%90%be\/","title":{"rendered":"Un dia sense clients a Mas Torrencito, comptat per Manuela \ud83d\udc3e"},"content":{"rendered":"\n<h4 class=\"wp-block-heading\"><strong>Un dia sense clients a Mas Torrencito \u00e9s una raresa, regal inesperat i una barreja d&#8217;emocions. Per a nosaltres, els gossos, \u00e9s una oportunitat \u00fanica per tenir en Miquel per a nosaltres sols. Per\u00f2 tamb\u00e9 \u00e9s una mica estrany\u2026 i us explicar\u00e9 per qu\u00e8!  <\/strong><\/h4>\n\n<hr class=\"wp-block-separator has-alpha-channel-opacity\" \/>\n\n<h4 class=\"wp-block-heading\"><strong>L&#8217;alba de la calma<\/strong><\/h4>\n\n<p>El dia comen\u00e7a com qualsevol altre. En Miquel s&#8217;aixeca d&#8217;hora, i nosaltres, els gossos guardians de Mas Torrencito, ja estem atents a cadascun dels seus moviments. Per\u00f2 hi ha alguna cosa estranya a l&#8217;aire: no hi ha cotxes arribant, no sonen maletes arrossegant-se sobre la grava, i ning\u00fa crida \u00abQue bonic lloc!\u00bb. No hi ha clients.   <\/p>\n\n<p>\u2014\u00bbNo ve ning\u00fa avui, Miquel?\u00bb\u2014 li borda Masto mentre sacseja la cua.<br \/>\u2014\u00bbNo, nois. Avui no hi ha ning\u00fa. Sembla que tindrem un dia tranquil.\u00bb\u2014 respon Miguel amb un somriure que intenta dissimular la seva preocupaci\u00f3.<\/p>\n\n<p>I aqu\u00ed comen\u00e7a el nostre dia especial.<\/p>\n\n<hr class=\"wp-block-separator has-alpha-channel-opacity\" \/>\n\n<h4 class=\"wp-block-heading\"><strong>El parad\u00eds gos<\/strong><\/h4>\n\n<p>Quan no hi ha clients, Miguel est\u00e0 <strong>100% per a nosaltres<\/strong> . \u00c9s la gl\u00f2ria! Qualsevol cosa que necessitem, \u00e9s ell. Si volem aigua fresca, la tenim a l&#8217;instant. Si la Maky necessita un pal, el Miguel se&#8217;l busca. I si jo, Manuela, vull una pedra (perqu\u00e8 s\u00ed, m&#8217;encanten les pedres), ell la troba i me la d\u00f3na. \ud83d\udc3e<\/p>\n\n<p>Normalment, quan hi ha clients, Miguel sempre est\u00e0 ocupat: al tel\u00e8fon, atenent alg\u00fa o assegurant-se que tot estigui perfecte. Per\u00f2 avui, <em>avui \u00e9s la nostra oportunitat<\/em> . Tots ho sabem, i aprofitem cada moment.  <\/p>\n\n<p>\u2014\u00bbMiguel, mira, la pilota!\u00bb\u2014 borda Masto mentre l&#8217;empeny cap a ell.<br \/> \u2014\u00bbMira aquest pal, a qu\u00e8 \u00e9s xulo?\u00bb\u2014 diu la Maky amb un somriure gos.<br \/> Jo simplement ho observo, movent la meva cua a poc a poc, perqu\u00e8 s\u00e9 que al final ell no es pot resistir als meus ullets. \ud83d\udc36<\/p>\n\n<p>Ens dediquem a c\u00f3rrer pel jard\u00ed, saltar per la piscina buida i jugar entre nosaltres. \u00c9s com si el temps s&#8217;atur\u00e9s! <\/p>\n<figure class=\"wp-block-post-featured-image\"><img fetchpriority=\"high\" decoding=\"async\" width=\"1536\" height=\"2048\" src=\"https:\/\/mastorrencito.com\/cat\/wp-content\/uploads\/sites\/3\/manuela_mar.jpg\" class=\"attachment-post-thumbnail size-post-thumbnail wp-post-image\" alt=\"\" style=\"object-fit:cover;\" srcset=\"https:\/\/mastorrencito.com\/cat\/wp-content\/uploads\/sites\/3\/manuela_mar.jpg 1536w, https:\/\/mastorrencito.com\/cat\/wp-content\/uploads\/sites\/3\/manuela_mar-225x300.jpg 225w, https:\/\/mastorrencito.com\/cat\/wp-content\/uploads\/sites\/3\/manuela_mar-768x1024.jpg 768w, https:\/\/mastorrencito.com\/cat\/wp-content\/uploads\/sites\/3\/manuela_mar-1152x1536.jpg 1152w\" sizes=\"(max-width: 1536px) 100vw, 1536px\" \/><\/figure>\n<hr class=\"wp-block-separator has-alpha-channel-opacity\" \/>\n\n<h4 class=\"wp-block-heading\"><strong>Els contratemps de no tenir clients<\/strong> . Un dia sense clients a Mas Torrencito, comptat per Manuela \ud83d\udc3e <\/h4>\n\n<p>Tot i aix\u00f2, no tot \u00e9s perfecte. Estranyem els altres gossos que de vegades porten els clients. Ens encanta quan arriben i podem jugar amb ells, o fins i tot robar alguna croqueta del plat mentre no miren. I \u00e9s clar, tamb\u00e9 trobem a faltar les car\u00edcies dels visitants, aquests \u00abque bonics s\u00f3n aquests gossets!\u00bb que sempre ens fan sentir com a estrelles de cinema. \ud83c\udf1f<\/p>\n\n<p>A m\u00e9s, sabem que Miquel es preocupa. Si no hi ha clients, no hi ha ingressos, i aix\u00f2 ens posa una mica tristos perqu\u00e8 ho notem a la seva energia. Encara que ell intenti amagar-ho, nosaltres som gossos molt llestos. Per\u00f2 tot i aix\u00ed, fem el possible per alegrar-li el dia.   <\/p>\n\n<p>\u2014\u00bbManuela, vine aqu\u00ed,\u00bb\u2014 em diu Miguel mentre m&#8217;acaricia darrere de les orelles. \u00abTot estar\u00e0 b\u00e9.\u00bb<br \/> Jo no entenc tot el que diu, per\u00f2 s\u00e9 que la veu em tranquil\u00b7litza. \ud83d\udc95 <\/p>\n\n<hr class=\"wp-block-separator has-alpha-channel-opacity\" \/>\n\n<h4 class=\"wp-block-heading\"><strong>La sorpresa: un viatge a la platja!<\/strong><\/h4>\n\n<p>De cop i volta, Miguel s&#8217;aixeca amb una energia renovada.<br \/>\u2014\u00bbVinga nois, al cotxe!\u00bb\u2014 diu amb un somriure, i tots ens emocionem.<\/p>\n\n<p>No \u00e9s una cosa que passi cada dia, per\u00f2 quan no hi ha clients, de vegades ens porta a la platja. I quina meravella \u00e9s aix\u00f2! Ens encanta c\u00f3rrer per la sorra mullada, perseguir les onades i jugar fins que estem esgotats. riba.   <\/p>\n\n<p>\u2014\u00bbMaky, deixa aquest pal, que \u00e9s m\u00e9s gran que tu!\u00bb\u2014 crida Miguel mentre riu.<br \/>\u2014\u00bbMira aquesta pedra, Miquel. \u00c9s perfecta per a mi!\u00bb\u2014 lladre jo, encara que no s\u00e9 si ent\u00e9n el meu entusiasme.<\/p>\n\n<p>Tot i que de vegades crec que Miguel acaba m\u00e9s cansat que nosaltres. Ho veiem c\u00f3rrer de banda a banda, intentant complir amb les nostres demandes. Per\u00f2 tant se val, perqu\u00e8 est\u00e0 feli\u00e7 en veure&#8217;ns gaudir. I nosaltres tamb\u00e9. \ud83c\udfd6\ufe0f    <\/p>\n\n<hr class=\"wp-block-separator has-alpha-channel-opacity\" \/>\n\n<h4 class=\"wp-block-heading\"><strong>El moment m\u00e9s especial: el sof\u00e0 compartit<\/strong> . Un dia sense clients a Mas Torrencito, comptat per Manuela \ud83d\udc3e <\/h4>\n\n<p>Quan tornem a Mas Torrencito despr\u00e9s d&#8217;un dia aix\u00ed, Miquel s&#8217;asseu al sof\u00e0, i nosaltres ens apilem al seu voltant. \u00c9s com un ritual. Un s&#8217;acomoda sobre les cames, un altre al respatller, i jo sempre trobo un lloc perfecte just al seu costat.  <\/p>\n\n<p>\u2014\u00bbUf, nois, no em deixeu respirar,\u00bb\u2014 diu Miguel entre rialles mentre ens mira amb afecte.<br \/> Per\u00f2 mai no ens diu que ens baixem, aix\u00ed que assumim que est\u00e0 encantat de tenir-nos tan a prop. \ud83d\ude09<\/p>\n\n<p>De vegades penso que, encara que els dies sense clients poden ser preocupants per a en Miquel, s\u00f3n els dies m\u00e9s bonics per a nosaltres. Perqu\u00e8 en aquests moments, som una fam\u00edlia completa, sense distraccions, sense presses. Nom\u00e9s nosaltres, junts.  <\/p>\n\n<hr class=\"wp-block-separator has-alpha-channel-opacity\" \/>\n\n<h4 class=\"wp-block-heading\"><strong>Reflexi\u00f3 gossa<\/strong><\/h4>\n\n<p>Al final del dia, mentre Miquel ens acaricia un per un abans d&#8217;anar a dormir, penso en com som d&#8217;afortunats de tenir-lo. Encara que de vegades hi hagi preocupacions, nosaltres sempre estem aqu\u00ed per a ell, com ell \u00e9s per a nosaltres. I potser, aquests dies rars i tranquils, ell tamb\u00e9 ho sent aix\u00ed.  <\/p>\n\n<p>Perqu\u00e8 a Mas Torrencito, som m\u00e9s que gossos. Som l&#8217;\u00e0nima del lloc. \ud83d\udc3e\u2764\ufe0f  <\/p>\n\n<blockquote class=\"wp-block-quote is-layout-flow wp-block-quote-is-layout-flow\">\n<p><br \/>Des de Mas Torrencito us desitgem un bon dia i que els vostres goss us acompanyi!!!!<\/p>\n<\/blockquote>\n\n<p>\u2014\u2013<br \/> Si vols, podeu veure els nostres <strong>bons per caps de setmana, bons jubilats<\/strong> , a un preu incre\u00efble..entra a <a href=\"https:\/\/www.mastorrencito.com\/\">www.mastorrencito.com<\/a> o si vols podeu llegir m\u00e9s hist\u00f2ria i an\u00e8cdotes que ens han passat a Mas Torrencito\u2026 Fes click <a href=\"https:\/\/mastorrencito.com\/\">aqu\u00ed<\/a> :<\/p>\n","protected":false},"excerpt":{"rendered":"<p>Un dia sense clients a Mas Torrencito \u00e9s una raresa, regal inesperat i una barreja d&#8217;emocions. Per a nosaltres, els gossos, \u00e9s una oportunitat \u00fanica per tenir en Miquel per a nosaltres sols. Per\u00f2 tamb\u00e9 \u00e9s una mica estrany\u2026 i us explicar\u00e9 per qu\u00e8! L&#8217;alba de la calma El dia comen\u00e7a com qualsevol altre. En [&hellip;]<\/p>\n","protected":false},"author":2,"featured_media":2179,"comment_status":"open","ping_status":"open","sticky":false,"template":"","format":"standard","meta":{"_acf_changed":false,"footnotes":""},"categories":[35],"tags":[47,55,49,56],"class_list":["post-2183","post","type-post","status-publish","format-standard","has-post-thumbnail","hentry","category-histories-mastorrencito","tag-gironaconmascotas","tag-turismecostabrava","tag-turismoruralconperros","tag-viatjar-amb-gossos"],"yoast_head":"<!-- This site is optimized with the Yoast SEO Premium plugin v27.3 (Yoast SEO v27.5) - https:\/\/yoast.com\/product\/yoast-seo-premium-wordpress\/ -->\n<title>Un dia sense clients a Mas Torrencito, comptat per Manuela \ud83d\udc3e - Mas Torrencito CAT<\/title>\n<meta name=\"description\" content=\"I \u00e9s que \u00e9s estrany tenir-vos... normalment sempre hi ha cleints... per\u00f2 de vegades... Un dia sense clients a Mas Torrencito, comptat per Manuela\" \/>\n<meta name=\"robots\" content=\"index, follow, max-snippet:-1, max-image-preview:large, max-video-preview:-1\" \/>\n<link rel=\"canonical\" href=\"https:\/\/mastorrencito.com\/cat\/un-dia-sense-clients-a-mas-torrencito-comptat-per-manuela-\ud83d\udc3e\/\" \/>\n<meta property=\"og:locale\" content=\"es_ES\" \/>\n<meta property=\"og:type\" content=\"article\" \/>\n<meta property=\"og:title\" content=\"Un dia sense clients a Mas Torrencito, comptat per Manuela \ud83d\udc3e\" \/>\n<meta property=\"og:description\" content=\"I \u00e9s que \u00e9s estrany tenir-vos... normalment sempre hi ha cleints... per\u00f2 de vegades... Un dia sense clients a Mas Torrencito, comptat per Manuela\" \/>\n<meta property=\"og:url\" content=\"https:\/\/mastorrencito.com\/cat\/un-dia-sense-clients-a-mas-torrencito-comptat-per-manuela-\ud83d\udc3e\/\" \/>\n<meta property=\"og:site_name\" content=\"Mas Torrencito CAT\" \/>\n<meta property=\"article:published_time\" content=\"2024-11-18T06:24:56+00:00\" \/>\n<meta property=\"og:image\" content=\"https:\/\/mastorrencito.com\/cat\/wp-content\/uploads\/sites\/3\/manuela_mar.jpg\" \/>\n\t<meta property=\"og:image:width\" content=\"1536\" \/>\n\t<meta property=\"og:image:height\" content=\"2048\" \/>\n\t<meta property=\"og:image:type\" content=\"image\/jpeg\" \/>\n<meta name=\"author\" content=\"Mastorrencito\" \/>\n<meta name=\"twitter:card\" content=\"summary_large_image\" \/>\n<meta name=\"twitter:label1\" content=\"Escrito por\" \/>\n\t<meta name=\"twitter:data1\" content=\"Mastorrencito\" \/>\n\t<meta name=\"twitter:label2\" content=\"Tiempo de lectura\" \/>\n\t<meta name=\"twitter:data2\" content=\"5 minutos\" \/>\n<script type=\"application\/ld+json\" class=\"yoast-schema-graph\">{\"@context\":\"https:\\\/\\\/schema.org\",\"@graph\":[{\"@type\":\"Article\",\"@id\":\"https:\\\/\\\/mastorrencito.com\\\/cat\\\/un-dia-sense-clients-a-mas-torrencito-comptat-per-manuela-%f0%9f%90%be\\\/#article\",\"isPartOf\":{\"@id\":\"https:\\\/\\\/mastorrencito.com\\\/cat\\\/un-dia-sense-clients-a-mas-torrencito-comptat-per-manuela-%f0%9f%90%be\\\/\"},\"author\":{\"name\":\"Mastorrencito\",\"@id\":\"https:\\\/\\\/mastorrencito.com\\\/#\\\/schema\\\/person\\\/18c619be80d4ae2667c702911625f790\"},\"headline\":\"Un dia sense clients a Mas Torrencito, comptat per Manuela \ud83d\udc3e\",\"datePublished\":\"2024-11-18T06:24:56+00:00\",\"mainEntityOfPage\":{\"@id\":\"https:\\\/\\\/mastorrencito.com\\\/cat\\\/un-dia-sense-clients-a-mas-torrencito-comptat-per-manuela-%f0%9f%90%be\\\/\"},\"wordCount\":933,\"commentCount\":0,\"publisher\":{\"@id\":\"https:\\\/\\\/mastorrencito.com\\\/#organization\"},\"image\":{\"@id\":\"https:\\\/\\\/mastorrencito.com\\\/cat\\\/un-dia-sense-clients-a-mas-torrencito-comptat-per-manuela-%f0%9f%90%be\\\/#primaryimage\"},\"thumbnailUrl\":\"https:\\\/\\\/mastorrencito.com\\\/cat\\\/wp-content\\\/uploads\\\/sites\\\/3\\\/manuela_mar.jpg\",\"keywords\":[\"Gironaconmascotas\",\"turismecostabrava\",\"Turismoruralconperros\",\"viatjar amb gossos\"],\"articleSection\":[\"Hist\u00f2ries Mastorrencito\"],\"inLanguage\":\"es\",\"potentialAction\":[{\"@type\":\"CommentAction\",\"name\":\"Comment\",\"target\":[\"https:\\\/\\\/mastorrencito.com\\\/cat\\\/un-dia-sense-clients-a-mas-torrencito-comptat-per-manuela-%f0%9f%90%be\\\/#respond\"]}]},{\"@type\":\"WebPage\",\"@id\":\"https:\\\/\\\/mastorrencito.com\\\/cat\\\/un-dia-sense-clients-a-mas-torrencito-comptat-per-manuela-%f0%9f%90%be\\\/\",\"url\":\"https:\\\/\\\/mastorrencito.com\\\/cat\\\/un-dia-sense-clients-a-mas-torrencito-comptat-per-manuela-%f0%9f%90%be\\\/\",\"name\":\"Un dia sense clients a Mas Torrencito, comptat per Manuela \ud83d\udc3e - Mas Torrencito CAT\",\"isPartOf\":{\"@id\":\"https:\\\/\\\/mastorrencito.com\\\/#website\"},\"primaryImageOfPage\":{\"@id\":\"https:\\\/\\\/mastorrencito.com\\\/cat\\\/un-dia-sense-clients-a-mas-torrencito-comptat-per-manuela-%f0%9f%90%be\\\/#primaryimage\"},\"image\":{\"@id\":\"https:\\\/\\\/mastorrencito.com\\\/cat\\\/un-dia-sense-clients-a-mas-torrencito-comptat-per-manuela-%f0%9f%90%be\\\/#primaryimage\"},\"thumbnailUrl\":\"https:\\\/\\\/mastorrencito.com\\\/cat\\\/wp-content\\\/uploads\\\/sites\\\/3\\\/manuela_mar.jpg\",\"datePublished\":\"2024-11-18T06:24:56+00:00\",\"description\":\"I \u00e9s que \u00e9s estrany tenir-vos... normalment sempre hi ha cleints... per\u00f2 de vegades... Un dia sense clients a Mas Torrencito, comptat per Manuela\",\"breadcrumb\":{\"@id\":\"https:\\\/\\\/mastorrencito.com\\\/cat\\\/un-dia-sense-clients-a-mas-torrencito-comptat-per-manuela-%f0%9f%90%be\\\/#breadcrumb\"},\"inLanguage\":\"es\",\"potentialAction\":[{\"@type\":\"ReadAction\",\"target\":[\"https:\\\/\\\/mastorrencito.com\\\/cat\\\/un-dia-sense-clients-a-mas-torrencito-comptat-per-manuela-%f0%9f%90%be\\\/\"]}]},{\"@type\":\"ImageObject\",\"inLanguage\":\"es\",\"@id\":\"https:\\\/\\\/mastorrencito.com\\\/cat\\\/un-dia-sense-clients-a-mas-torrencito-comptat-per-manuela-%f0%9f%90%be\\\/#primaryimage\",\"url\":\"https:\\\/\\\/mastorrencito.com\\\/cat\\\/wp-content\\\/uploads\\\/sites\\\/3\\\/manuela_mar.jpg\",\"contentUrl\":\"https:\\\/\\\/mastorrencito.com\\\/cat\\\/wp-content\\\/uploads\\\/sites\\\/3\\\/manuela_mar.jpg\",\"width\":1536,\"height\":2048},{\"@type\":\"BreadcrumbList\",\"@id\":\"https:\\\/\\\/mastorrencito.com\\\/cat\\\/un-dia-sense-clients-a-mas-torrencito-comptat-per-manuela-%f0%9f%90%be\\\/#breadcrumb\",\"itemListElement\":[{\"@type\":\"ListItem\",\"position\":1,\"name\":\"Portada\",\"item\":\"https:\\\/\\\/mastorrencito.com\\\/\"},{\"@type\":\"ListItem\",\"position\":2,\"name\":\"Un dia sense clients a Mas Torrencito, comptat per Manuela \ud83d\udc3e\"}]},{\"@type\":\"WebSite\",\"@id\":\"https:\\\/\\\/mastorrencito.com\\\/#website\",\"url\":\"https:\\\/\\\/mastorrencito.com\\\/\",\"name\":\"Mas Torrencito CAT\",\"description\":\"Casa rural pet friendly en Girona\",\"publisher\":{\"@id\":\"https:\\\/\\\/mastorrencito.com\\\/#organization\"},\"potentialAction\":[{\"@type\":\"SearchAction\",\"target\":{\"@type\":\"EntryPoint\",\"urlTemplate\":\"https:\\\/\\\/mastorrencito.com\\\/?s={search_term_string}\"},\"query-input\":{\"@type\":\"PropertyValueSpecification\",\"valueRequired\":true,\"valueName\":\"search_term_string\"}}],\"inLanguage\":\"es\"},{\"@type\":\"Organization\",\"@id\":\"https:\\\/\\\/mastorrencito.com\\\/#organization\",\"name\":\"Mas Torrencito CAT\",\"url\":\"https:\\\/\\\/mastorrencito.com\\\/\",\"logo\":{\"@type\":\"ImageObject\",\"inLanguage\":\"es\",\"@id\":\"https:\\\/\\\/mastorrencito.com\\\/#\\\/schema\\\/logo\\\/image\\\/\",\"url\":\"https:\\\/\\\/mastorrencito.com\\\/cat\\\/wp-content\\\/uploads\\\/sites\\\/3\\\/Logo-Mastorrencito-horizontal.webp\",\"contentUrl\":\"https:\\\/\\\/mastorrencito.com\\\/cat\\\/wp-content\\\/uploads\\\/sites\\\/3\\\/Logo-Mastorrencito-horizontal.webp\",\"width\":161,\"height\":54,\"caption\":\"Mas Torrencito CAT\"},\"image\":{\"@id\":\"https:\\\/\\\/mastorrencito.com\\\/#\\\/schema\\\/logo\\\/image\\\/\"}},{\"@type\":\"Person\",\"@id\":\"https:\\\/\\\/mastorrencito.com\\\/#\\\/schema\\\/person\\\/18c619be80d4ae2667c702911625f790\",\"name\":\"Mastorrencito\",\"image\":{\"@type\":\"ImageObject\",\"inLanguage\":\"es\",\"@id\":\"https:\\\/\\\/secure.gravatar.com\\\/avatar\\\/3ef55e0519f987a734c21caee1423b51df7b760b7d81a38ecd31cab0a5115f6d?s=96&d=mm&r=g\",\"url\":\"https:\\\/\\\/secure.gravatar.com\\\/avatar\\\/3ef55e0519f987a734c21caee1423b51df7b760b7d81a38ecd31cab0a5115f6d?s=96&d=mm&r=g\",\"contentUrl\":\"https:\\\/\\\/secure.gravatar.com\\\/avatar\\\/3ef55e0519f987a734c21caee1423b51df7b760b7d81a38ecd31cab0a5115f6d?s=96&d=mm&r=g\",\"caption\":\"Mastorrencito\"},\"url\":\"https:\\\/\\\/mastorrencito.com\\\/cat\\\/author\\\/mastorrencito\\\/\"}]}<\/script>\n<!-- \/ Yoast SEO Premium plugin. -->","yoast_head_json":{"title":"Un dia sense clients a Mas Torrencito, comptat per Manuela \ud83d\udc3e - Mas Torrencito CAT","description":"I \u00e9s que \u00e9s estrany tenir-vos... normalment sempre hi ha cleints... per\u00f2 de vegades... Un dia sense clients a Mas Torrencito, comptat per Manuela","robots":{"index":"index","follow":"follow","max-snippet":"max-snippet:-1","max-image-preview":"max-image-preview:large","max-video-preview":"max-video-preview:-1"},"canonical":"https:\/\/mastorrencito.com\/cat\/un-dia-sense-clients-a-mas-torrencito-comptat-per-manuela-\ud83d\udc3e\/","og_locale":"es_ES","og_type":"article","og_title":"Un dia sense clients a Mas Torrencito, comptat per Manuela \ud83d\udc3e","og_description":"I \u00e9s que \u00e9s estrany tenir-vos... normalment sempre hi ha cleints... per\u00f2 de vegades... Un dia sense clients a Mas Torrencito, comptat per Manuela","og_url":"https:\/\/mastorrencito.com\/cat\/un-dia-sense-clients-a-mas-torrencito-comptat-per-manuela-\ud83d\udc3e\/","og_site_name":"Mas Torrencito CAT","article_published_time":"2024-11-18T06:24:56+00:00","og_image":[{"width":1536,"height":2048,"url":"https:\/\/mastorrencito.com\/cat\/wp-content\/uploads\/sites\/3\/manuela_mar.jpg","type":"image\/jpeg"}],"author":"Mastorrencito","twitter_card":"summary_large_image","twitter_misc":{"Escrito por":"Mastorrencito","Tiempo de lectura":"5 minutos"},"schema":{"@context":"https:\/\/schema.org","@graph":[{"@type":"Article","@id":"https:\/\/mastorrencito.com\/cat\/un-dia-sense-clients-a-mas-torrencito-comptat-per-manuela-%f0%9f%90%be\/#article","isPartOf":{"@id":"https:\/\/mastorrencito.com\/cat\/un-dia-sense-clients-a-mas-torrencito-comptat-per-manuela-%f0%9f%90%be\/"},"author":{"name":"Mastorrencito","@id":"https:\/\/mastorrencito.com\/#\/schema\/person\/18c619be80d4ae2667c702911625f790"},"headline":"Un dia sense clients a Mas Torrencito, comptat per Manuela \ud83d\udc3e","datePublished":"2024-11-18T06:24:56+00:00","mainEntityOfPage":{"@id":"https:\/\/mastorrencito.com\/cat\/un-dia-sense-clients-a-mas-torrencito-comptat-per-manuela-%f0%9f%90%be\/"},"wordCount":933,"commentCount":0,"publisher":{"@id":"https:\/\/mastorrencito.com\/#organization"},"image":{"@id":"https:\/\/mastorrencito.com\/cat\/un-dia-sense-clients-a-mas-torrencito-comptat-per-manuela-%f0%9f%90%be\/#primaryimage"},"thumbnailUrl":"https:\/\/mastorrencito.com\/cat\/wp-content\/uploads\/sites\/3\/manuela_mar.jpg","keywords":["Gironaconmascotas","turismecostabrava","Turismoruralconperros","viatjar amb gossos"],"articleSection":["Hist\u00f2ries Mastorrencito"],"inLanguage":"es","potentialAction":[{"@type":"CommentAction","name":"Comment","target":["https:\/\/mastorrencito.com\/cat\/un-dia-sense-clients-a-mas-torrencito-comptat-per-manuela-%f0%9f%90%be\/#respond"]}]},{"@type":"WebPage","@id":"https:\/\/mastorrencito.com\/cat\/un-dia-sense-clients-a-mas-torrencito-comptat-per-manuela-%f0%9f%90%be\/","url":"https:\/\/mastorrencito.com\/cat\/un-dia-sense-clients-a-mas-torrencito-comptat-per-manuela-%f0%9f%90%be\/","name":"Un dia sense clients a Mas Torrencito, comptat per Manuela \ud83d\udc3e - Mas Torrencito CAT","isPartOf":{"@id":"https:\/\/mastorrencito.com\/#website"},"primaryImageOfPage":{"@id":"https:\/\/mastorrencito.com\/cat\/un-dia-sense-clients-a-mas-torrencito-comptat-per-manuela-%f0%9f%90%be\/#primaryimage"},"image":{"@id":"https:\/\/mastorrencito.com\/cat\/un-dia-sense-clients-a-mas-torrencito-comptat-per-manuela-%f0%9f%90%be\/#primaryimage"},"thumbnailUrl":"https:\/\/mastorrencito.com\/cat\/wp-content\/uploads\/sites\/3\/manuela_mar.jpg","datePublished":"2024-11-18T06:24:56+00:00","description":"I \u00e9s que \u00e9s estrany tenir-vos... normalment sempre hi ha cleints... per\u00f2 de vegades... Un dia sense clients a Mas Torrencito, comptat per Manuela","breadcrumb":{"@id":"https:\/\/mastorrencito.com\/cat\/un-dia-sense-clients-a-mas-torrencito-comptat-per-manuela-%f0%9f%90%be\/#breadcrumb"},"inLanguage":"es","potentialAction":[{"@type":"ReadAction","target":["https:\/\/mastorrencito.com\/cat\/un-dia-sense-clients-a-mas-torrencito-comptat-per-manuela-%f0%9f%90%be\/"]}]},{"@type":"ImageObject","inLanguage":"es","@id":"https:\/\/mastorrencito.com\/cat\/un-dia-sense-clients-a-mas-torrencito-comptat-per-manuela-%f0%9f%90%be\/#primaryimage","url":"https:\/\/mastorrencito.com\/cat\/wp-content\/uploads\/sites\/3\/manuela_mar.jpg","contentUrl":"https:\/\/mastorrencito.com\/cat\/wp-content\/uploads\/sites\/3\/manuela_mar.jpg","width":1536,"height":2048},{"@type":"BreadcrumbList","@id":"https:\/\/mastorrencito.com\/cat\/un-dia-sense-clients-a-mas-torrencito-comptat-per-manuela-%f0%9f%90%be\/#breadcrumb","itemListElement":[{"@type":"ListItem","position":1,"name":"Portada","item":"https:\/\/mastorrencito.com\/"},{"@type":"ListItem","position":2,"name":"Un dia sense clients a Mas Torrencito, comptat per Manuela \ud83d\udc3e"}]},{"@type":"WebSite","@id":"https:\/\/mastorrencito.com\/#website","url":"https:\/\/mastorrencito.com\/","name":"Mas Torrencito CAT","description":"Casa rural pet friendly en Girona","publisher":{"@id":"https:\/\/mastorrencito.com\/#organization"},"potentialAction":[{"@type":"SearchAction","target":{"@type":"EntryPoint","urlTemplate":"https:\/\/mastorrencito.com\/?s={search_term_string}"},"query-input":{"@type":"PropertyValueSpecification","valueRequired":true,"valueName":"search_term_string"}}],"inLanguage":"es"},{"@type":"Organization","@id":"https:\/\/mastorrencito.com\/#organization","name":"Mas Torrencito CAT","url":"https:\/\/mastorrencito.com\/","logo":{"@type":"ImageObject","inLanguage":"es","@id":"https:\/\/mastorrencito.com\/#\/schema\/logo\/image\/","url":"https:\/\/mastorrencito.com\/cat\/wp-content\/uploads\/sites\/3\/Logo-Mastorrencito-horizontal.webp","contentUrl":"https:\/\/mastorrencito.com\/cat\/wp-content\/uploads\/sites\/3\/Logo-Mastorrencito-horizontal.webp","width":161,"height":54,"caption":"Mas Torrencito CAT"},"image":{"@id":"https:\/\/mastorrencito.com\/#\/schema\/logo\/image\/"}},{"@type":"Person","@id":"https:\/\/mastorrencito.com\/#\/schema\/person\/18c619be80d4ae2667c702911625f790","name":"Mastorrencito","image":{"@type":"ImageObject","inLanguage":"es","@id":"https:\/\/secure.gravatar.com\/avatar\/3ef55e0519f987a734c21caee1423b51df7b760b7d81a38ecd31cab0a5115f6d?s=96&d=mm&r=g","url":"https:\/\/secure.gravatar.com\/avatar\/3ef55e0519f987a734c21caee1423b51df7b760b7d81a38ecd31cab0a5115f6d?s=96&d=mm&r=g","contentUrl":"https:\/\/secure.gravatar.com\/avatar\/3ef55e0519f987a734c21caee1423b51df7b760b7d81a38ecd31cab0a5115f6d?s=96&d=mm&r=g","caption":"Mastorrencito"},"url":"https:\/\/mastorrencito.com\/cat\/author\/mastorrencito\/"}]}},"acf":[],"_links":{"self":[{"href":"https:\/\/mastorrencito.com\/cat\/wp-json\/wp\/v2\/posts\/2183","targetHints":{"allow":["GET"]}}],"collection":[{"href":"https:\/\/mastorrencito.com\/cat\/wp-json\/wp\/v2\/posts"}],"about":[{"href":"https:\/\/mastorrencito.com\/cat\/wp-json\/wp\/v2\/types\/post"}],"author":[{"embeddable":true,"href":"https:\/\/mastorrencito.com\/cat\/wp-json\/wp\/v2\/users\/2"}],"replies":[{"embeddable":true,"href":"https:\/\/mastorrencito.com\/cat\/wp-json\/wp\/v2\/comments?post=2183"}],"version-history":[{"count":0,"href":"https:\/\/mastorrencito.com\/cat\/wp-json\/wp\/v2\/posts\/2183\/revisions"}],"wp:featuredmedia":[{"embeddable":true,"href":"https:\/\/mastorrencito.com\/cat\/wp-json\/wp\/v2\/media\/2179"}],"wp:attachment":[{"href":"https:\/\/mastorrencito.com\/cat\/wp-json\/wp\/v2\/media?parent=2183"}],"wp:term":[{"taxonomy":"category","embeddable":true,"href":"https:\/\/mastorrencito.com\/cat\/wp-json\/wp\/v2\/categories?post=2183"},{"taxonomy":"post_tag","embeddable":true,"href":"https:\/\/mastorrencito.com\/cat\/wp-json\/wp\/v2\/tags?post=2183"}],"curies":[{"name":"wp","href":"https:\/\/api.w.org\/{rel}","templated":true}]}}