{"id":2172,"date":"2024-11-17T07:35:46","date_gmt":"2024-11-17T07:35:46","guid":{"rendered":"https:\/\/casaruralconperrosgirona.com\/la-meva-visio-sobre-el-pais-un-crit-dimpotencia-i-de-reflexio\/"},"modified":"2024-11-17T07:35:46","modified_gmt":"2024-11-17T07:35:46","slug":"la-meva-visio-sobre-el-pais-un-crit-dimpotencia-i-de-reflexio","status":"publish","type":"post","link":"https:\/\/mastorrencito.com\/cat\/la-meva-visio-sobre-el-pais-un-crit-dimpotencia-i-de-reflexio\/","title":{"rendered":"La meva visi\u00f3 sobre el pa\u00eds: un crit d&#8217;impot\u00e8ncia i de reflexi\u00f3"},"content":{"rendered":"\n<h3 class=\"wp-block-heading\">De vegades, no puc evitar pensar que vivim en un pa\u00eds que necessita un <strong>reset complet<\/strong> . Cada dia sembla portar un nou esc\u00e0ndol, una nova mostra de com est\u00e0 de podrit.  La meva visi\u00f3 sobre el pa\u00eds: un crit d&#8217;impot\u00e8ncia i de reflexi\u00f3<\/h3>\n\n<p>Com \u00e9s possible que el cap d&#8217;anti-blanqueig, alg\u00fa que hauria de ser un s\u00edmbol d&#8217;integritat, acabi sent el tipus m\u00e9s corrupte de tots? Un paio amb 20 milions amagats a les parets de casa seva, un mili\u00f3 als calaixos del seu despatx, Ferraris , BMW i Lamborghinis! I ning\u00fa se n&#8217;adonava? Per\u00f2 \u00e9s clar, si jo, com a aut\u00f2nom, decideixo comprar-me un cotxe m&#8217;inspeccionen perqu\u00e8 l&#8217;utilitzo el cap de setmana, i \u00e9s clar&#8230; ja estic al punt de mira.     <strong>\u00c9s surrealista, indignant i esgotador.<\/strong><\/p>\n\n<p>Jo sempre intento veure el que \u00e9s positiu en les coses, no s\u00f3c dels que es queixen per qualsevol tonteria, per\u00f2 arriba un moment en qu\u00e8 et preguntes: <strong>qu\u00e8 m\u00e9s ens han de fer perqu\u00e8 reaccionem?<\/strong> De vegades penso que aquest pa\u00eds necessita cremar-se completament, metaf\u00f2ricament parlant, perqu\u00e8 alguna cosa canvi\u00ef. Jo estava a favor de la Independ\u00e8ncia de Catalunya&#8230; ja simplement per intentar viure en un pa\u00eds menys podrit i amb dirigents m\u00e9s honestos&#8230;   <strong>Ens hem tornat marionetes que es conformen amb les engrunes, mentre els de dalt s&#8217;ho emporten tot.<\/strong><\/p>\n\n<hr class=\"wp-block-separator has-alpha-channel-opacity\" \/>\n\n<h3 class=\"wp-block-heading\">La realitat del petit empresari i l&#8217;aut\u00f2nom<\/h3>\n\n<p>Fa anys que treballo com a aut\u00f2nom, i ho dic clarament: <strong>no podem m\u00e9s.<\/strong> No s\u00e9 com ho aguantem, ni jo ni els milers que estem en aquesta situaci\u00f3. Ens aixequem cada dia per treballar com a b\u00e8sties, i despr\u00e9s de 17 anys, qu\u00e8 tinc? Res. Ni un euro per invertir, ni seguretat, ni tan sols la tranquil\u00b7litat de saber que puc cobrir un imprevist. I per qu\u00e8? Perqu\u00e8, mentrestant, els que ens haurien d&#8217;estar protegint estiguin m\u00e9s ocupats omplint-se les butxaques que arreglant els problemes reals.     <\/p>\n\n<p>\u00c9s que no \u00e9s normal.  <strong>No \u00e9s normal que despr\u00e9s de tants anys pencant, segueixi cobrant el mateix o menys que abans.<\/strong>  No \u00e9s normal que hi hagi dies en qu\u00e8 a una amiga nostra li de por encendre la calefacci\u00f3 o els llums perqu\u00e8 la factura li ofegar\u00e0. I, compte, s\u00e9 que hi ha altres que estan pitjor. habitacions compartides perqu\u00e8 no es poden permetre una altra cosa.    <strong>Com pot ser que una persona amb un salari de 1.400 euros no pugui viure dignament a aquest pa\u00eds?<\/strong>  \u00c9s una bogeria que acceptem com si fos una cosa inevitable. Com \u00e9s possible que als nostres majors els donin una pensi\u00f3 de 600 o 700 euros&#8230; Per\u00f2 qu\u00e8?  <br \/><br \/>Una persona, amb m\u00e9s de 15 anys d&#8217;experi\u00e8ncia, treballant, fins i tot fent alguna hora&#8230; tal com estan avui les coses&#8230; si no est\u00e0 amb alg\u00fa&#8230; hauria de viure amb els pares o el germans @ o en un pis compartit&#8230; i com aquesta persona&#8230; milers&#8230; O NO? <br \/><br \/>I si t&#8217;has comprat un pis amb la teva parella i et separes&#8230; ja ni t&#8217;explico les c\u00e0bales que s&#8217;han de fer&#8230;<\/p>\n<figure class=\"wp-block-post-featured-image\"><img fetchpriority=\"high\" decoding=\"async\" width=\"1024\" height=\"1024\" src=\"https:\/\/mastorrencito.com\/cat\/wp-content\/uploads\/sites\/3\/frustracion.jpg\" class=\"attachment-post-thumbnail size-post-thumbnail wp-post-image\" alt=\"\" style=\"object-fit:cover;\" srcset=\"https:\/\/mastorrencito.com\/cat\/wp-content\/uploads\/sites\/3\/frustracion.jpg 1024w, https:\/\/mastorrencito.com\/cat\/wp-content\/uploads\/sites\/3\/frustracion-300x300.jpg 300w, https:\/\/mastorrencito.com\/cat\/wp-content\/uploads\/sites\/3\/frustracion-150x150.jpg 150w, https:\/\/mastorrencito.com\/cat\/wp-content\/uploads\/sites\/3\/frustracion-768x768.jpg 768w\" sizes=\"(max-width: 1024px) 100vw, 1024px\" \/><\/figure>\n<hr class=\"wp-block-separator has-alpha-channel-opacity\" \/>\n\n<h3 class=\"wp-block-heading\">El cinisme de la classe pol\u00edtica<\/h3>\n\n<p>I mentrestant, els pol\u00edtics segueixen a la seva bombolla, completament desconnectats de la realitat.  <strong>No dimiteix ning\u00fa, ni tan sols quan hi ha morts darrere de les decisions.<\/strong>  Gent com aquest eurodiputat, amb causes pendents, segueix al poder com si res. La corrupci\u00f3 \u00e9s la norma, i el pitjor \u00e9s que hem arribat a un punt en qu\u00e8 ja ni ens sorpr\u00e8n. <\/p>\n\n<p>L&#8217;\u00fanica cosa que demanem, almenys jo, \u00e9s una mica d&#8217;empatia, un gest.  <strong>Tan dif\u00edcil era renunciar a un mes de sou i destinar-lo a les fam\u00edlies afectades per la DANA?<\/strong>  Amb una cosa tan simple, ja haurien fet m\u00e9s pel poble que en tots aquests anys. Per\u00f2 no, perqu\u00e8 els pobles \u201cpobres\u201d com els de Val\u00e8ncia els importen poc o res. I si no, mirem el que va passar amb La Palma: <strong>m\u00e9s de 1.000 fam\u00edlies vivint en contenidors, i ning\u00fa en parla.<\/strong> Quina difer\u00e8ncia hi ha entre ells i el que estem veient ara a Val\u00e8ncia? Cap. \u00c9s un patr\u00f3 que es repeteix: promeses buides, aband\u00f3 i oblit.    <\/p>\n\n<hr class=\"wp-block-separator has-alpha-channel-opacity\" \/>\n\n<h3 class=\"wp-block-heading\">La meva conclusi\u00f3: un pa\u00eds trencat<\/h3>\n\n<p>Em fa r\u00e0bia, de veritat. Perqu\u00e8 jo vull aquest pa\u00eds, per\u00f2 sento que ens ho estan traient de les mans. Ens fan malb\u00e9, ens exploten i, al final, ens deixen sols. Si no fem res, aix\u00f2 no t\u00e9 remei. \u00c9s que arribar\u00e0 un dia que la gent digui: <strong>\u00abFins aqu\u00ed hem arribat.\u00bb<\/strong> I no ho dic amb \u00e0nim de ser fatalista, sin\u00f3 perqu\u00e8 ho sento a l&#8217;ambient. Hi ha una desesperaci\u00f3 generalitzada, una manca d?esperan\u00e7a que es va estenent.     <\/p>\n\n<p><strong>No podem continuar aix\u00ed.<\/strong>  No podem acceptar que el treballador no tingui un futur, que l&#8217;aut\u00f2nom sigui l&#8217;enemic n\u00famero ui que la classe pol\u00edtica faci el que vulgui sense conseq\u00fc\u00e8ncies.  <strong>Aix\u00f2 ha de canviar, i ha de canviar.<\/strong><\/p>\n\n<p>Aquest \u00e9s el meu pensament, el meu crit de r\u00e0bia. Ho dic des de la meva experi\u00e8ncia, des de la meva frustraci\u00f3. Perqu\u00e8 no en puc m\u00e9s, perqu\u00e8 no en vull m\u00e9s. I estic segur que no s\u00f3c l?\u00fanic.   <\/p>\n\n<blockquote class=\"wp-block-quote is-layout-flow wp-block-quote-is-layout-flow\">\n<p><br \/>Des de Mas Torrencito us desitgem un bon dia i que els vostres goss us acompanyi!!!!<\/p>\n<\/blockquote>\n\n<p>\u2014\u2013<br \/> Si vols, podeu veure els nostres <strong>bons per caps de setmana, bons jubilats<\/strong> , a un preu incre\u00efble..entra a <a href=\"https:\/\/www.mastorrencito.com\/\">www.mastorrencito.com<\/a> o si vols podeu llegir m\u00e9s hist\u00f2ria i an\u00e8cdotes que ens han passat a Mas Torrencito\u2026 Fes click <a href=\"https:\/\/mastorrencito.com\/es\/\">aqu\u00ed<\/a> :<\/p>\n","protected":false},"excerpt":{"rendered":"<p>De vegades, no puc evitar pensar que vivim en un pa\u00eds que necessita un reset complet . Cada dia sembla portar un nou esc\u00e0ndol, una nova mostra de com est\u00e0 de podrit. La meva visi\u00f3 sobre el pa\u00eds: un crit d&#8217;impot\u00e8ncia i de reflexi\u00f3 Com \u00e9s possible que el cap d&#8217;anti-blanqueig, alg\u00fa que hauria de [&hellip;]<\/p>\n","protected":false},"author":2,"featured_media":2187,"comment_status":"open","ping_status":"open","sticky":false,"template":"","format":"standard","meta":{"_acf_changed":false,"footnotes":""},"categories":[35],"tags":[47,55,42,56],"class_list":["post-2172","post","type-post","status-publish","format-standard","has-post-thumbnail","hentry","category-histories-mastorrencito","tag-gironaconmascotas","tag-turismecostabrava","tag-turismoconmascotas","tag-viatjar-amb-gossos"],"yoast_head":"<!-- This site is optimized with the Yoast SEO Premium plugin v27.3 (Yoast SEO v27.5) - https:\/\/yoast.com\/product\/yoast-seo-premium-wordpress\/ -->\n<title>La meva visi\u00f3 sobre el pa\u00eds: un crit d&#039;impot\u00e8ncia i de reflexi\u00f3 - Mas Torrencito CAT<\/title>\n<meta name=\"robots\" content=\"index, follow, max-snippet:-1, max-image-preview:large, max-video-preview:-1\" \/>\n<link rel=\"canonical\" href=\"https:\/\/mastorrencito.com\/cat\/la-meva-visio-sobre-el-pais-un-crit-dimpotencia-i-de-reflexio\/\" \/>\n<meta property=\"og:locale\" content=\"es_ES\" \/>\n<meta property=\"og:type\" content=\"article\" \/>\n<meta property=\"og:title\" content=\"La meva visi\u00f3 sobre el pa\u00eds: un crit d&#039;impot\u00e8ncia i de reflexi\u00f3\" \/>\n<meta property=\"og:description\" content=\"De vegades, no puc evitar pensar que vivim en un pa\u00eds que necessita un reset complet . Cada dia sembla portar un nou esc\u00e0ndol, una nova mostra de com est\u00e0 de podrit. La meva visi\u00f3 sobre el pa\u00eds: un crit d&#8217;impot\u00e8ncia i de reflexi\u00f3 Com \u00e9s possible que el cap d&#8217;anti-blanqueig, alg\u00fa que hauria de [&hellip;]\" \/>\n<meta property=\"og:url\" content=\"https:\/\/mastorrencito.com\/cat\/la-meva-visio-sobre-el-pais-un-crit-dimpotencia-i-de-reflexio\/\" \/>\n<meta property=\"og:site_name\" content=\"Mas Torrencito CAT\" \/>\n<meta property=\"article:published_time\" content=\"2024-11-17T07:35:46+00:00\" \/>\n<meta property=\"og:image\" content=\"https:\/\/mastorrencito.com\/cat\/wp-content\/uploads\/sites\/3\/frustracion.jpg\" \/>\n\t<meta property=\"og:image:width\" content=\"1024\" \/>\n\t<meta property=\"og:image:height\" content=\"1024\" \/>\n\t<meta property=\"og:image:type\" content=\"image\/jpeg\" \/>\n<meta name=\"author\" content=\"Mastorrencito\" \/>\n<meta name=\"twitter:card\" content=\"summary_large_image\" \/>\n<meta name=\"twitter:label1\" content=\"Escrito por\" \/>\n\t<meta name=\"twitter:data1\" content=\"Mastorrencito\" \/>\n\t<meta name=\"twitter:label2\" content=\"Tiempo de lectura\" \/>\n\t<meta name=\"twitter:data2\" content=\"5 minutos\" \/>\n<script type=\"application\/ld+json\" class=\"yoast-schema-graph\">{\"@context\":\"https:\\\/\\\/schema.org\",\"@graph\":[{\"@type\":\"Article\",\"@id\":\"https:\\\/\\\/mastorrencito.com\\\/cat\\\/la-meva-visio-sobre-el-pais-un-crit-dimpotencia-i-de-reflexio\\\/#article\",\"isPartOf\":{\"@id\":\"https:\\\/\\\/mastorrencito.com\\\/cat\\\/la-meva-visio-sobre-el-pais-un-crit-dimpotencia-i-de-reflexio\\\/\"},\"author\":{\"name\":\"Mastorrencito\",\"@id\":\"https:\\\/\\\/mastorrencito.com\\\/#\\\/schema\\\/person\\\/18c619be80d4ae2667c702911625f790\"},\"headline\":\"La meva visi\u00f3 sobre el pa\u00eds: un crit d&#8217;impot\u00e8ncia i de reflexi\u00f3\",\"datePublished\":\"2024-11-17T07:35:46+00:00\",\"mainEntityOfPage\":{\"@id\":\"https:\\\/\\\/mastorrencito.com\\\/cat\\\/la-meva-visio-sobre-el-pais-un-crit-dimpotencia-i-de-reflexio\\\/\"},\"wordCount\":976,\"commentCount\":0,\"publisher\":{\"@id\":\"https:\\\/\\\/mastorrencito.com\\\/#organization\"},\"image\":{\"@id\":\"https:\\\/\\\/mastorrencito.com\\\/cat\\\/la-meva-visio-sobre-el-pais-un-crit-dimpotencia-i-de-reflexio\\\/#primaryimage\"},\"thumbnailUrl\":\"https:\\\/\\\/mastorrencito.com\\\/cat\\\/wp-content\\\/uploads\\\/sites\\\/3\\\/frustracion.jpg\",\"keywords\":[\"Gironaconmascotas\",\"turismecostabrava\",\"turismoconmascotas\",\"viatjar amb gossos\"],\"articleSection\":[\"Hist\u00f2ries Mastorrencito\"],\"inLanguage\":\"es\",\"potentialAction\":[{\"@type\":\"CommentAction\",\"name\":\"Comment\",\"target\":[\"https:\\\/\\\/mastorrencito.com\\\/cat\\\/la-meva-visio-sobre-el-pais-un-crit-dimpotencia-i-de-reflexio\\\/#respond\"]}]},{\"@type\":\"WebPage\",\"@id\":\"https:\\\/\\\/mastorrencito.com\\\/cat\\\/la-meva-visio-sobre-el-pais-un-crit-dimpotencia-i-de-reflexio\\\/\",\"url\":\"https:\\\/\\\/mastorrencito.com\\\/cat\\\/la-meva-visio-sobre-el-pais-un-crit-dimpotencia-i-de-reflexio\\\/\",\"name\":\"La meva visi\u00f3 sobre el pa\u00eds: un crit d'impot\u00e8ncia i de reflexi\u00f3 - Mas Torrencito CAT\",\"isPartOf\":{\"@id\":\"https:\\\/\\\/mastorrencito.com\\\/#website\"},\"primaryImageOfPage\":{\"@id\":\"https:\\\/\\\/mastorrencito.com\\\/cat\\\/la-meva-visio-sobre-el-pais-un-crit-dimpotencia-i-de-reflexio\\\/#primaryimage\"},\"image\":{\"@id\":\"https:\\\/\\\/mastorrencito.com\\\/cat\\\/la-meva-visio-sobre-el-pais-un-crit-dimpotencia-i-de-reflexio\\\/#primaryimage\"},\"thumbnailUrl\":\"https:\\\/\\\/mastorrencito.com\\\/cat\\\/wp-content\\\/uploads\\\/sites\\\/3\\\/frustracion.jpg\",\"datePublished\":\"2024-11-17T07:35:46+00:00\",\"breadcrumb\":{\"@id\":\"https:\\\/\\\/mastorrencito.com\\\/cat\\\/la-meva-visio-sobre-el-pais-un-crit-dimpotencia-i-de-reflexio\\\/#breadcrumb\"},\"inLanguage\":\"es\",\"potentialAction\":[{\"@type\":\"ReadAction\",\"target\":[\"https:\\\/\\\/mastorrencito.com\\\/cat\\\/la-meva-visio-sobre-el-pais-un-crit-dimpotencia-i-de-reflexio\\\/\"]}]},{\"@type\":\"ImageObject\",\"inLanguage\":\"es\",\"@id\":\"https:\\\/\\\/mastorrencito.com\\\/cat\\\/la-meva-visio-sobre-el-pais-un-crit-dimpotencia-i-de-reflexio\\\/#primaryimage\",\"url\":\"https:\\\/\\\/mastorrencito.com\\\/cat\\\/wp-content\\\/uploads\\\/sites\\\/3\\\/frustracion.jpg\",\"contentUrl\":\"https:\\\/\\\/mastorrencito.com\\\/cat\\\/wp-content\\\/uploads\\\/sites\\\/3\\\/frustracion.jpg\",\"width\":1024,\"height\":1024},{\"@type\":\"BreadcrumbList\",\"@id\":\"https:\\\/\\\/mastorrencito.com\\\/cat\\\/la-meva-visio-sobre-el-pais-un-crit-dimpotencia-i-de-reflexio\\\/#breadcrumb\",\"itemListElement\":[{\"@type\":\"ListItem\",\"position\":1,\"name\":\"Portada\",\"item\":\"https:\\\/\\\/mastorrencito.com\\\/\"},{\"@type\":\"ListItem\",\"position\":2,\"name\":\"La meva visi\u00f3 sobre el pa\u00eds: un crit d&#8217;impot\u00e8ncia i de reflexi\u00f3\"}]},{\"@type\":\"WebSite\",\"@id\":\"https:\\\/\\\/mastorrencito.com\\\/#website\",\"url\":\"https:\\\/\\\/mastorrencito.com\\\/\",\"name\":\"Mas Torrencito CAT\",\"description\":\"Casa rural pet friendly en Girona\",\"publisher\":{\"@id\":\"https:\\\/\\\/mastorrencito.com\\\/#organization\"},\"potentialAction\":[{\"@type\":\"SearchAction\",\"target\":{\"@type\":\"EntryPoint\",\"urlTemplate\":\"https:\\\/\\\/mastorrencito.com\\\/?s={search_term_string}\"},\"query-input\":{\"@type\":\"PropertyValueSpecification\",\"valueRequired\":true,\"valueName\":\"search_term_string\"}}],\"inLanguage\":\"es\"},{\"@type\":\"Organization\",\"@id\":\"https:\\\/\\\/mastorrencito.com\\\/#organization\",\"name\":\"Mas Torrencito CAT\",\"url\":\"https:\\\/\\\/mastorrencito.com\\\/\",\"logo\":{\"@type\":\"ImageObject\",\"inLanguage\":\"es\",\"@id\":\"https:\\\/\\\/mastorrencito.com\\\/#\\\/schema\\\/logo\\\/image\\\/\",\"url\":\"https:\\\/\\\/mastorrencito.com\\\/cat\\\/wp-content\\\/uploads\\\/sites\\\/3\\\/Logo-Mastorrencito-horizontal.webp\",\"contentUrl\":\"https:\\\/\\\/mastorrencito.com\\\/cat\\\/wp-content\\\/uploads\\\/sites\\\/3\\\/Logo-Mastorrencito-horizontal.webp\",\"width\":161,\"height\":54,\"caption\":\"Mas Torrencito CAT\"},\"image\":{\"@id\":\"https:\\\/\\\/mastorrencito.com\\\/#\\\/schema\\\/logo\\\/image\\\/\"}},{\"@type\":\"Person\",\"@id\":\"https:\\\/\\\/mastorrencito.com\\\/#\\\/schema\\\/person\\\/18c619be80d4ae2667c702911625f790\",\"name\":\"Mastorrencito\",\"image\":{\"@type\":\"ImageObject\",\"inLanguage\":\"es\",\"@id\":\"https:\\\/\\\/secure.gravatar.com\\\/avatar\\\/3ef55e0519f987a734c21caee1423b51df7b760b7d81a38ecd31cab0a5115f6d?s=96&d=mm&r=g\",\"url\":\"https:\\\/\\\/secure.gravatar.com\\\/avatar\\\/3ef55e0519f987a734c21caee1423b51df7b760b7d81a38ecd31cab0a5115f6d?s=96&d=mm&r=g\",\"contentUrl\":\"https:\\\/\\\/secure.gravatar.com\\\/avatar\\\/3ef55e0519f987a734c21caee1423b51df7b760b7d81a38ecd31cab0a5115f6d?s=96&d=mm&r=g\",\"caption\":\"Mastorrencito\"},\"url\":\"https:\\\/\\\/mastorrencito.com\\\/cat\\\/author\\\/mastorrencito\\\/\"}]}<\/script>\n<!-- \/ Yoast SEO Premium plugin. -->","yoast_head_json":{"title":"La meva visi\u00f3 sobre el pa\u00eds: un crit d'impot\u00e8ncia i de reflexi\u00f3 - Mas Torrencito CAT","robots":{"index":"index","follow":"follow","max-snippet":"max-snippet:-1","max-image-preview":"max-image-preview:large","max-video-preview":"max-video-preview:-1"},"canonical":"https:\/\/mastorrencito.com\/cat\/la-meva-visio-sobre-el-pais-un-crit-dimpotencia-i-de-reflexio\/","og_locale":"es_ES","og_type":"article","og_title":"La meva visi\u00f3 sobre el pa\u00eds: un crit d'impot\u00e8ncia i de reflexi\u00f3","og_description":"De vegades, no puc evitar pensar que vivim en un pa\u00eds que necessita un reset complet . Cada dia sembla portar un nou esc\u00e0ndol, una nova mostra de com est\u00e0 de podrit. La meva visi\u00f3 sobre el pa\u00eds: un crit d&#8217;impot\u00e8ncia i de reflexi\u00f3 Com \u00e9s possible que el cap d&#8217;anti-blanqueig, alg\u00fa que hauria de [&hellip;]","og_url":"https:\/\/mastorrencito.com\/cat\/la-meva-visio-sobre-el-pais-un-crit-dimpotencia-i-de-reflexio\/","og_site_name":"Mas Torrencito CAT","article_published_time":"2024-11-17T07:35:46+00:00","og_image":[{"width":1024,"height":1024,"url":"https:\/\/mastorrencito.com\/cat\/wp-content\/uploads\/sites\/3\/frustracion.jpg","type":"image\/jpeg"}],"author":"Mastorrencito","twitter_card":"summary_large_image","twitter_misc":{"Escrito por":"Mastorrencito","Tiempo de lectura":"5 minutos"},"schema":{"@context":"https:\/\/schema.org","@graph":[{"@type":"Article","@id":"https:\/\/mastorrencito.com\/cat\/la-meva-visio-sobre-el-pais-un-crit-dimpotencia-i-de-reflexio\/#article","isPartOf":{"@id":"https:\/\/mastorrencito.com\/cat\/la-meva-visio-sobre-el-pais-un-crit-dimpotencia-i-de-reflexio\/"},"author":{"name":"Mastorrencito","@id":"https:\/\/mastorrencito.com\/#\/schema\/person\/18c619be80d4ae2667c702911625f790"},"headline":"La meva visi\u00f3 sobre el pa\u00eds: un crit d&#8217;impot\u00e8ncia i de reflexi\u00f3","datePublished":"2024-11-17T07:35:46+00:00","mainEntityOfPage":{"@id":"https:\/\/mastorrencito.com\/cat\/la-meva-visio-sobre-el-pais-un-crit-dimpotencia-i-de-reflexio\/"},"wordCount":976,"commentCount":0,"publisher":{"@id":"https:\/\/mastorrencito.com\/#organization"},"image":{"@id":"https:\/\/mastorrencito.com\/cat\/la-meva-visio-sobre-el-pais-un-crit-dimpotencia-i-de-reflexio\/#primaryimage"},"thumbnailUrl":"https:\/\/mastorrencito.com\/cat\/wp-content\/uploads\/sites\/3\/frustracion.jpg","keywords":["Gironaconmascotas","turismecostabrava","turismoconmascotas","viatjar amb gossos"],"articleSection":["Hist\u00f2ries Mastorrencito"],"inLanguage":"es","potentialAction":[{"@type":"CommentAction","name":"Comment","target":["https:\/\/mastorrencito.com\/cat\/la-meva-visio-sobre-el-pais-un-crit-dimpotencia-i-de-reflexio\/#respond"]}]},{"@type":"WebPage","@id":"https:\/\/mastorrencito.com\/cat\/la-meva-visio-sobre-el-pais-un-crit-dimpotencia-i-de-reflexio\/","url":"https:\/\/mastorrencito.com\/cat\/la-meva-visio-sobre-el-pais-un-crit-dimpotencia-i-de-reflexio\/","name":"La meva visi\u00f3 sobre el pa\u00eds: un crit d'impot\u00e8ncia i de reflexi\u00f3 - Mas Torrencito CAT","isPartOf":{"@id":"https:\/\/mastorrencito.com\/#website"},"primaryImageOfPage":{"@id":"https:\/\/mastorrencito.com\/cat\/la-meva-visio-sobre-el-pais-un-crit-dimpotencia-i-de-reflexio\/#primaryimage"},"image":{"@id":"https:\/\/mastorrencito.com\/cat\/la-meva-visio-sobre-el-pais-un-crit-dimpotencia-i-de-reflexio\/#primaryimage"},"thumbnailUrl":"https:\/\/mastorrencito.com\/cat\/wp-content\/uploads\/sites\/3\/frustracion.jpg","datePublished":"2024-11-17T07:35:46+00:00","breadcrumb":{"@id":"https:\/\/mastorrencito.com\/cat\/la-meva-visio-sobre-el-pais-un-crit-dimpotencia-i-de-reflexio\/#breadcrumb"},"inLanguage":"es","potentialAction":[{"@type":"ReadAction","target":["https:\/\/mastorrencito.com\/cat\/la-meva-visio-sobre-el-pais-un-crit-dimpotencia-i-de-reflexio\/"]}]},{"@type":"ImageObject","inLanguage":"es","@id":"https:\/\/mastorrencito.com\/cat\/la-meva-visio-sobre-el-pais-un-crit-dimpotencia-i-de-reflexio\/#primaryimage","url":"https:\/\/mastorrencito.com\/cat\/wp-content\/uploads\/sites\/3\/frustracion.jpg","contentUrl":"https:\/\/mastorrencito.com\/cat\/wp-content\/uploads\/sites\/3\/frustracion.jpg","width":1024,"height":1024},{"@type":"BreadcrumbList","@id":"https:\/\/mastorrencito.com\/cat\/la-meva-visio-sobre-el-pais-un-crit-dimpotencia-i-de-reflexio\/#breadcrumb","itemListElement":[{"@type":"ListItem","position":1,"name":"Portada","item":"https:\/\/mastorrencito.com\/"},{"@type":"ListItem","position":2,"name":"La meva visi\u00f3 sobre el pa\u00eds: un crit d&#8217;impot\u00e8ncia i de reflexi\u00f3"}]},{"@type":"WebSite","@id":"https:\/\/mastorrencito.com\/#website","url":"https:\/\/mastorrencito.com\/","name":"Mas Torrencito CAT","description":"Casa rural pet friendly en Girona","publisher":{"@id":"https:\/\/mastorrencito.com\/#organization"},"potentialAction":[{"@type":"SearchAction","target":{"@type":"EntryPoint","urlTemplate":"https:\/\/mastorrencito.com\/?s={search_term_string}"},"query-input":{"@type":"PropertyValueSpecification","valueRequired":true,"valueName":"search_term_string"}}],"inLanguage":"es"},{"@type":"Organization","@id":"https:\/\/mastorrencito.com\/#organization","name":"Mas Torrencito CAT","url":"https:\/\/mastorrencito.com\/","logo":{"@type":"ImageObject","inLanguage":"es","@id":"https:\/\/mastorrencito.com\/#\/schema\/logo\/image\/","url":"https:\/\/mastorrencito.com\/cat\/wp-content\/uploads\/sites\/3\/Logo-Mastorrencito-horizontal.webp","contentUrl":"https:\/\/mastorrencito.com\/cat\/wp-content\/uploads\/sites\/3\/Logo-Mastorrencito-horizontal.webp","width":161,"height":54,"caption":"Mas Torrencito CAT"},"image":{"@id":"https:\/\/mastorrencito.com\/#\/schema\/logo\/image\/"}},{"@type":"Person","@id":"https:\/\/mastorrencito.com\/#\/schema\/person\/18c619be80d4ae2667c702911625f790","name":"Mastorrencito","image":{"@type":"ImageObject","inLanguage":"es","@id":"https:\/\/secure.gravatar.com\/avatar\/3ef55e0519f987a734c21caee1423b51df7b760b7d81a38ecd31cab0a5115f6d?s=96&d=mm&r=g","url":"https:\/\/secure.gravatar.com\/avatar\/3ef55e0519f987a734c21caee1423b51df7b760b7d81a38ecd31cab0a5115f6d?s=96&d=mm&r=g","contentUrl":"https:\/\/secure.gravatar.com\/avatar\/3ef55e0519f987a734c21caee1423b51df7b760b7d81a38ecd31cab0a5115f6d?s=96&d=mm&r=g","caption":"Mastorrencito"},"url":"https:\/\/mastorrencito.com\/cat\/author\/mastorrencito\/"}]}},"acf":[],"_links":{"self":[{"href":"https:\/\/mastorrencito.com\/cat\/wp-json\/wp\/v2\/posts\/2172","targetHints":{"allow":["GET"]}}],"collection":[{"href":"https:\/\/mastorrencito.com\/cat\/wp-json\/wp\/v2\/posts"}],"about":[{"href":"https:\/\/mastorrencito.com\/cat\/wp-json\/wp\/v2\/types\/post"}],"author":[{"embeddable":true,"href":"https:\/\/mastorrencito.com\/cat\/wp-json\/wp\/v2\/users\/2"}],"replies":[{"embeddable":true,"href":"https:\/\/mastorrencito.com\/cat\/wp-json\/wp\/v2\/comments?post=2172"}],"version-history":[{"count":0,"href":"https:\/\/mastorrencito.com\/cat\/wp-json\/wp\/v2\/posts\/2172\/revisions"}],"wp:featuredmedia":[{"embeddable":true,"href":"https:\/\/mastorrencito.com\/cat\/wp-json\/wp\/v2\/media\/2187"}],"wp:attachment":[{"href":"https:\/\/mastorrencito.com\/cat\/wp-json\/wp\/v2\/media?parent=2172"}],"wp:term":[{"taxonomy":"category","embeddable":true,"href":"https:\/\/mastorrencito.com\/cat\/wp-json\/wp\/v2\/categories?post=2172"},{"taxonomy":"post_tag","embeddable":true,"href":"https:\/\/mastorrencito.com\/cat\/wp-json\/wp\/v2\/tags?post=2172"}],"curies":[{"name":"wp","href":"https:\/\/api.w.org\/{rel}","templated":true}]}}