{"id":2156,"date":"2024-11-15T08:57:03","date_gmt":"2024-11-15T08:57:03","guid":{"rendered":"https:\/\/casaruralconperrosgirona.com\/el-respecte-segons-manuela-de-mastorrencito\/"},"modified":"2024-11-15T08:57:03","modified_gmt":"2024-11-15T08:57:03","slug":"el-respecte-segons-manuela-de-mastorrencito","status":"publish","type":"post","link":"https:\/\/mastorrencito.com\/cat\/el-respecte-segons-manuela-de-mastorrencito\/","title":{"rendered":"El respecte segons Manuela de Mastorrencito"},"content":{"rendered":"\n<p><strong>Cap\u00edtol 8: No a Tots Els Agradem, Per\u00f2 Tamb\u00e9 Mereixem Respecte<\/strong><\/p>\n\n<hr class=\"wp-block-separator has-alpha-channel-opacity\" \/>\n\n<h3 class=\"wp-block-heading\">Acceptar que no tots estimen els animals<\/h3>\n\n<p>Una tarda tranquil\u00b7la a Mas Torrencito, mentre el Miguel revisava uns correus, jo, la Manuela, observava des del meu rac\u00f3 favorit. El sol entrava per la finestra, escalfant-me les potes, i no vaig poder evitar reflexionar sobre alguna cosa que em porta rondant el cap: <em>hi ha gent a qui no els agradem els gossos.<\/em> Ho s\u00e9, costa de creure-ho, per\u00f2 \u00e9s veritat. <\/p>\n\n<p>Em vaig acostar a Miquel, bellugant la meva cua lentament, i li vaig llan\u00e7ar aquella mirada que sempre fa servir per captar la seva atenci\u00f3.<\/p>\n\n<p><strong>Manuela<\/strong> : \u00abMiguel, pots creure que hi ha humans que no volen saber res de nosaltres els gossos?\u00bb<br \/><strong>Miguel<\/strong> (sense apartar la mirada de l&#8217;ordinador): \u00abS\u00ed, Manuela, ho s\u00e9. Per\u00f2, sent, no passa res. Cada persona t\u00e9 els seus gustos. Encara que, entre tu i jo, \u00a1ells es perden el millor de la vida!\u00bb<br \/><strong>Manuela<\/strong> : \u00abExacte. Mai sabran qu\u00e8 \u00e9s sentir l&#8217;amor incondicional, el suport silenci\u00f3s o la lleialtat pura. Per\u00f2 b\u00e9, estem d&#8217;acord que no els fa ni millors ni pitjors, oi?\u00bb<br \/><strong>Miguel<\/strong> : \u00abPer descomptat, Manuela. L&#8217;important \u00e9s que, encara que no els agradim, ens respectin. Igual que nosaltres respectem les seves prefer\u00e8ncies.\u00bb<\/p>\n\n<hr class=\"wp-block-separator has-alpha-channel-opacity\" \/>\n\n<h3 class=\"wp-block-heading\">El Respecte Es Guanya, Per\u00f2 Tamb\u00e9 Es D\u00f3na<\/h3>\n\n<p>\u00c9s veritat, el respecte ha de ser mutu. Per\u00f2, siguem sincers, de vegades els mateixos humans que viuen amb nosaltres no posen molt de part seva perqu\u00e8 ens respectin. Hi ha certes normes b\u00e0siques que, si es complissin, ajudarien que ens veiessin amb millors ulls.  <\/p>\n\n<p><strong>Manuela<\/strong> : \u00abPer exemple, quan alg\u00fa t\u00e9 por, el m\u00ednim seria que t&#8217;apartares una mica en creuar-te amb ells. No costa res!\u00bb<br \/><strong>Miguel<\/strong> : \u00ab\u00c9s clar, per\u00f2 tamb\u00e9 est\u00e0 a la meva m\u00e0, com el teu amo, donar l&#8217;exemple. Si alg\u00fa em diu que no se sent c\u00f2mode, no passa res per agafar-te de la corretja un moment o mantenir una mica de dist\u00e0ncia. \u00c9s un petit gest que pot canviar molt.\u00bb<\/p>\n\n<p><strong>Manuela<\/strong> : \u00abI ni parlem de recollir les nostres necessitats. Miguel, tu sempre has estat responsable, per\u00f2 hi ha humans que no ho fan i despr\u00e9s ens miren malament a nosaltres, com si fos la nostra culpa.\u00bb<br \/><strong>Miguel<\/strong> (rient): \u00ab\u00c9s cert, Manuela. De vegades penso que els humans que no recullen s\u00f3n els que m\u00e9s mal ens fan als gossos. Perqu\u00e8 creen rebuig. I aix\u00f2 no \u00e9s just per a vosaltres.\u00bb<\/p>\n<figure class=\"wp-block-post-featured-image\"><img fetchpriority=\"high\" decoding=\"async\" width=\"1200\" height=\"1600\" src=\"https:\/\/mastorrencito.com\/cat\/wp-content\/uploads\/sites\/3\/Manuela6.jpg\" class=\"attachment-post-thumbnail size-post-thumbnail wp-post-image\" alt=\"Manuela y el respeto a los animales de mastorrencito\" style=\"object-fit:cover;\" srcset=\"https:\/\/mastorrencito.com\/cat\/wp-content\/uploads\/sites\/3\/Manuela6.jpg 1200w, https:\/\/mastorrencito.com\/cat\/wp-content\/uploads\/sites\/3\/Manuela6-225x300.jpg 225w, https:\/\/mastorrencito.com\/cat\/wp-content\/uploads\/sites\/3\/Manuela6-768x1024.jpg 768w, https:\/\/mastorrencito.com\/cat\/wp-content\/uploads\/sites\/3\/Manuela6-1152x1536.jpg 1152w\" sizes=\"(max-width: 1200px) 100vw, 1200px\" \/><\/figure>\n<hr class=\"wp-block-separator has-alpha-channel-opacity\" \/>\n\n<h3 class=\"wp-block-heading\">Les Normes, Per a Tothom. El respecte segons Manuela de Mastorrencito <\/h3>\n\n<p>I despr\u00e9s hi ha aquestes normes que de vegades alguns humans creuen que no els afecten. de Mas Torrencito em van passejar pels bonics poblets de l&#8217;Empord\u00e0. Caminava tranquil\u00b7la al seu costat, sense llen\u00e7ar, gaudint del paisatge. r\u00e0pid, ells minoraven el pas per mi.     <\/p>\n\n<p><strong>Manuela<\/strong> : \u00abMiguel, el que jo no entenc \u00e9s per qu\u00e8 hi ha humans que creuen que les normes s\u00f3n opcionals. Si en un lloc diuen que els gossos han d&#8217;anar lligats, doncs anem lligats! I si no els agrada, que ho parlin amb qui correspongui, per\u00f2 no es vagin saltant les regles.\u00bb<br \/><strong>Miguel<\/strong> : \u201cTotalment, Manuela. No costa res seguir les normes. I si alg\u00fa creu que s\u00f3n injustes, en comptes d&#8217;ignorar-les, el m\u00e9s l\u00f2gic \u00e9s denunciar-les o buscar un altre lloc. Per\u00f2, escolta, no tothom pensa com tu i jo. \u00ab<\/p>\n\n<hr class=\"wp-block-separator has-alpha-channel-opacity\" \/>\n\n<h3 class=\"wp-block-heading\">A La nostra Casa, Tamb\u00e9 Demanem Respecte<\/h3>\n\n<p>A Mas Torrencito, els gossos som part de la fam\u00edlia. Aqu\u00ed vivim amb llibertat, afecte i respecte. Per\u00f2 tamb\u00e9 entenem que hi pot haver persones que no se sentin c\u00f2modes amb nosaltres. Ara b\u00e9, si decidiu venir aqu\u00ed, sabeu que som part de l&#8217;ambient. No ens tancarem ni desapar\u00e8ixer perqu\u00e8 a alg\u00fa no li agradim.    <\/p>\n\n<p><strong>Manuela<\/strong> : \u00abSaps, Miguel? El que m\u00e9s em molesta \u00e9s quan alg\u00fa ve aqu\u00ed, a casa nostra, i actua com si nosaltres f\u00f3ssim els intrusos.\u00bb<br \/><strong>Miguel<\/strong> (creuant els bra\u00e7os i sospirant): \u00abS\u00ed, Manuela. Aix\u00f2 no t\u00e9 sentit. Si no els agraden els gossos, per qu\u00e8 v\u00e9nen a un lloc on som el centre de tot? \u00c9s com si no volguessin gaudir de l&#8217;ess\u00e8ncia de Mas Torrencito.\u00bb<\/p>\n\n<p><strong>Manuela<\/strong> : \u201cExacte. I no demanem gaire, nom\u00e9s respecte. Nosaltres respectem les seves creences i prefer\u00e8ncies, i ells haurien de respectar la nostra forma de viure i entendre la vida. Si no els agrada, que busquin un altre lloc. Per\u00f2 no vinguin a queixar-se aqu\u00ed. \u00ab<br \/><strong>Miguel<\/strong> : \u00abBen dit, Manuela. Aqu\u00ed, com en qualsevol lloc, el respecte \u00e9s fonamental.\u00bb<\/p>\n\n<hr class=\"wp-block-separator has-alpha-channel-opacity\" \/>\n\n<h3 class=\"wp-block-heading\">Reflexi\u00f3 Final: Conviv\u00e8ncia i Respecte Mutu. El respecte segons Manuela de Mastorrencito <\/h3>\n\n<p>La veritat, no tots els humans ens han d&#8217;estimar, i aix\u00f2 est\u00e0 b\u00e9. Per\u00f2 el respecte no \u00e9s pas negociable. Si volem viure en harmonia, cal un esfor\u00e7 de totes dues parts: nosaltres, els gossos, donant el millor de nosaltres mateixos, i els humans, entenent i respectant les nostres necessitats i els espais que compartim. <\/p>\n\n<p><strong>Manuela<\/strong> : \u00abAix\u00ed que, estimats humans, si no us agradem, no passa res. Per\u00f2 respecteu-nos, igual que nosaltres us respectem. I si veniu a un lloc com Mas Torrencito, sapigueu que som part d&#8217;aquesta casa, i aqu\u00ed vivim en pau i llibertat. Si no \u00e9s el vostre estil, simplement busqueu un altre lloc.<\/p>\n\n<p>Perqu\u00e8 al final, encara que no a tots els agradi, mereixem viure amb dignitat i respecte. No \u00e9s aix\u00ed, Miquel? <br \/><strong>Miguel<\/strong> (somrient): \u00abPer descomptat, Manuela. I sempre ser\u00e0 aix\u00ed, mentre jo sigui aqu\u00ed.\u00bb<\/p>\n\n<p>Des de Mas Torrencito us desitgem un bon dia i que els vostres goss@ us acompanyi!!!!<\/p>\n\n<p>\u2014\u2013<br \/> Si vols, podeu veure els nostres <strong>bons per caps de setmana, bons jubilats<\/strong> , a un preu incre\u00efble..entra a <a href=\"https:\/\/www.mastorrencito.com\/\">www.mastorrencito.com<\/a> o si vols podeu llegir m\u00e9s hist\u00f2ria i an\u00e8cdotes que ens han passat a Mas Torrencito\u2026 Fes click <a href=\"https:\/\/mastorrencito.com\/\">aqu\u00ed<\/a> :<\/p>\n","protected":false},"excerpt":{"rendered":"<p>Cap\u00edtol 8: No a Tots Els Agradem, Per\u00f2 Tamb\u00e9 Mereixem Respecte Acceptar que no tots estimen els animals Una tarda tranquil\u00b7la a Mas Torrencito, mentre el Miguel revisava uns correus, jo, la Manuela, observava des del meu rac\u00f3 favorit. El sol entrava per la finestra, escalfant-me les potes, i no vaig poder evitar reflexionar sobre [&hellip;]<\/p>\n","protected":false},"author":2,"featured_media":2140,"comment_status":"open","ping_status":"open","sticky":false,"template":"","format":"standard","meta":{"_acf_changed":false,"footnotes":""},"categories":[38],"tags":[47,55,57,49],"class_list":["post-2156","post","type-post","status-publish","format-standard","has-post-thumbnail","hentry","category-habitacions-mastorrencito","tag-gironaconmascotas","tag-turismecostabrava","tag-turismeruralambgossos-3","tag-turismoruralconperros"],"yoast_head":"<!-- This site is optimized with the Yoast SEO Premium plugin v27.3 (Yoast SEO v27.5) - https:\/\/yoast.com\/product\/yoast-seo-premium-wordpress\/ -->\n<title>El respecte segons Manuela de Mastorrencito - Mas Torrencito CAT<\/title>\n<meta name=\"description\" content=\"I \u00e9s que hem de respectar els que no els agraden els gossos, per qe estan en el seu dret... o no? El respecte segons Manuela de Mastorrencito\" \/>\n<meta name=\"robots\" content=\"index, follow, max-snippet:-1, max-image-preview:large, max-video-preview:-1\" \/>\n<link rel=\"canonical\" href=\"https:\/\/mastorrencito.com\/cat\/el-respecte-segons-manuela-de-mastorrencito\/\" \/>\n<meta property=\"og:locale\" content=\"es_ES\" \/>\n<meta property=\"og:type\" content=\"article\" \/>\n<meta property=\"og:title\" content=\"El respecte segons Manuela de Mastorrencito\" \/>\n<meta property=\"og:description\" content=\"I \u00e9s que hem de respectar els que no els agraden els gossos, per qe estan en el seu dret... o no? El respecte segons Manuela de Mastorrencito\" \/>\n<meta property=\"og:url\" content=\"https:\/\/mastorrencito.com\/cat\/el-respecte-segons-manuela-de-mastorrencito\/\" \/>\n<meta property=\"og:site_name\" content=\"Mas Torrencito CAT\" \/>\n<meta property=\"article:published_time\" content=\"2024-11-15T08:57:03+00:00\" \/>\n<meta property=\"og:image\" content=\"https:\/\/mastorrencito.com\/cat\/wp-content\/uploads\/sites\/3\/Manuela6.jpg\" \/>\n\t<meta property=\"og:image:width\" content=\"1200\" \/>\n\t<meta property=\"og:image:height\" content=\"1600\" \/>\n\t<meta property=\"og:image:type\" content=\"image\/jpeg\" \/>\n<meta name=\"author\" content=\"Mastorrencito\" \/>\n<meta name=\"twitter:card\" content=\"summary_large_image\" \/>\n<meta name=\"twitter:label1\" content=\"Escrito por\" \/>\n\t<meta name=\"twitter:data1\" content=\"Mastorrencito\" \/>\n\t<meta name=\"twitter:label2\" content=\"Tiempo de lectura\" \/>\n\t<meta name=\"twitter:data2\" content=\"6 minutos\" \/>\n<script type=\"application\/ld+json\" class=\"yoast-schema-graph\">{\"@context\":\"https:\\\/\\\/schema.org\",\"@graph\":[{\"@type\":\"Article\",\"@id\":\"https:\\\/\\\/mastorrencito.com\\\/cat\\\/el-respecte-segons-manuela-de-mastorrencito\\\/#article\",\"isPartOf\":{\"@id\":\"https:\\\/\\\/mastorrencito.com\\\/cat\\\/el-respecte-segons-manuela-de-mastorrencito\\\/\"},\"author\":{\"name\":\"Mastorrencito\",\"@id\":\"https:\\\/\\\/mastorrencito.com\\\/#\\\/schema\\\/person\\\/18c619be80d4ae2667c702911625f790\"},\"headline\":\"El respecte segons Manuela de Mastorrencito\",\"datePublished\":\"2024-11-15T08:57:03+00:00\",\"mainEntityOfPage\":{\"@id\":\"https:\\\/\\\/mastorrencito.com\\\/cat\\\/el-respecte-segons-manuela-de-mastorrencito\\\/\"},\"wordCount\":994,\"commentCount\":0,\"publisher\":{\"@id\":\"https:\\\/\\\/mastorrencito.com\\\/#organization\"},\"image\":{\"@id\":\"https:\\\/\\\/mastorrencito.com\\\/cat\\\/el-respecte-segons-manuela-de-mastorrencito\\\/#primaryimage\"},\"thumbnailUrl\":\"https:\\\/\\\/mastorrencito.com\\\/cat\\\/wp-content\\\/uploads\\\/sites\\\/3\\\/Manuela6.jpg\",\"keywords\":[\"Gironaconmascotas\",\"turismecostabrava\",\"turismeruralambgossos\",\"Turismoruralconperros\"],\"articleSection\":[\"Habitacions Mastorrencito\"],\"inLanguage\":\"es\",\"potentialAction\":[{\"@type\":\"CommentAction\",\"name\":\"Comment\",\"target\":[\"https:\\\/\\\/mastorrencito.com\\\/cat\\\/el-respecte-segons-manuela-de-mastorrencito\\\/#respond\"]}]},{\"@type\":\"WebPage\",\"@id\":\"https:\\\/\\\/mastorrencito.com\\\/cat\\\/el-respecte-segons-manuela-de-mastorrencito\\\/\",\"url\":\"https:\\\/\\\/mastorrencito.com\\\/cat\\\/el-respecte-segons-manuela-de-mastorrencito\\\/\",\"name\":\"El respecte segons Manuela de Mastorrencito - Mas Torrencito CAT\",\"isPartOf\":{\"@id\":\"https:\\\/\\\/mastorrencito.com\\\/#website\"},\"primaryImageOfPage\":{\"@id\":\"https:\\\/\\\/mastorrencito.com\\\/cat\\\/el-respecte-segons-manuela-de-mastorrencito\\\/#primaryimage\"},\"image\":{\"@id\":\"https:\\\/\\\/mastorrencito.com\\\/cat\\\/el-respecte-segons-manuela-de-mastorrencito\\\/#primaryimage\"},\"thumbnailUrl\":\"https:\\\/\\\/mastorrencito.com\\\/cat\\\/wp-content\\\/uploads\\\/sites\\\/3\\\/Manuela6.jpg\",\"datePublished\":\"2024-11-15T08:57:03+00:00\",\"description\":\"I \u00e9s que hem de respectar els que no els agraden els gossos, per qe estan en el seu dret... o no? El respecte segons Manuela de Mastorrencito\",\"breadcrumb\":{\"@id\":\"https:\\\/\\\/mastorrencito.com\\\/cat\\\/el-respecte-segons-manuela-de-mastorrencito\\\/#breadcrumb\"},\"inLanguage\":\"es\",\"potentialAction\":[{\"@type\":\"ReadAction\",\"target\":[\"https:\\\/\\\/mastorrencito.com\\\/cat\\\/el-respecte-segons-manuela-de-mastorrencito\\\/\"]}]},{\"@type\":\"ImageObject\",\"inLanguage\":\"es\",\"@id\":\"https:\\\/\\\/mastorrencito.com\\\/cat\\\/el-respecte-segons-manuela-de-mastorrencito\\\/#primaryimage\",\"url\":\"https:\\\/\\\/mastorrencito.com\\\/cat\\\/wp-content\\\/uploads\\\/sites\\\/3\\\/Manuela6.jpg\",\"contentUrl\":\"https:\\\/\\\/mastorrencito.com\\\/cat\\\/wp-content\\\/uploads\\\/sites\\\/3\\\/Manuela6.jpg\",\"width\":1200,\"height\":1600,\"caption\":\"Manuela y el respeto a los animales de mastorrencito\"},{\"@type\":\"BreadcrumbList\",\"@id\":\"https:\\\/\\\/mastorrencito.com\\\/cat\\\/el-respecte-segons-manuela-de-mastorrencito\\\/#breadcrumb\",\"itemListElement\":[{\"@type\":\"ListItem\",\"position\":1,\"name\":\"Portada\",\"item\":\"https:\\\/\\\/mastorrencito.com\\\/\"},{\"@type\":\"ListItem\",\"position\":2,\"name\":\"El respecte segons Manuela de Mastorrencito\"}]},{\"@type\":\"WebSite\",\"@id\":\"https:\\\/\\\/mastorrencito.com\\\/#website\",\"url\":\"https:\\\/\\\/mastorrencito.com\\\/\",\"name\":\"Mas Torrencito CAT\",\"description\":\"Casa rural pet friendly en Girona\",\"publisher\":{\"@id\":\"https:\\\/\\\/mastorrencito.com\\\/#organization\"},\"potentialAction\":[{\"@type\":\"SearchAction\",\"target\":{\"@type\":\"EntryPoint\",\"urlTemplate\":\"https:\\\/\\\/mastorrencito.com\\\/?s={search_term_string}\"},\"query-input\":{\"@type\":\"PropertyValueSpecification\",\"valueRequired\":true,\"valueName\":\"search_term_string\"}}],\"inLanguage\":\"es\"},{\"@type\":\"Organization\",\"@id\":\"https:\\\/\\\/mastorrencito.com\\\/#organization\",\"name\":\"Mas Torrencito CAT\",\"url\":\"https:\\\/\\\/mastorrencito.com\\\/\",\"logo\":{\"@type\":\"ImageObject\",\"inLanguage\":\"es\",\"@id\":\"https:\\\/\\\/mastorrencito.com\\\/#\\\/schema\\\/logo\\\/image\\\/\",\"url\":\"https:\\\/\\\/mastorrencito.com\\\/cat\\\/wp-content\\\/uploads\\\/sites\\\/3\\\/Logo-Mastorrencito-horizontal.webp\",\"contentUrl\":\"https:\\\/\\\/mastorrencito.com\\\/cat\\\/wp-content\\\/uploads\\\/sites\\\/3\\\/Logo-Mastorrencito-horizontal.webp\",\"width\":161,\"height\":54,\"caption\":\"Mas Torrencito CAT\"},\"image\":{\"@id\":\"https:\\\/\\\/mastorrencito.com\\\/#\\\/schema\\\/logo\\\/image\\\/\"}},{\"@type\":\"Person\",\"@id\":\"https:\\\/\\\/mastorrencito.com\\\/#\\\/schema\\\/person\\\/18c619be80d4ae2667c702911625f790\",\"name\":\"Mastorrencito\",\"image\":{\"@type\":\"ImageObject\",\"inLanguage\":\"es\",\"@id\":\"https:\\\/\\\/secure.gravatar.com\\\/avatar\\\/3ef55e0519f987a734c21caee1423b51df7b760b7d81a38ecd31cab0a5115f6d?s=96&d=mm&r=g\",\"url\":\"https:\\\/\\\/secure.gravatar.com\\\/avatar\\\/3ef55e0519f987a734c21caee1423b51df7b760b7d81a38ecd31cab0a5115f6d?s=96&d=mm&r=g\",\"contentUrl\":\"https:\\\/\\\/secure.gravatar.com\\\/avatar\\\/3ef55e0519f987a734c21caee1423b51df7b760b7d81a38ecd31cab0a5115f6d?s=96&d=mm&r=g\",\"caption\":\"Mastorrencito\"},\"url\":\"https:\\\/\\\/mastorrencito.com\\\/cat\\\/author\\\/mastorrencito\\\/\"}]}<\/script>\n<!-- \/ Yoast SEO Premium plugin. -->","yoast_head_json":{"title":"El respecte segons Manuela de Mastorrencito - Mas Torrencito CAT","description":"I \u00e9s que hem de respectar els que no els agraden els gossos, per qe estan en el seu dret... o no? El respecte segons Manuela de Mastorrencito","robots":{"index":"index","follow":"follow","max-snippet":"max-snippet:-1","max-image-preview":"max-image-preview:large","max-video-preview":"max-video-preview:-1"},"canonical":"https:\/\/mastorrencito.com\/cat\/el-respecte-segons-manuela-de-mastorrencito\/","og_locale":"es_ES","og_type":"article","og_title":"El respecte segons Manuela de Mastorrencito","og_description":"I \u00e9s que hem de respectar els que no els agraden els gossos, per qe estan en el seu dret... o no? El respecte segons Manuela de Mastorrencito","og_url":"https:\/\/mastorrencito.com\/cat\/el-respecte-segons-manuela-de-mastorrencito\/","og_site_name":"Mas Torrencito CAT","article_published_time":"2024-11-15T08:57:03+00:00","og_image":[{"width":1200,"height":1600,"url":"https:\/\/mastorrencito.com\/cat\/wp-content\/uploads\/sites\/3\/Manuela6.jpg","type":"image\/jpeg"}],"author":"Mastorrencito","twitter_card":"summary_large_image","twitter_misc":{"Escrito por":"Mastorrencito","Tiempo de lectura":"6 minutos"},"schema":{"@context":"https:\/\/schema.org","@graph":[{"@type":"Article","@id":"https:\/\/mastorrencito.com\/cat\/el-respecte-segons-manuela-de-mastorrencito\/#article","isPartOf":{"@id":"https:\/\/mastorrencito.com\/cat\/el-respecte-segons-manuela-de-mastorrencito\/"},"author":{"name":"Mastorrencito","@id":"https:\/\/mastorrencito.com\/#\/schema\/person\/18c619be80d4ae2667c702911625f790"},"headline":"El respecte segons Manuela de Mastorrencito","datePublished":"2024-11-15T08:57:03+00:00","mainEntityOfPage":{"@id":"https:\/\/mastorrencito.com\/cat\/el-respecte-segons-manuela-de-mastorrencito\/"},"wordCount":994,"commentCount":0,"publisher":{"@id":"https:\/\/mastorrencito.com\/#organization"},"image":{"@id":"https:\/\/mastorrencito.com\/cat\/el-respecte-segons-manuela-de-mastorrencito\/#primaryimage"},"thumbnailUrl":"https:\/\/mastorrencito.com\/cat\/wp-content\/uploads\/sites\/3\/Manuela6.jpg","keywords":["Gironaconmascotas","turismecostabrava","turismeruralambgossos","Turismoruralconperros"],"articleSection":["Habitacions Mastorrencito"],"inLanguage":"es","potentialAction":[{"@type":"CommentAction","name":"Comment","target":["https:\/\/mastorrencito.com\/cat\/el-respecte-segons-manuela-de-mastorrencito\/#respond"]}]},{"@type":"WebPage","@id":"https:\/\/mastorrencito.com\/cat\/el-respecte-segons-manuela-de-mastorrencito\/","url":"https:\/\/mastorrencito.com\/cat\/el-respecte-segons-manuela-de-mastorrencito\/","name":"El respecte segons Manuela de Mastorrencito - Mas Torrencito CAT","isPartOf":{"@id":"https:\/\/mastorrencito.com\/#website"},"primaryImageOfPage":{"@id":"https:\/\/mastorrencito.com\/cat\/el-respecte-segons-manuela-de-mastorrencito\/#primaryimage"},"image":{"@id":"https:\/\/mastorrencito.com\/cat\/el-respecte-segons-manuela-de-mastorrencito\/#primaryimage"},"thumbnailUrl":"https:\/\/mastorrencito.com\/cat\/wp-content\/uploads\/sites\/3\/Manuela6.jpg","datePublished":"2024-11-15T08:57:03+00:00","description":"I \u00e9s que hem de respectar els que no els agraden els gossos, per qe estan en el seu dret... o no? El respecte segons Manuela de Mastorrencito","breadcrumb":{"@id":"https:\/\/mastorrencito.com\/cat\/el-respecte-segons-manuela-de-mastorrencito\/#breadcrumb"},"inLanguage":"es","potentialAction":[{"@type":"ReadAction","target":["https:\/\/mastorrencito.com\/cat\/el-respecte-segons-manuela-de-mastorrencito\/"]}]},{"@type":"ImageObject","inLanguage":"es","@id":"https:\/\/mastorrencito.com\/cat\/el-respecte-segons-manuela-de-mastorrencito\/#primaryimage","url":"https:\/\/mastorrencito.com\/cat\/wp-content\/uploads\/sites\/3\/Manuela6.jpg","contentUrl":"https:\/\/mastorrencito.com\/cat\/wp-content\/uploads\/sites\/3\/Manuela6.jpg","width":1200,"height":1600,"caption":"Manuela y el respeto a los animales de mastorrencito"},{"@type":"BreadcrumbList","@id":"https:\/\/mastorrencito.com\/cat\/el-respecte-segons-manuela-de-mastorrencito\/#breadcrumb","itemListElement":[{"@type":"ListItem","position":1,"name":"Portada","item":"https:\/\/mastorrencito.com\/"},{"@type":"ListItem","position":2,"name":"El respecte segons Manuela de Mastorrencito"}]},{"@type":"WebSite","@id":"https:\/\/mastorrencito.com\/#website","url":"https:\/\/mastorrencito.com\/","name":"Mas Torrencito CAT","description":"Casa rural pet friendly en Girona","publisher":{"@id":"https:\/\/mastorrencito.com\/#organization"},"potentialAction":[{"@type":"SearchAction","target":{"@type":"EntryPoint","urlTemplate":"https:\/\/mastorrencito.com\/?s={search_term_string}"},"query-input":{"@type":"PropertyValueSpecification","valueRequired":true,"valueName":"search_term_string"}}],"inLanguage":"es"},{"@type":"Organization","@id":"https:\/\/mastorrencito.com\/#organization","name":"Mas Torrencito CAT","url":"https:\/\/mastorrencito.com\/","logo":{"@type":"ImageObject","inLanguage":"es","@id":"https:\/\/mastorrencito.com\/#\/schema\/logo\/image\/","url":"https:\/\/mastorrencito.com\/cat\/wp-content\/uploads\/sites\/3\/Logo-Mastorrencito-horizontal.webp","contentUrl":"https:\/\/mastorrencito.com\/cat\/wp-content\/uploads\/sites\/3\/Logo-Mastorrencito-horizontal.webp","width":161,"height":54,"caption":"Mas Torrencito CAT"},"image":{"@id":"https:\/\/mastorrencito.com\/#\/schema\/logo\/image\/"}},{"@type":"Person","@id":"https:\/\/mastorrencito.com\/#\/schema\/person\/18c619be80d4ae2667c702911625f790","name":"Mastorrencito","image":{"@type":"ImageObject","inLanguage":"es","@id":"https:\/\/secure.gravatar.com\/avatar\/3ef55e0519f987a734c21caee1423b51df7b760b7d81a38ecd31cab0a5115f6d?s=96&d=mm&r=g","url":"https:\/\/secure.gravatar.com\/avatar\/3ef55e0519f987a734c21caee1423b51df7b760b7d81a38ecd31cab0a5115f6d?s=96&d=mm&r=g","contentUrl":"https:\/\/secure.gravatar.com\/avatar\/3ef55e0519f987a734c21caee1423b51df7b760b7d81a38ecd31cab0a5115f6d?s=96&d=mm&r=g","caption":"Mastorrencito"},"url":"https:\/\/mastorrencito.com\/cat\/author\/mastorrencito\/"}]}},"acf":[],"_links":{"self":[{"href":"https:\/\/mastorrencito.com\/cat\/wp-json\/wp\/v2\/posts\/2156","targetHints":{"allow":["GET"]}}],"collection":[{"href":"https:\/\/mastorrencito.com\/cat\/wp-json\/wp\/v2\/posts"}],"about":[{"href":"https:\/\/mastorrencito.com\/cat\/wp-json\/wp\/v2\/types\/post"}],"author":[{"embeddable":true,"href":"https:\/\/mastorrencito.com\/cat\/wp-json\/wp\/v2\/users\/2"}],"replies":[{"embeddable":true,"href":"https:\/\/mastorrencito.com\/cat\/wp-json\/wp\/v2\/comments?post=2156"}],"version-history":[{"count":0,"href":"https:\/\/mastorrencito.com\/cat\/wp-json\/wp\/v2\/posts\/2156\/revisions"}],"wp:featuredmedia":[{"embeddable":true,"href":"https:\/\/mastorrencito.com\/cat\/wp-json\/wp\/v2\/media\/2140"}],"wp:attachment":[{"href":"https:\/\/mastorrencito.com\/cat\/wp-json\/wp\/v2\/media?parent=2156"}],"wp:term":[{"taxonomy":"category","embeddable":true,"href":"https:\/\/mastorrencito.com\/cat\/wp-json\/wp\/v2\/categories?post=2156"},{"taxonomy":"post_tag","embeddable":true,"href":"https:\/\/mastorrencito.com\/cat\/wp-json\/wp\/v2\/tags?post=2156"}],"curies":[{"name":"wp","href":"https:\/\/api.w.org\/{rel}","templated":true}]}}