{"id":1921,"date":"2024-11-04T06:38:11","date_gmt":"2024-11-04T06:38:11","guid":{"rendered":"https:\/\/casaruralconperrosgirona.com\/i-si\/"},"modified":"2024-11-04T06:38:11","modified_gmt":"2024-11-04T06:38:11","slug":"i-si","status":"publish","type":"post","link":"https:\/\/mastorrencito.com\/cat\/i-si\/","title":{"rendered":"I si\u2026?"},"content":{"rendered":"\n<h3 class=\"wp-block-heading\">Relat de la Dana i la R\u00e0bia d&#8217;un Poble Oblidat<\/h3>\n\n<p>I si hagu\u00e9ssim fet cas als avisos? I si hagu\u00e9ssim escoltat els professionals, els experts que porten anys cridant des dels seus despatxos, des dels seus informes que aquest desastre hi era, aguaitant en cada gota de pluja acumulada, en cada t\u00e0lveg oblidat? I si, per una vegada, hagu\u00e9ssim tingut dirigents professionals, amb la valentia de prendre decisions inc\u00f2modes i no pas una banda d&#8217;ineptes jugant a les pol\u00edtiques de sal\u00f3?  <\/p>\n\n<p>Miro les not\u00edcies, i la r\u00e0bia em crema a la gola. Ja no em sorpr\u00e8n la xifra de morts que creix cada hora, per\u00f2 em destrossa l&#8217;\u00e0nima la idea que podrien haver estat menys. Que hi va haver una oportunitat d&#8217;evitar aix\u00f2, o almenys de salvar les vides que avui sumen noms a la trag\u00e8dia. No tinc fam\u00edlia a la Comunitat Valenciana, ni amics all\u00e0, per\u00f2 \u00e9s la impot\u00e8ncia, el desconsol de saber que, una vegada m\u00e9s, l&#8217;arrog\u00e0ncia i el menyspreu pel b\u00e9 com\u00fa s&#8217;han tornat a cobrar un preu insuportable. La r\u00e0bia es converteix en nus en el meu est\u00f3mac en sentir que aquest desastre no \u00e9s nom\u00e9s culpa de la tempesta, sin\u00f3 de la cadena de decisions absurdes, de neglig\u00e8ncies embolicades en banderes i promeses buides.    <\/p>\n<figure class=\"wp-block-post-featured-image\"><img fetchpriority=\"high\" decoding=\"async\" width=\"1792\" height=\"1024\" src=\"https:\/\/mastorrencito.com\/cat\/wp-content\/uploads\/sites\/3\/dana.jpg\" class=\"attachment-post-thumbnail size-post-thumbnail wp-post-image\" alt=\"\" style=\"object-fit:cover;\" srcset=\"https:\/\/mastorrencito.com\/cat\/wp-content\/uploads\/sites\/3\/dana.jpg 1792w, https:\/\/mastorrencito.com\/cat\/wp-content\/uploads\/sites\/3\/dana-300x171.jpg 300w, https:\/\/mastorrencito.com\/cat\/wp-content\/uploads\/sites\/3\/dana-1024x585.jpg 1024w, https:\/\/mastorrencito.com\/cat\/wp-content\/uploads\/sites\/3\/dana-768x439.jpg 768w, https:\/\/mastorrencito.com\/cat\/wp-content\/uploads\/sites\/3\/dana-1536x878.jpg 1536w\" sizes=\"(max-width: 1792px) 100vw, 1792px\" \/><\/figure>\n<p>La UME, diuen! La Unitat Militar d&#8217;Emerg\u00e8ncies va ser relegada per donar pas a la fira dels bous! Als bous, com si en una correguda de sang i sorra es resolguessin les vides dels que ara s&#8217;ofeguen al fang! Com hem arribat a aix\u00f2? Com es pot negar un dirigent a veure la cat\u00e0strofe, encara que ja l&#8217;aigua li cobreixi les botes? Mentre l&#8217;aigua nega cases i ofega somnis, ell continua all\u00e0, minimitzant, rebutjant l&#8217;ajuda d&#8217;altres territoris, com si fos un assumpte d&#8217;orgull i no pas d&#8217;una emerg\u00e8ncia on cada minut compta, on cada m\u00e0 compta.     <\/p>\n\n<p><strong>On s\u00f3n les prioritats?<\/strong><\/p>\n\n<p>La lliga, el gran premi, els actes oficials, el protocol\u2026 \u00e9s que aix\u00f2 \u00e9s el que importa? Com pot ni tan sols discutir-se que els espectacles se suspenguin, que el futbol es posposi, que el circ s&#8217;aturi, quan la trag\u00e8dia ens cobreix amb la seva ombra? No hi ha espai per a l&#8217;entreteniment quan hi ha fam\u00edlies senceres que no tornaran a veure els seus \u00e9ssers estimats. A la merda els bous, a la merda els banderins! Aix\u00f2 \u00e9s una crisi, una realitat on cal menys espectacle i m\u00e9s serietat.    <\/p>\n\n<p>I mentre seguim sumits al fang, en la desesperaci\u00f3, qui rendir\u00e0 comptes? Qui ens donar\u00e0 explicacions quan tot aix\u00f2 passi i nom\u00e9s quedi el ress\u00f2 de les promeses incomplertes? Perqu\u00e8 avui, les pedres, el fang i els insults plouen cap a ells, i no s\u00e9 si aix\u00f2 \u00e9s suficient. Fins quan suportarem aquesta cadena de neglig\u00e8ncies? \u00bfFins quan deixarem que una elit d&#8217;in\u00fatils decideixi per nosaltres i jugui amb les nostres vides?    <\/p>\n\n<p><strong>I si fos diferent?<\/strong>  I si algun dia, el canvi clim\u00e0tic no fos una l\u00ednia de propaganda, sin\u00f3 una realitat que enfront\u00e9ssim amb la urg\u00e8ncia que mereix? O \u00e9s que ens quedarem creuats de bra\u00e7os, veient com l&#8217;aigua puja i puja, fins que un dia ens cobreixi a tots? <\/p>\n\n<blockquote class=\"wp-block-quote is-layout-flow wp-block-quote-is-layout-flow\">\n<p>Des de Mas Torrencito us desitgem un FELI\u00c7 DILLUNS!!! i que el vostre gos us acompanyi!!!!<\/p>\n<\/blockquote>\n\n<p>\u2014\u2013<br \/> Si vols, podeu veure els nostres <strong>bons per caps de setmana, bons jubilats<\/strong> , a un preu incre\u00efble..entra a <a href=\"https:\/\/www.mastorrencito.com\/\">www.mastorrencito.com<\/a> o si vols podeu llegir m\u00e9s h<\/p>\n","protected":false},"excerpt":{"rendered":"<p>Relat de la Dana i la R\u00e0bia d&#8217;un Poble Oblidat I si hagu\u00e9ssim fet cas als avisos? I si hagu\u00e9ssim escoltat els professionals, els experts que porten anys cridant des dels seus despatxos, des dels seus informes que aquest desastre hi era, aguaitant en cada gota de pluja acumulada, en cada t\u00e0lveg oblidat? I si, [&hellip;]<\/p>\n","protected":false},"author":2,"featured_media":4776,"comment_status":"open","ping_status":"open","sticky":false,"template":"","format":"standard","meta":{"_acf_changed":false,"footnotes":""},"categories":[35],"tags":[],"class_list":["post-1921","post","type-post","status-publish","format-standard","has-post-thumbnail","hentry","category-histories-mastorrencito"],"yoast_head":"<!-- This site is optimized with the Yoast SEO Premium plugin v27.3 (Yoast SEO v27.5) - https:\/\/yoast.com\/product\/yoast-seo-premium-wordpress\/ -->\n<title>I si\u2026? - Mas Torrencito CAT<\/title>\n<meta name=\"robots\" content=\"index, follow, max-snippet:-1, max-image-preview:large, max-video-preview:-1\" \/>\n<link rel=\"canonical\" href=\"https:\/\/mastorrencito.com\/cat\/i-si\/\" \/>\n<meta property=\"og:locale\" content=\"es_ES\" \/>\n<meta property=\"og:type\" content=\"article\" \/>\n<meta property=\"og:title\" content=\"I si\u2026?\" \/>\n<meta property=\"og:description\" content=\"Relat de la Dana i la R\u00e0bia d&#8217;un Poble Oblidat I si hagu\u00e9ssim fet cas als avisos? I si hagu\u00e9ssim escoltat els professionals, els experts que porten anys cridant des dels seus despatxos, des dels seus informes que aquest desastre hi era, aguaitant en cada gota de pluja acumulada, en cada t\u00e0lveg oblidat? I si, [&hellip;]\" \/>\n<meta property=\"og:url\" content=\"https:\/\/mastorrencito.com\/cat\/i-si\/\" \/>\n<meta property=\"og:site_name\" content=\"Mas Torrencito CAT\" \/>\n<meta property=\"article:published_time\" content=\"2024-11-04T06:38:11+00:00\" \/>\n<meta property=\"og:image\" content=\"https:\/\/mastorrencito.com\/cat\/wp-content\/uploads\/sites\/3\/dana.jpg\" \/>\n\t<meta property=\"og:image:width\" content=\"1792\" \/>\n\t<meta property=\"og:image:height\" content=\"1024\" \/>\n\t<meta property=\"og:image:type\" content=\"image\/jpeg\" \/>\n<meta name=\"author\" content=\"Mastorrencito\" \/>\n<meta name=\"twitter:card\" content=\"summary_large_image\" \/>\n<meta name=\"twitter:label1\" content=\"Escrito por\" \/>\n\t<meta name=\"twitter:data1\" content=\"Mastorrencito\" \/>\n\t<meta name=\"twitter:label2\" content=\"Tiempo de lectura\" \/>\n\t<meta name=\"twitter:data2\" content=\"4 minutos\" \/>\n<script type=\"application\/ld+json\" class=\"yoast-schema-graph\">{\"@context\":\"https:\\\/\\\/schema.org\",\"@graph\":[{\"@type\":\"Article\",\"@id\":\"https:\\\/\\\/mastorrencito.com\\\/cat\\\/i-si\\\/#article\",\"isPartOf\":{\"@id\":\"https:\\\/\\\/mastorrencito.com\\\/cat\\\/i-si\\\/\"},\"author\":{\"name\":\"Mastorrencito\",\"@id\":\"https:\\\/\\\/mastorrencito.com\\\/#\\\/schema\\\/person\\\/18c619be80d4ae2667c702911625f790\"},\"headline\":\"I si\u2026?\",\"datePublished\":\"2024-11-04T06:38:11+00:00\",\"mainEntityOfPage\":{\"@id\":\"https:\\\/\\\/mastorrencito.com\\\/cat\\\/i-si\\\/\"},\"wordCount\":621,\"commentCount\":0,\"publisher\":{\"@id\":\"https:\\\/\\\/mastorrencito.com\\\/#organization\"},\"image\":{\"@id\":\"https:\\\/\\\/mastorrencito.com\\\/cat\\\/i-si\\\/#primaryimage\"},\"thumbnailUrl\":\"https:\\\/\\\/mastorrencito.com\\\/cat\\\/wp-content\\\/uploads\\\/sites\\\/3\\\/dana.jpg\",\"articleSection\":[\"Hist\u00f2ries Mastorrencito\"],\"inLanguage\":\"es\",\"potentialAction\":[{\"@type\":\"CommentAction\",\"name\":\"Comment\",\"target\":[\"https:\\\/\\\/mastorrencito.com\\\/cat\\\/i-si\\\/#respond\"]}]},{\"@type\":\"WebPage\",\"@id\":\"https:\\\/\\\/mastorrencito.com\\\/cat\\\/i-si\\\/\",\"url\":\"https:\\\/\\\/mastorrencito.com\\\/cat\\\/i-si\\\/\",\"name\":\"I si\u2026? - Mas Torrencito CAT\",\"isPartOf\":{\"@id\":\"https:\\\/\\\/mastorrencito.com\\\/#website\"},\"primaryImageOfPage\":{\"@id\":\"https:\\\/\\\/mastorrencito.com\\\/cat\\\/i-si\\\/#primaryimage\"},\"image\":{\"@id\":\"https:\\\/\\\/mastorrencito.com\\\/cat\\\/i-si\\\/#primaryimage\"},\"thumbnailUrl\":\"https:\\\/\\\/mastorrencito.com\\\/cat\\\/wp-content\\\/uploads\\\/sites\\\/3\\\/dana.jpg\",\"datePublished\":\"2024-11-04T06:38:11+00:00\",\"breadcrumb\":{\"@id\":\"https:\\\/\\\/mastorrencito.com\\\/cat\\\/i-si\\\/#breadcrumb\"},\"inLanguage\":\"es\",\"potentialAction\":[{\"@type\":\"ReadAction\",\"target\":[\"https:\\\/\\\/mastorrencito.com\\\/cat\\\/i-si\\\/\"]}]},{\"@type\":\"ImageObject\",\"inLanguage\":\"es\",\"@id\":\"https:\\\/\\\/mastorrencito.com\\\/cat\\\/i-si\\\/#primaryimage\",\"url\":\"https:\\\/\\\/mastorrencito.com\\\/cat\\\/wp-content\\\/uploads\\\/sites\\\/3\\\/dana.jpg\",\"contentUrl\":\"https:\\\/\\\/mastorrencito.com\\\/cat\\\/wp-content\\\/uploads\\\/sites\\\/3\\\/dana.jpg\",\"width\":1792,\"height\":1024},{\"@type\":\"BreadcrumbList\",\"@id\":\"https:\\\/\\\/mastorrencito.com\\\/cat\\\/i-si\\\/#breadcrumb\",\"itemListElement\":[{\"@type\":\"ListItem\",\"position\":1,\"name\":\"Portada\",\"item\":\"https:\\\/\\\/mastorrencito.com\\\/\"},{\"@type\":\"ListItem\",\"position\":2,\"name\":\"I si\u2026?\"}]},{\"@type\":\"WebSite\",\"@id\":\"https:\\\/\\\/mastorrencito.com\\\/#website\",\"url\":\"https:\\\/\\\/mastorrencito.com\\\/\",\"name\":\"Mas Torrencito CAT\",\"description\":\"Casa rural pet friendly en Girona\",\"publisher\":{\"@id\":\"https:\\\/\\\/mastorrencito.com\\\/#organization\"},\"potentialAction\":[{\"@type\":\"SearchAction\",\"target\":{\"@type\":\"EntryPoint\",\"urlTemplate\":\"https:\\\/\\\/mastorrencito.com\\\/?s={search_term_string}\"},\"query-input\":{\"@type\":\"PropertyValueSpecification\",\"valueRequired\":true,\"valueName\":\"search_term_string\"}}],\"inLanguage\":\"es\"},{\"@type\":\"Organization\",\"@id\":\"https:\\\/\\\/mastorrencito.com\\\/#organization\",\"name\":\"Mas Torrencito CAT\",\"url\":\"https:\\\/\\\/mastorrencito.com\\\/\",\"logo\":{\"@type\":\"ImageObject\",\"inLanguage\":\"es\",\"@id\":\"https:\\\/\\\/mastorrencito.com\\\/#\\\/schema\\\/logo\\\/image\\\/\",\"url\":\"https:\\\/\\\/mastorrencito.com\\\/cat\\\/wp-content\\\/uploads\\\/sites\\\/3\\\/Logo-Mastorrencito-horizontal.webp\",\"contentUrl\":\"https:\\\/\\\/mastorrencito.com\\\/cat\\\/wp-content\\\/uploads\\\/sites\\\/3\\\/Logo-Mastorrencito-horizontal.webp\",\"width\":161,\"height\":54,\"caption\":\"Mas Torrencito CAT\"},\"image\":{\"@id\":\"https:\\\/\\\/mastorrencito.com\\\/#\\\/schema\\\/logo\\\/image\\\/\"}},{\"@type\":\"Person\",\"@id\":\"https:\\\/\\\/mastorrencito.com\\\/#\\\/schema\\\/person\\\/18c619be80d4ae2667c702911625f790\",\"name\":\"Mastorrencito\",\"image\":{\"@type\":\"ImageObject\",\"inLanguage\":\"es\",\"@id\":\"https:\\\/\\\/secure.gravatar.com\\\/avatar\\\/3ef55e0519f987a734c21caee1423b51df7b760b7d81a38ecd31cab0a5115f6d?s=96&d=mm&r=g\",\"url\":\"https:\\\/\\\/secure.gravatar.com\\\/avatar\\\/3ef55e0519f987a734c21caee1423b51df7b760b7d81a38ecd31cab0a5115f6d?s=96&d=mm&r=g\",\"contentUrl\":\"https:\\\/\\\/secure.gravatar.com\\\/avatar\\\/3ef55e0519f987a734c21caee1423b51df7b760b7d81a38ecd31cab0a5115f6d?s=96&d=mm&r=g\",\"caption\":\"Mastorrencito\"},\"url\":\"https:\\\/\\\/mastorrencito.com\\\/cat\\\/author\\\/mastorrencito\\\/\"}]}<\/script>\n<!-- \/ Yoast SEO Premium plugin. -->","yoast_head_json":{"title":"I si\u2026? - Mas Torrencito CAT","robots":{"index":"index","follow":"follow","max-snippet":"max-snippet:-1","max-image-preview":"max-image-preview:large","max-video-preview":"max-video-preview:-1"},"canonical":"https:\/\/mastorrencito.com\/cat\/i-si\/","og_locale":"es_ES","og_type":"article","og_title":"I si\u2026?","og_description":"Relat de la Dana i la R\u00e0bia d&#8217;un Poble Oblidat I si hagu\u00e9ssim fet cas als avisos? I si hagu\u00e9ssim escoltat els professionals, els experts que porten anys cridant des dels seus despatxos, des dels seus informes que aquest desastre hi era, aguaitant en cada gota de pluja acumulada, en cada t\u00e0lveg oblidat? I si, [&hellip;]","og_url":"https:\/\/mastorrencito.com\/cat\/i-si\/","og_site_name":"Mas Torrencito CAT","article_published_time":"2024-11-04T06:38:11+00:00","og_image":[{"width":1792,"height":1024,"url":"https:\/\/mastorrencito.com\/cat\/wp-content\/uploads\/sites\/3\/dana.jpg","type":"image\/jpeg"}],"author":"Mastorrencito","twitter_card":"summary_large_image","twitter_misc":{"Escrito por":"Mastorrencito","Tiempo de lectura":"4 minutos"},"schema":{"@context":"https:\/\/schema.org","@graph":[{"@type":"Article","@id":"https:\/\/mastorrencito.com\/cat\/i-si\/#article","isPartOf":{"@id":"https:\/\/mastorrencito.com\/cat\/i-si\/"},"author":{"name":"Mastorrencito","@id":"https:\/\/mastorrencito.com\/#\/schema\/person\/18c619be80d4ae2667c702911625f790"},"headline":"I si\u2026?","datePublished":"2024-11-04T06:38:11+00:00","mainEntityOfPage":{"@id":"https:\/\/mastorrencito.com\/cat\/i-si\/"},"wordCount":621,"commentCount":0,"publisher":{"@id":"https:\/\/mastorrencito.com\/#organization"},"image":{"@id":"https:\/\/mastorrencito.com\/cat\/i-si\/#primaryimage"},"thumbnailUrl":"https:\/\/mastorrencito.com\/cat\/wp-content\/uploads\/sites\/3\/dana.jpg","articleSection":["Hist\u00f2ries Mastorrencito"],"inLanguage":"es","potentialAction":[{"@type":"CommentAction","name":"Comment","target":["https:\/\/mastorrencito.com\/cat\/i-si\/#respond"]}]},{"@type":"WebPage","@id":"https:\/\/mastorrencito.com\/cat\/i-si\/","url":"https:\/\/mastorrencito.com\/cat\/i-si\/","name":"I si\u2026? - Mas Torrencito CAT","isPartOf":{"@id":"https:\/\/mastorrencito.com\/#website"},"primaryImageOfPage":{"@id":"https:\/\/mastorrencito.com\/cat\/i-si\/#primaryimage"},"image":{"@id":"https:\/\/mastorrencito.com\/cat\/i-si\/#primaryimage"},"thumbnailUrl":"https:\/\/mastorrencito.com\/cat\/wp-content\/uploads\/sites\/3\/dana.jpg","datePublished":"2024-11-04T06:38:11+00:00","breadcrumb":{"@id":"https:\/\/mastorrencito.com\/cat\/i-si\/#breadcrumb"},"inLanguage":"es","potentialAction":[{"@type":"ReadAction","target":["https:\/\/mastorrencito.com\/cat\/i-si\/"]}]},{"@type":"ImageObject","inLanguage":"es","@id":"https:\/\/mastorrencito.com\/cat\/i-si\/#primaryimage","url":"https:\/\/mastorrencito.com\/cat\/wp-content\/uploads\/sites\/3\/dana.jpg","contentUrl":"https:\/\/mastorrencito.com\/cat\/wp-content\/uploads\/sites\/3\/dana.jpg","width":1792,"height":1024},{"@type":"BreadcrumbList","@id":"https:\/\/mastorrencito.com\/cat\/i-si\/#breadcrumb","itemListElement":[{"@type":"ListItem","position":1,"name":"Portada","item":"https:\/\/mastorrencito.com\/"},{"@type":"ListItem","position":2,"name":"I si\u2026?"}]},{"@type":"WebSite","@id":"https:\/\/mastorrencito.com\/#website","url":"https:\/\/mastorrencito.com\/","name":"Mas Torrencito CAT","description":"Casa rural pet friendly en Girona","publisher":{"@id":"https:\/\/mastorrencito.com\/#organization"},"potentialAction":[{"@type":"SearchAction","target":{"@type":"EntryPoint","urlTemplate":"https:\/\/mastorrencito.com\/?s={search_term_string}"},"query-input":{"@type":"PropertyValueSpecification","valueRequired":true,"valueName":"search_term_string"}}],"inLanguage":"es"},{"@type":"Organization","@id":"https:\/\/mastorrencito.com\/#organization","name":"Mas Torrencito CAT","url":"https:\/\/mastorrencito.com\/","logo":{"@type":"ImageObject","inLanguage":"es","@id":"https:\/\/mastorrencito.com\/#\/schema\/logo\/image\/","url":"https:\/\/mastorrencito.com\/cat\/wp-content\/uploads\/sites\/3\/Logo-Mastorrencito-horizontal.webp","contentUrl":"https:\/\/mastorrencito.com\/cat\/wp-content\/uploads\/sites\/3\/Logo-Mastorrencito-horizontal.webp","width":161,"height":54,"caption":"Mas Torrencito CAT"},"image":{"@id":"https:\/\/mastorrencito.com\/#\/schema\/logo\/image\/"}},{"@type":"Person","@id":"https:\/\/mastorrencito.com\/#\/schema\/person\/18c619be80d4ae2667c702911625f790","name":"Mastorrencito","image":{"@type":"ImageObject","inLanguage":"es","@id":"https:\/\/secure.gravatar.com\/avatar\/3ef55e0519f987a734c21caee1423b51df7b760b7d81a38ecd31cab0a5115f6d?s=96&d=mm&r=g","url":"https:\/\/secure.gravatar.com\/avatar\/3ef55e0519f987a734c21caee1423b51df7b760b7d81a38ecd31cab0a5115f6d?s=96&d=mm&r=g","contentUrl":"https:\/\/secure.gravatar.com\/avatar\/3ef55e0519f987a734c21caee1423b51df7b760b7d81a38ecd31cab0a5115f6d?s=96&d=mm&r=g","caption":"Mastorrencito"},"url":"https:\/\/mastorrencito.com\/cat\/author\/mastorrencito\/"}]}},"acf":[],"_links":{"self":[{"href":"https:\/\/mastorrencito.com\/cat\/wp-json\/wp\/v2\/posts\/1921","targetHints":{"allow":["GET"]}}],"collection":[{"href":"https:\/\/mastorrencito.com\/cat\/wp-json\/wp\/v2\/posts"}],"about":[{"href":"https:\/\/mastorrencito.com\/cat\/wp-json\/wp\/v2\/types\/post"}],"author":[{"embeddable":true,"href":"https:\/\/mastorrencito.com\/cat\/wp-json\/wp\/v2\/users\/2"}],"replies":[{"embeddable":true,"href":"https:\/\/mastorrencito.com\/cat\/wp-json\/wp\/v2\/comments?post=1921"}],"version-history":[{"count":0,"href":"https:\/\/mastorrencito.com\/cat\/wp-json\/wp\/v2\/posts\/1921\/revisions"}],"wp:featuredmedia":[{"embeddable":true,"href":"https:\/\/mastorrencito.com\/cat\/wp-json\/wp\/v2\/media\/4776"}],"wp:attachment":[{"href":"https:\/\/mastorrencito.com\/cat\/wp-json\/wp\/v2\/media?parent=1921"}],"wp:term":[{"taxonomy":"category","embeddable":true,"href":"https:\/\/mastorrencito.com\/cat\/wp-json\/wp\/v2\/categories?post=1921"},{"taxonomy":"post_tag","embeddable":true,"href":"https:\/\/mastorrencito.com\/cat\/wp-json\/wp\/v2\/tags?post=1921"}],"curies":[{"name":"wp","href":"https:\/\/api.w.org\/{rel}","templated":true}]}}