{"id":1915,"date":"2024-11-04T05:22:11","date_gmt":"2024-11-04T05:22:11","guid":{"rendered":"https:\/\/casaruralconperrosgirona.com\/una-aventura-a-lave-que-prometia-molt\/"},"modified":"2024-11-04T05:22:11","modified_gmt":"2024-11-04T05:22:11","slug":"una-aventura-a-lave-que-prometia-molt","status":"publish","type":"post","link":"https:\/\/mastorrencito.com\/cat\/una-aventura-a-lave-que-prometia-molt\/","title":{"rendered":"Una aventura a l&#8217;AVE que prometia molt\u2026"},"content":{"rendered":"\n<h3 class=\"wp-block-heading\">Ahir se&#8217;n va anar en Ramon i la Blanca a Barcelona, \u200b\u200bcom solen fer. Nom\u00e9s que aquesta vegada, en lloc de prendre el tren regional \u2014aquell que triga les bones dues hores llargues\u2014 van decidir provar sort amb l&#8217;AVE, que a m\u00e9s els va sortir m\u00e9s barat. Aix\u00ed que, emocionats, es van embarcar en aquesta petita aventura\u2026 o si m\u00e9s no aix\u00f2 pensaven. El que ning\u00fa no s&#8217;imaginava \u00e9s que aquest viatge prom\u00e8s s&#8217;acabaria abans de comen\u00e7ar. I no per un problema de trens, sin\u00f3 de pura i simple manca de sentit com\u00fa.    <\/h3>\n\n<hr class=\"wp-block-separator has-alpha-channel-opacity\" \/>\n\n<h3 class=\"wp-block-heading\"><strong>A l&#8217;estaci\u00f3 de l&#8217;AVE a Vilafant<\/strong><\/h3>\n\n<p>El Ramon i la Blanca, els nostres protagonistes, arriben a l&#8217;estaci\u00f3 de Vilafant, acompanyats pel nebot que els deixa just a la porta. Tots dos estan llestos, bitllets a la m\u00e0, i, per descomptat, acompanyats de la seva inseparable chihuahua, Ne\u00f3, \u00e0lies \u00abel Ratpenat\u00bb. Un gos de tres quilos, tan inofensiu com una boleta de llana amb potes. Ramon est\u00e0 content, llest per embarcar. Blanca porta Ne\u00f3 en una bossa. Per\u00f2 quan passen el primer control\u2026 <em>zaska<\/em> .     <\/p>\n\n<blockquote class=\"wp-block-quote is-layout-flow wp-block-quote-is-layout-flow\">\n<p><strong>El dia que gaireb\u00e9 s&#8217;acaba el m\u00f3n\u2026 o com l&#8217;AVE i l&#8217;empatia no sempre van al mateix vag\u00f3\u00bb<\/strong><\/p>\n<\/blockquote>\n\n<p><strong>Empleat de l&#8217;AVE:<\/strong> (mirant Ne\u00f3 amb cara de pocs amics)<br \/> \u2014Em sap greu, per\u00f2 el gos no pot pujar sense un transport\u00ed.<\/p>\n\n<p><strong>Ramon:<\/strong> (estranyat i una mica mosquejat)<br \/> \u2014Perdona? Per\u00f2 si el portem a la bossa, no molestar\u00e0 ning\u00fa! A m\u00e9s, som invidents, i nom\u00e9s estarem mitja hora al tren.  <\/p>\n\n<p><strong>Empleat de l&#8217;AVE:<\/strong> (amb to rob\u00f2tic, com si li haguessin implantat un xip per repetir frases)<br \/> \u2014 Les normes s\u00f3n les normes. Els gossos han de viatjar en un transport\u00ed homologat. <\/p>\n\n<p><strong>Blanca:<\/strong> (tractant de mantenir la calma)<br \/> \u2014 Miri, senyor, entengui&#8217;ns, nom\u00e9s anem de Vilafant a Barcelona. Ne\u00f3 no sortir\u00e0 de la bossa. De veritat, \u00e9s un gos petit\u00f3, no molestar\u00e0 ni bordar\u00e0\u2026  <\/p>\n\n<p><strong>Empleat de l&#8217;AVE:<\/strong> (inalterable, amb la mateixa cara de pedra)<br \/> \u2014 Les normes estan per complir-se. O porten el transport\u00ed o no hi poden passar. <\/p>\n\n<p>Aqu\u00ed, el Ramon comen\u00e7a a notar com la paci\u00e8ncia se li est\u00e0 esgotant. Blanca prem la corretja de Ne\u00f3, que segueix a la bossa, ali\u00e8 al drama hum\u00e0 al seu voltant. <\/p>\n\n<hr class=\"wp-block-separator has-alpha-channel-opacity\" \/>\n\n<h3 class=\"wp-block-heading\"><strong>El retorn frustrat i la indignaci\u00f3<\/strong><\/h3>\n\n<p>Ramon i Blanca, ja amb el cabreig pujat, surten de l&#8217;estaci\u00f3. All\u00e0 fora hi ha el nebot, que en veure&#8217;ls tornar fa cara de sorpresa. <\/p>\n\n<p><strong>Nebot:<\/strong> (amb cara d&#8217;\u201caix\u00f2 \u00e9s broma\u201d)<br \/> \u2014Per\u00f2 ja esteu de tornada? Qu\u00e8 ha passat? <\/p>\n\n<p><strong>Ramon:<\/strong> (amb un to d&#8217;indignaci\u00f3 creixent)<br \/> \u2014Que no ens han deixat passar per Ne\u00f3! Que ha d&#8217;anar en un transport\u00ed, ni que el gos s&#8217;hagu\u00e9s de menjar el tren sencer! <\/p>\n\n<p><strong>Nebot:<\/strong> (ir\u00f2nic)<br \/> \u2014 Ja veus, quin perill, un chihuahua de dos quilos solt en un AVE. I qu\u00e8? Els has dit que ets cec i que portes el gos en una bossa?  <\/p>\n\n<p><strong>Blanca:<\/strong> (amb exasperaci\u00f3)<br \/> \u2014I tant que li ho hem dit! I res, que l&#8217;oncle semblava un robot: \u201cles normes, les normes\u2026\u201d <\/p>\n\n<p><strong>Ramon:<\/strong> (fent escarafalls)<br \/> \u2014Li he dit que nom\u00e9s s\u00f3n trenta minuts, trenta! Per\u00f2 res, no hi va haver manera. Era com parlar amb una paret. No \u00e9s que ens hagi dit \u201centenc la seva situaci\u00f3\u201d, no, ni una mica d&#8217;humanitat. Ens hem quedat plantats a l&#8217;estaci\u00f3 per un gos que ni molestar\u00e0 ni sortir\u00e0 de la bossa!    <\/p>\n\n<figure class=\"wp-block-image size-large\"><img decoding=\"async\" src=\"https:\/\/mastorrencito.com\/wp-content\/uploads\/2024\/11\/neon1-768x1024.jpg\" alt=\"\" class=\"wp-image-1908\" \/><\/figure>\n<hr class=\"wp-block-separator has-alpha-channel-opacity\" \/>\n\n<h3 class=\"wp-block-heading\"><strong>De tornada a Mas Torrencito, amb explicacions<\/strong><\/h3>\n\n<p>Ramon i Blanca tornen a casa, derrotats. Jo estic en les meves coses, organitzant checkouts, rentadores i assecadores com si no hi hagu\u00e9s un dem\u00e0. Quan els veig entrar, la seva cara de cabreig \u00e9s tan gran que no puc evitar el comentari.  <\/p>\n\n<p><strong>Jo:<\/strong> (mitj\u00e0 de broma, mitj\u00e0 amb curiositat)<br \/> \u2014Per\u00f2 qu\u00e8 ha passat, ja estem per Nadal?<\/p>\n\n<p><strong>Ramon:<\/strong> (resoplando)<br \/> \u2014 Quin Nadal ni quins vuit quarts! L&#8217;embolic que hem tingut a l&#8217;AVE! <\/p>\n\n<p><strong>Jo:<\/strong><br \/> \u2014 A veure, explica&#8217;m\u2026 qu\u00e8 ha passat?<\/p>\n\n<p><strong>Ramon:<\/strong> (gesticulant)<br \/> \u2014 Doncs res, que an\u00e0vem tan contents amb Blanca, amb Ne\u00f3 a la seva bossa, que \u00e9s un chihuahua mini, i ens vam plantar a l&#8217;estaci\u00f3. Passa Blanca, li revisen el bitllet, tot b\u00e9, i quan passo jo amb el gos, l&#8217;oncle va i em diu que Ne\u00f3 no pot passar si no va en un transport\u00ed. <\/p>\n\n<p><strong>Jo:<\/strong> (amb cara d&#8217;incredulitat)<br \/> \u2014 COM!? Per\u00f2 si no molestar\u00e0 ning\u00fa\u2026 <\/p>\n\n<p><strong>Ramon:<\/strong> (indignat)<br \/> \u2014Aix\u00f2 mateix li vaig dir jo. Li vaig dir que som invidents, que el gos va a la bossa, que no sortir\u00e0, i res! Que les normes, que les normes\u2026 Per\u00f2 \u00e9s clar, quan veus que deixen passar una fam\u00edlia amb cinc nens donant voltes, aqu\u00ed s\u00ed, no hi ha problema, eh?  <\/p>\n\n<hr class=\"wp-block-separator has-alpha-channel-opacity\" \/>\n\n<h3 class=\"wp-block-heading\"><strong>Les normes\u2026 i el sentit com\u00fa en l&#8217;oblit<\/strong><\/h3>\n\n<p>Despr\u00e9s d&#8217;escoltar en Ramon i la Blanca, l&#8217;absurd de la situaci\u00f3 \u00e9s tan gran que un no sap si riure o plorar. Les \u201cnormes\u201d semblen dissenyades per aplicar-se de manera r\u00edgida, sense pensar en el context, en les persones. I aquest empleat, en particular, semblava estar gaudint del petit moment de poder.  <\/p>\n\n<p><strong>Jo:<\/strong> (intentant contenir el riure i la indignaci\u00f3)<br \/> \u2014De veritat, sembla que no tenia altra cosa que fer que fastiguejar el primer que se li creu\u00e9s. I a sobre uns cecs amb un chihuahua a la bossa\u2026 A veure, quin mal pot fer Ne\u00f3 al tren? <\/p>\n\n<p><strong>Ramon:<\/strong><br \/> \u2014Doncs res, aix\u00f2 li vaig dir jo. Per\u00f2 la tia no va baixar ni una cella. \u00c9s com si no entengu\u00e9s la situaci\u00f3. Nom\u00e9s repetia el mateix: \u201cLes normes, les normes\u201d. Com si no tingu\u00e9s capacitat de pensar, de dir: \u201cD&#8217;acord, entenc que la situaci\u00f3 \u00e9s diferent, poden passar, per\u00f2 no treguin el gos\u201d. Ja est\u00e0! No crec que el tren s&#8217;ensorr\u00e9s.      <\/p>\n\n<p><strong>Jo:<\/strong> (sospirant)<br \/> \u2014 \u00c9s clar, i ara, entre el viatge d&#8217;anada i tornada a Vilafant, tota l&#8217;espera, i el cabreig que porteu, us valia la pena l&#8217;AVE? Vaja, que si arribo a saber-ho, us acosto jo a Barcelona. <\/p>\n\n<hr class=\"wp-block-separator has-alpha-channel-opacity\" \/>\n\n<p><strong>Ramon:<\/strong><br \/> \u2014Doncs s\u00ed, et dic el mateix. Perqu\u00e8 ara, entre el retard, els plans que tenia amb la meva mare per menjar, cosa que faria Blanca a Barcelona\u2026 tot a la merda! Tot per una norma est\u00fapida aplicada amb m\u00e9s estupidesa encara.  <\/p>\n<figure class=\"wp-block-post-featured-image\"><img fetchpriority=\"high\" decoding=\"async\" width=\"899\" height=\"1599\" src=\"https:\/\/mastorrencito.com\/cat\/wp-content\/uploads\/sites\/3\/neon2.jpg\" class=\"attachment-post-thumbnail size-post-thumbnail wp-post-image\" alt=\"\" style=\"object-fit:cover;\" srcset=\"https:\/\/mastorrencito.com\/cat\/wp-content\/uploads\/sites\/3\/neon2.jpg 899w, https:\/\/mastorrencito.com\/cat\/wp-content\/uploads\/sites\/3\/neon2-169x300.jpg 169w, https:\/\/mastorrencito.com\/cat\/wp-content\/uploads\/sites\/3\/neon2-576x1024.jpg 576w, https:\/\/mastorrencito.com\/cat\/wp-content\/uploads\/sites\/3\/neon2-768x1366.jpg 768w, https:\/\/mastorrencito.com\/cat\/wp-content\/uploads\/sites\/3\/neon2-864x1536.jpg 864w\" sizes=\"(max-width: 899px) 100vw, 899px\" \/><\/figure>\n<h3 class=\"wp-block-heading\"><strong>Reflexi\u00f3 final: Fins quan el poder mal utilitzat?<\/strong><\/h3>\n\n<p>\u00c9s que de deb\u00f2, de vegades sembla que el sentit com\u00fa se&#8217;n va anar de vacances i no t\u00e9 plans de tornar-hi. Perqu\u00e8 val, les normes s\u00f3n importants, per\u00f2 quan tens davant una parella cega, que nom\u00e9s et demana trenta minuts de trajecte amb un gosset mini\u2026 no se&#8217;n pot fer una excepci\u00f3? I m\u00e9s en un tren mig buit, on el chihuahua no molestaria ni els coloms de l&#8217;estaci\u00f3.  <\/p>\n\n<p>A aquest pas, sembla que alguns empleats nom\u00e9s troben satisfacci\u00f3 aplicant normes sense sentit, com si el seu poder resid\u00eds a fastiguejar als que menys s&#8217;ho mereixen. Perqu\u00e8 anem, de deb\u00f2\u2026 qui \u00e9s m\u00e9s molest? El chihuahua de tres quilos o la fam\u00edlia de cinc nens cridant al vag\u00f3? Si almenys els crits de \u201cles normes s\u00f3n les normes\u201d s&#8217;aplicaran amb just\u00edcia per a tots\u2026   <\/p>\n\n<p><strong>Ep\u00edleg: \u201cEvolucionarem algun dia\u2026 o ens seguirem posant pedres al nostre propi cam\u00ed?\u201d<\/strong><\/p>\n\n<p>Aqu\u00ed es queda la pregunta, mentre el Ramon i la Blanca, de tornada a casa, continuen al\u00b7lucinant amb la surrealista experi\u00e8ncia d&#8217;intentar viatjar amb l&#8217;AVE\u2026 i estavellar-se contra un mur de burocr\u00e0cia i manca d&#8217;empatia. Un petit reset no vindria gens malament, no? <\/p>\n\n<blockquote class=\"wp-block-quote is-layout-flow wp-block-quote-is-layout-flow\">\n<p><br \/><br \/>Des de Mas Torrencito us desitgem un FELI\u00c7 DILLUNS!!! i que el vostre gos us acompanyi!!!!<\/p>\n<\/blockquote>\n\n<p>\u2014\u2013<br \/> Si vols, podeu veure els nostres <strong>bons per caps de setmana, bons jubilats<\/strong> , a un preu incre\u00efble..entra a <a href=\"https:\/\/www.mastorrencito.com\/\">www.mastorrencito.com<\/a> o si vols podeu llegir m\u00e9s hist\u00f2ria i an\u00e8cdotes que ens han passat a Mas Torrencito\u2026 Fes click <a href=\"https:\/\/mastorrencito.com\/es\/\">aqu\u00ed<\/a> :<\/p>\n\n<p><\/p>\n","protected":false},"excerpt":{"rendered":"<p>Ahir se&#8217;n va anar en Ramon i la Blanca a Barcelona, \u200b\u200bcom solen fer. Nom\u00e9s que aquesta vegada, en lloc de prendre el tren regional \u2014aquell que triga les bones dues hores llargues\u2014 van decidir provar sort amb l&#8217;AVE, que a m\u00e9s els va sortir m\u00e9s barat. Aix\u00ed que, emocionats, es van embarcar en aquesta [&hellip;]<\/p>\n","protected":false},"author":2,"featured_media":4775,"comment_status":"open","ping_status":"open","sticky":false,"template":"","format":"standard","meta":{"_acf_changed":false,"footnotes":""},"categories":[35],"tags":[47,48,49],"class_list":["post-1915","post","type-post","status-publish","format-standard","has-post-thumbnail","hentry","category-histories-mastorrencito","tag-gironaconmascotas","tag-turismeruralambgossos","tag-turismoruralconperros"],"yoast_head":"<!-- This site is optimized with the Yoast SEO Premium plugin v27.3 (Yoast SEO v27.5) - https:\/\/yoast.com\/product\/yoast-seo-premium-wordpress\/ -->\n<title>Una aventura a l&#039;AVE que prometia molt\u2026 - Mas Torrencito CAT<\/title>\n<meta name=\"description\" content=\"I \u00e9s que de vegades l&#039;empatia brilla per la seva abs\u00e8ncia, Una aventura a l&#039;AVE que prometia molt\u2026 Mastorretet, turisme petfriendly Girona.\" \/>\n<meta name=\"robots\" content=\"index, follow, max-snippet:-1, max-image-preview:large, max-video-preview:-1\" \/>\n<link rel=\"canonical\" href=\"https:\/\/mastorrencito.com\/cat\/una-aventura-a-lave-que-prometia-molt\/\" \/>\n<meta property=\"og:locale\" content=\"es_ES\" \/>\n<meta property=\"og:type\" content=\"article\" \/>\n<meta property=\"og:title\" content=\"Una aventura a l&#039;AVE que prometia molt\u2026\" \/>\n<meta property=\"og:description\" content=\"I \u00e9s que de vegades l&#039;empatia brilla per la seva abs\u00e8ncia, Una aventura a l&#039;AVE que prometia molt\u2026 Mastorretet, turisme petfriendly Girona.\" \/>\n<meta property=\"og:url\" content=\"https:\/\/mastorrencito.com\/cat\/una-aventura-a-lave-que-prometia-molt\/\" \/>\n<meta property=\"og:site_name\" content=\"Mas Torrencito CAT\" \/>\n<meta property=\"article:published_time\" content=\"2024-11-04T05:22:11+00:00\" \/>\n<meta property=\"og:image\" content=\"https:\/\/mastorrencito.com\/cat\/wp-content\/uploads\/sites\/3\/neon2.jpg\" \/>\n\t<meta property=\"og:image:width\" content=\"899\" \/>\n\t<meta property=\"og:image:height\" content=\"1599\" \/>\n\t<meta property=\"og:image:type\" content=\"image\/jpeg\" \/>\n<meta name=\"author\" content=\"Mastorrencito\" \/>\n<meta name=\"twitter:card\" content=\"summary_large_image\" \/>\n<meta name=\"twitter:label1\" content=\"Escrito por\" \/>\n\t<meta name=\"twitter:data1\" content=\"Mastorrencito\" \/>\n\t<meta name=\"twitter:label2\" content=\"Tiempo de lectura\" \/>\n\t<meta name=\"twitter:data2\" content=\"8 minutos\" \/>\n<script type=\"application\/ld+json\" class=\"yoast-schema-graph\">{\"@context\":\"https:\\\/\\\/schema.org\",\"@graph\":[{\"@type\":\"Article\",\"@id\":\"https:\\\/\\\/mastorrencito.com\\\/cat\\\/una-aventura-a-lave-que-prometia-molt\\\/#article\",\"isPartOf\":{\"@id\":\"https:\\\/\\\/mastorrencito.com\\\/cat\\\/una-aventura-a-lave-que-prometia-molt\\\/\"},\"author\":{\"name\":\"Mastorrencito\",\"@id\":\"https:\\\/\\\/mastorrencito.com\\\/#\\\/schema\\\/person\\\/18c619be80d4ae2667c702911625f790\"},\"headline\":\"Una aventura a l&#8217;AVE que prometia molt\u2026\",\"datePublished\":\"2024-11-04T05:22:11+00:00\",\"mainEntityOfPage\":{\"@id\":\"https:\\\/\\\/mastorrencito.com\\\/cat\\\/una-aventura-a-lave-que-prometia-molt\\\/\"},\"wordCount\":1356,\"commentCount\":0,\"publisher\":{\"@id\":\"https:\\\/\\\/mastorrencito.com\\\/#organization\"},\"image\":{\"@id\":\"https:\\\/\\\/mastorrencito.com\\\/cat\\\/una-aventura-a-lave-que-prometia-molt\\\/#primaryimage\"},\"thumbnailUrl\":\"https:\\\/\\\/mastorrencito.com\\\/cat\\\/wp-content\\\/uploads\\\/sites\\\/3\\\/neon2.jpg\",\"keywords\":[\"Gironaconmascotas\",\"Turismeruralambgossos\",\"Turismoruralconperros\"],\"articleSection\":[\"Hist\u00f2ries Mastorrencito\"],\"inLanguage\":\"es\",\"potentialAction\":[{\"@type\":\"CommentAction\",\"name\":\"Comment\",\"target\":[\"https:\\\/\\\/mastorrencito.com\\\/cat\\\/una-aventura-a-lave-que-prometia-molt\\\/#respond\"]}]},{\"@type\":\"WebPage\",\"@id\":\"https:\\\/\\\/mastorrencito.com\\\/cat\\\/una-aventura-a-lave-que-prometia-molt\\\/\",\"url\":\"https:\\\/\\\/mastorrencito.com\\\/cat\\\/una-aventura-a-lave-que-prometia-molt\\\/\",\"name\":\"Una aventura a l'AVE que prometia molt\u2026 - Mas Torrencito CAT\",\"isPartOf\":{\"@id\":\"https:\\\/\\\/mastorrencito.com\\\/#website\"},\"primaryImageOfPage\":{\"@id\":\"https:\\\/\\\/mastorrencito.com\\\/cat\\\/una-aventura-a-lave-que-prometia-molt\\\/#primaryimage\"},\"image\":{\"@id\":\"https:\\\/\\\/mastorrencito.com\\\/cat\\\/una-aventura-a-lave-que-prometia-molt\\\/#primaryimage\"},\"thumbnailUrl\":\"https:\\\/\\\/mastorrencito.com\\\/cat\\\/wp-content\\\/uploads\\\/sites\\\/3\\\/neon2.jpg\",\"datePublished\":\"2024-11-04T05:22:11+00:00\",\"description\":\"I \u00e9s que de vegades l'empatia brilla per la seva abs\u00e8ncia, Una aventura a l'AVE que prometia molt\u2026 Mastorretet, turisme petfriendly Girona.\",\"breadcrumb\":{\"@id\":\"https:\\\/\\\/mastorrencito.com\\\/cat\\\/una-aventura-a-lave-que-prometia-molt\\\/#breadcrumb\"},\"inLanguage\":\"es\",\"potentialAction\":[{\"@type\":\"ReadAction\",\"target\":[\"https:\\\/\\\/mastorrencito.com\\\/cat\\\/una-aventura-a-lave-que-prometia-molt\\\/\"]}]},{\"@type\":\"ImageObject\",\"inLanguage\":\"es\",\"@id\":\"https:\\\/\\\/mastorrencito.com\\\/cat\\\/una-aventura-a-lave-que-prometia-molt\\\/#primaryimage\",\"url\":\"https:\\\/\\\/mastorrencito.com\\\/cat\\\/wp-content\\\/uploads\\\/sites\\\/3\\\/neon2.jpg\",\"contentUrl\":\"https:\\\/\\\/mastorrencito.com\\\/cat\\\/wp-content\\\/uploads\\\/sites\\\/3\\\/neon2.jpg\",\"width\":899,\"height\":1599},{\"@type\":\"BreadcrumbList\",\"@id\":\"https:\\\/\\\/mastorrencito.com\\\/cat\\\/una-aventura-a-lave-que-prometia-molt\\\/#breadcrumb\",\"itemListElement\":[{\"@type\":\"ListItem\",\"position\":1,\"name\":\"Portada\",\"item\":\"https:\\\/\\\/mastorrencito.com\\\/\"},{\"@type\":\"ListItem\",\"position\":2,\"name\":\"Una aventura a l&#8217;AVE que prometia molt\u2026\"}]},{\"@type\":\"WebSite\",\"@id\":\"https:\\\/\\\/mastorrencito.com\\\/#website\",\"url\":\"https:\\\/\\\/mastorrencito.com\\\/\",\"name\":\"Mas Torrencito CAT\",\"description\":\"Casa rural pet friendly en Girona\",\"publisher\":{\"@id\":\"https:\\\/\\\/mastorrencito.com\\\/#organization\"},\"potentialAction\":[{\"@type\":\"SearchAction\",\"target\":{\"@type\":\"EntryPoint\",\"urlTemplate\":\"https:\\\/\\\/mastorrencito.com\\\/?s={search_term_string}\"},\"query-input\":{\"@type\":\"PropertyValueSpecification\",\"valueRequired\":true,\"valueName\":\"search_term_string\"}}],\"inLanguage\":\"es\"},{\"@type\":\"Organization\",\"@id\":\"https:\\\/\\\/mastorrencito.com\\\/#organization\",\"name\":\"Mas Torrencito CAT\",\"url\":\"https:\\\/\\\/mastorrencito.com\\\/\",\"logo\":{\"@type\":\"ImageObject\",\"inLanguage\":\"es\",\"@id\":\"https:\\\/\\\/mastorrencito.com\\\/#\\\/schema\\\/logo\\\/image\\\/\",\"url\":\"https:\\\/\\\/mastorrencito.com\\\/cat\\\/wp-content\\\/uploads\\\/sites\\\/3\\\/Logo-Mastorrencito-horizontal.webp\",\"contentUrl\":\"https:\\\/\\\/mastorrencito.com\\\/cat\\\/wp-content\\\/uploads\\\/sites\\\/3\\\/Logo-Mastorrencito-horizontal.webp\",\"width\":161,\"height\":54,\"caption\":\"Mas Torrencito CAT\"},\"image\":{\"@id\":\"https:\\\/\\\/mastorrencito.com\\\/#\\\/schema\\\/logo\\\/image\\\/\"}},{\"@type\":\"Person\",\"@id\":\"https:\\\/\\\/mastorrencito.com\\\/#\\\/schema\\\/person\\\/18c619be80d4ae2667c702911625f790\",\"name\":\"Mastorrencito\",\"image\":{\"@type\":\"ImageObject\",\"inLanguage\":\"es\",\"@id\":\"https:\\\/\\\/secure.gravatar.com\\\/avatar\\\/3ef55e0519f987a734c21caee1423b51df7b760b7d81a38ecd31cab0a5115f6d?s=96&d=mm&r=g\",\"url\":\"https:\\\/\\\/secure.gravatar.com\\\/avatar\\\/3ef55e0519f987a734c21caee1423b51df7b760b7d81a38ecd31cab0a5115f6d?s=96&d=mm&r=g\",\"contentUrl\":\"https:\\\/\\\/secure.gravatar.com\\\/avatar\\\/3ef55e0519f987a734c21caee1423b51df7b760b7d81a38ecd31cab0a5115f6d?s=96&d=mm&r=g\",\"caption\":\"Mastorrencito\"},\"url\":\"https:\\\/\\\/mastorrencito.com\\\/cat\\\/author\\\/mastorrencito\\\/\"}]}<\/script>\n<!-- \/ Yoast SEO Premium plugin. -->","yoast_head_json":{"title":"Una aventura a l'AVE que prometia molt\u2026 - Mas Torrencito CAT","description":"I \u00e9s que de vegades l'empatia brilla per la seva abs\u00e8ncia, Una aventura a l'AVE que prometia molt\u2026 Mastorretet, turisme petfriendly Girona.","robots":{"index":"index","follow":"follow","max-snippet":"max-snippet:-1","max-image-preview":"max-image-preview:large","max-video-preview":"max-video-preview:-1"},"canonical":"https:\/\/mastorrencito.com\/cat\/una-aventura-a-lave-que-prometia-molt\/","og_locale":"es_ES","og_type":"article","og_title":"Una aventura a l'AVE que prometia molt\u2026","og_description":"I \u00e9s que de vegades l'empatia brilla per la seva abs\u00e8ncia, Una aventura a l'AVE que prometia molt\u2026 Mastorretet, turisme petfriendly Girona.","og_url":"https:\/\/mastorrencito.com\/cat\/una-aventura-a-lave-que-prometia-molt\/","og_site_name":"Mas Torrencito CAT","article_published_time":"2024-11-04T05:22:11+00:00","og_image":[{"width":899,"height":1599,"url":"https:\/\/mastorrencito.com\/cat\/wp-content\/uploads\/sites\/3\/neon2.jpg","type":"image\/jpeg"}],"author":"Mastorrencito","twitter_card":"summary_large_image","twitter_misc":{"Escrito por":"Mastorrencito","Tiempo de lectura":"8 minutos"},"schema":{"@context":"https:\/\/schema.org","@graph":[{"@type":"Article","@id":"https:\/\/mastorrencito.com\/cat\/una-aventura-a-lave-que-prometia-molt\/#article","isPartOf":{"@id":"https:\/\/mastorrencito.com\/cat\/una-aventura-a-lave-que-prometia-molt\/"},"author":{"name":"Mastorrencito","@id":"https:\/\/mastorrencito.com\/#\/schema\/person\/18c619be80d4ae2667c702911625f790"},"headline":"Una aventura a l&#8217;AVE que prometia molt\u2026","datePublished":"2024-11-04T05:22:11+00:00","mainEntityOfPage":{"@id":"https:\/\/mastorrencito.com\/cat\/una-aventura-a-lave-que-prometia-molt\/"},"wordCount":1356,"commentCount":0,"publisher":{"@id":"https:\/\/mastorrencito.com\/#organization"},"image":{"@id":"https:\/\/mastorrencito.com\/cat\/una-aventura-a-lave-que-prometia-molt\/#primaryimage"},"thumbnailUrl":"https:\/\/mastorrencito.com\/cat\/wp-content\/uploads\/sites\/3\/neon2.jpg","keywords":["Gironaconmascotas","Turismeruralambgossos","Turismoruralconperros"],"articleSection":["Hist\u00f2ries Mastorrencito"],"inLanguage":"es","potentialAction":[{"@type":"CommentAction","name":"Comment","target":["https:\/\/mastorrencito.com\/cat\/una-aventura-a-lave-que-prometia-molt\/#respond"]}]},{"@type":"WebPage","@id":"https:\/\/mastorrencito.com\/cat\/una-aventura-a-lave-que-prometia-molt\/","url":"https:\/\/mastorrencito.com\/cat\/una-aventura-a-lave-que-prometia-molt\/","name":"Una aventura a l'AVE que prometia molt\u2026 - Mas Torrencito CAT","isPartOf":{"@id":"https:\/\/mastorrencito.com\/#website"},"primaryImageOfPage":{"@id":"https:\/\/mastorrencito.com\/cat\/una-aventura-a-lave-que-prometia-molt\/#primaryimage"},"image":{"@id":"https:\/\/mastorrencito.com\/cat\/una-aventura-a-lave-que-prometia-molt\/#primaryimage"},"thumbnailUrl":"https:\/\/mastorrencito.com\/cat\/wp-content\/uploads\/sites\/3\/neon2.jpg","datePublished":"2024-11-04T05:22:11+00:00","description":"I \u00e9s que de vegades l'empatia brilla per la seva abs\u00e8ncia, Una aventura a l'AVE que prometia molt\u2026 Mastorretet, turisme petfriendly Girona.","breadcrumb":{"@id":"https:\/\/mastorrencito.com\/cat\/una-aventura-a-lave-que-prometia-molt\/#breadcrumb"},"inLanguage":"es","potentialAction":[{"@type":"ReadAction","target":["https:\/\/mastorrencito.com\/cat\/una-aventura-a-lave-que-prometia-molt\/"]}]},{"@type":"ImageObject","inLanguage":"es","@id":"https:\/\/mastorrencito.com\/cat\/una-aventura-a-lave-que-prometia-molt\/#primaryimage","url":"https:\/\/mastorrencito.com\/cat\/wp-content\/uploads\/sites\/3\/neon2.jpg","contentUrl":"https:\/\/mastorrencito.com\/cat\/wp-content\/uploads\/sites\/3\/neon2.jpg","width":899,"height":1599},{"@type":"BreadcrumbList","@id":"https:\/\/mastorrencito.com\/cat\/una-aventura-a-lave-que-prometia-molt\/#breadcrumb","itemListElement":[{"@type":"ListItem","position":1,"name":"Portada","item":"https:\/\/mastorrencito.com\/"},{"@type":"ListItem","position":2,"name":"Una aventura a l&#8217;AVE que prometia molt\u2026"}]},{"@type":"WebSite","@id":"https:\/\/mastorrencito.com\/#website","url":"https:\/\/mastorrencito.com\/","name":"Mas Torrencito CAT","description":"Casa rural pet friendly en Girona","publisher":{"@id":"https:\/\/mastorrencito.com\/#organization"},"potentialAction":[{"@type":"SearchAction","target":{"@type":"EntryPoint","urlTemplate":"https:\/\/mastorrencito.com\/?s={search_term_string}"},"query-input":{"@type":"PropertyValueSpecification","valueRequired":true,"valueName":"search_term_string"}}],"inLanguage":"es"},{"@type":"Organization","@id":"https:\/\/mastorrencito.com\/#organization","name":"Mas Torrencito CAT","url":"https:\/\/mastorrencito.com\/","logo":{"@type":"ImageObject","inLanguage":"es","@id":"https:\/\/mastorrencito.com\/#\/schema\/logo\/image\/","url":"https:\/\/mastorrencito.com\/cat\/wp-content\/uploads\/sites\/3\/Logo-Mastorrencito-horizontal.webp","contentUrl":"https:\/\/mastorrencito.com\/cat\/wp-content\/uploads\/sites\/3\/Logo-Mastorrencito-horizontal.webp","width":161,"height":54,"caption":"Mas Torrencito CAT"},"image":{"@id":"https:\/\/mastorrencito.com\/#\/schema\/logo\/image\/"}},{"@type":"Person","@id":"https:\/\/mastorrencito.com\/#\/schema\/person\/18c619be80d4ae2667c702911625f790","name":"Mastorrencito","image":{"@type":"ImageObject","inLanguage":"es","@id":"https:\/\/secure.gravatar.com\/avatar\/3ef55e0519f987a734c21caee1423b51df7b760b7d81a38ecd31cab0a5115f6d?s=96&d=mm&r=g","url":"https:\/\/secure.gravatar.com\/avatar\/3ef55e0519f987a734c21caee1423b51df7b760b7d81a38ecd31cab0a5115f6d?s=96&d=mm&r=g","contentUrl":"https:\/\/secure.gravatar.com\/avatar\/3ef55e0519f987a734c21caee1423b51df7b760b7d81a38ecd31cab0a5115f6d?s=96&d=mm&r=g","caption":"Mastorrencito"},"url":"https:\/\/mastorrencito.com\/cat\/author\/mastorrencito\/"}]}},"acf":[],"_links":{"self":[{"href":"https:\/\/mastorrencito.com\/cat\/wp-json\/wp\/v2\/posts\/1915","targetHints":{"allow":["GET"]}}],"collection":[{"href":"https:\/\/mastorrencito.com\/cat\/wp-json\/wp\/v2\/posts"}],"about":[{"href":"https:\/\/mastorrencito.com\/cat\/wp-json\/wp\/v2\/types\/post"}],"author":[{"embeddable":true,"href":"https:\/\/mastorrencito.com\/cat\/wp-json\/wp\/v2\/users\/2"}],"replies":[{"embeddable":true,"href":"https:\/\/mastorrencito.com\/cat\/wp-json\/wp\/v2\/comments?post=1915"}],"version-history":[{"count":0,"href":"https:\/\/mastorrencito.com\/cat\/wp-json\/wp\/v2\/posts\/1915\/revisions"}],"wp:featuredmedia":[{"embeddable":true,"href":"https:\/\/mastorrencito.com\/cat\/wp-json\/wp\/v2\/media\/4775"}],"wp:attachment":[{"href":"https:\/\/mastorrencito.com\/cat\/wp-json\/wp\/v2\/media?parent=1915"}],"wp:term":[{"taxonomy":"category","embeddable":true,"href":"https:\/\/mastorrencito.com\/cat\/wp-json\/wp\/v2\/categories?post=1915"},{"taxonomy":"post_tag","embeddable":true,"href":"https:\/\/mastorrencito.com\/cat\/wp-json\/wp\/v2\/tags?post=1915"}],"curies":[{"name":"wp","href":"https:\/\/api.w.org\/{rel}","templated":true}]}}