{"id":1765,"date":"2024-10-15T04:31:15","date_gmt":"2024-10-15T04:31:15","guid":{"rendered":"https:\/\/casaruralconperrosgirona.com\/la-maldat-de-lesser-huma-cadells-abandonats-a-la-nacional-ii\/"},"modified":"2024-10-15T04:31:15","modified_gmt":"2024-10-15T04:31:15","slug":"la-maldat-de-lesser-huma-cadells-abandonats-a-la-nacional-ii","status":"publish","type":"post","link":"https:\/\/mastorrencito.com\/cat\/la-maldat-de-lesser-huma-cadells-abandonats-a-la-nacional-ii\/","title":{"rendered":"La maldat de l\u00e9sser hum\u00e0. Cadells abandonats a la Nacional II"},"content":{"rendered":"\n<p>Era una tarda grisa, d&#8217;aquelles que semblen arrossegar una tristesa inexplicable. El cel, encapotat per n\u00favols pesants, reflectia el pes al meu cor. Cadells abandonats a la Nacional II  <\/p>\n\n<p>Tornava a Mas Torrencito per la Nacional II, just a l&#8217;al\u00e7ada d&#8217;Orriols, quan alguna cosa va cridar la meva atenci\u00f3. A un costat de la carretera, vaig veure una capsa, gaireb\u00e9 perceptible entre els arbustos que l&#8217;envoltaven. Alguna cosa a dins es movia, i de sobte, vaig veure una petita figura que saltava des del seu interior i comen\u00e7ava a creuar la carretera.  <\/p>\n\n<p>L&#8217;instint em va fer frenar en sec, el grinyol dels pneum\u00e0tics va omplir l&#8217;aire mentre activava els llums d&#8217;emerg\u00e8ncia. El meu cor bategava accelerat, per\u00f2 no per l&#8217;ensurt, sin\u00f3 per all\u00f2 que els meus ulls no volien acceptar. Vaig baixar del cotxe i, en acostar-me, el vaig veure: un diminut gosset, tot just un mes de vida, tremolant, vulnerable i completament desorientat.  <\/p>\n\n<h4 class=\"wp-block-heading\">La sorpresa. Cadells abandonats a la Nacional II <\/h4>\n\n<p>Em vaig acostar m\u00e9s a la caixa, amb una barreja de temor i compassi\u00f3, esperant el pitjor. En mirar a dins, vaig sentir un nus a la gola que em va fer aturar l&#8217;al\u00e8. Hi havia vuit gossets m\u00e9s. Tres d&#8217;ells, imm\u00f2bils, semblaven haver perdut la batalla abans de comen\u00e7ar a viure-la. Els altres cinc estaven amuntegats, amb els ullets encara tancats, tot just movent-se, massa joves per entendre la crueltat del que els estava passant.    <\/p>\n\n<p>Darrere meu, altres cotxes van comen\u00e7ar a aturar-se. La gent sortia dels seus vehicles, atreta per l&#8217;escena punyent. Vaig sentir veus plenes de r\u00e0bia i tristesa. \u00abCom pot alg\u00fa ser tan cruel?\u00bb, va dir una dona amb els ulls plens de ll\u00e0grimes. \u00abCal ser una mala persona per fer una cosa aix\u00ed\u00bb, murmurava un home amb les mans al cap, caminant d&#8217;una banda a l&#8217;altra, incapa\u00e7 de contenir la seva frustraci\u00f3.    <\/p>\n\n<p>Les paraules ressonaven a l&#8217;aire, com a ecos d&#8217;una indignaci\u00f3 col\u00b7lectiva. Tots miraven aquells petits \u00e9ssers indefensos, aquells cadells que no havien de ser mai all\u00e0, abandonats en una carretera on el dest\u00ed ja semblava segellat per a alguns. <\/p>\n\n<p>En aquell moment, hi van arribar uns agents rurals. Amb rostres seriosos, per\u00f2 plens de compassi\u00f3, van dir que es farien c\u00e0rrec dels gossets. Els van recollir amb compte, per\u00f2 en els gestos es notava el pes d&#8217;una rutina dolorosa. No era la primera vegada que veien una cosa aix\u00ed, per\u00f2 mai no deixava de ser devastador.   <\/p>\n\n<p>Mentre els agents carregaven els petits al seu vehicle, vaig sentir una profunda impot\u00e8ncia. Com \u00e9s possible que alg\u00fa pogu\u00e9s deixar aquestes criatures tan fr\u00e0gils en un lloc tan cruel, on no tenien ni una oportunitat m\u00ednima de sobreviure? <\/p>\n\n<h4 class=\"wp-block-heading\">Refflexi\u00f3. Cadells abandonats a la Nacional II <\/h4>\n\n<p>La reflexi\u00f3 em va envair de manera aclaparadora. Cal ser una persona sense \u00e0nima, sense cap dec\u00e8ncia, per prendre aquests cadells i deixar-los a la cuneta d&#8217;una carretera, condemnant-los a una destinaci\u00f3 tan cruel. Sense compassi\u00f3, sense remordiment, nom\u00e9s indifer\u00e8ncia. Com si les seves petites vides no valguessin res.   <\/p>\n\n<p>Vaig mirar cap a l&#8217;horitz\u00f3, on el cel seguia fosc, i vaig pensar en la ironia de la situaci\u00f3. Nom\u00e9s puc esperar que, qui hagi com\u00e8s aquest acte tan despietat, algun dia rebi la mateixa indifer\u00e8ncia, la mateixa crueltat de qu\u00e8 ara es feia c\u00f2mplice. Que la vida, d&#8217;alguna manera, li torni all\u00f2 que ha sembrat, com un mirall implacable.  <\/p>\n\n<p>Perqu\u00e8, al final del dia, el patiment que vam causar t\u00e9 una manera de tornar. I en aquest retorn no hi haur\u00e0 escapat\u00f2ria. <\/p>\n\n<p><strong>Feli\u00e7 dimarts a tothom!<\/strong> \ud83d\ude0a<\/p>\n\n<p>\u2014\u2013<br \/> Si voleu podeu veure els nostres bons ofertes per a caps de setmana, bons jubilats, \u2026 a <a href=\"https:\/\/www.mastorrencito.com\/\">www.mastorrencito.com<\/a> o llegir m\u00e9s hist\u00f2ria fes clic <a href=\"https:\/\/mastorrencito.com\/\">aqu\u00ed<\/a> :<\/p>\n","protected":false},"excerpt":{"rendered":"<p>Era una tarda grisa, d&#8217;aquelles que semblen arrossegar una tristesa inexplicable. El cel, encapotat per n\u00favols pesants, reflectia el pes al meu cor. Cadells abandonats a la Nacional II Tornava a Mas Torrencito per la Nacional II, just a l&#8217;al\u00e7ada d&#8217;Orriols, quan alguna cosa va cridar la meva atenci\u00f3. A un costat de la carretera, [&hellip;]<\/p>\n","protected":false},"author":2,"featured_media":4748,"comment_status":"open","ping_status":"open","sticky":false,"template":"","format":"standard","meta":{"_acf_changed":false,"footnotes":""},"categories":[35],"tags":[],"class_list":["post-1765","post","type-post","status-publish","format-standard","has-post-thumbnail","hentry","category-histories-mastorrencito"],"yoast_head":"<!-- This site is optimized with the Yoast SEO Premium plugin v27.3 (Yoast SEO v27.5) - https:\/\/yoast.com\/product\/yoast-seo-premium-wordpress\/ -->\n<title>Cadells Abandonats a la Nacional II - Mas Torrencito<\/title>\n<meta name=\"description\" content=\"De com l&#039;\u00e9sser hum\u00e0 pot senyalar a ser tan cruel i vil... Escena Esquin\u00e7adora a la Carretera: Cadells Abandonats a la Nacional II\" \/>\n<meta name=\"robots\" content=\"index, follow, max-snippet:-1, max-image-preview:large, max-video-preview:-1\" \/>\n<link rel=\"canonical\" href=\"https:\/\/mastorrencito.com\/cat\/la-maldat-de-lesser-huma-cadells-abandonats-a-la-nacional-ii\/\" \/>\n<meta property=\"og:locale\" content=\"es_ES\" \/>\n<meta property=\"og:type\" content=\"article\" \/>\n<meta property=\"og:title\" content=\"La maldat de l\u00e9sser hum\u00e0. Cadells abandonats a la Nacional II\" \/>\n<meta property=\"og:description\" content=\"De com l&#039;\u00e9sser hum\u00e0 pot senyalar a ser tan cruel i vil... Escena Esquin\u00e7adora a la Carretera: Cadells Abandonats a la Nacional II\" \/>\n<meta property=\"og:url\" content=\"https:\/\/mastorrencito.com\/cat\/la-maldat-de-lesser-huma-cadells-abandonats-a-la-nacional-ii\/\" \/>\n<meta property=\"og:site_name\" content=\"Mas Torrencito CAT\" \/>\n<meta property=\"article:published_time\" content=\"2024-10-15T04:31:15+00:00\" \/>\n<meta property=\"og:image\" content=\"https:\/\/mastorrencito.com\/cat\/wp-content\/uploads\/sites\/3\/perritos_Nii.jpg\" \/>\n\t<meta property=\"og:image:width\" content=\"1792\" \/>\n\t<meta property=\"og:image:height\" content=\"1024\" \/>\n\t<meta property=\"og:image:type\" content=\"image\/jpeg\" \/>\n<meta name=\"author\" content=\"Mastorrencito\" \/>\n<meta name=\"twitter:card\" content=\"summary_large_image\" \/>\n<meta name=\"twitter:label1\" content=\"Escrito por\" \/>\n\t<meta name=\"twitter:data1\" content=\"Mastorrencito\" \/>\n\t<meta name=\"twitter:label2\" content=\"Tiempo de lectura\" \/>\n\t<meta name=\"twitter:data2\" content=\"3 minutos\" \/>\n<script type=\"application\/ld+json\" class=\"yoast-schema-graph\">{\"@context\":\"https:\\\/\\\/schema.org\",\"@graph\":[{\"@type\":\"Article\",\"@id\":\"https:\\\/\\\/mastorrencito.com\\\/cat\\\/la-maldat-de-lesser-huma-cadells-abandonats-a-la-nacional-ii\\\/#article\",\"isPartOf\":{\"@id\":\"https:\\\/\\\/mastorrencito.com\\\/cat\\\/la-maldat-de-lesser-huma-cadells-abandonats-a-la-nacional-ii\\\/\"},\"author\":{\"name\":\"Mastorrencito\",\"@id\":\"https:\\\/\\\/mastorrencito.com\\\/#\\\/schema\\\/person\\\/18c619be80d4ae2667c702911625f790\"},\"headline\":\"La maldat de l\u00e9sser hum\u00e0. Cadells abandonats a la Nacional II\",\"datePublished\":\"2024-10-15T04:31:15+00:00\",\"mainEntityOfPage\":{\"@id\":\"https:\\\/\\\/mastorrencito.com\\\/cat\\\/la-maldat-de-lesser-huma-cadells-abandonats-a-la-nacional-ii\\\/\"},\"wordCount\":672,\"commentCount\":0,\"publisher\":{\"@id\":\"https:\\\/\\\/mastorrencito.com\\\/#organization\"},\"image\":{\"@id\":\"https:\\\/\\\/mastorrencito.com\\\/cat\\\/la-maldat-de-lesser-huma-cadells-abandonats-a-la-nacional-ii\\\/#primaryimage\"},\"thumbnailUrl\":\"https:\\\/\\\/mastorrencito.com\\\/cat\\\/wp-content\\\/uploads\\\/sites\\\/3\\\/perritos_Nii.jpg\",\"articleSection\":[\"Hist\u00f2ries Mastorrencito\"],\"inLanguage\":\"es\",\"potentialAction\":[{\"@type\":\"CommentAction\",\"name\":\"Comment\",\"target\":[\"https:\\\/\\\/mastorrencito.com\\\/cat\\\/la-maldat-de-lesser-huma-cadells-abandonats-a-la-nacional-ii\\\/#respond\"]}]},{\"@type\":\"WebPage\",\"@id\":\"https:\\\/\\\/mastorrencito.com\\\/cat\\\/la-maldat-de-lesser-huma-cadells-abandonats-a-la-nacional-ii\\\/\",\"url\":\"https:\\\/\\\/mastorrencito.com\\\/cat\\\/la-maldat-de-lesser-huma-cadells-abandonats-a-la-nacional-ii\\\/\",\"name\":\"Cadells Abandonats a la Nacional II - Mas Torrencito\",\"isPartOf\":{\"@id\":\"https:\\\/\\\/mastorrencito.com\\\/#website\"},\"primaryImageOfPage\":{\"@id\":\"https:\\\/\\\/mastorrencito.com\\\/cat\\\/la-maldat-de-lesser-huma-cadells-abandonats-a-la-nacional-ii\\\/#primaryimage\"},\"image\":{\"@id\":\"https:\\\/\\\/mastorrencito.com\\\/cat\\\/la-maldat-de-lesser-huma-cadells-abandonats-a-la-nacional-ii\\\/#primaryimage\"},\"thumbnailUrl\":\"https:\\\/\\\/mastorrencito.com\\\/cat\\\/wp-content\\\/uploads\\\/sites\\\/3\\\/perritos_Nii.jpg\",\"datePublished\":\"2024-10-15T04:31:15+00:00\",\"description\":\"De com l'\u00e9sser hum\u00e0 pot senyalar a ser tan cruel i vil... Escena Esquin\u00e7adora a la Carretera: Cadells Abandonats a la Nacional II\",\"breadcrumb\":{\"@id\":\"https:\\\/\\\/mastorrencito.com\\\/cat\\\/la-maldat-de-lesser-huma-cadells-abandonats-a-la-nacional-ii\\\/#breadcrumb\"},\"inLanguage\":\"es\",\"potentialAction\":[{\"@type\":\"ReadAction\",\"target\":[\"https:\\\/\\\/mastorrencito.com\\\/cat\\\/la-maldat-de-lesser-huma-cadells-abandonats-a-la-nacional-ii\\\/\"]}]},{\"@type\":\"ImageObject\",\"inLanguage\":\"es\",\"@id\":\"https:\\\/\\\/mastorrencito.com\\\/cat\\\/la-maldat-de-lesser-huma-cadells-abandonats-a-la-nacional-ii\\\/#primaryimage\",\"url\":\"https:\\\/\\\/mastorrencito.com\\\/cat\\\/wp-content\\\/uploads\\\/sites\\\/3\\\/perritos_Nii.jpg\",\"contentUrl\":\"https:\\\/\\\/mastorrencito.com\\\/cat\\\/wp-content\\\/uploads\\\/sites\\\/3\\\/perritos_Nii.jpg\",\"width\":1792,\"height\":1024},{\"@type\":\"BreadcrumbList\",\"@id\":\"https:\\\/\\\/mastorrencito.com\\\/cat\\\/la-maldat-de-lesser-huma-cadells-abandonats-a-la-nacional-ii\\\/#breadcrumb\",\"itemListElement\":[{\"@type\":\"ListItem\",\"position\":1,\"name\":\"Portada\",\"item\":\"https:\\\/\\\/mastorrencito.com\\\/\"},{\"@type\":\"ListItem\",\"position\":2,\"name\":\"La maldat de l\u00e9sser hum\u00e0. Cadells abandonats a la Nacional II\"}]},{\"@type\":\"WebSite\",\"@id\":\"https:\\\/\\\/mastorrencito.com\\\/#website\",\"url\":\"https:\\\/\\\/mastorrencito.com\\\/\",\"name\":\"Mas Torrencito CAT\",\"description\":\"Casa rural pet friendly en Girona\",\"publisher\":{\"@id\":\"https:\\\/\\\/mastorrencito.com\\\/#organization\"},\"potentialAction\":[{\"@type\":\"SearchAction\",\"target\":{\"@type\":\"EntryPoint\",\"urlTemplate\":\"https:\\\/\\\/mastorrencito.com\\\/?s={search_term_string}\"},\"query-input\":{\"@type\":\"PropertyValueSpecification\",\"valueRequired\":true,\"valueName\":\"search_term_string\"}}],\"inLanguage\":\"es\"},{\"@type\":\"Organization\",\"@id\":\"https:\\\/\\\/mastorrencito.com\\\/#organization\",\"name\":\"Mas Torrencito CAT\",\"url\":\"https:\\\/\\\/mastorrencito.com\\\/\",\"logo\":{\"@type\":\"ImageObject\",\"inLanguage\":\"es\",\"@id\":\"https:\\\/\\\/mastorrencito.com\\\/#\\\/schema\\\/logo\\\/image\\\/\",\"url\":\"https:\\\/\\\/mastorrencito.com\\\/cat\\\/wp-content\\\/uploads\\\/sites\\\/3\\\/Logo-Mastorrencito-horizontal.webp\",\"contentUrl\":\"https:\\\/\\\/mastorrencito.com\\\/cat\\\/wp-content\\\/uploads\\\/sites\\\/3\\\/Logo-Mastorrencito-horizontal.webp\",\"width\":161,\"height\":54,\"caption\":\"Mas Torrencito CAT\"},\"image\":{\"@id\":\"https:\\\/\\\/mastorrencito.com\\\/#\\\/schema\\\/logo\\\/image\\\/\"}},{\"@type\":\"Person\",\"@id\":\"https:\\\/\\\/mastorrencito.com\\\/#\\\/schema\\\/person\\\/18c619be80d4ae2667c702911625f790\",\"name\":\"Mastorrencito\",\"image\":{\"@type\":\"ImageObject\",\"inLanguage\":\"es\",\"@id\":\"https:\\\/\\\/secure.gravatar.com\\\/avatar\\\/3ef55e0519f987a734c21caee1423b51df7b760b7d81a38ecd31cab0a5115f6d?s=96&d=mm&r=g\",\"url\":\"https:\\\/\\\/secure.gravatar.com\\\/avatar\\\/3ef55e0519f987a734c21caee1423b51df7b760b7d81a38ecd31cab0a5115f6d?s=96&d=mm&r=g\",\"contentUrl\":\"https:\\\/\\\/secure.gravatar.com\\\/avatar\\\/3ef55e0519f987a734c21caee1423b51df7b760b7d81a38ecd31cab0a5115f6d?s=96&d=mm&r=g\",\"caption\":\"Mastorrencito\"},\"url\":\"https:\\\/\\\/mastorrencito.com\\\/cat\\\/author\\\/mastorrencito\\\/\"}]}<\/script>\n<!-- \/ Yoast SEO Premium plugin. -->","yoast_head_json":{"title":"Cadells Abandonats a la Nacional II - Mas Torrencito","description":"De com l'\u00e9sser hum\u00e0 pot senyalar a ser tan cruel i vil... Escena Esquin\u00e7adora a la Carretera: Cadells Abandonats a la Nacional II","robots":{"index":"index","follow":"follow","max-snippet":"max-snippet:-1","max-image-preview":"max-image-preview:large","max-video-preview":"max-video-preview:-1"},"canonical":"https:\/\/mastorrencito.com\/cat\/la-maldat-de-lesser-huma-cadells-abandonats-a-la-nacional-ii\/","og_locale":"es_ES","og_type":"article","og_title":"La maldat de l\u00e9sser hum\u00e0. Cadells abandonats a la Nacional II","og_description":"De com l'\u00e9sser hum\u00e0 pot senyalar a ser tan cruel i vil... Escena Esquin\u00e7adora a la Carretera: Cadells Abandonats a la Nacional II","og_url":"https:\/\/mastorrencito.com\/cat\/la-maldat-de-lesser-huma-cadells-abandonats-a-la-nacional-ii\/","og_site_name":"Mas Torrencito CAT","article_published_time":"2024-10-15T04:31:15+00:00","og_image":[{"width":1792,"height":1024,"url":"https:\/\/mastorrencito.com\/cat\/wp-content\/uploads\/sites\/3\/perritos_Nii.jpg","type":"image\/jpeg"}],"author":"Mastorrencito","twitter_card":"summary_large_image","twitter_misc":{"Escrito por":"Mastorrencito","Tiempo de lectura":"3 minutos"},"schema":{"@context":"https:\/\/schema.org","@graph":[{"@type":"Article","@id":"https:\/\/mastorrencito.com\/cat\/la-maldat-de-lesser-huma-cadells-abandonats-a-la-nacional-ii\/#article","isPartOf":{"@id":"https:\/\/mastorrencito.com\/cat\/la-maldat-de-lesser-huma-cadells-abandonats-a-la-nacional-ii\/"},"author":{"name":"Mastorrencito","@id":"https:\/\/mastorrencito.com\/#\/schema\/person\/18c619be80d4ae2667c702911625f790"},"headline":"La maldat de l\u00e9sser hum\u00e0. Cadells abandonats a la Nacional II","datePublished":"2024-10-15T04:31:15+00:00","mainEntityOfPage":{"@id":"https:\/\/mastorrencito.com\/cat\/la-maldat-de-lesser-huma-cadells-abandonats-a-la-nacional-ii\/"},"wordCount":672,"commentCount":0,"publisher":{"@id":"https:\/\/mastorrencito.com\/#organization"},"image":{"@id":"https:\/\/mastorrencito.com\/cat\/la-maldat-de-lesser-huma-cadells-abandonats-a-la-nacional-ii\/#primaryimage"},"thumbnailUrl":"https:\/\/mastorrencito.com\/cat\/wp-content\/uploads\/sites\/3\/perritos_Nii.jpg","articleSection":["Hist\u00f2ries Mastorrencito"],"inLanguage":"es","potentialAction":[{"@type":"CommentAction","name":"Comment","target":["https:\/\/mastorrencito.com\/cat\/la-maldat-de-lesser-huma-cadells-abandonats-a-la-nacional-ii\/#respond"]}]},{"@type":"WebPage","@id":"https:\/\/mastorrencito.com\/cat\/la-maldat-de-lesser-huma-cadells-abandonats-a-la-nacional-ii\/","url":"https:\/\/mastorrencito.com\/cat\/la-maldat-de-lesser-huma-cadells-abandonats-a-la-nacional-ii\/","name":"Cadells Abandonats a la Nacional II - Mas Torrencito","isPartOf":{"@id":"https:\/\/mastorrencito.com\/#website"},"primaryImageOfPage":{"@id":"https:\/\/mastorrencito.com\/cat\/la-maldat-de-lesser-huma-cadells-abandonats-a-la-nacional-ii\/#primaryimage"},"image":{"@id":"https:\/\/mastorrencito.com\/cat\/la-maldat-de-lesser-huma-cadells-abandonats-a-la-nacional-ii\/#primaryimage"},"thumbnailUrl":"https:\/\/mastorrencito.com\/cat\/wp-content\/uploads\/sites\/3\/perritos_Nii.jpg","datePublished":"2024-10-15T04:31:15+00:00","description":"De com l'\u00e9sser hum\u00e0 pot senyalar a ser tan cruel i vil... Escena Esquin\u00e7adora a la Carretera: Cadells Abandonats a la Nacional II","breadcrumb":{"@id":"https:\/\/mastorrencito.com\/cat\/la-maldat-de-lesser-huma-cadells-abandonats-a-la-nacional-ii\/#breadcrumb"},"inLanguage":"es","potentialAction":[{"@type":"ReadAction","target":["https:\/\/mastorrencito.com\/cat\/la-maldat-de-lesser-huma-cadells-abandonats-a-la-nacional-ii\/"]}]},{"@type":"ImageObject","inLanguage":"es","@id":"https:\/\/mastorrencito.com\/cat\/la-maldat-de-lesser-huma-cadells-abandonats-a-la-nacional-ii\/#primaryimage","url":"https:\/\/mastorrencito.com\/cat\/wp-content\/uploads\/sites\/3\/perritos_Nii.jpg","contentUrl":"https:\/\/mastorrencito.com\/cat\/wp-content\/uploads\/sites\/3\/perritos_Nii.jpg","width":1792,"height":1024},{"@type":"BreadcrumbList","@id":"https:\/\/mastorrencito.com\/cat\/la-maldat-de-lesser-huma-cadells-abandonats-a-la-nacional-ii\/#breadcrumb","itemListElement":[{"@type":"ListItem","position":1,"name":"Portada","item":"https:\/\/mastorrencito.com\/"},{"@type":"ListItem","position":2,"name":"La maldat de l\u00e9sser hum\u00e0. Cadells abandonats a la Nacional II"}]},{"@type":"WebSite","@id":"https:\/\/mastorrencito.com\/#website","url":"https:\/\/mastorrencito.com\/","name":"Mas Torrencito CAT","description":"Casa rural pet friendly en Girona","publisher":{"@id":"https:\/\/mastorrencito.com\/#organization"},"potentialAction":[{"@type":"SearchAction","target":{"@type":"EntryPoint","urlTemplate":"https:\/\/mastorrencito.com\/?s={search_term_string}"},"query-input":{"@type":"PropertyValueSpecification","valueRequired":true,"valueName":"search_term_string"}}],"inLanguage":"es"},{"@type":"Organization","@id":"https:\/\/mastorrencito.com\/#organization","name":"Mas Torrencito CAT","url":"https:\/\/mastorrencito.com\/","logo":{"@type":"ImageObject","inLanguage":"es","@id":"https:\/\/mastorrencito.com\/#\/schema\/logo\/image\/","url":"https:\/\/mastorrencito.com\/cat\/wp-content\/uploads\/sites\/3\/Logo-Mastorrencito-horizontal.webp","contentUrl":"https:\/\/mastorrencito.com\/cat\/wp-content\/uploads\/sites\/3\/Logo-Mastorrencito-horizontal.webp","width":161,"height":54,"caption":"Mas Torrencito CAT"},"image":{"@id":"https:\/\/mastorrencito.com\/#\/schema\/logo\/image\/"}},{"@type":"Person","@id":"https:\/\/mastorrencito.com\/#\/schema\/person\/18c619be80d4ae2667c702911625f790","name":"Mastorrencito","image":{"@type":"ImageObject","inLanguage":"es","@id":"https:\/\/secure.gravatar.com\/avatar\/3ef55e0519f987a734c21caee1423b51df7b760b7d81a38ecd31cab0a5115f6d?s=96&d=mm&r=g","url":"https:\/\/secure.gravatar.com\/avatar\/3ef55e0519f987a734c21caee1423b51df7b760b7d81a38ecd31cab0a5115f6d?s=96&d=mm&r=g","contentUrl":"https:\/\/secure.gravatar.com\/avatar\/3ef55e0519f987a734c21caee1423b51df7b760b7d81a38ecd31cab0a5115f6d?s=96&d=mm&r=g","caption":"Mastorrencito"},"url":"https:\/\/mastorrencito.com\/cat\/author\/mastorrencito\/"}]}},"acf":[],"_links":{"self":[{"href":"https:\/\/mastorrencito.com\/cat\/wp-json\/wp\/v2\/posts\/1765","targetHints":{"allow":["GET"]}}],"collection":[{"href":"https:\/\/mastorrencito.com\/cat\/wp-json\/wp\/v2\/posts"}],"about":[{"href":"https:\/\/mastorrencito.com\/cat\/wp-json\/wp\/v2\/types\/post"}],"author":[{"embeddable":true,"href":"https:\/\/mastorrencito.com\/cat\/wp-json\/wp\/v2\/users\/2"}],"replies":[{"embeddable":true,"href":"https:\/\/mastorrencito.com\/cat\/wp-json\/wp\/v2\/comments?post=1765"}],"version-history":[{"count":0,"href":"https:\/\/mastorrencito.com\/cat\/wp-json\/wp\/v2\/posts\/1765\/revisions"}],"wp:featuredmedia":[{"embeddable":true,"href":"https:\/\/mastorrencito.com\/cat\/wp-json\/wp\/v2\/media\/4748"}],"wp:attachment":[{"href":"https:\/\/mastorrencito.com\/cat\/wp-json\/wp\/v2\/media?parent=1765"}],"wp:term":[{"taxonomy":"category","embeddable":true,"href":"https:\/\/mastorrencito.com\/cat\/wp-json\/wp\/v2\/categories?post=1765"},{"taxonomy":"post_tag","embeddable":true,"href":"https:\/\/mastorrencito.com\/cat\/wp-json\/wp\/v2\/tags?post=1765"}],"curies":[{"name":"wp","href":"https:\/\/api.w.org\/{rel}","templated":true}]}}